{"id":84602,"date":"2024-06-10T10:54:00","date_gmt":"2024-06-10T14:54:00","guid":{"rendered":"https:\/\/lasprimeras.com.do\/?p=84602"},"modified":"2024-06-11T10:59:23","modified_gmt":"2024-06-11T14:59:23","slug":"reuniones-de-trabajo-de-la-comision-del-congreso-del-pld","status":"publish","type":"post","link":"https:\/\/lasprimeras.com.do\/index.php\/2024\/06\/10\/reuniones-de-trabajo-de-la-comision-del-congreso-del-pld\/","title":{"rendered":"Reuniones de trabajo de la Comisi\u00f3n del Congreso del PLD"},"content":{"rendered":"\n<p><strong>Comisi\u00f3n del X Congreso del PLD en los preparativos del acto de apertura, programado para el 30 junio.<\/strong><\/p>\n\n\n\n<p>No bien concluy\u00f3 su juramentaci\u00f3n y presentaci\u00f3n formal a los medios de comunicaci\u00f3n, la Comisi\u00f3n Organizadora del X congreso del Partido de la Liberaci\u00f3n Dominicana (PLD) paut\u00f3 reuniones y la l\u00ednea de trabajo a desarrollar en el transcurso de junio.<\/p>\n\n\n\n<p>Para esta semana se programaron reuniones para planificar los detalles relativos a la ceremonia de apertura de los trabajos del Congreso programado para el 30 de junio, D\u00eda de la Confraternidad Pelede\u00edsta.<\/p>\n\n\n\n<p>Desde el mismo domingo se realizan las diligencias para ubicar el lugar del acto donde sesionar\u00e1 la plenaria de inicio del Congreso Ordinario, cuyo nombre oficial, se dar\u00e1 a conocer tambi\u00e9n esta semana en rueda de prensa, tal y como inform\u00f3 Cristina Lizardo, coordinadora.<\/p>\n\n\n\n<p>El local tiene que tener la amplitud para alojar a los miembros del Comit\u00e9 Central, los presidentes de los Comit\u00e9s Provinciales, Municipales, Circunscripciones Electorales, Seccionales, de Distritos Municipales y de Comit\u00e9s Intermedios, quienes son los delegados oficiales del Congreso.<\/p>\n\n\n\n<p>Mientras tanto, personal de diferentes secretar\u00edas del PLD recopilan los escritos impresos o en formato digital de los temas discutidos en el IX Congreso Ordinario Jos\u00e9 Joaqu\u00edn Bid\u00f3 Medina, que sirvan de referencia a las diversas comisiones que trabajar\u00e1n esos puntos.<\/p>\n\n\n\n<p>Como fue explicado en la reuni\u00f3n del Comit\u00e9 Central la fase de evaluaci\u00f3n tendr\u00e1 como gu\u00eda un formulario elaborado por una comisi\u00f3n de dirigentes especializados en la formulaci\u00f3n de proyectos y evaluaci\u00f3n.<\/p>\n\n\n\n<p>El Comit\u00e9 Central aprob\u00f3 el cronograma de trabajo del X Congreso del PLD que inicia con la apertura oficial el 30 de junio, la aplicaci\u00f3n del diagn\u00f3stico y evaluaci\u00f3n de los procesos electorales pasados, incluyendo el 2020, la celebraci\u00f3n de reuniones plenarias para finalizar en el mes de septiembre, luego de la fase de elecci\u00f3n de las nuevas autoridades.<\/p>\n\n\n\n<p>Los integrantes de la Comisi\u00f3n Organizadora del Congreso son: Cristina Lizardo, Coordinadora, Jaime David Fern\u00e1ndez Mirabal y Maribel Acosta, Tommy Gal\u00e1n, secretario Asuntos Electorales y Mayobanex Escoto de Organizaci\u00f3n, Aura Toribio, El\u00edas Cornelio, Diego Aquino Acosta, Daniel Cruz, Leidy Quezada y Peniel Espinal.<\/p>\n","protected":false},"excerpt":{"rendered":"<p>Comisi\u00f3n del X Congreso del PLD en los preparativos del acto de apertura, programado para el 30 junio. No bien concluy\u00f3 su juramentaci\u00f3n y presentaci\u00f3n formal a los medios de&hellip;<\/p>\n","protected":false},"author":2,"featured_media":84603,"comment_status":"open","ping_status":"open","sticky":false,"template":"","format":"standard","meta":{"content-type":"","jetpack_post_was_ever_published":false,"_jetpack_newsletter_access":"","_jetpack_dont_email_post_to_subs":false,"_jetpack_newsletter_tier_id":0,"_jetpack_memberships_contains_paywalled_content":false,"_jetpack_memberships_contains_paid_content":false,"footnotes":""},"categories":[25],"tags":[950,530,269,4782,967],"class_list":["post-84602","post","type-post","status-publish","format-standard","has-post-thumbnail","hentry","category-portada","tag-comision","tag-congreso","tag-pld","tag-reuniones","tag-trabajo"],"jetpack_featured_media_url":"https:\/\/lasprimeras.com.do\/wp-content\/uploads\/2024\/06\/Comision-del-Congreso-del-PLD.jpg","jetpack-related-posts":[{"id":84509,"url":"https:\/\/lasprimeras.com.do\/index.php\/2024\/06\/10\/cristina-lizardo-x-congreso-ordinario-del-pld-iniciara-el-30-de-junio\/","url_meta":{"origin":84602,"position":0},"title":"Cristina Lizardo: X Congreso Ordinario del PLD iniciar\u00e1 el 30 de junio","author":"Nelson Feliz","date":"10 de junio de 2024","format":false,"excerpt":"Lizardo: Con la celebraci\u00f3n de la reuni\u00f3n de su C.C., el PLD deja demostrado que sigue siendo un Partido comprometido con los mejores intereses de la patria. El Partido de la Liberaci\u00f3n Dominicana aprob\u00f3 la apertura de su X Congreso Ordinario para el 30 de junio de este a\u00f1o; as\u00ed\u2026","rel":"","context":"En \u00abPORTADA\u00bb","block_context":{"text":"PORTADA","link":"https:\/\/lasprimeras.com.do\/index.php\/category\/portada\/"},"img":{"alt_text":"Cristina Lizardo","src":"https:\/\/i0.wp.com\/lasprimeras.com.do\/wp-content\/uploads\/2024\/06\/Cristina-Lizardo.jpg?resize=350%2C200&ssl=1","width":350,"height":200,"srcset":"https:\/\/i0.wp.com\/lasprimeras.com.do\/wp-content\/uploads\/2024\/06\/Cristina-Lizardo.jpg?resize=350%2C200&ssl=1 1x, https:\/\/i0.wp.com\/lasprimeras.com.do\/wp-content\/uploads\/2024\/06\/Cristina-Lizardo.jpg?resize=525%2C300&ssl=1 1.5x, https:\/\/i0.wp.com\/lasprimeras.com.do\/wp-content\/uploads\/2024\/06\/Cristina-Lizardo.jpg?resize=700%2C400&ssl=1 2x"},"classes":[]},{"id":83898,"url":"https:\/\/lasprimeras.com.do\/index.php\/2024\/05\/27\/apertura-del-x-congreso-del-pld-sera-el-30-de-junio\/","url_meta":{"origin":84602,"position":1},"title":"Apertura del X Congreso del PLD ser\u00e1 el 30 de junio","author":"Nelson Feliz","date":"27 de mayo de 2024","format":false,"excerpt":"El Comit\u00e9 Pol\u00edtico del PLD adelanta la convocatoria del X Congreso Ordinario para el mes de junio. Convoca al Comit\u00e9 Central para el 9 de junio. El Comit\u00e9 Pol\u00edtico del Partido de la Liberaci\u00f3n Dominicana decidi\u00f3 adelantar la celebraci\u00f3n de su congreso ordinario, el n\u00famero diez de esos eventos, para\u2026","rel":"","context":"En \u00abPORTADA\u00bb","block_context":{"text":"PORTADA","link":"https:\/\/lasprimeras.com.do\/index.php\/category\/portada\/"},"img":{"alt_text":"Apertura del X Congreso del PLD ser\u00e1 el 30 de junio","src":"https:\/\/i0.wp.com\/lasprimeras.com.do\/wp-content\/uploads\/2024\/05\/Apertura-del-X-Congreso-del-PLD-sera-el-30-de-junio.jpeg?resize=350%2C200&ssl=1","width":350,"height":200,"srcset":"https:\/\/i0.wp.com\/lasprimeras.com.do\/wp-content\/uploads\/2024\/05\/Apertura-del-X-Congreso-del-PLD-sera-el-30-de-junio.jpeg?resize=350%2C200&ssl=1 1x, https:\/\/i0.wp.com\/lasprimeras.com.do\/wp-content\/uploads\/2024\/05\/Apertura-del-X-Congreso-del-PLD-sera-el-30-de-junio.jpeg?resize=525%2C300&ssl=1 1.5x, https:\/\/i0.wp.com\/lasprimeras.com.do\/wp-content\/uploads\/2024\/05\/Apertura-del-X-Congreso-del-PLD-sera-el-30-de-junio.jpeg?resize=700%2C400&ssl=1 2x"},"classes":[]},{"id":84066,"url":"https:\/\/lasprimeras.com.do\/index.php\/2024\/05\/30\/comision-del-congreso-del-pld-prepara-agenda-de-reunion-del-c-c\/","url_meta":{"origin":84602,"position":2},"title":"Comisi\u00f3n del Congreso del PLD prepara agenda de reuni\u00f3n del C.C.","author":"Nelson Feliz","date":"30 de mayo de 2024","format":false,"excerpt":"La comisi\u00f3n de X Congreso Ordinario del PLD realiza reuni\u00f3n de inicio de los trabajos. La Comisi\u00f3n Organizadora del D\u00e9cimo Congreso Ordinario del Partido de la Liberaci\u00f3n Dominicana (PLD) en formaci\u00f3n, sostuvo un primer encuentro este mi\u00e9rcoles afinando los detalles sobre las responsabilidades asignadas por el Comit\u00e9 Pol\u00edtico, en sinton\u00eda\u2026","rel":"","context":"En \u00abPORTADA\u00bb","block_context":{"text":"PORTADA","link":"https:\/\/lasprimeras.com.do\/index.php\/category\/portada\/"},"img":{"alt_text":"Comisi\u00f3n del Congreso del PLD","src":"https:\/\/i0.wp.com\/lasprimeras.com.do\/wp-content\/uploads\/2024\/05\/Comision-del-Congreso-del-PLD.jpeg?resize=350%2C200&ssl=1","width":350,"height":200,"srcset":"https:\/\/i0.wp.com\/lasprimeras.com.do\/wp-content\/uploads\/2024\/05\/Comision-del-Congreso-del-PLD.jpeg?resize=350%2C200&ssl=1 1x, https:\/\/i0.wp.com\/lasprimeras.com.do\/wp-content\/uploads\/2024\/05\/Comision-del-Congreso-del-PLD.jpeg?resize=525%2C300&ssl=1 1.5x"},"classes":[]},{"id":84953,"url":"https:\/\/lasprimeras.com.do\/index.php\/2024\/06\/18\/pld-informa-de-los-avances-en-la-organizacion-de-su-x-congreso\/","url_meta":{"origin":84602,"position":3},"title":"PLD informa de los avances en la organizaci\u00f3n de su X Congreso","author":"Nelson Feliz","date":"18 de junio de 2024","format":false,"excerpt":"PLD anuncia que la apertura del X Congreso Ordinario se realizar\u00e1 el pr\u00f3ximo domingo 7 de Julio. El Partido de la Liberaci\u00f3n Dominicana (PLD) anunci\u00f3 que ha postergado el acto de apertura del X Congreso Ordinario para el domingo 7 julio, confirmando su realizaci\u00f3n en el Pabell\u00f3n de Voleibol del\u2026","rel":"","context":"En \u00abSin categor\u00eda\u00bb","block_context":{"text":"Sin categor\u00eda","link":"https:\/\/lasprimeras.com.do\/index.php\/category\/sin-categoria\/"},"img":{"alt_text":"Congreso Ordinario","src":"https:\/\/i0.wp.com\/lasprimeras.com.do\/wp-content\/uploads\/2024\/06\/Congreso-Ordinario.jpg?resize=350%2C200&ssl=1","width":350,"height":200,"srcset":"https:\/\/i0.wp.com\/lasprimeras.com.do\/wp-content\/uploads\/2024\/06\/Congreso-Ordinario.jpg?resize=350%2C200&ssl=1 1x, https:\/\/i0.wp.com\/lasprimeras.com.do\/wp-content\/uploads\/2024\/06\/Congreso-Ordinario.jpg?resize=525%2C300&ssl=1 1.5x"},"classes":[]},{"id":85134,"url":"https:\/\/lasprimeras.com.do\/index.php\/2024\/06\/23\/reuniones-provinciales-en-el-pld-preparando-su-congreso-ordinario\/","url_meta":{"origin":84602,"position":4},"title":"Reuniones Provinciales en el PLD, preparando su Congreso Ordinario","author":"Nelson Feliz","date":"23 de junio de 2024","format":false,"excerpt":"Un Partido de la Liberaci\u00f3n Dominicana movilizado prepar\u00e1ndose para la celebraci\u00f3n de su X Congreso. El Partido de la Liberaci\u00f3n Dominicana (PLD) desarroll\u00f3 reuniones bajo el formato de asamblea en diferentes provincias del pa\u00eds, ejecutando as\u00ed la etapa preparatoria del X Congreso Ordinario, que iniciar\u00e1 el domingo 7 de julio\u2026","rel":"","context":"En \u00abPORTADA\u00bb","block_context":{"text":"PORTADA","link":"https:\/\/lasprimeras.com.do\/index.php\/category\/portada\/"},"img":{"alt_text":"Jaime David Fern\u00e1ndez Mirabal","src":"https:\/\/i0.wp.com\/lasprimeras.com.do\/wp-content\/uploads\/2024\/06\/Jaime-David-Fernandez-Mirabal-1.jpg?resize=350%2C200&ssl=1","width":350,"height":200,"srcset":"https:\/\/i0.wp.com\/lasprimeras.com.do\/wp-content\/uploads\/2024\/06\/Jaime-David-Fernandez-Mirabal-1.jpg?resize=350%2C200&ssl=1 1x, https:\/\/i0.wp.com\/lasprimeras.com.do\/wp-content\/uploads\/2024\/06\/Jaime-David-Fernandez-Mirabal-1.jpg?resize=525%2C300&ssl=1 1.5x"},"classes":[]},{"id":84506,"url":"https:\/\/lasprimeras.com.do\/index.php\/2024\/06\/09\/sentido-democratico-predomina-en-reunion-del-cc-del-pld\/","url_meta":{"origin":84602,"position":5},"title":"Sentido democr\u00e1tico predomina en reuni\u00f3n del CC del PLD","author":"Nelson Feliz","date":"9 de junio de 2024","format":false,"excerpt":"CC del PLD completa Comisi\u00f3n Organizadora del X Congreso Ordinario. Sus integrantes juran lealtad y se comprometen a trabajar por el fortalecimiento partidario. Con la juramentaci\u00f3n de los integrantes de la Comisi\u00f3n Organizadora del X Congreso Ordinario del Partido de la Liberaci\u00f3n Dominicana (PLD) concluy\u00f3 la reuni\u00f3n del Comit\u00e9 Central\u2026","rel":"","context":"En \u00abPORTADA\u00bb","block_context":{"text":"PORTADA","link":"https:\/\/lasprimeras.com.do\/index.php\/category\/portada\/"},"img":{"alt_text":"Sentido democr\u00e1tico","src":"https:\/\/i0.wp.com\/lasprimeras.com.do\/wp-content\/uploads\/2024\/06\/Sentido-democratico.jpg?resize=350%2C200&ssl=1","width":350,"height":200,"srcset":"https:\/\/i0.wp.com\/lasprimeras.com.do\/wp-content\/uploads\/2024\/06\/Sentido-democratico.jpg?resize=350%2C200&ssl=1 1x, https:\/\/i0.wp.com\/lasprimeras.com.do\/wp-content\/uploads\/2024\/06\/Sentido-democratico.jpg?resize=525%2C300&ssl=1 1.5x, https:\/\/i0.wp.com\/lasprimeras.com.do\/wp-content\/uploads\/2024\/06\/Sentido-democratico.jpg?resize=700%2C400&ssl=1 2x"},"classes":[]}],"jetpack_sharing_enabled":true,"_links":{"self":[{"href":"https:\/\/lasprimeras.com.do\/index.php\/wp-json\/wp\/v2\/posts\/84602","targetHints":{"allow":["GET"]}}],"collection":[{"href":"https:\/\/lasprimeras.com.do\/index.php\/wp-json\/wp\/v2\/posts"}],"about":[{"href":"https:\/\/lasprimeras.com.do\/index.php\/wp-json\/wp\/v2\/types\/post"}],"author":[{"embeddable":true,"href":"https:\/\/lasprimeras.com.do\/index.php\/wp-json\/wp\/v2\/users\/2"}],"replies":[{"embeddable":true,"href":"https:\/\/lasprimeras.com.do\/index.php\/wp-json\/wp\/v2\/comments?post=84602"}],"version-history":[{"count":1,"href":"https:\/\/lasprimeras.com.do\/index.php\/wp-json\/wp\/v2\/posts\/84602\/revisions"}],"predecessor-version":[{"id":84604,"href":"https:\/\/lasprimeras.com.do\/index.php\/wp-json\/wp\/v2\/posts\/84602\/revisions\/84604"}],"wp:featuredmedia":[{"embeddable":true,"href":"https:\/\/lasprimeras.com.do\/index.php\/wp-json\/wp\/v2\/media\/84603"}],"wp:attachment":[{"href":"https:\/\/lasprimeras.com.do\/index.php\/wp-json\/wp\/v2\/media?parent=84602"}],"wp:term":[{"taxonomy":"category","embeddable":true,"href":"https:\/\/lasprimeras.com.do\/index.php\/wp-json\/wp\/v2\/categories?post=84602"},{"taxonomy":"post_tag","embeddable":true,"href":"https:\/\/lasprimeras.com.do\/index.php\/wp-json\/wp\/v2\/tags?post=84602"}],"curies":[{"name":"wp","href":"https:\/\/api.w.org\/{rel}","templated":true}]}}