{"id":84605,"date":"2024-06-11T12:04:00","date_gmt":"2024-06-11T16:04:00","guid":{"rendered":"https:\/\/lasprimeras.com.do\/?p=84605"},"modified":"2024-06-11T11:09:07","modified_gmt":"2024-06-11T15:09:07","slug":"jaime-david-dice-que-el-pld-se-prepara-para-defender-al-pueblo","status":"publish","type":"post","link":"https:\/\/lasprimeras.com.do\/index.php\/2024\/06\/11\/jaime-david-dice-que-el-pld-se-prepara-para-defender-al-pueblo\/","title":{"rendered":"Jaime David dice que el PLD se prepara para defender al pueblo"},"content":{"rendered":"\n<p><strong>\u2013 Destaca que despu\u00e9s del X Congreso el PLD crecer\u00e1 como la verdolaga en el campo.<\/strong><\/p>\n\n\n\n<p><strong>\u2013 Condena el est\u00edmulo al tr\u00e1nsfuguismo pol\u00edtico, peor con dinero p\u00fablico.<\/strong><\/p>\n\n\n\n<p>El ex vicepresidente de la Rep\u00fablica y miembro del Comit\u00e9 Pol\u00edtico del Partido de la Liberaci\u00f3n Dominicana (PLD ) Jaime David Fern\u00e1ndez Mirabal , dijo que el PLD se prepara para defender al pueblo de todas las medidas econ\u00f3micas que se apresta a tomar el gobierno del PRM , y que solo afectar\u00e1 a los sectores m\u00e1s vulnerables del pueblo dominicano.<\/p>\n\n\n\n<p>Tambi\u00e9n para reclamar la mejor\u00eda de los servicios p\u00fablicos de salud , agua , transporte y otros , que se han deteriorado progresivamente.<\/p>\n\n\n\n<p>Fernandez Mirabal destac\u00f3 que el PLD es la \u00fanica organizaci\u00f3n que realiza su congreso ordinario cada cuatro a\u00f1os , que correspondia iniciar en octubre, pero que el Comit\u00e9 Central decidi\u00f3 adelantar para iniciar el 30 de junio , fecha del nacimiento de Juan Bosch , y asegur\u00f3 que con la celebraci\u00f3n del X Congreso , el PLD , donde todo se evaluar\u00e1, la organizaci\u00f3n saldr\u00e1 fortalecida , con una maquinaria aceitada, y volver\u00e1 a crecer como la verdolaga en el campo .<\/p>\n\n\n\n<p>Por otra parte , Jaime David rechaz\u00f3 el est\u00edmulo al tr\u00e1nsfuguismo pol\u00edtico , que dijo , se estimula desde el gobierno , lo que consider\u00f3 una de las peores formas de corrupci\u00f3n, mas si es con dinero p\u00fablico , y reiter\u00f3 que es de las cosas m\u00e1s da\u00f1inas a la pr\u00e1ctica pol\u00edtica, porque se le pone precio al ejercicio de la pol\u00edtica, lo cual es pernicioso y vulgar.<\/p>\n\n\n\n<p>Finalmente, el Dr Jaime David Fern\u00e1ndez, hizo un llamado a la juventud para que se integre a pol\u00edtica, porque la pol\u00edtica es la \u00fanica acci\u00f3n social colectiva capaz de transformar, de cambiar las cosas.<\/p>\n\n\n\n<p>Afirm\u00f3 que , por eso el neoliberalismo a nivel mundial quiere desacreditar el ejercicio de la pol\u00edtica, y destruir a los partidos pol\u00edticos con estructuras , a los gremios y sindicatos, y a toda forma de organizaci\u00f3n social , porque as\u00ed la sociedad se atomiza , la acci\u00f3n se fragmenta, y los pueblos se dejan dirigir por las redes.<\/p>\n","protected":false},"excerpt":{"rendered":"<p>\u2013 Destaca que despu\u00e9s del X Congreso el PLD crecer\u00e1 como la verdolaga en el campo. \u2013 Condena el est\u00edmulo al tr\u00e1nsfuguismo pol\u00edtico, peor con dinero p\u00fablico. El ex vicepresidente&hellip;<\/p>\n","protected":false},"author":2,"featured_media":84606,"comment_status":"open","ping_status":"open","sticky":false,"template":"","format":"standard","meta":{"content-type":"","jetpack_post_was_ever_published":false,"_jetpack_newsletter_access":"","_jetpack_dont_email_post_to_subs":false,"_jetpack_newsletter_tier_id":0,"_jetpack_memberships_contains_paywalled_content":false,"_jetpack_memberships_contains_paid_content":false,"footnotes":""},"categories":[25],"tags":[13519,8463,269,1379],"class_list":["post-84605","post","type-post","status-publish","format-standard","has-post-thumbnail","hentry","category-portada","tag-defender","tag-jaime-david-fernandez-mirabal","tag-pld","tag-pueblo"],"jetpack_featured_media_url":"https:\/\/lasprimeras.com.do\/wp-content\/uploads\/2024\/06\/Jaime-David-Fernandez-Mirabal.jpg","jetpack-related-posts":[{"id":118697,"url":"https:\/\/lasprimeras.com.do\/index.php\/2026\/01\/02\/jaime-david-presenta-el-fortalecimiento-del-pld-en-el-2025-como-un-gran-triunfo-alcanzado\/","url_meta":{"origin":84605,"position":0},"title":"Jaime David presenta el fortalecimiento del PLD en el 2025 como un\u00a0gran triunfo alcanzado","author":"Nelson Feliz","date":"2 de enero de 2026","format":false,"excerpt":"El ex vicepresidente de la Rep\u00fablica, Jaime David Fern\u00e1ndez Mirabal, miembro del Comit\u00e9 Pol\u00edtico del Partido de la Liberaci\u00f3n Dominicana (PLD), resalt\u00f3 como un gran triunfo de esa organizaci\u00f3n mantenerse firme, estructurado y organizado.\u00a0 En su ya acostumbrados mensajes desde el campo y montando caballo, Fern\u00e1ndez Mirabal dijo que el\u2026","rel":"","context":"En \u00abPOLITICA\u00bb","block_context":{"text":"POLITICA","link":"https:\/\/lasprimeras.com.do\/index.php\/category\/politica\/"},"img":{"alt_text":"Jaime David Fernandez Mirabal","src":"https:\/\/i0.wp.com\/lasprimeras.com.do\/wp-content\/uploads\/2026\/01\/Jaime-David-VANG.jpg?resize=350%2C200&ssl=1","width":350,"height":200,"srcset":"https:\/\/i0.wp.com\/lasprimeras.com.do\/wp-content\/uploads\/2026\/01\/Jaime-David-VANG.jpg?resize=350%2C200&ssl=1 1x, https:\/\/i0.wp.com\/lasprimeras.com.do\/wp-content\/uploads\/2026\/01\/Jaime-David-VANG.jpg?resize=525%2C300&ssl=1 1.5x"},"classes":[]},{"id":125947,"url":"https:\/\/lasprimeras.com.do\/index.php\/2026\/03\/27\/jaime-david-acusa-a-la-fp-de-sonsacar-a-dirigentes-del-pld\/","url_meta":{"origin":84605,"position":1},"title":"Jaime David acusa a la FP de sonsacar a dirigentes del PLD","author":"Nelson Feliz","date":"27 de marzo de 2026","format":false,"excerpt":"El ex vicepresidente de la Rep\u00fablica y miembro del Comit\u00e9 Pol\u00edtico del Partido de la Liberaci\u00f3n Dominicana (PLD), Jaime David Fern\u00e1ndez Mirabal, calific\u00f3 \u201cactitud de aves de carro\u00f1a\u201d de dirigentes del partido Fuerza del Pueblo de insistir en sonsacar a dirigentes del PLD para llevarlos a sus filas. \u201cEso no\u2026","rel":"","context":"En \u00abPOLITICA\u00bb","block_context":{"text":"POLITICA","link":"https:\/\/lasprimeras.com.do\/index.php\/category\/politica\/"},"img":{"alt_text":"Jaime David Fern\u00e1ndez Mirabal","src":"https:\/\/i0.wp.com\/lasprimeras.com.do\/wp-content\/uploads\/2026\/03\/Jaime-Sanchez-2.jpg?resize=350%2C200&ssl=1","width":350,"height":200,"srcset":"https:\/\/i0.wp.com\/lasprimeras.com.do\/wp-content\/uploads\/2026\/03\/Jaime-Sanchez-2.jpg?resize=350%2C200&ssl=1 1x, https:\/\/i0.wp.com\/lasprimeras.com.do\/wp-content\/uploads\/2026\/03\/Jaime-Sanchez-2.jpg?resize=525%2C300&ssl=1 1.5x, https:\/\/i0.wp.com\/lasprimeras.com.do\/wp-content\/uploads\/2026\/03\/Jaime-Sanchez-2.jpg?resize=700%2C400&ssl=1 2x"},"classes":[]},{"id":103825,"url":"https:\/\/lasprimeras.com.do\/index.php\/2025\/07\/18\/jaime-david-advierte-sobre-intento-de-enemigos-del-pueblo-para-destruir-diferentes-organizaciones\/","url_meta":{"origin":84605,"position":2},"title":"Jaime David advierte sobre intento de \u201cenemigos del Pueblo\u201d para destruir diferentes organizaciones","author":"Nelson Feliz","date":"18 de julio de 2025","format":false,"excerpt":"El ex vicepresidente de la Rep\u00fablica y miembro del Comit\u00e9 Pol\u00edtico del Partido de la Liberaci\u00f3n Dominicana (PLD), Jaime David Fern\u00e1ndez Mirabal, advirti\u00f3 sobre los intentos de \u201cenemigos del pueblo dominicano\u201d, quienes se han propuesto destruir las organizaciones que aglutinan los sectores representativos del pa\u00eds. En una reflexi\u00f3n ma\u00f1anera Fern\u00e1ndez\u2026","rel":"","context":"En \u00abPOLITICA\u00bb","block_context":{"text":"POLITICA","link":"https:\/\/lasprimeras.com.do\/index.php\/category\/politica\/"},"img":{"alt_text":"","src":"https:\/\/i0.wp.com\/lasprimeras.com.do\/wp-content\/uploads\/2025\/07\/Jaime-David-Fernandez-Mirabal.jpg?resize=350%2C200&ssl=1","width":350,"height":200,"srcset":"https:\/\/i0.wp.com\/lasprimeras.com.do\/wp-content\/uploads\/2025\/07\/Jaime-David-Fernandez-Mirabal.jpg?resize=350%2C200&ssl=1 1x, https:\/\/i0.wp.com\/lasprimeras.com.do\/wp-content\/uploads\/2025\/07\/Jaime-David-Fernandez-Mirabal.jpg?resize=525%2C300&ssl=1 1.5x, https:\/\/i0.wp.com\/lasprimeras.com.do\/wp-content\/uploads\/2025\/07\/Jaime-David-Fernandez-Mirabal.jpg?resize=700%2C400&ssl=1 2x"},"classes":[]},{"id":83979,"url":"https:\/\/lasprimeras.com.do\/index.php\/2024\/05\/28\/jaime-david-convocar-al-congreso-del-pld-es-un-llamado-a-trabajar-y-generar-ideas\/","url_meta":{"origin":84605,"position":3},"title":"Jaime David: Convocar al Congreso del PLD es un llamado a trabajar y generar ideas","author":"Nelson Feliz","date":"28 de mayo de 2024","format":false,"excerpt":"Jaime David Fern\u00e1ndez Mirabal: \u201cCon la decisi\u00f3n del CP de adelantar la celebraci\u00f3n su congreso, el PLD pone el o\u00eddo en el Coraz\u00f3n del Pueblo\u201d. El ex vicepresidente de la Republica Jaime David Fern\u00e1ndez Mirabal, miembro del Comit\u00e9 Pol\u00edtico del Partido de la Liberaci\u00f3n Dominicana (PLD), dijo sentirse regocijado con\u2026","rel":"","context":"En \u00abPORTADA\u00bb","block_context":{"text":"PORTADA","link":"https:\/\/lasprimeras.com.do\/index.php\/category\/portada\/"},"img":{"alt_text":"","src":"https:\/\/i0.wp.com\/lasprimeras.com.do\/wp-content\/uploads\/2024\/05\/Jaime-David-Fernandez-Mirabal-1.jpeg?resize=350%2C200&ssl=1","width":350,"height":200,"srcset":"https:\/\/i0.wp.com\/lasprimeras.com.do\/wp-content\/uploads\/2024\/05\/Jaime-David-Fernandez-Mirabal-1.jpeg?resize=350%2C200&ssl=1 1x, https:\/\/i0.wp.com\/lasprimeras.com.do\/wp-content\/uploads\/2024\/05\/Jaime-David-Fernandez-Mirabal-1.jpeg?resize=525%2C300&ssl=1 1.5x, https:\/\/i0.wp.com\/lasprimeras.com.do\/wp-content\/uploads\/2024\/05\/Jaime-David-Fernandez-Mirabal-1.jpeg?resize=700%2C400&ssl=1 2x"},"classes":[]},{"id":85909,"url":"https:\/\/lasprimeras.com.do\/index.php\/2024\/07\/12\/jaime-david-el-congreso-del-pld-es-el-espacio-ideal-para-unificar-ideas\/","url_meta":{"origin":84605,"position":4},"title":"Jaime David: El Congreso del PLD es el espacio ideal para unificar ideas","author":"Nelson Feliz","date":"12 de julio de 2024","format":false,"excerpt":"Unidos somos m\u00e1s y juntos podemos alcanzar nuestras metas dentro de la diversidad de ideas\u201d El ex vicepresidente de la Rep\u00fablica, Jaime David Fern\u00e1ndez Mirabal, quien en su condici\u00f3n de miembro del Comit\u00e9 Pol\u00edtico, lo es tambi\u00e9n de la Comisi\u00f3n Organizadora del X Congreso Ordinario Reinaldo Pared P\u00e9rez, defini\u00f3 el\u2026","rel":"","context":"En \u00abPORTADA\u00bb","block_context":{"text":"PORTADA","link":"https:\/\/lasprimeras.com.do\/index.php\/category\/portada\/"},"img":{"alt_text":"Jaime David Fern\u00e1ndez Mirabal","src":"https:\/\/i0.wp.com\/lasprimeras.com.do\/wp-content\/uploads\/2024\/07\/Jaime-David-Fernandez-Mirabal.jpg?resize=350%2C200&ssl=1","width":350,"height":200,"srcset":"https:\/\/i0.wp.com\/lasprimeras.com.do\/wp-content\/uploads\/2024\/07\/Jaime-David-Fernandez-Mirabal.jpg?resize=350%2C200&ssl=1 1x, https:\/\/i0.wp.com\/lasprimeras.com.do\/wp-content\/uploads\/2024\/07\/Jaime-David-Fernandez-Mirabal.jpg?resize=525%2C300&ssl=1 1.5x, https:\/\/i0.wp.com\/lasprimeras.com.do\/wp-content\/uploads\/2024\/07\/Jaime-David-Fernandez-Mirabal.jpg?resize=700%2C400&ssl=1 2x"},"classes":[]},{"id":126911,"url":"https:\/\/lasprimeras.com.do\/index.php\/2026\/04\/06\/jaime-david-critica-uso-de-dinero-publico-desde-la-lmd-para-estimular-el-transfuguismo\/","url_meta":{"origin":84605,"position":5},"title":"Jaime David critica uso de dinero p\u00fablico desde la LMD para estimular el transfuguismo","author":"Nelson Feliz","date":"6 de abril de 2026","format":false,"excerpt":"El ex vicepresidente de la Rep\u00fablica, Jaime David Fern\u00e1ndez Mirabal, miembro del Comit\u00e9 Pol\u00edtico del Partido de la Liberaci\u00f3n Dominicana (PLD), critic\u00f3 el uso de dinero p\u00fablico en la Liga Municipal Dominicana para sonsacar y estimular el transfuguismo. En un mensaje audiovisual Fern\u00e1ndez Mirabal denuncia la pr\u00e1ctica del transfuguismo en\u2026","rel":"","context":"En \u00abPOLITICA\u00bb","block_context":{"text":"POLITICA","link":"https:\/\/lasprimeras.com.do\/index.php\/category\/politica\/"},"img":{"alt_text":"Jaime David Fern\u00e1ndez Mirabal","src":"https:\/\/i0.wp.com\/lasprimeras.com.do\/wp-content\/uploads\/2026\/04\/Jaime-D.-Fernandez.jpg?resize=350%2C200&ssl=1","width":350,"height":200},"classes":[]}],"jetpack_sharing_enabled":true,"_links":{"self":[{"href":"https:\/\/lasprimeras.com.do\/index.php\/wp-json\/wp\/v2\/posts\/84605","targetHints":{"allow":["GET"]}}],"collection":[{"href":"https:\/\/lasprimeras.com.do\/index.php\/wp-json\/wp\/v2\/posts"}],"about":[{"href":"https:\/\/lasprimeras.com.do\/index.php\/wp-json\/wp\/v2\/types\/post"}],"author":[{"embeddable":true,"href":"https:\/\/lasprimeras.com.do\/index.php\/wp-json\/wp\/v2\/users\/2"}],"replies":[{"embeddable":true,"href":"https:\/\/lasprimeras.com.do\/index.php\/wp-json\/wp\/v2\/comments?post=84605"}],"version-history":[{"count":1,"href":"https:\/\/lasprimeras.com.do\/index.php\/wp-json\/wp\/v2\/posts\/84605\/revisions"}],"predecessor-version":[{"id":84607,"href":"https:\/\/lasprimeras.com.do\/index.php\/wp-json\/wp\/v2\/posts\/84605\/revisions\/84607"}],"wp:featuredmedia":[{"embeddable":true,"href":"https:\/\/lasprimeras.com.do\/index.php\/wp-json\/wp\/v2\/media\/84606"}],"wp:attachment":[{"href":"https:\/\/lasprimeras.com.do\/index.php\/wp-json\/wp\/v2\/media?parent=84605"}],"wp:term":[{"taxonomy":"category","embeddable":true,"href":"https:\/\/lasprimeras.com.do\/index.php\/wp-json\/wp\/v2\/categories?post=84605"},{"taxonomy":"post_tag","embeddable":true,"href":"https:\/\/lasprimeras.com.do\/index.php\/wp-json\/wp\/v2\/tags?post=84605"}],"curies":[{"name":"wp","href":"https:\/\/api.w.org\/{rel}","templated":true}]}}