{"id":84622,"date":"2024-06-11T12:42:58","date_gmt":"2024-06-11T16:42:58","guid":{"rendered":"https:\/\/lasprimeras.com.do\/?p=84622"},"modified":"2024-06-11T12:42:59","modified_gmt":"2024-06-11T16:42:59","slug":"omar-fernandez-deposita-proyecto-que-libera-de-anticipos-a-microempresas-2","status":"publish","type":"post","link":"https:\/\/lasprimeras.com.do\/index.php\/2024\/06\/11\/omar-fernandez-deposita-proyecto-que-libera-de-anticipos-a-microempresas-2\/","title":{"rendered":"Omar Fern\u00e1ndez deposita proyecto que libera de anticipos a microempresas"},"content":{"rendered":"\n<p>El congresista explico que el proyecto ha sido debatido con distintas asociaciones de empresas y especialistas en temas fiscales para analizar la viabilidad del proyecto, siendo acogidos por ambos sectores.<\/p>\n\n\n\n<p>El diputado y candidato a senador por el Distrito Nacional, Omar Fern\u00e1ndez, dep\u00f3sito este martes un proyecto de ley que busca liberar del pago de anticipos a las microempresas en Rep\u00fablica dominicana, que son aquellas con 10 empleados o menos y ventas anuales inferior a los 10 millones de pesos.<\/p>\n\n\n\n<p>Mientas que las empresas peque\u00f1as y medianas reducir\u00edan los pagos de anticipos a tan solo la mitad del impuesto liquidado en su ejercicio fiscal anterior, y dividido en cuatro cuotas, en vez de dos como ocurre en la actualidad.<\/p>\n\n\n\n<p>\u201cEl 10 porciento de los ingresos por Impuesto Sobre la renta (ISR) del pa\u00eds provienen de las mipymes, que son el 95% de las empresas en Rep\u00fablica Dominicana, a esas empresas hay que buscarle un mecanismo para que trabajen m\u00e1s c\u00f3modas, puedan generar m\u00e1s empleos y no mueran tan pronto como ocurre en ocasiones\u201d, explica Omar Fern\u00e1ndez, legislador de Fuerza del Pueblo.<\/p>\n\n\n\n<p>Este es el decimocuarto proyecto depositado por el congresista a su paso por el Congreso Nacional, y espera sea acogido por los legisladores de todas las bancadas. Este proyecto modifica varios art\u00edculos del C\u00f3digo Tributario, consagrado en la ley 11-92.<\/p>\n\n\n\n<p>\u00abNo es necesario esperar a ser senador para seguir aportando, fui elegido para ser diputado desde el d\u00eda 1 y hasta el 15 de agosto a la medianoche aportare desde la C\u00e1mara de Diputados\u00bb, enfatiz\u00f3 el congresista.<\/p>\n\n\n\n<p>El congresista explico que el proyecto ha sido debatido con distintas asociaciones de empresas y especialistas en temas fiscales para analizar la viabilidad del proyecto, siendo acogidos por ambos sectores.<\/p>\n\n\n\n<figure class=\"wp-block-embed is-type-video is-provider-youtube wp-block-embed-youtube wp-embed-aspect-16-9 wp-has-aspect-ratio\"><div class=\"wp-block-embed__wrapper\">\n<iframe title=\"Omar Fern\u00e1ndez deposita proyecto que libera de anticipos a microempresas\" width=\"500\" height=\"281\" src=\"https:\/\/www.youtube.com\/embed\/TeNGDT-EsXo?start=15&#038;feature=oembed\" frameborder=\"0\" allow=\"accelerometer; autoplay; clipboard-write; encrypted-media; gyroscope; picture-in-picture; web-share\" referrerpolicy=\"strict-origin-when-cross-origin\" allowfullscreen><\/iframe>\n<\/div><\/figure>\n","protected":false},"excerpt":{"rendered":"<p>El congresista explico que el proyecto ha sido debatido con distintas asociaciones de empresas y especialistas en temas fiscales para analizar la viabilidad del proyecto, siendo acogidos por ambos sectores.&hellip;<\/p>\n","protected":false},"author":2,"featured_media":84623,"comment_status":"open","ping_status":"open","sticky":false,"template":"","format":"standard","meta":{"content-type":"","jetpack_post_was_ever_published":false,"_jetpack_newsletter_access":"","_jetpack_dont_email_post_to_subs":false,"_jetpack_newsletter_tier_id":0,"_jetpack_memberships_contains_paywalled_content":false,"_jetpack_memberships_contains_paid_content":false,"footnotes":""},"categories":[25],"tags":[7864,11983,2854,1891,81,276],"class_list":["post-84622","post","type-post","status-publish","format-standard","has-post-thumbnail","hentry","category-portada","tag-anticipos","tag-deposita","tag-libera","tag-microempresas","tag-omar-fernandez","tag-proyecto"],"jetpack_featured_media_url":"https:\/\/lasprimeras.com.do\/wp-content\/uploads\/2024\/06\/Omar-Fernandez.jpg","jetpack-related-posts":[{"id":80512,"url":"https:\/\/lasprimeras.com.do\/index.php\/2024\/04\/09\/omar-fernandez-deposita-proyecto-que-libera-de-anticipos-a-microempresas\/","url_meta":{"origin":84622,"position":0},"title":"Omar Fern\u00e1ndez deposita proyecto que libera de anticipos a microempresas","author":"BIMARY DE JES\u00daS Matos","date":"9 de abril de 2024","format":false,"excerpt":"SANTO DOMINGO. -El diputado y candidato a senador por el Distrito Nacional, Omar Fern\u00e1ndez, dep\u00f3sito este martes un proyecto de ley que busca liberar del pago de anticipos a las microempresas en Rep\u00fablica dominicana, que son aquellas con 10 empleados o menos y ventas anuales inferior a los 10 millones\u2026","rel":"","context":"En \u00abSin categor\u00eda\u00bb","block_context":{"text":"Sin categor\u00eda","link":"https:\/\/lasprimeras.com.do\/index.php\/category\/sin-categoria\/"},"img":{"alt_text":"","src":"https:\/\/i0.wp.com\/lasprimeras.com.do\/wp-content\/uploads\/2024\/04\/6a0c8a05-4f4b-48f5-a1d9-1ad180753c4a-12.jpg?resize=350%2C200&ssl=1","width":350,"height":200,"srcset":"https:\/\/i0.wp.com\/lasprimeras.com.do\/wp-content\/uploads\/2024\/04\/6a0c8a05-4f4b-48f5-a1d9-1ad180753c4a-12.jpg?resize=350%2C200&ssl=1 1x, https:\/\/i0.wp.com\/lasprimeras.com.do\/wp-content\/uploads\/2024\/04\/6a0c8a05-4f4b-48f5-a1d9-1ad180753c4a-12.jpg?resize=525%2C300&ssl=1 1.5x, https:\/\/i0.wp.com\/lasprimeras.com.do\/wp-content\/uploads\/2024\/04\/6a0c8a05-4f4b-48f5-a1d9-1ad180753c4a-12.jpg?resize=700%2C400&ssl=1 2x"},"classes":[]},{"id":50296,"url":"https:\/\/lasprimeras.com.do\/index.php\/2023\/05\/18\/leonel-anuncia-eliminaria-anticipo-a-microempresas\/","url_meta":{"origin":84622,"position":1},"title":"Leonel anuncia eliminar\u00eda anticipo a microempresas","author":"prenxa100","date":"18 de mayo de 2023","format":false,"excerpt":"Asegura gobierno del PRM no presta atenci\u00f3n a los de abajo. SANTO DOMINGO ESTE.- Tras escuchar las inquietudes de medianos y peque\u00f1os empresarios, el presidente del partido Fuerza del Pueblo, Leonel Fern\u00e1ndez, asegur\u00f3 que el sistema tributario tiene que ser progresivo, cobrarle m\u00e1s, al que m\u00e1s tiene, por lo que\u2026","rel":"","context":"En \u00abECONOM\u00cdA\u00bb","block_context":{"text":"ECONOM\u00cdA","link":"https:\/\/lasprimeras.com.do\/index.php\/category\/economia\/"},"img":{"alt_text":"","src":"","width":0,"height":0},"classes":[]},{"id":90197,"url":"https:\/\/lasprimeras.com.do\/index.php\/2024\/10\/15\/cncp-califica-como-un-golpe-muy-fuerte-liberar-de-impuesto-a-solo-siete-alimentos\/","url_meta":{"origin":84622,"position":2},"title":"CNCP califica como &#8220;un golpe muy fuerte&#8221; liberar de impuesto a solo siete alimentos","author":"Nelson Feliz","date":"15 de octubre de 2024","format":false,"excerpt":"Llama al Gobierno a abrir un di\u00e1logo sobre las reformas fiscal y laboral. El Consejo Nacional del Comercio en Provisiones (CNCP) consider\u00f3 que ser\u00eda un golpe muy fuerte para los consumidores el solo contemplar siete productos que ser\u00edan liberados del Impuesto sobre Transferencias de Bienes Industrializados y Servicios (ITBIS) en\u2026","rel":"","context":"En \u00abECONOM\u00cdA\u00bb","block_context":{"text":"ECONOM\u00cdA","link":"https:\/\/lasprimeras.com.do\/index.php\/category\/economia\/"},"img":{"alt_text":"Alberto Leroux","src":"https:\/\/i0.wp.com\/lasprimeras.com.do\/wp-content\/uploads\/2024\/10\/Alberto-Leroux.jpg?resize=350%2C200&ssl=1","width":350,"height":200,"srcset":"https:\/\/i0.wp.com\/lasprimeras.com.do\/wp-content\/uploads\/2024\/10\/Alberto-Leroux.jpg?resize=350%2C200&ssl=1 1x, https:\/\/i0.wp.com\/lasprimeras.com.do\/wp-content\/uploads\/2024\/10\/Alberto-Leroux.jpg?resize=525%2C300&ssl=1 1.5x, https:\/\/i0.wp.com\/lasprimeras.com.do\/wp-content\/uploads\/2024\/10\/Alberto-Leroux.jpg?resize=700%2C400&ssl=1 2x"},"classes":[]},{"id":106837,"url":"https:\/\/lasprimeras.com.do\/index.php\/2025\/08\/20\/omar-fernandez-rinde-cuentas-de-su-primer-ano-de-gestion-como-senador-del-distrito-nacional\/","url_meta":{"origin":84622,"position":3},"title":"Omar Fern\u00e1ndez rinde cuentas de su primer a\u00f1o de gesti\u00f3n como senador del Distrito Nacional","author":"Nelson Feliz","date":"20 de agosto de 2025","format":false,"excerpt":"El senador por el Distrito Nacional, Omar Fern\u00e1ndez, present\u00f3 este martes la rendici\u00f3n de cuentas de su primer a\u00f1o legislativo, como parte de su compromiso con la transparencia en el servicio p\u00fablico. Desde agosto de 2024, 15 proyectos de ley autor\u00eda del congresista de la Fuerza del Pueblo fueron depositados,\u2026","rel":"","context":"En \u00abPOLITICA\u00bb","block_context":{"text":"POLITICA","link":"https:\/\/lasprimeras.com.do\/index.php\/category\/politica\/"},"img":{"alt_text":"","src":"https:\/\/i0.wp.com\/lasprimeras.com.do\/wp-content\/uploads\/2025\/08\/Omar-Fernandez.jpg?resize=350%2C200&ssl=1","width":350,"height":200,"srcset":"https:\/\/i0.wp.com\/lasprimeras.com.do\/wp-content\/uploads\/2025\/08\/Omar-Fernandez.jpg?resize=350%2C200&ssl=1 1x, https:\/\/i0.wp.com\/lasprimeras.com.do\/wp-content\/uploads\/2025\/08\/Omar-Fernandez.jpg?resize=525%2C300&ssl=1 1.5x, https:\/\/i0.wp.com\/lasprimeras.com.do\/wp-content\/uploads\/2025\/08\/Omar-Fernandez.jpg?resize=700%2C400&ssl=1 2x"},"classes":[]},{"id":112020,"url":"https:\/\/lasprimeras.com.do\/index.php\/2025\/10\/15\/omar-fernandez-exige-cumplir-la-ley-y-liberar-de-impuestos-salarios-de-hasta-rd52000\/","url_meta":{"origin":84622,"position":4},"title":"Omar Fern\u00e1ndez exige cumplir la ley y liberar de impuestos salarios de hasta RD$52,000","author":"Nelson Feliz","date":"15 de octubre de 2025","format":false,"excerpt":"\"Establece no indexar salarios reduce calidad de vida de 300,000 trabajadores\" El senador por el Distrito Nacional, Omar Fern\u00e1ndez, requiri\u00f3 que se libere de impuestos los salarios hasta los RD$52,000 tal como establece el c\u00f3digo tributario. Fern\u00e1ndez advirti\u00f3 que el Proyecto de Presupuesto General del Estado para el a\u00f1o 2026,\u2026","rel":"","context":"En \u00abECONOM\u00cdA\u00bb","block_context":{"text":"ECONOM\u00cdA","link":"https:\/\/lasprimeras.com.do\/index.php\/category\/economia\/"},"img":{"alt_text":"Omar Fern\u00e1ndez","src":"https:\/\/i0.wp.com\/lasprimeras.com.do\/wp-content\/uploads\/2025\/10\/Omar-Fernandez.jpg?resize=350%2C200&ssl=1","width":350,"height":200,"srcset":"https:\/\/i0.wp.com\/lasprimeras.com.do\/wp-content\/uploads\/2025\/10\/Omar-Fernandez.jpg?resize=350%2C200&ssl=1 1x, https:\/\/i0.wp.com\/lasprimeras.com.do\/wp-content\/uploads\/2025\/10\/Omar-Fernandez.jpg?resize=525%2C300&ssl=1 1.5x, https:\/\/i0.wp.com\/lasprimeras.com.do\/wp-content\/uploads\/2025\/10\/Omar-Fernandez.jpg?resize=700%2C400&ssl=1 2x, https:\/\/i0.wp.com\/lasprimeras.com.do\/wp-content\/uploads\/2025\/10\/Omar-Fernandez.jpg?resize=1050%2C600&ssl=1 3x, https:\/\/i0.wp.com\/lasprimeras.com.do\/wp-content\/uploads\/2025\/10\/Omar-Fernandez.jpg?resize=1400%2C800&ssl=1 4x"},"classes":[]},{"id":113577,"url":"https:\/\/lasprimeras.com.do\/index.php\/2025\/11\/04\/omar-fernandez-somete-resolucion-que-solicita-al-presidente-instruir-la-indexacion-de-impuesto-a-salarios-de-720000-trabajadores\/","url_meta":{"origin":84622,"position":5},"title":"Omar Fern\u00e1ndez somete resoluci\u00f3n que solicita al Presidente instruir la indexaci\u00f3n de impuesto a salarios de 720,000 trabajadores","author":"Nelson Feliz","date":"4 de noviembre de 2025","format":false,"excerpt":"By aplatanaonews El senador por el Distrito Nacional, Omar Fern\u00e1ndez, deposit\u00f3 este lunes un proyecto de resoluci\u00f3n mediante el cual solicita al Presidente de la Rep\u00fablica instruir a la Direcci\u00f3n General de Impuestos Internos (DGII), disponer la indexaci\u00f3n del Impuesto Sobre la Renta (ISR) para los ingresos de hasta RD$52,000\u2026","rel":"","context":"En \u00abECONOM\u00cdA\u00bb","block_context":{"text":"ECONOM\u00cdA","link":"https:\/\/lasprimeras.com.do\/index.php\/category\/economia\/"},"img":{"alt_text":"Omar Fern\u00e1ndez","src":"https:\/\/i0.wp.com\/lasprimeras.com.do\/wp-content\/uploads\/2024\/06\/Omar-Fernandez.jpg?resize=350%2C200&ssl=1","width":350,"height":200,"srcset":"https:\/\/i0.wp.com\/lasprimeras.com.do\/wp-content\/uploads\/2024\/06\/Omar-Fernandez.jpg?resize=350%2C200&ssl=1 1x, https:\/\/i0.wp.com\/lasprimeras.com.do\/wp-content\/uploads\/2024\/06\/Omar-Fernandez.jpg?resize=525%2C300&ssl=1 1.5x, https:\/\/i0.wp.com\/lasprimeras.com.do\/wp-content\/uploads\/2024\/06\/Omar-Fernandez.jpg?resize=700%2C400&ssl=1 2x, https:\/\/i0.wp.com\/lasprimeras.com.do\/wp-content\/uploads\/2024\/06\/Omar-Fernandez.jpg?resize=1050%2C600&ssl=1 3x"},"classes":[]}],"jetpack_sharing_enabled":true,"_links":{"self":[{"href":"https:\/\/lasprimeras.com.do\/index.php\/wp-json\/wp\/v2\/posts\/84622","targetHints":{"allow":["GET"]}}],"collection":[{"href":"https:\/\/lasprimeras.com.do\/index.php\/wp-json\/wp\/v2\/posts"}],"about":[{"href":"https:\/\/lasprimeras.com.do\/index.php\/wp-json\/wp\/v2\/types\/post"}],"author":[{"embeddable":true,"href":"https:\/\/lasprimeras.com.do\/index.php\/wp-json\/wp\/v2\/users\/2"}],"replies":[{"embeddable":true,"href":"https:\/\/lasprimeras.com.do\/index.php\/wp-json\/wp\/v2\/comments?post=84622"}],"version-history":[{"count":1,"href":"https:\/\/lasprimeras.com.do\/index.php\/wp-json\/wp\/v2\/posts\/84622\/revisions"}],"predecessor-version":[{"id":84624,"href":"https:\/\/lasprimeras.com.do\/index.php\/wp-json\/wp\/v2\/posts\/84622\/revisions\/84624"}],"wp:featuredmedia":[{"embeddable":true,"href":"https:\/\/lasprimeras.com.do\/index.php\/wp-json\/wp\/v2\/media\/84623"}],"wp:attachment":[{"href":"https:\/\/lasprimeras.com.do\/index.php\/wp-json\/wp\/v2\/media?parent=84622"}],"wp:term":[{"taxonomy":"category","embeddable":true,"href":"https:\/\/lasprimeras.com.do\/index.php\/wp-json\/wp\/v2\/categories?post=84622"},{"taxonomy":"post_tag","embeddable":true,"href":"https:\/\/lasprimeras.com.do\/index.php\/wp-json\/wp\/v2\/tags?post=84622"}],"curies":[{"name":"wp","href":"https:\/\/api.w.org\/{rel}","templated":true}]}}