{"id":84773,"date":"2024-06-15T17:25:27","date_gmt":"2024-06-15T21:25:27","guid":{"rendered":"https:\/\/lasprimeras.com.do\/?p=84773"},"modified":"2024-06-15T17:25:27","modified_gmt":"2024-06-15T21:25:27","slug":"asdn-continua-operativos-de-limpieza-tras-acuerdo-con-sucesat","status":"publish","type":"post","link":"https:\/\/lasprimeras.com.do\/index.php\/2024\/06\/15\/asdn-continua-operativos-de-limpieza-tras-acuerdo-con-sucesat\/","title":{"rendered":"ASDN contin\u00faa operativos de limpieza tras acuerdo con SUCESAT"},"content":{"rendered":"\n<p><strong>&nbsp;Interviene los seis pol\u00edgonos del municipio Santo Domingo Norte.<\/strong><\/p>\n\n\n\n<p>La Alcald\u00eda de Santo Domingo Norte (ASDN) continu\u00f3 este s\u00e1bado los operativos de limpieza, a fin de eliminar los vertederos improvisados y los grandes c\u00famulos de basura, en respuesta a los mun\u00edcipes.<\/p>\n\n\n\n<p>La jornada, que inici\u00f3 en el boulevard del sector de Sabana Perdida, se realiza luego de que se llegara a un acuerdo con la empresa recolectora de basura SUCESAT, que estaba incumpliendo con su compromiso de la recogida de basura.<\/p>\n\n\n\n<p>\u201cEstamos aqu\u00ed realizando un operativo para normalizar las rutas y frecuencia y para poder eliminar los focos de contaminaci\u00f3n, los vertederos improvisados y la recogida de basura. Ya tras acuerdo con la compa\u00f1\u00eda SUCESAT estamos en estos operativos que van a seguir todos los d\u00edas hasta poder&nbsp; tener un municipio limpio y cada d\u00eda se van a integrar m\u00e1s camiones\u201d, afirm\u00f3 Ger\u00f3nimo.<\/p>\n\n\n\n<p>La edil indic\u00f3 que la empresa recolectora ten\u00eda deficiencia por falta de equipos, por lo que la Alcald\u00eda integr\u00f3 otros nuevos.<\/p>\n\n\n\n<p>\u201cNecesitamos tener el municipio limpio y desde hoy se mantendr\u00e1. Se est\u00e1n integrando m\u00e1s de 30 camiones que estar\u00e1n d\u00eda y noche en las calles y cada d\u00eda se integraran m\u00e1s\u201d, asegur\u00f3.<\/p>\n\n\n\n<p>En tanto, Edward Soriano, representante de SUCESAT, garantiz\u00f3 que la problem\u00e1tica de la basura en el municipio ser\u00e1 cosa del pasado.<\/p>\n\n\n\n<p>\u201cHemos pasado por unas lluvias muy fuerte que ocasionaron algunos da\u00f1os a nuestros equipos, pero para contrarrestar eso la compa\u00f1\u00eda ha asumido el compromiso de la recolecci\u00f3n de basura. Hemos tra\u00eddo nuevos equipos, una flotilla nueva de 20 camiones m\u00e1s, para definitivamente solucionar el problema de la basura\u201d, manifest\u00f3.<\/p>\n\n\n\n<p>Adem\u00e1s de Sabana Perdida, el operativo abarca los sectores que comprenden Guaricano, Villa Mella y San Felipe.<\/p>\n","protected":false},"excerpt":{"rendered":"<p>&nbsp;Interviene los seis pol\u00edgonos del municipio Santo Domingo Norte. La Alcald\u00eda de Santo Domingo Norte (ASDN) continu\u00f3 este s\u00e1bado los operativos de limpieza, a fin de eliminar los vertederos improvisados&hellip;<\/p>\n","protected":false},"author":2,"featured_media":84774,"comment_status":"open","ping_status":"open","sticky":false,"template":"","format":"standard","meta":{"content-type":"","jetpack_post_was_ever_published":false,"_jetpack_newsletter_access":"","_jetpack_dont_email_post_to_subs":false,"_jetpack_newsletter_tier_id":0,"_jetpack_memberships_contains_paywalled_content":false,"_jetpack_memberships_contains_paid_content":false,"footnotes":""},"categories":[35,25],"tags":[521,4772,1960,2493,13586],"class_list":["post-84773","post","type-post","status-publish","format-standard","has-post-thumbnail","hentry","category-nacionales","category-portada","tag-acuerdo","tag-asdn","tag-limpieza","tag-operativos","tag-sucesat"],"jetpack_featured_media_url":"https:\/\/lasprimeras.com.do\/wp-content\/uploads\/2024\/06\/ASDN-1.jpg","jetpack-related-posts":[{"id":74124,"url":"https:\/\/lasprimeras.com.do\/index.php\/2024\/01\/19\/alcalde-carlos-guzman-asegura-que-sdn-ahora-es-el-municipio-mas-limpio-del-pais\/","url_meta":{"origin":84773,"position":0},"title":"Alcalde Carlos Guzm\u00e1n asegura que SDN ahora es el municipio m\u00e1s limpio del pa\u00eds","author":"Nelson Feliz","date":"19 de enero de 2024","format":false,"excerpt":"La ASDN y Gobierno de Jap\u00f3n firman convenio para duplicar recogida de basura en zonas vulnerables de Los Guaricanos. Por Martin Restituyo La Alcald\u00eda de Santo Domingo Norte (ASDN) y la Embajada de Jap\u00f3n en la Rep\u00fablica Dominicana, firmaron un convenio de cooperaci\u00f3n con el objetivo de optimizar y duplicar\u2026","rel":"","context":"En \u00abECONOM\u00cdA\u00bb","block_context":{"text":"ECONOM\u00cdA","link":"https:\/\/lasprimeras.com.do\/index.php\/category\/economia\/"},"img":{"alt_text":"Carlos Guzm\u00e1n","src":"https:\/\/i0.wp.com\/lasprimeras.com.do\/wp-content\/uploads\/2024\/01\/Carlos-Guzman-1-1.jpg?resize=350%2C200&ssl=1","width":350,"height":200,"srcset":"https:\/\/i0.wp.com\/lasprimeras.com.do\/wp-content\/uploads\/2024\/01\/Carlos-Guzman-1-1.jpg?resize=350%2C200&ssl=1 1x, https:\/\/i0.wp.com\/lasprimeras.com.do\/wp-content\/uploads\/2024\/01\/Carlos-Guzman-1-1.jpg?resize=525%2C300&ssl=1 1.5x, https:\/\/i0.wp.com\/lasprimeras.com.do\/wp-content\/uploads\/2024\/01\/Carlos-Guzman-1-1.jpg?resize=700%2C400&ssl=1 2x"},"classes":[]},{"id":87327,"url":"https:\/\/lasprimeras.com.do\/index.php\/2024\/08\/10\/asdn-recogio-mas-de-65-mil-toneladas-de-basura-en-100-dias-dice-betty-geronimo\/","url_meta":{"origin":84773,"position":1},"title":"\u201cASDN recogi\u00f3 m\u00e1s de 65 mil toneladas de basura en 100 d\u00edas\u201d, dice Betty Ger\u00f3nimo","author":"Nelson Feliz","date":"10 de agosto de 2024","format":false,"excerpt":"La Alcaldesa de Santo Domingo Norte, Betty Ger\u00f3nimo, anunci\u00f3 durante los primeros 100 d\u00edas de gesti\u00f3n, el cabildo recogi\u00f3 m\u00e1s de 65 mil toneladas de basura. Ger\u00f3nimo, incluy\u00f3 la eliminaci\u00f3n de 84 vertederos improvisados en los seis pol\u00edgonos que conforman la demarcaci\u00f3n, entre ellos Sabana Perdida, Villa Mella, Los Guaricanos\u2026","rel":"","context":"En \u00abPORTADA\u00bb","block_context":{"text":"PORTADA","link":"https:\/\/lasprimeras.com.do\/index.php\/category\/portada\/"},"img":{"alt_text":"Betty Ger\u00f3nimo","src":"https:\/\/i0.wp.com\/lasprimeras.com.do\/wp-content\/uploads\/2024\/08\/Betty-Geronimo.jpg?resize=350%2C200&ssl=1","width":350,"height":200,"srcset":"https:\/\/i0.wp.com\/lasprimeras.com.do\/wp-content\/uploads\/2024\/08\/Betty-Geronimo.jpg?resize=350%2C200&ssl=1 1x, https:\/\/i0.wp.com\/lasprimeras.com.do\/wp-content\/uploads\/2024\/08\/Betty-Geronimo.jpg?resize=525%2C300&ssl=1 1.5x"},"classes":[]},{"id":105401,"url":"https:\/\/lasprimeras.com.do\/index.php\/2025\/08\/03\/la-alcaldia-en-el-barrio-lleva-soluciones-a-sector-las-10-tareas-en-los-guaricanos\/","url_meta":{"origin":84773,"position":2},"title":"La Alcald\u00eda en el Barrio lleva soluciones a sector Las 10 Tareas, en Los Guaricanos","author":"Nelson Feliz","date":"3 de agosto de 2025","format":false,"excerpt":"Se incluy\u00f3 una jornada de vacunaci\u00f3n de perros La Alcald\u00eda de Santo Domingo Norte (ASDN), llev\u00f3 soluciones inmediatas a las problem\u00e1ticas que afectan a los residentes del sector Las 10 Tareas, en Los Guaricanos, a trav\u00e9s de su exitoso programa \"La Alcald\u00eda en el Barrio\". El operativo, encabezado por la\u2026","rel":"","context":"En \u00abNACIONALES\u00bb","block_context":{"text":"NACIONALES","link":"https:\/\/lasprimeras.com.do\/index.php\/category\/nacionales\/"},"img":{"alt_text":"","src":"https:\/\/i0.wp.com\/lasprimeras.com.do\/wp-content\/uploads\/2025\/08\/betty-2.jpg?resize=350%2C200&ssl=1","width":350,"height":200,"srcset":"https:\/\/i0.wp.com\/lasprimeras.com.do\/wp-content\/uploads\/2025\/08\/betty-2.jpg?resize=350%2C200&ssl=1 1x, https:\/\/i0.wp.com\/lasprimeras.com.do\/wp-content\/uploads\/2025\/08\/betty-2.jpg?resize=525%2C300&ssl=1 1.5x, https:\/\/i0.wp.com\/lasprimeras.com.do\/wp-content\/uploads\/2025\/08\/betty-2.jpg?resize=700%2C400&ssl=1 2x"},"classes":[]},{"id":104504,"url":"https:\/\/lasprimeras.com.do\/index.php\/2025\/07\/24\/asdn-pone-en-marcha-programa-de-patrullaje-de-policias-municipales-para-reforzar-seguridad-ciudadana\/","url_meta":{"origin":84773,"position":3},"title":"ASDN pone en marcha &#8220;Programa de Patrullaje de Polic\u00edas Municipales&#8221; para reforzar seguridad ciudadana","author":"Nelson Feliz","date":"24 de julio de 2025","format":false,"excerpt":"Se integrar\u00e1n 10 motocicletas y 10 radios de comunicaci\u00f3n La Alcald\u00eda de Santo Domingo Norte (ASDN) anunci\u00f3 la puesta en marcha del \"Programa de Patrullaje de Polic\u00edas Municipales\", mediante la supervisi\u00f3n por cuadrante, para el reforzamiento de la seguridad ciudadana y la vigilancia de los espacios p\u00fablicos en el municipio.\u2026","rel":"","context":"En \u00abNACIONALES\u00bb","block_context":{"text":"NACIONALES","link":"https:\/\/lasprimeras.com.do\/index.php\/category\/nacionales\/"},"img":{"alt_text":"","src":"https:\/\/i0.wp.com\/lasprimeras.com.do\/wp-content\/uploads\/2025\/07\/Betty-Geronimo-2.jpg?resize=350%2C200&ssl=1","width":350,"height":200,"srcset":"https:\/\/i0.wp.com\/lasprimeras.com.do\/wp-content\/uploads\/2025\/07\/Betty-Geronimo-2.jpg?resize=350%2C200&ssl=1 1x, https:\/\/i0.wp.com\/lasprimeras.com.do\/wp-content\/uploads\/2025\/07\/Betty-Geronimo-2.jpg?resize=525%2C300&ssl=1 1.5x, https:\/\/i0.wp.com\/lasprimeras.com.do\/wp-content\/uploads\/2025\/07\/Betty-Geronimo-2.jpg?resize=700%2C400&ssl=1 2x"},"classes":[]},{"id":125914,"url":"https:\/\/lasprimeras.com.do\/index.php\/2026\/03\/27\/asdn-interviene-municipio-ante-incumplimiento-de-contrato-de-compania-recolectora\/","url_meta":{"origin":84773,"position":4},"title":"ASDN interviene municipio ante incumplimiento de contrato de compa\u00f1\u00eda recolectora","author":"Nelson Feliz","date":"27 de marzo de 2026","format":false,"excerpt":"_Iniciar\u00e1n proceso legal contra Sucesat_ La alcaldesa de Santo Domingo Norte, Betty Ger\u00f3nimo, encabez\u00f3 un operativo de intervenci\u00f3n del municipio junto a la Unidad Ejecutora de la Presidencia de la Rep\u00fablica, ECO5RD, ante el incumplimiento en la recogida de basura de la compa\u00f1\u00eda recolectora Sucesat. La jornada, que cont\u00f3 con\u2026","rel":"","context":"En \u00abNACIONALES\u00bb","block_context":{"text":"NACIONALES","link":"https:\/\/lasprimeras.com.do\/index.php\/category\/nacionales\/"},"img":{"alt_text":"","src":"https:\/\/i0.wp.com\/lasprimeras.com.do\/wp-content\/uploads\/2026\/03\/IMG-20260326-WA0418.jpg?resize=350%2C200&ssl=1","width":350,"height":200,"srcset":"https:\/\/i0.wp.com\/lasprimeras.com.do\/wp-content\/uploads\/2026\/03\/IMG-20260326-WA0418.jpg?resize=350%2C200&ssl=1 1x, https:\/\/i0.wp.com\/lasprimeras.com.do\/wp-content\/uploads\/2026\/03\/IMG-20260326-WA0418.jpg?resize=525%2C300&ssl=1 1.5x, https:\/\/i0.wp.com\/lasprimeras.com.do\/wp-content\/uploads\/2026\/03\/IMG-20260326-WA0418.jpg?resize=700%2C400&ssl=1 2x, https:\/\/i0.wp.com\/lasprimeras.com.do\/wp-content\/uploads\/2026\/03\/IMG-20260326-WA0418.jpg?resize=1050%2C600&ssl=1 3x"},"classes":[]},{"id":93636,"url":"https:\/\/lasprimeras.com.do\/index.php\/2025\/02\/15\/asdn-lleva-la-alcaldia-en-el-barrio-al-higuero\/","url_meta":{"origin":84773,"position":5},"title":"ASDN lleva &#8220;La Alcald\u00eda en el Barrio&#8221; al Hig\u00fcero","author":"Nelson Feliz","date":"15 de febrero de 2025","format":false,"excerpt":"Jornada finaliz\u00f3 con un almuerzo con comunitarios La Alcald\u00eda en el Barrio lleg\u00f3 hasta las comunidades de la regi\u00f3n del Hig\u00fcero, donde sus residentes se beneficiaron de un conjunto de servicios ofrecidos por el cabildo de Santo Domingo Norte, en procura de mejorar la limpieza en el municipio y as\u00ed\u2026","rel":"","context":"En \u00abNACIONALES\u00bb","block_context":{"text":"NACIONALES","link":"https:\/\/lasprimeras.com.do\/index.php\/category\/nacionales\/"},"img":{"alt_text":"","src":"https:\/\/i0.wp.com\/lasprimeras.com.do\/wp-content\/uploads\/2025\/02\/ASDN.jpg?resize=350%2C200&ssl=1","width":350,"height":200,"srcset":"https:\/\/i0.wp.com\/lasprimeras.com.do\/wp-content\/uploads\/2025\/02\/ASDN.jpg?resize=350%2C200&ssl=1 1x, https:\/\/i0.wp.com\/lasprimeras.com.do\/wp-content\/uploads\/2025\/02\/ASDN.jpg?resize=525%2C300&ssl=1 1.5x"},"classes":[]}],"jetpack_sharing_enabled":true,"_links":{"self":[{"href":"https:\/\/lasprimeras.com.do\/index.php\/wp-json\/wp\/v2\/posts\/84773","targetHints":{"allow":["GET"]}}],"collection":[{"href":"https:\/\/lasprimeras.com.do\/index.php\/wp-json\/wp\/v2\/posts"}],"about":[{"href":"https:\/\/lasprimeras.com.do\/index.php\/wp-json\/wp\/v2\/types\/post"}],"author":[{"embeddable":true,"href":"https:\/\/lasprimeras.com.do\/index.php\/wp-json\/wp\/v2\/users\/2"}],"replies":[{"embeddable":true,"href":"https:\/\/lasprimeras.com.do\/index.php\/wp-json\/wp\/v2\/comments?post=84773"}],"version-history":[{"count":1,"href":"https:\/\/lasprimeras.com.do\/index.php\/wp-json\/wp\/v2\/posts\/84773\/revisions"}],"predecessor-version":[{"id":84775,"href":"https:\/\/lasprimeras.com.do\/index.php\/wp-json\/wp\/v2\/posts\/84773\/revisions\/84775"}],"wp:featuredmedia":[{"embeddable":true,"href":"https:\/\/lasprimeras.com.do\/index.php\/wp-json\/wp\/v2\/media\/84774"}],"wp:attachment":[{"href":"https:\/\/lasprimeras.com.do\/index.php\/wp-json\/wp\/v2\/media?parent=84773"}],"wp:term":[{"taxonomy":"category","embeddable":true,"href":"https:\/\/lasprimeras.com.do\/index.php\/wp-json\/wp\/v2\/categories?post=84773"},{"taxonomy":"post_tag","embeddable":true,"href":"https:\/\/lasprimeras.com.do\/index.php\/wp-json\/wp\/v2\/tags?post=84773"}],"curies":[{"name":"wp","href":"https:\/\/api.w.org\/{rel}","templated":true}]}}