{"id":84787,"date":"2024-06-16T11:31:36","date_gmt":"2024-06-16T15:31:36","guid":{"rendered":"https:\/\/lasprimeras.com.do\/?p=84787"},"modified":"2024-06-16T11:31:37","modified_gmt":"2024-06-16T15:31:37","slug":"aliados-de-trump-esperan-suegro-de-su-hija-tiffany-ayuden-a-cambiar-votos-arabes-en-michigan","status":"publish","type":"post","link":"https:\/\/lasprimeras.com.do\/index.php\/2024\/06\/16\/aliados-de-trump-esperan-suegro-de-su-hija-tiffany-ayuden-a-cambiar-votos-arabes-en-michigan\/","title":{"rendered":"Aliados de Trump esperan suegro de su hija Tiffany ayuden a cambiar votos \u00e1rabes en Michigan"},"content":{"rendered":"\n<p>POR JOEY CAPPELLETTI<\/p>\n\n\n\n<p><strong>LANSING, Michigan (AP) \u2014 <\/strong>Uno de los emisarios de Donald Trump para los \u00e1rabes estadounidenses es un empresario nacido en el L\u00edbano que se mud\u00f3 a Texas cuando era adolescente, habla \u00e1rabe, ingl\u00e9s y franc\u00e9s, y recientemente se uni\u00f3 a la familia Trump cuando su hijo se cas\u00f3 con la expresidenta. hija menor.<\/p>\n\n\n\n<p>Massad Boulos ha asumido el desaf\u00edo de intentar convencer a una comunidad pol\u00edticamente influyente enojada con el presidente Joe Biden de que Trump es una mejor opci\u00f3n.<\/p>\n\n\n\n<p>Pero muchos \u00e1rabes estadounidenses tambi\u00e9n se\u00f1alan que Trump se ha posicionado como m\u00e1s proisrael\u00ed que Biden y ha hecho una serie de comentarios y anuncios pol\u00edticos que los cr\u00edticos tachan de islam\u00f3fobos.<\/p>\n\n\n\n<p>Trump ha colocado durante mucho tiempo a los familiares y a sus parientes en roles clave en sus campa\u00f1as y en la Casa Blanca.<\/p>\n\n\n\n<p>Boulos, cuyo hijo Michael se cas\u00f3 con Tiffany Trump hace dos a\u00f1os, es el \u00faltimo pariente en ascender en la \u00f3rbita pol\u00edtica de Trump mientras utiliza conexiones de larga data en un esfuerzo por generar apoyo para la campa\u00f1a 2024 del presunto candidato republicano.<\/p>\n\n\n\n<p>Algunos aliados de Trump creen que pueden aprovechar la disensi\u00f3n dentro de la base dem\u00f3crata de Biden por su apoyo a la ofensiva israel\u00ed en Gaza , donde m\u00e1s de 37.000 personas han muerto desde el 7 de octubre de Ham\u00e1s, seg\u00fan funcionarios de salud en el territorio dirigido por Ham\u00e1s que no dar el desglose de civiles y combatientes.<\/p>\n\n\n\n<p>Biden enfrent\u00f3 una importante votaci\u00f3n de protesta durante las primarias de Michigan en febrero en \u00e1reas con un gran n\u00famero de \u00e1rabes estadounidenses, que constituyen un importante bloque dem\u00f3crata.<\/p>\n\n\n\n<p>&#8220;Obviamente, el punto n\u00famero uno que es de alta prioridad dentro de la comunidad \u00e1rabe estadounidense es la guerra actual en el Medio Oriente&#8221;, dijo Boulos en una entrevista. \u201cY la pregunta es: \u00bfqui\u00e9n puede traer la paz y qui\u00e9n trae la guerra? Y ellos saben la respuesta a eso\u201d.<\/p>\n\n\n\n<p>Varias de las personas que se han reunido con Boulos tambi\u00e9n se\u00f1alan las declaraciones de Trump sobre \u00e1rabes y musulmanes. Mientras era presidente, Trump prohibi\u00f3 la inmigraci\u00f3n de varios pa\u00edses de mayor\u00eda musulmana y cuestion\u00f3 la lealtad de los legisladores musulmanes que sirven en el Congreso.<\/p>\n\n\n\n<p>Ahora, mientras hace campa\u00f1a para un segundo mandato despu\u00e9s de perder en 2020, Trump ha criticado en ocasiones a Biden por no apoyar suficientemente a Israel y ha amenazado con deportar a los manifestantes pro palestinos a los que califica de partidarios de Ham\u00e1s.<\/p>\n\n\n\n<p>\u201cLe dije a Massad: &#8216;No se trata de que t\u00fa seas liban\u00e9s y yo sea liban\u00e9s&#8217;\u201d, dijo Osama Siblani, editor del Arab American News en Dearborn. \u201cNo se pueden simplemente comprar votos. Hay que dar algo sustancial a la comunidad. Y Trump a\u00fan no lo ha hecho\u201d.<\/p>\n\n\n\n<p>Un v\u00e1stago entra en la pol\u00edtica estadounidense<\/p>\n\n\n\n<p>Boulos, de estatura media, cabello negro canoso, gafas cuadradas y una sonrisa c\u00e1lida y amistosa, a menudo es elogiado por su comportamiento tranquilo y su humildad, cualidades que no siempre se asocian con alguien que supervisa un conglomerado de mil millones de d\u00f3lares.<\/p>\n\n\n\n<p>Nacido en el L\u00edbano, Boulos se mud\u00f3 a Texas poco antes de asistir a la Universidad de Houston y obtener un doctorado en jurisprudencia. Boulos dijo que particip\u00f3 activamente en la pol\u00edtica republicana cuando era estudiante.<\/p>\n\n\n\n<p>Despu\u00e9s de graduarse, finalmente se uni\u00f3 al negocio familiar de tres generaciones y se convirti\u00f3 en director general y director ejecutivo del conglomerado SCOA Nigeria, que se especializa en el ensamblaje y distribuci\u00f3n de veh\u00edculos y equipos de motor.<\/p>\n","protected":false},"excerpt":{"rendered":"<p>POR JOEY CAPPELLETTI LANSING, Michigan (AP) \u2014 Uno de los emisarios de Donald Trump para los \u00e1rabes estadounidenses es un empresario nacido en el L\u00edbano que se mud\u00f3 a Texas&hellip;<\/p>\n","protected":false},"author":2,"featured_media":84788,"comment_status":"open","ping_status":"open","sticky":false,"template":"","format":"standard","meta":{"content-type":"","jetpack_post_was_ever_published":false,"_jetpack_newsletter_access":"","_jetpack_dont_email_post_to_subs":false,"_jetpack_newsletter_tier_id":0,"_jetpack_memberships_contains_paywalled_content":false,"_jetpack_memberships_contains_paid_content":false,"footnotes":""},"categories":[1],"tags":[11131,11923,978,13590,8723,13589,769],"class_list":["post-84787","post","type-post","status-publish","format-standard","has-post-thumbnail","hentry","category-sin-categoria","tag-aliados","tag-arabes","tag-donald-trump","tag-hija-tiffany","tag-michigan","tag-suegro","tag-votos"],"jetpack_featured_media_url":"https:\/\/lasprimeras.com.do\/wp-content\/uploads\/2024\/06\/ALIADOS.jpg","jetpack-related-posts":[{"id":90646,"url":"https:\/\/lasprimeras.com.do\/index.php\/2024\/10\/26\/trump-denigra-a-detroit-mientras-busca-votos-en-un-suburbio-de-la-mayor-ciudad-de-michigan\/","url_meta":{"origin":84787,"position":0},"title":"Trump denigra a Detroit mientras busca votos en un suburbio de la mayor ciudad de Michigan","author":"Nelson Feliz","date":"26 de octubre de 2024","format":false,"excerpt":"MICHELLE L. PRICE y ALI SWENSON NOVI, Michigan, EE.UU. (AP) \u2014 Donald Trump denigr\u00f3 a\u00fan m\u00e1s a Detroit mientras buscaba votos el s\u00e1bado en un suburbio de la ciudad m\u00e1s grande de Michigan, un estado pol\u00edticamente oscilante. \u201cCreo que Detroit y algunas de nuestras \u00e1reas nos convierten en una naci\u00f3n\u2026","rel":"","context":"En \u00abSin categor\u00eda\u00bb","block_context":{"text":"Sin categor\u00eda","link":"https:\/\/lasprimeras.com.do\/index.php\/category\/sin-categoria\/"},"img":{"alt_text":"Donald Trump","src":"https:\/\/i0.wp.com\/lasprimeras.com.do\/wp-content\/uploads\/2024\/10\/Donald-Trump-3.jpg?resize=350%2C200&ssl=1","width":350,"height":200,"srcset":"https:\/\/i0.wp.com\/lasprimeras.com.do\/wp-content\/uploads\/2024\/10\/Donald-Trump-3.jpg?resize=350%2C200&ssl=1 1x, https:\/\/i0.wp.com\/lasprimeras.com.do\/wp-content\/uploads\/2024\/10\/Donald-Trump-3.jpg?resize=525%2C300&ssl=1 1.5x"},"classes":[]},{"id":78064,"url":"https:\/\/lasprimeras.com.do\/index.php\/2024\/02\/27\/trump-y-biden-ganaron-michigan-pero-los-votos-no-comprometidos-exigieron-atencion\/","url_meta":{"origin":84787,"position":1},"title":"Biden y Trump ganan las primarias de Michigan, acerc\u00e1ndose a una revancha","author":"Nelson Feliz","date":"27 de febrero de 2024","format":false,"excerpt":"POR SEUNG MIN KIM Y COREY WILLIAMS DEARBORN, Michigan (AP) \u2014 El presidente Joe Biden y el expresidente Donald Trump ganaron las primarias de Michigan el martes, solidificando a\u00fan m\u00e1s la casi segura revancha entre los dos hombres. Biden derrot\u00f3 al representante de Minnesota Dean Phillips, su \u00fanico oponente importante\u2026","rel":"","context":"En \u00abSin categor\u00eda\u00bb","block_context":{"text":"Sin categor\u00eda","link":"https:\/\/lasprimeras.com.do\/index.php\/category\/sin-categoria\/"},"img":{"alt_text":"Trump y Biden","src":"https:\/\/i0.wp.com\/lasprimeras.com.do\/wp-content\/uploads\/2024\/02\/Trump-y-Biden.png?resize=350%2C200&ssl=1","width":350,"height":200,"srcset":"https:\/\/i0.wp.com\/lasprimeras.com.do\/wp-content\/uploads\/2024\/02\/Trump-y-Biden.png?resize=350%2C200&ssl=1 1x, https:\/\/i0.wp.com\/lasprimeras.com.do\/wp-content\/uploads\/2024\/02\/Trump-y-Biden.png?resize=525%2C300&ssl=1 1.5x, https:\/\/i0.wp.com\/lasprimeras.com.do\/wp-content\/uploads\/2024\/02\/Trump-y-Biden.png?resize=700%2C400&ssl=1 2x"},"classes":[]},{"id":90351,"url":"https:\/\/lasprimeras.com.do\/index.php\/2024\/10\/20\/kamala-harris-agudiza-los-ataques-contra-trump-porque-esta-cada-vez-mas-desquiciado\/","url_meta":{"origin":84787,"position":2},"title":"Kamala Harris agudiza los ataques contra Trump porque est\u00e1 \u201ccada vez m\u00e1s desquiciado\u201d","author":"Nelson Feliz","date":"20 de octubre de 2024","format":false,"excerpt":"Detroit, EFE.-.La vicepresidenta de Estados Unidos y candidata dem\u00f3crata a la Casa Blanca, Kamala Harris, reconoci\u00f3 este s\u00e1bado que ha cambiado su estrategia y ha aumentado los ataques contra su rival republicano, el expresidente Donald Trump (2017-2021), quien para ella est\u00e1 cada vez m\u00e1s \u201cdesquiciado\u201d y necesita que alguien le\u2026","rel":"","context":"En \u00abSin categor\u00eda\u00bb","block_context":{"text":"Sin categor\u00eda","link":"https:\/\/lasprimeras.com.do\/index.php\/category\/sin-categoria\/"},"img":{"alt_text":"Kamala Harris","src":"https:\/\/i0.wp.com\/lasprimeras.com.do\/wp-content\/uploads\/2024\/10\/Kamala-Harris-4.jpg?resize=350%2C200&ssl=1","width":350,"height":200,"srcset":"https:\/\/i0.wp.com\/lasprimeras.com.do\/wp-content\/uploads\/2024\/10\/Kamala-Harris-4.jpg?resize=350%2C200&ssl=1 1x, https:\/\/i0.wp.com\/lasprimeras.com.do\/wp-content\/uploads\/2024\/10\/Kamala-Harris-4.jpg?resize=525%2C300&ssl=1 1.5x"},"classes":[]},{"id":77586,"url":"https:\/\/lasprimeras.com.do\/index.php\/2024\/02\/22\/aliado-de-biden-se-reune-con-lideres-arabes-estadounidenses-en-michigan\/","url_meta":{"origin":84787,"position":3},"title":"Aliado de Biden se re\u00fane con l\u00edderes \u00e1rabes estadounidenses en Michigan","author":"Nelson Feliz","date":"22 de febrero de 2024","format":false,"excerpt":"Ro Khanna intenta reducir las tensiones por la guerra entre Israel y Hamas. POR JOEY CAPPELLETTI DEARBORN, Michigan (AP) \u2014 Al amanecer del jueves en Dearborn, Michigan, l\u00edderes \u00e1rabes estadounidenses entraron a una cafeter\u00eda local y saludaron al representante Ro Khanna de California antes de acercar sillas a una mesa.\u2026","rel":"","context":"En \u00abSin categor\u00eda\u00bb","block_context":{"text":"Sin categor\u00eda","link":"https:\/\/lasprimeras.com.do\/index.php\/category\/sin-categoria\/"},"img":{"alt_text":"Ro Khanna","src":"https:\/\/i0.wp.com\/lasprimeras.com.do\/wp-content\/uploads\/2024\/02\/Ro-Khanna.jpg?resize=350%2C200&ssl=1","width":350,"height":200,"srcset":"https:\/\/i0.wp.com\/lasprimeras.com.do\/wp-content\/uploads\/2024\/02\/Ro-Khanna.jpg?resize=350%2C200&ssl=1 1x, https:\/\/i0.wp.com\/lasprimeras.com.do\/wp-content\/uploads\/2024\/02\/Ro-Khanna.jpg?resize=525%2C300&ssl=1 1.5x, https:\/\/i0.wp.com\/lasprimeras.com.do\/wp-content\/uploads\/2024\/02\/Ro-Khanna.jpg?resize=700%2C400&ssl=1 2x"},"classes":[]},{"id":98721,"url":"https:\/\/lasprimeras.com.do\/index.php\/2025\/05\/12\/trump-visita-estados-arabes-del-golfo-mientras-continuan-las-crisis-en-gaza-e-iran\/","url_meta":{"origin":84787,"position":4},"title":"Trump visita estados \u00e1rabes del Golfo mientras contin\u00faan las crisis en Gaza e Ir\u00e1n","author":"Nelson Feliz","date":"12 de mayo de 2025","format":false,"excerpt":"POR JON GAMBRELL and TIA GOLDENBERG DUB\u00c1I, Emiratos \u00c1rabes Unidos (AP) \u2014 En su viaje esta semana al Oriente Medio, el presidente de Estados Unidos, Donald Trump, visitar\u00e1 Arabia Saud\u00ed, Qatar y Emiratos \u00c1rabes Unidos, aunque sus desaf\u00edos regionales m\u00e1s urgentes conciernen a otros dos pa\u00edses: Israel e Ir\u00e1n. Despu\u00e9s\u2026","rel":"","context":"En \u00abINTERNACIONALES\u00bb","block_context":{"text":"INTERNACIONALES","link":"https:\/\/lasprimeras.com.do\/index.php\/category\/sin-categoria\/internacionales\/"},"img":{"alt_text":"","src":"https:\/\/i0.wp.com\/lasprimeras.com.do\/wp-content\/uploads\/2025\/05\/Donald-Trump-1.jpg?resize=350%2C200&ssl=1","width":350,"height":200,"srcset":"https:\/\/i0.wp.com\/lasprimeras.com.do\/wp-content\/uploads\/2025\/05\/Donald-Trump-1.jpg?resize=350%2C200&ssl=1 1x, https:\/\/i0.wp.com\/lasprimeras.com.do\/wp-content\/uploads\/2025\/05\/Donald-Trump-1.jpg?resize=525%2C300&ssl=1 1.5x, https:\/\/i0.wp.com\/lasprimeras.com.do\/wp-content\/uploads\/2025\/05\/Donald-Trump-1.jpg?resize=700%2C400&ssl=1 2x"},"classes":[]},{"id":98844,"url":"https:\/\/lasprimeras.com.do\/index.php\/2025\/05\/13\/principe-heredero-saudi-recibe-a-trump-quien-inicia-gira-de-cuatro-dias-por-oriente-medio\/","url_meta":{"origin":84787,"position":5},"title":"Pr\u00edncipe heredero saud\u00ed recibe a Trump quien inicia gira de cuatro d\u00edas por Oriente Medio","author":"Nelson Feliz","date":"13 de mayo de 2025","format":false,"excerpt":"POR AAMER MADHANI,ZEKE MILLER and JON GAMBRELL RIAD, Arabia Saud\u00ed (AP) \u2014 El presidente estadounidense Donald Trump comenz\u00f3 el martes su viaje de cuatro d\u00edas por Oriente Medio en Arabia Saud\u00ed, centrando la atenci\u00f3n en sellar acuerdos econ\u00f3micos con un aliado clave de Oriente Medio en medio de preocupaciones compartidas\u2026","rel":"","context":"En \u00abINTERNACIONALES\u00bb","block_context":{"text":"INTERNACIONALES","link":"https:\/\/lasprimeras.com.do\/index.php\/category\/sin-categoria\/internacionales\/"},"img":{"alt_text":"","src":"https:\/\/i0.wp.com\/lasprimeras.com.do\/wp-content\/uploads\/2025\/05\/Donald-Trump-2-1.jpg?resize=350%2C200&ssl=1","width":350,"height":200,"srcset":"https:\/\/i0.wp.com\/lasprimeras.com.do\/wp-content\/uploads\/2025\/05\/Donald-Trump-2-1.jpg?resize=350%2C200&ssl=1 1x, https:\/\/i0.wp.com\/lasprimeras.com.do\/wp-content\/uploads\/2025\/05\/Donald-Trump-2-1.jpg?resize=525%2C300&ssl=1 1.5x, https:\/\/i0.wp.com\/lasprimeras.com.do\/wp-content\/uploads\/2025\/05\/Donald-Trump-2-1.jpg?resize=700%2C400&ssl=1 2x"},"classes":[]}],"jetpack_sharing_enabled":true,"_links":{"self":[{"href":"https:\/\/lasprimeras.com.do\/index.php\/wp-json\/wp\/v2\/posts\/84787","targetHints":{"allow":["GET"]}}],"collection":[{"href":"https:\/\/lasprimeras.com.do\/index.php\/wp-json\/wp\/v2\/posts"}],"about":[{"href":"https:\/\/lasprimeras.com.do\/index.php\/wp-json\/wp\/v2\/types\/post"}],"author":[{"embeddable":true,"href":"https:\/\/lasprimeras.com.do\/index.php\/wp-json\/wp\/v2\/users\/2"}],"replies":[{"embeddable":true,"href":"https:\/\/lasprimeras.com.do\/index.php\/wp-json\/wp\/v2\/comments?post=84787"}],"version-history":[{"count":1,"href":"https:\/\/lasprimeras.com.do\/index.php\/wp-json\/wp\/v2\/posts\/84787\/revisions"}],"predecessor-version":[{"id":84789,"href":"https:\/\/lasprimeras.com.do\/index.php\/wp-json\/wp\/v2\/posts\/84787\/revisions\/84789"}],"wp:featuredmedia":[{"embeddable":true,"href":"https:\/\/lasprimeras.com.do\/index.php\/wp-json\/wp\/v2\/media\/84788"}],"wp:attachment":[{"href":"https:\/\/lasprimeras.com.do\/index.php\/wp-json\/wp\/v2\/media?parent=84787"}],"wp:term":[{"taxonomy":"category","embeddable":true,"href":"https:\/\/lasprimeras.com.do\/index.php\/wp-json\/wp\/v2\/categories?post=84787"},{"taxonomy":"post_tag","embeddable":true,"href":"https:\/\/lasprimeras.com.do\/index.php\/wp-json\/wp\/v2\/tags?post=84787"}],"curies":[{"name":"wp","href":"https:\/\/api.w.org\/{rel}","templated":true}]}}