{"id":84790,"date":"2024-06-16T11:50:07","date_gmt":"2024-06-16T15:50:07","guid":{"rendered":"https:\/\/lasprimeras.com.do\/?p=84790"},"modified":"2024-06-16T11:50:09","modified_gmt":"2024-06-16T15:50:09","slug":"trump-critica-a-los-inmigrantes-por-aceptar-empleos-mientras-corteja-a-los-votantes-en-una-iglesia-negra-y-evento-maga-en-detroit","status":"publish","type":"post","link":"https:\/\/lasprimeras.com.do\/index.php\/2024\/06\/16\/trump-critica-a-los-inmigrantes-por-aceptar-empleos-mientras-corteja-a-los-votantes-en-una-iglesia-negra-y-evento-maga-en-detroit\/","title":{"rendered":"Trump critica a los inmigrantes por aceptar empleos mientras corteja a los votantes en una iglesia negra y evento MAGA en Detroit"},"content":{"rendered":"\n<p>POR STEVE PEOPLES Y JOEY CAPPELLETTI<\/p>\n\n\n\n<p>DETROIT (AP) \u2014 Donald Trump culp\u00f3 a los inmigrantes de robar empleos y recursos gubernamentales mientras cortejaba el s\u00e1bado a grupos separados de votantes negros y conservadores incondicionales en Michigan, el campo de batalla.<\/p>\n\n\n\n<p>El expresidente republicano tambi\u00e9n hizo varias afirmaciones nuevas infundadas atacando el sistema de votaci\u00f3n del pa\u00eds.<\/p>\n\n\n\n<p>Pero los feroces comentarios de Trump sobre la inmigraci\u00f3n ilegal, durante mucho tiempo un elemento b\u00e1sico de su mensaje sin complejos, marcaron un tema de conexi\u00f3n en el centro de Detroit mientras buscaba formar una delicada coalici\u00f3n pol\u00edtica tanto en una iglesia negra como en un grupo conocido por atraer a supremacistas blancos.<\/p>\n\n\n\n<p>\u201cLas personas que cruzan la frontera, todos esos millones de personas, est\u00e1n causando un da\u00f1o tremendo a nuestra poblaci\u00f3n negra y a nuestra poblaci\u00f3n hispana\u201d, dijo Trump ante una multitud de miles de activistas conservadores abarrotados en un vasto sal\u00f3n de convenciones.<\/p>\n\n\n\n<p>\u201cNo son seres humanos. Son animales\u201d, dijo m\u00e1s tarde, refiri\u00e9ndose a miembros de violentas pandillas de inmigrantes.<\/p>\n\n\n\n<p>La variada agenda de fin de semana de Trump subraya la evoluci\u00f3n de las fuerzas pol\u00edticas que dar\u00e1n forma a las elecciones presidenciales de este oto\u00f1o mientras intenta negarle al presidente dem\u00f3crata Joe Biden un segundo mandato.<\/p>\n\n\n\n<p>Pocos estados pueden importar m\u00e1s en noviembre que Michigan, que Biden gan\u00f3 por menos de 3 puntos porcentuales hace cuatro a\u00f1os. Y pocos grupos de votantes importan m\u00e1s a los dem\u00f3cratas que los afroamericanos, que constituyeron la columna vertebral de la base pol\u00edtica de Biden en 2020.<br>Pero ahora, menos de cinco meses antes del d\u00eda de las elecciones, los votantes negros est\u00e1n expresando modestos signos de decepci\u00f3n con el presidente de 81 a\u00f1os. Dem\u00f3crata.<\/p>\n\n\n\n<p>Trump, que cumpli\u00f3 78 a\u00f1os el viernes, est\u00e1 luchando por aprovechar su aparente apertura.<\/p>\n\n\n\n<p>Su multitud era mucho m\u00e1s peque\u00f1a, pero tambi\u00e9n calurosamente receptiva, cuando visit\u00f3 la Iglesia 180 ese mismo d\u00eda. Veh\u00edculos abandonados estaban afuera del modesto edificio de ladrillo con carteles de \u201cAmericanos negros por Trump\u201d. M\u00fasica rap y humo de barbacoa flotaban en una reuni\u00f3n previa al evento organizada por el grupo Black Conservative Federation.<\/p>\n\n\n\n<p>&#8220;Es un \u00e1rea muy importante para nosotros&#8221;, dijo Trump a la multitud de la iglesia, que inclu\u00eda un n\u00famero significativo de personas blancas. Prometi\u00f3 regresar \u201calg\u00fan domingo\u201d para un serm\u00f3n.<\/p>\n\n\n\n<p>Sostuvo que la comunidad negra \u201cest\u00e1 siendo perjudicada\u201d por los inmigrantes que se encuentran ilegalmente en el pa\u00eds.<\/p>\n\n\n\n<p>&#8220;Est\u00e1n invadiendo sus puestos de trabajo&#8221;, dijo.<\/p>\n\n\n\n<p>Trump ofreci\u00f3 un mensaje similar m\u00e1s tarde ese mismo d\u00eda mientras se dirig\u00eda a la \u201cConvenci\u00f3n Popular\u201d de Turning Point Action, un grupo que, seg\u00fan la Liga Antidifamaci\u00f3n, ha estado vinculado con una variedad de extremistas.<\/p>\n\n\n\n<p>Aproximadamente 24 horas antes de que hablara el expresidente, el conocido supremacista blanco Nick Fuentes entr\u00f3 al sal\u00f3n rodeado por un grupo de simpatizantes que lo vitoreaban.<\/p>\n\n\n\n<p>La seguridad lo escolt\u00f3 r\u00e1pidamente afuera, pero Fuentes le cre\u00f3 problemas pol\u00edticos a Trump despu\u00e9s de asistir a un almuerzo privado con el expresidente y el rapero anteriormente conocido como Kanye West en la finca de Trump en Florida en 2022.<\/p>\n\n\n\n<p>Turning Point ha surgido como una fuerza en la pol\u00edtica republicana en la era Trump, particularmente entre su movimiento \u201cMake America Great Again\u201d, a pesar de la advertencia de la Liga Antidifamaci\u00f3n de que el grupo \u201ccontin\u00faa atrayendo racistas\u201d.<\/p>\n\n\n\n<p>\u201cNumerosos individuos asociados con el grupo han hecho declaraciones intolerantes sobre la comunidad negra, la comunidad LGBTQ y otros grupos\u201d, escribi\u00f3 la ADL, un grupo internacional contra el odio, en un memorando de antecedentes.<\/p>\n\n\n\n<p>\u201cSi bien los l\u00edderes de TPUSA (Turning Point USA) dicen que rechazan la ideolog\u00eda supremacista blanca, conocidos nacionalistas blancos han asistido a sus eventos\u201d.<\/p>\n\n\n\n<p>El portavoz de Turning Point, Andrew Kolvet, descart\u00f3 la caracterizaci\u00f3n de la ADL como \u201cdifamaciones y mentiras\u201d. A\u00f1adi\u00f3 que Turning Point ha estado impidiendo que Fuentes asista a sus eventos durante \u201ca\u00f1os\u201d.<\/p>\n\n\n\n<p>\u201cLa ADL es un flagelo para Estados Unidos, que siembra veneno y divisi\u00f3n. Han perdido completamente la raz\u00f3n\u201d, dijo Kolvet, describiendo las cr\u00edticas de la ADL como \u201cuna insignia de honor\u201d.<\/p>\n\n\n\n<p>Mientras tanto, los dem\u00f3cratas ofrecieron una perspectiva competitiva desde lejos.<\/p>\n\n\n\n<p>\u201cDonald Trump es muy peligroso para Michigan, peligroso para Estados Unidos y peligroso para los negros\u201d, dijo el vicegobernador de Michigan Garlin Gilchrist II, afroamericano. Calific\u00f3 de \u201cofensivo\u201d que Trump se dirigiera a la conferencia Turning Point, que se estaba llevando a cabo en el mismo centro de convenciones que era \u201cel epicentro de su esfuerzo por robarse las elecciones\u201d.<\/p>\n\n\n\n<p>De hecho, decenas de enojados leales a Trump gritaban \u201c\u00a1Detengan el conteo!\u201d descendi\u00f3 al TCF Center, ahora llamado Huntington Place, el d\u00eda despu\u00e9s de las elecciones presidenciales de 2020 mientras se contaban los votos ausentes.<\/p>\n\n\n\n<p>Los medios locales capturaron escenas de manifestantes afuera y en el lobby. La polic\u00eda les impidi\u00f3 entrar al \u00e1rea de conteo.<\/p>\n\n\n\n<p>Las protestas se produjeron despu\u00e9s de que Trump tuiteara que \u201cest\u00e1n encontrando votos de Biden por todas partes\u201d en varios estados, incluido Michigan.<\/p>\n\n\n\n<p>La falsa noci\u00f3n de que Biden se benefici\u00f3 de un fraude electoral generalizado ha sido ampliamente desacreditada por funcionarios electorales de ambos partidos, el sistema judicial y miembros de la anterior administraci\u00f3n de Trump.<\/p>\n\n\n\n<p>A\u00fan as\u00ed, Trump contin\u00faa promoviendo esa desinformaci\u00f3n, que reson\u00f3 durante toda la convenci\u00f3n conservadora durante el fin de semana.<\/p>\n\n\n\n<p>Hablando desde el escenario principal, el fundador y director ejecutivo de Turning Point, Charlie Kirk, describi\u00f3 falsamente el lugar de la conferencia como &#8220;la escena de un crimen&#8221;.<\/p>\n\n\n\n<p>Para impulsar la conversaci\u00f3n, Trump plante\u00f3 la posibilidad de fraude electoral este oto\u00f1o.<\/p>\n\n\n\n<p>\u201cNecesitamos estar atentos a la votaci\u00f3n. Necesitamos proteger la votaci\u00f3n\u201d, acus\u00f3 Trump. &#8220;Es tan corrupto todo el proceso electoral&#8221;.<\/p>\n\n\n\n<p>Una ret\u00f3rica tan extrema no parece haber da\u00f1ado la posici\u00f3n de Trump entre los votantes negros.<\/p>\n\n\n\n<p>Entre los adultos negros, la aprobaci\u00f3n de Biden ha ca\u00eddo del 94% cuando comenz\u00f3 su mandato en enero de 2021 a solo el 55%, seg\u00fan una encuesta de Associated Press-NORC Center for Public Affairs Research publicada en marzo.<\/p>\n\n\n\n<p>Alrededor de 8 de cada 10 votantes negros tienen una opini\u00f3n desfavorable de Trump, y aproximadamente dos tercios dicen que tienen una opini\u00f3n \u201cmuy desfavorable\u201d de \u00e9l, seg\u00fan una encuesta de AP-NORC realizada en junio .<\/p>\n\n\n\n<p>Trump gan\u00f3 el 8% del voto negro en 2020, seg\u00fan AP VoteCast . Y en lo que se espera sean unas elecciones re\u00f1idas, incluso un cambio modesto podr\u00eda tener consecuencias.<\/p>\n\n\n\n<p>Omar Mitchell, propietario de un restaurante en Detroit que particip\u00f3 en la reuni\u00f3n de la iglesia, dijo que apoya a Trump porque \u201cel dinero estaba bombeando\u201d cuando era presidente.<\/p>\n\n\n\n<p>\u201cEn los viejos tiempos, la forma en que crecimos era que simplemente porque eres negro significa que eres dem\u00f3crata\u201d, dijo Mitchell. &#8220;Eso ya no existe hoy en d\u00eda&#8221;.<\/p>\n\n\n\n<p>Trump sostiene que puede atraer a m\u00e1s votantes negros gracias a su mensaje econ\u00f3mico y de seguridad fronteriza, y que sus acusaciones por delitos graves lo hacen m\u00e1s identificable.<\/p>\n\n\n\n<p>En la iglesia el s\u00e1bado por la tarde, prometi\u00f3 repetidamente \u201crecuperar la industria automotriz\u201d y al mismo tiempo se\u00f1al\u00f3: \u201cEl crimen est\u00e1 m\u00e1s rampante aqu\u00ed y en las comunidades afroamericanas\u201d.<\/p>\n\n\n\n<p>Kimberly Taylor, quien fue invitada al escenario de la iglesia por la campa\u00f1a de Trump, agradeci\u00f3 a Trump por \u201cvenir al barrio\u201d, mientras que el pastor Lorenzo Sewell dijo que Biden asisti\u00f3 a una cena de la NAACP en la ciudad \u201cpero nunca vino al barrio\u201d.<\/p>\n\n\n\n<p>El pastor le pregunt\u00f3 a Trump c\u00f3mo \u201cmantener el d\u00f3lar negro en la comunidad negra\u201d. La comunidad negra, dijo Trump, \u201cnecesita detener el crimen\u201d.<\/p>\n","protected":false},"excerpt":{"rendered":"<p>POR STEVE PEOPLES Y JOEY CAPPELLETTI DETROIT (AP) \u2014 Donald Trump culp\u00f3 a los inmigrantes de robar empleos y recursos gubernamentales mientras cortejaba el s\u00e1bado a grupos separados de votantes&hellip;<\/p>\n","protected":false},"author":2,"featured_media":84791,"comment_status":"open","ping_status":"open","sticky":false,"template":"","format":"standard","meta":{"content-type":"","jetpack_post_was_ever_published":false,"_jetpack_newsletter_access":"","_jetpack_dont_email_post_to_subs":false,"_jetpack_newsletter_tier_id":0,"_jetpack_memberships_contains_paywalled_content":false,"_jetpack_memberships_contains_paid_content":false,"footnotes":""},"categories":[1],"tags":[13588,978,3573,13591,13592,102,10980],"class_list":["post-84790","post","type-post","status-publish","format-standard","has-post-thumbnail","hentry","category-sin-categoria","tag-detroit","tag-donald-trump","tag-empleos","tag-evento-maga","tag-iglesia-negra","tag-inmigrantes","tag-votantes"],"jetpack_featured_media_url":"https:\/\/lasprimeras.com.do\/wp-content\/uploads\/2024\/06\/Donald-Trump-1-1.jpg","jetpack-related-posts":[{"id":90646,"url":"https:\/\/lasprimeras.com.do\/index.php\/2024\/10\/26\/trump-denigra-a-detroit-mientras-busca-votos-en-un-suburbio-de-la-mayor-ciudad-de-michigan\/","url_meta":{"origin":84790,"position":0},"title":"Trump denigra a Detroit mientras busca votos en un suburbio de la mayor ciudad de Michigan","author":"Nelson Feliz","date":"26 de octubre de 2024","format":false,"excerpt":"MICHELLE L. PRICE y ALI SWENSON NOVI, Michigan, EE.UU. (AP) \u2014 Donald Trump denigr\u00f3 a\u00fan m\u00e1s a Detroit mientras buscaba votos el s\u00e1bado en un suburbio de la ciudad m\u00e1s grande de Michigan, un estado pol\u00edticamente oscilante. \u201cCreo que Detroit y algunas de nuestras \u00e1reas nos convierten en una naci\u00f3n\u2026","rel":"","context":"En \u00abSin categor\u00eda\u00bb","block_context":{"text":"Sin categor\u00eda","link":"https:\/\/lasprimeras.com.do\/index.php\/category\/sin-categoria\/"},"img":{"alt_text":"Donald Trump","src":"https:\/\/i0.wp.com\/lasprimeras.com.do\/wp-content\/uploads\/2024\/10\/Donald-Trump-3.jpg?resize=350%2C200&ssl=1","width":350,"height":200,"srcset":"https:\/\/i0.wp.com\/lasprimeras.com.do\/wp-content\/uploads\/2024\/10\/Donald-Trump-3.jpg?resize=350%2C200&ssl=1 1x, https:\/\/i0.wp.com\/lasprimeras.com.do\/wp-content\/uploads\/2024\/10\/Donald-Trump-3.jpg?resize=525%2C300&ssl=1 1.5x"},"classes":[]},{"id":84316,"url":"https:\/\/lasprimeras.com.do\/index.php\/2024\/06\/06\/tim-scott-lanza-iniciativa-de-14-millones-de-dolares-para-ganarse-los-votantes-de-minorias\/","url_meta":{"origin":84790,"position":1},"title":"Tim Scott lanza iniciativa de 14 millones de d\u00f3lares para ganarse los votantes de minor\u00edas","author":"Nelson Feliz","date":"6 de junio de 2024","format":false,"excerpt":"POR JILL COLVIN WASHINGTON (AP) \u2014 Un importante aliado y potencial compa\u00f1ero de f\u00f3rmula del expresidente Donald Trump est\u00e1 lanzando un nuevo esfuerzo para ganarse a los votantes negros y otros votantes de clase trabajadora no blancos que, seg\u00fan \u00e9l, podr\u00eda ser el factor decisivo en las elecciones de noviembre.\u2026","rel":"","context":"En \u00abSin categor\u00eda\u00bb","block_context":{"text":"Sin categor\u00eda","link":"https:\/\/lasprimeras.com.do\/index.php\/category\/sin-categoria\/"},"img":{"alt_text":"Tim Scott","src":"https:\/\/i0.wp.com\/lasprimeras.com.do\/wp-content\/uploads\/2024\/06\/Tim-Scott.jpg?resize=350%2C200&ssl=1","width":350,"height":200,"srcset":"https:\/\/i0.wp.com\/lasprimeras.com.do\/wp-content\/uploads\/2024\/06\/Tim-Scott.jpg?resize=350%2C200&ssl=1 1x, https:\/\/i0.wp.com\/lasprimeras.com.do\/wp-content\/uploads\/2024\/06\/Tim-Scott.jpg?resize=525%2C300&ssl=1 1.5x, https:\/\/i0.wp.com\/lasprimeras.com.do\/wp-content\/uploads\/2024\/06\/Tim-Scott.jpg?resize=700%2C400&ssl=1 2x"},"classes":[]},{"id":90483,"url":"https:\/\/lasprimeras.com.do\/index.php\/2024\/10\/22\/trump-pedira-establecer-la-pena-de-muerte-para-migrantes-que-asesinen-a-estadounidenses\/","url_meta":{"origin":84790,"position":2},"title":"Trump pedir\u00e1 establecer la pena de muerte para migrantes que asesinen a estadounidenses","author":"Nelson Feliz","date":"22 de octubre de 2024","format":false,"excerpt":"Washington, (EFE).- El expresidente (2017 -2021) y candidato presidencial republicano, Donald Trump, dijo este martes que solicitar\u00e1 que se establezca la pena de muerte para cualquier migrante convicto por asesinar a un ciudadano estadounidense, lo que supone una de las propuestas m\u00e1s extremas en su ret\u00f3rica antiinmigrante. \u201cTenemos que hacerlo\u2026\u2026","rel":"","context":"En \u00abSin categor\u00eda\u00bb","block_context":{"text":"Sin categor\u00eda","link":"https:\/\/lasprimeras.com.do\/index.php\/category\/sin-categoria\/"},"img":{"alt_text":"","src":"https:\/\/i0.wp.com\/lasprimeras.com.do\/wp-content\/uploads\/2024\/10\/Donald-Trump-2.jpg?resize=350%2C200&ssl=1","width":350,"height":200,"srcset":"https:\/\/i0.wp.com\/lasprimeras.com.do\/wp-content\/uploads\/2024\/10\/Donald-Trump-2.jpg?resize=350%2C200&ssl=1 1x, https:\/\/i0.wp.com\/lasprimeras.com.do\/wp-content\/uploads\/2024\/10\/Donald-Trump-2.jpg?resize=525%2C300&ssl=1 1.5x"},"classes":[]},{"id":54800,"url":"https:\/\/lasprimeras.com.do\/index.php\/2023\/07\/14\/trump-no-se-presento-en-el-foro-evangelico-de-iowa-dejando-espacio-para-los-rivales-de-2024\/","url_meta":{"origin":84790,"position":3},"title":"Trump no se present\u00f3 en el foro evang\u00e9lico de Iowa, dejando espacio para los rivales de 2024","author":"Nelson Feliz","date":"14 de julio de 2023","format":false,"excerpt":"Por James Oliphant Los candidatos republicanos a la presidencia se dirigir\u00e1n el viernes a una reuni\u00f3n de conservadores sociales en el estado de Iowa que nominar\u00e1 temprano, pero el evento ser\u00e1 m\u00e1s notable para el candidato de 2024 que no estar\u00e1 all\u00ed: el favorito, Donald Trump. La ausencia de Trump\u2026","rel":"","context":"En \u00abSin categor\u00eda\u00bb","block_context":{"text":"Sin categor\u00eda","link":"https:\/\/lasprimeras.com.do\/index.php\/category\/sin-categoria\/"},"img":{"alt_text":"El expresidente de EE. UU. y candidato presidencial republicano Donald Trump asiste a un evento de campa\u00f1a en Council Bluffs, Iowa, EE. UU., el 7 de julio de 2023. REUTERS\/Scott Morgan","src":"https:\/\/i0.wp.com\/lasprimeras.com.do\/wp-content\/uploads\/2023\/07\/Donald-Triunfo.jpg?resize=350%2C200&ssl=1","width":350,"height":200,"srcset":"https:\/\/i0.wp.com\/lasprimeras.com.do\/wp-content\/uploads\/2023\/07\/Donald-Triunfo.jpg?resize=350%2C200&ssl=1 1x, https:\/\/i0.wp.com\/lasprimeras.com.do\/wp-content\/uploads\/2023\/07\/Donald-Triunfo.jpg?resize=525%2C300&ssl=1 1.5x"},"classes":[]},{"id":53905,"url":"https:\/\/lasprimeras.com.do\/index.php\/2023\/07\/03\/trump-y-desantis-buscan-demostrar-quien-es-mas-duro-con-la-inmigracion\/","url_meta":{"origin":84790,"position":4},"title":"Trump y DeSantis buscan demostrar qui\u00e9n es m\u00e1s duro con la inmigraci\u00f3n","author":"Nelson Feliz","date":"3 de julio de 2023","format":false,"excerpt":"Por Julia Manchester, Rafael Bernal, The Hill El expresidente Donald Trump y el gobernador de Florida, Ron DeSantis (R), est\u00e1n involucrados en una escalada de ida y vuelta sobre sus respectivos planes de inmigraci\u00f3n, compitiendo por qui\u00e9n presenta la visi\u00f3n m\u00e1s agresiva en la frontera. El martes, DeSantis present\u00f3 su\u2026","rel":"","context":"En \u00abSin categor\u00eda\u00bb","block_context":{"text":"Sin categor\u00eda","link":"https:\/\/lasprimeras.com.do\/index.php\/category\/sin-categoria\/"},"img":{"alt_text":"Trump y DeSantis","src":"https:\/\/i0.wp.com\/lasprimeras.com.do\/wp-content\/uploads\/2023\/07\/Trump-y-DeSantis.jpg?resize=350%2C200&ssl=1","width":350,"height":200},"classes":[]},{"id":90367,"url":"https:\/\/lasprimeras.com.do\/index.php\/2024\/10\/20\/harris-y-trump-avivan-la-renida-campana-con-un-duelo-de-celebridades\/","url_meta":{"origin":84790,"position":5},"title":"Harris y Trump avivan la re\u00f1ida campa\u00f1a con un duelo de celebridades","author":"Nelson Feliz","date":"20 de octubre de 2024","format":false,"excerpt":"Jim WATSON\/Maggy DONALDSON Nueva York, AFP.-. Kamala Harris y Donald Trump invitaron este s\u00e1bado a varias celebridades a su re\u00f1ido duelo electoral por la presidencia de Estados Unidos, que incluy\u00f3 nuevos ataques mutuos e invitaciones al voto anticipado en los estados disputados a pocos d\u00edas de los comicios del 5\u2026","rel":"","context":"En \u00abSin categor\u00eda\u00bb","block_context":{"text":"Sin categor\u00eda","link":"https:\/\/lasprimeras.com.do\/index.php\/category\/sin-categoria\/"},"img":{"alt_text":"","src":"https:\/\/i0.wp.com\/lasprimeras.com.do\/wp-content\/uploads\/2024\/10\/Harris-y-Trump.jpg?resize=350%2C200&ssl=1","width":350,"height":200,"srcset":"https:\/\/i0.wp.com\/lasprimeras.com.do\/wp-content\/uploads\/2024\/10\/Harris-y-Trump.jpg?resize=350%2C200&ssl=1 1x, https:\/\/i0.wp.com\/lasprimeras.com.do\/wp-content\/uploads\/2024\/10\/Harris-y-Trump.jpg?resize=525%2C300&ssl=1 1.5x"},"classes":[]}],"jetpack_sharing_enabled":true,"_links":{"self":[{"href":"https:\/\/lasprimeras.com.do\/index.php\/wp-json\/wp\/v2\/posts\/84790","targetHints":{"allow":["GET"]}}],"collection":[{"href":"https:\/\/lasprimeras.com.do\/index.php\/wp-json\/wp\/v2\/posts"}],"about":[{"href":"https:\/\/lasprimeras.com.do\/index.php\/wp-json\/wp\/v2\/types\/post"}],"author":[{"embeddable":true,"href":"https:\/\/lasprimeras.com.do\/index.php\/wp-json\/wp\/v2\/users\/2"}],"replies":[{"embeddable":true,"href":"https:\/\/lasprimeras.com.do\/index.php\/wp-json\/wp\/v2\/comments?post=84790"}],"version-history":[{"count":1,"href":"https:\/\/lasprimeras.com.do\/index.php\/wp-json\/wp\/v2\/posts\/84790\/revisions"}],"predecessor-version":[{"id":84792,"href":"https:\/\/lasprimeras.com.do\/index.php\/wp-json\/wp\/v2\/posts\/84790\/revisions\/84792"}],"wp:featuredmedia":[{"embeddable":true,"href":"https:\/\/lasprimeras.com.do\/index.php\/wp-json\/wp\/v2\/media\/84791"}],"wp:attachment":[{"href":"https:\/\/lasprimeras.com.do\/index.php\/wp-json\/wp\/v2\/media?parent=84790"}],"wp:term":[{"taxonomy":"category","embeddable":true,"href":"https:\/\/lasprimeras.com.do\/index.php\/wp-json\/wp\/v2\/categories?post=84790"},{"taxonomy":"post_tag","embeddable":true,"href":"https:\/\/lasprimeras.com.do\/index.php\/wp-json\/wp\/v2\/tags?post=84790"}],"curies":[{"name":"wp","href":"https:\/\/api.w.org\/{rel}","templated":true}]}}