{"id":84793,"date":"2024-06-16T12:03:09","date_gmt":"2024-06-16T16:03:09","guid":{"rendered":"https:\/\/lasprimeras.com.do\/?p=84793"},"modified":"2024-06-16T12:03:10","modified_gmt":"2024-06-16T16:03:10","slug":"clooney-y-roberts-ayudan-a-biden-a-recaudar-mas-de-30-millones-de-dolares-en-una-gala-de-hollywood-repleta-de-estrellas","status":"publish","type":"post","link":"https:\/\/lasprimeras.com.do\/index.php\/2024\/06\/16\/clooney-y-roberts-ayudan-a-biden-a-recaudar-mas-de-30-millones-de-dolares-en-una-gala-de-hollywood-repleta-de-estrellas\/","title":{"rendered":"Clooney y Roberts ayudan a Biden a recaudar m\u00e1s de 30 millones de d\u00f3lares en una gala de Hollywood repleta de estrellas"},"content":{"rendered":"\n<p>POR DARLENE SUPERVILLE Y WILL WEISSERT<\/p>\n\n\n\n<p>LOS \u00c1NGELES (AP) \u2014 Algunas de las estrellas m\u00e1s brillantes de Hollywood encabezaron una recaudaci\u00f3n de fondos para el presidente Joe Biden que recaud\u00f3 m\u00e1s de 30 millones de d\u00f3lares para un candidato dem\u00f3crata, seg\u00fan su campa\u00f1a, con la esperanza de energizar a los posibles partidarios para una contienda por la Casa Blanca. dijeron que puede estar entre los m\u00e1s trascendentales en la historia de Estados Unidos.<\/p>\n\n\n\n<p>George Clooney , Julia Roberts y Barbra Streisand estuvieron entre los que subieron al escenario del Peacock Theatre de Los \u00c1ngeles con capacidad para 7.100 personas el s\u00e1bado por la noche.<\/p>\n\n\n\n<p>El presentador nocturno Jimmy Kimmel entrevist\u00f3 a Biden y al expresidente Barack Obama, quienes enfatizaron la necesidad de derrotar al expresidente Donald Trump en una carrera que se espera sea extremadamente re\u00f1ida.<\/p>\n\n\n\n<p>Durante m\u00e1s de media hora de discusi\u00f3n, Kimmel pregunt\u00f3 si el pa\u00eds padec\u00eda amnesia sobre el presunto candidato republicano, a lo que Biden respondi\u00f3: \u201ctodo lo que tenemos que hacer es recordar c\u00f3mo era\u201d cuando Trump estaba en la Casa Blanca.<\/p>\n\n\n\n<p>Las luminarias del mundo del entretenimiento se han alineado cada vez m\u00e1s para ayudar a la campa\u00f1a de Biden , y la importancia del evento para su candidatura a la reelecci\u00f3n se pudo ver en la decisi\u00f3n de Biden de volar durante la noche a trav\u00e9s de nueve zonas horarias, desde la cumbre del G7 en el sur de Italia hasta el sur. California, para asistir.<\/p>\n\n\n\n<p>Tambi\u00e9n se perdi\u00f3 una cumbre en Suiza sobre formas de poner fin a la guerra de Rusia en Ucrania, y en su lugar envi\u00f3 a la vicepresidenta Kamala Harris, quien hizo su propio viaje rel\u00e1mpago para representar a Estados Unidos all\u00ed, un crudo recordatorio del delicado equilibrio entre la geopol\u00edtica y el intento de Biden de ganar un segundo mandato.<\/p>\n\n\n\n<p>Para dejar al descubierto a\u00fan m\u00e1s las implicaciones pol\u00edticas, la polic\u00eda con equipo antidisturbios afuera del teatro. Un grupo de manifestantes enojados por el manejo por parte de la administraci\u00f3n Biden de la guerra de Israel contra Hamas en Gaza se manifest\u00f3 cerca.<\/p>\n\n\n\n<p>La recaudaci\u00f3n de fondos incluy\u00f3 el canto de Jack Black y Sheryl Lee Ralph, y los actores Kathryn Hahn y Jason Bateman presentaron a Kimmel, quien a su vez present\u00f3 a Biden y Obama. El comediante dijo inexpresivamente: &#8220;Me dijeron que Batman, no Bateman, me presentar\u00eda&#8221;.<\/p>\n\n\n\n<p>Pero r\u00e1pidamente pas\u00f3 a temas mucho m\u00e1s serios, diciendo que \u201chay mucho en juego en esta elecci\u00f3n\u201d y enumerando los derechos de las mujeres, la atenci\u00f3n m\u00e9dica y se\u00f1alando que \u201cincluso la boleta est\u00e1 en la boleta\u201d en referencia a los llamados de la administraci\u00f3n Biden a ampliar los derechos de voto.<\/p>\n\n\n\n<p>Kimmel pregunt\u00f3 al presidente de qu\u00e9 estaba m\u00e1s orgulloso de haber logrado, y Biden dijo que pensaba que el enfoque de la administraci\u00f3n hacia la econom\u00eda \u201cest\u00e1 funcionando\u201d.<\/p>\n\n\n\n<p>&#8220;Hoy tenemos la econom\u00eda m\u00e1s fuerte del mundo&#8221;, dijo Biden, y agreg\u00f3 que &#8220;tratamos de darle a la gente com\u00fan y corriente una oportunidad equitativa&#8221;.<\/p>\n\n\n\n<p>Trump pas\u00f3 el s\u00e1bado haciendo campa\u00f1a en Detroit y critic\u00f3 el manejo de la econom\u00eda y la inflaci\u00f3n por parte de Biden. El presidente estaba recaudando fondos \u201ccon celebridades elitistas de Hollywood desconectadas\u201d, dijo la portavoz de la campa\u00f1a de Trump, Karoline Leavitt.<\/p>\n\n\n\n<p>Pero Biden dijo a la multitud en California que \u201caprobamos todas las leyes importantes que intentamos implementar\u201d. Y Obama expres\u00f3 admiraci\u00f3n por la amplia legislaci\u00f3n sobre atenci\u00f3n m\u00e9dica, obras p\u00fablicas, medio ambiente, fabricaci\u00f3n de tecnolog\u00eda, seguridad de armas y otras iniciativas importantes que ha supervisado la administraci\u00f3n de su ex vicepresidente.<\/p>\n\n\n\n<p>&#8220;Lo que estamos viendo ahora es un subproducto de 2016. Hubo un mont\u00f3n de personas que, por alguna raz\u00f3n, no participaron&#8221;, dijo Obama, quien, al igual que Biden, vest\u00eda un traje oscuro y una camisa blanca con el cuello abierto. .<\/p>\n\n\n\n<p>Obama, hablando de la Corte Suprema, a\u00f1adi\u00f3 que \u201cesperemos que hayamos aprendido la lecci\u00f3n, porque estas elecciones importan de manera muy concreta\u201d.<\/p>\n\n\n\n<p>Trump nomin\u00f3 a tres jueces que ayudaron a revocar Roe v. Wade, la decisi\u00f3n hist\u00f3rica que garantiza el derecho constitucional al aborto. La audiencia expres\u00f3 su disgusto por la menci\u00f3n de Roe, a lo que Obama respondi\u00f3: &#8220;no silbes, vota&#8221;.<\/p>\n\n\n\n<p>Eso fue un juego de palabras con su estribillo com\u00fan de priorizar la votaci\u00f3n sobre los abucheos.<\/p>\n\n\n\n<p>Biden dijo que la persona elegida presidente en noviembre podr\u00eda tener la oportunidad de nominar a dos nuevos jueces, aunque un segundo mandato de Biden probablemente no reformar\u00eda dr\u00e1sticamente un tribunal dada su actual mayor\u00eda conservadora de 6-3.<\/p>\n\n\n\n<p>Tambi\u00e9n sugiri\u00f3 que si Trump recupera la Casa Blanca, \u201cuna de las partes m\u00e1s aterradoras\u201d ser\u00eda la Corte Suprema y que la Corte Suprema \u201cnunca ha estado tan fuera de sinton\u00eda\u201d.<\/p>\n\n\n\n<p>Biden tambi\u00e9n hizo referencia a informes de que una bandera invertida , un s\u00edmbolo asociado con las falsas afirmaciones de fraude electoral de Trump , onde\u00f3 frente a la casa del juez de la Corte Suprema Samuel Alito en enero de 2021.<\/p>\n\n\n\n<p>El s\u00e1bado le preocupaba que, si Trump es reelegido, \u201cse ir\u00e1 nombrar a dos m\u00e1s que ondeen sus banderas al rev\u00e9s\u201d.<\/p>\n\n\n\n<p>Kimmel ofreci\u00f3 su estilo especial de humor durante toda la noche. En un momento pregunt\u00f3 c\u00f3mo puede un presidente vengarse de un presentador de un programa de entrevistas que se burla de \u00e9l en la televisi\u00f3n todas las noches.<\/p>\n\n\n\n<p>\u201c\u00bfHas o\u00eddo hablar alguna vez de la Fuerza Delta?\u201d Biden respondi\u00f3, refiri\u00e9ndose a la unidad de operaciones especiales del Ej\u00e9rcito.<\/p>\n\n\n\n<p>Al principio del programa, Kimmel destac\u00f3 la promesa de campa\u00f1a de Biden de restaurar el alma de Estados Unidos y dijo que \u201c\u00faltimamente parece que podr\u00edamos necesitar un exorcismo\u201d.<\/p>\n\n\n\n<p>Luego le pregunt\u00f3 a Biden: \u201c\u00bfEs por eso que visit\u00f3 al Papa?\u201d Biden y el Papa Francisco se reunieron en Italia el viernes.<\/p>\n\n\n\n<p>La cantidad recaudada super\u00f3 los entonces r\u00e9cord de 26 millones de d\u00f3lares de la recaudaci\u00f3n de fondos de Biden en marzo en el Radio City Music Hall de Nueva York, en la que el presentador nocturno Stephen Colbert entrevist\u00f3 a Biden, Obama y al expresidente Bill Clinton.<\/p>\n\n\n\n<p>Biden tuvo una ventaja inicial en la carrera por el dinero de la campa\u00f1a contra Trump, pero el expresidente ha ganado terreno desde que asegur\u00f3 formalmente la nominaci\u00f3n republicana.<\/p>\n\n\n\n<p>Trump super\u00f3 el evento de Biden en Nueva York al recaudar 50,5 millones de d\u00f3lares en una reuni\u00f3n de abril de importantes donantes en la casa de Florida del inversionista multimillonario John Paulson.<\/p>\n\n\n\n<p>La campa\u00f1a del expresidente y el Comit\u00e9 Nacional Republicano anunciaron que recaudaron la friolera de 141 millones de d\u00f3lares en mayo, complementados con decenas de millones de d\u00f3lares en contribuciones que fluyeron despu\u00e9s del veredicto de culpabilidad de Trump en su juicio criminal por dinero secreto.<\/p>\n\n\n\n<p>Ese aumento posterior a la condena se produjo despu\u00e9s de que Trump y el Partido Republicano anunciaran que recaudar\u00edan 76 millones de d\u00f3lares en abril, superando con creces los 51 millones de d\u00f3lares de Biden y los dem\u00f3cratas para el mes .<\/p>\n","protected":false},"excerpt":{"rendered":"<p>POR DARLENE SUPERVILLE Y WILL WEISSERT LOS \u00c1NGELES (AP) \u2014 Algunas de las estrellas m\u00e1s brillantes de Hollywood encabezaron una recaudaci\u00f3n de fondos para el presidente Joe Biden que recaud\u00f3&hellip;<\/p>\n","protected":false},"author":2,"featured_media":84794,"comment_status":"open","ping_status":"open","sticky":false,"template":"","format":"standard","meta":{"content-type":"","jetpack_post_was_ever_published":false,"_jetpack_newsletter_access":"","_jetpack_dont_email_post_to_subs":false,"_jetpack_newsletter_tier_id":0,"_jetpack_memberships_contains_paywalled_content":false,"_jetpack_memberships_contains_paid_content":false,"footnotes":""},"categories":[1],"tags":[13593,6221,13594,4704,1343],"class_list":["post-84793","post","type-post","status-publish","format-standard","has-post-thumbnail","hentry","category-sin-categoria","tag-clooney-y-roberts","tag-estrellas","tag-gala","tag-hollywood","tag-joe-biden"],"jetpack_featured_media_url":"https:\/\/lasprimeras.com.do\/wp-content\/uploads\/2024\/06\/Clooney-y-Roberts.jpg","jetpack-related-posts":[{"id":88301,"url":"https:\/\/lasprimeras.com.do\/index.php\/2024\/08\/25\/la-campana-de-harris-recaudo-540-millones-de-dolares-en-un-mes-desde-la-renuncia-de-biden\/","url_meta":{"origin":84793,"position":0},"title":"La campa\u00f1a de Harris recaud\u00f3 540 millones de d\u00f3lares en un mes desde la renuncia de Biden","author":"Nelson Feliz","date":"25 de agosto de 2024","format":false,"excerpt":"Nueva York, (EFE).- La campa\u00f1a de la candidata dem\u00f3crata a la presidencia estadounidense Kamala Harris dijo este domingo que ha recaudado 540 millones de d\u00f3lares en el mes transcurrido desde la renuncia del presidente Joe Biden a la reelecci\u00f3n. En un correo, la campa\u00f1a de la vicepresidenta Harris dijo que\u2026","rel":"","context":"En \u00abSin categor\u00eda\u00bb","block_context":{"text":"Sin categor\u00eda","link":"https:\/\/lasprimeras.com.do\/index.php\/category\/sin-categoria\/"},"img":{"alt_text":"Kamala Harris","src":"https:\/\/i0.wp.com\/lasprimeras.com.do\/wp-content\/uploads\/2024\/08\/Kamala-Harris-3.jpg?resize=350%2C200&ssl=1","width":350,"height":200,"srcset":"https:\/\/i0.wp.com\/lasprimeras.com.do\/wp-content\/uploads\/2024\/08\/Kamala-Harris-3.jpg?resize=350%2C200&ssl=1 1x, https:\/\/i0.wp.com\/lasprimeras.com.do\/wp-content\/uploads\/2024\/08\/Kamala-Harris-3.jpg?resize=525%2C300&ssl=1 1.5x"},"classes":[]},{"id":95301,"url":"https:\/\/lasprimeras.com.do\/index.php\/2025\/03\/12\/dodgers-recompensan-al-manager-dave-roberts-con-una-extension-de-contrato-hasta-2029\/","url_meta":{"origin":84793,"position":1},"title":"Dodgers recompensan al manager Dave Roberts con una extensi\u00f3n de contrato hasta 2029","author":"Nelson Feliz","date":"12 de marzo de 2025","format":false,"excerpt":"GLENDALE, Arizona, EE.UU. (AP) \u2014 Dave Roberts firm\u00f3 una extensi\u00f3n de contrato por cuatro a\u00f1os para seguir siendo el m\u00e1nager de los Dodgers de Los \u00c1ngeles, campeones de la Serie Mundial, hasta el 2029, confirm\u00f3 el martes el equipo. De acuerdo con informes del lunes, el contrato es por 32,4\u2026","rel":"","context":"En \u00abDEPORTES\u00bb","block_context":{"text":"DEPORTES","link":"https:\/\/lasprimeras.com.do\/index.php\/category\/deportes\/"},"img":{"alt_text":"","src":"https:\/\/i0.wp.com\/lasprimeras.com.do\/wp-content\/uploads\/2025\/03\/Dave-Roberts.png?resize=350%2C200&ssl=1","width":350,"height":200,"srcset":"https:\/\/i0.wp.com\/lasprimeras.com.do\/wp-content\/uploads\/2025\/03\/Dave-Roberts.png?resize=350%2C200&ssl=1 1x, https:\/\/i0.wp.com\/lasprimeras.com.do\/wp-content\/uploads\/2025\/03\/Dave-Roberts.png?resize=525%2C300&ssl=1 1.5x, https:\/\/i0.wp.com\/lasprimeras.com.do\/wp-content\/uploads\/2025\/03\/Dave-Roberts.png?resize=700%2C400&ssl=1 2x"},"classes":[]},{"id":79187,"url":"https:\/\/lasprimeras.com.do\/index.php\/2024\/03\/24\/joe-biden-firma-un-nuevo-paquete-presupuestario-tras-aprobacion-del-congreso\/","url_meta":{"origin":84793,"position":2},"title":"Joe Biden firma un nuevo paquete presupuestario tras aprobaci\u00f3n del Congreso","author":"Nelson Feliz","date":"24 de marzo de 2024","format":false,"excerpt":"Seg\u00fan Joe Biden, la ley que firm\u00f3 mantiene al Gobierno en funciones, fortalece la econom\u00eda de Estados Unidos y la seguridad nacional, se\u00f1al\u00f3 que el paquete presupuestario es un ejemplo del \"compromiso\" bipartidista. Washington, EFE.-. El presidente Joe Biden firm\u00f3 un nuevo paquete presupuestario de $1,2 billones de d\u00f3lares tras\u2026","rel":"","context":"En \u00abSin categor\u00eda\u00bb","block_context":{"text":"Sin categor\u00eda","link":"https:\/\/lasprimeras.com.do\/index.php\/category\/sin-categoria\/"},"img":{"alt_text":"biden","src":"https:\/\/i0.wp.com\/lasprimeras.com.do\/wp-content\/uploads\/2024\/03\/biden.jpg?resize=350%2C200&ssl=1","width":350,"height":200,"srcset":"https:\/\/i0.wp.com\/lasprimeras.com.do\/wp-content\/uploads\/2024\/03\/biden.jpg?resize=350%2C200&ssl=1 1x, https:\/\/i0.wp.com\/lasprimeras.com.do\/wp-content\/uploads\/2024\/03\/biden.jpg?resize=525%2C300&ssl=1 1.5x, https:\/\/i0.wp.com\/lasprimeras.com.do\/wp-content\/uploads\/2024\/03\/biden.jpg?resize=700%2C400&ssl=1 2x"},"classes":[]},{"id":81536,"url":"https:\/\/lasprimeras.com.do\/index.php\/2024\/04\/22\/biden-conmemora-el-dia-de-la-tierra-anunciando-7-000-millones-de-dolares-en-subvenciones-para-energia-solar\/","url_meta":{"origin":84793,"position":3},"title":"Biden conmemora el D\u00eda de la Tierra anunciando 7.000 millones de d\u00f3lares en subvenciones para energ\u00eda solar","author":"BIMARY DE JES\u00daS Matos","date":"22 de abril de 2024","format":false,"excerpt":"EFE.-El presidente Joe Biden conmemora el D\u00eda de la Tierra anunciando 7.ooo millones de d\u00f3lares en subvenciones federales para proyectos solares residenciales que atienden a m\u00e1s de 900.000 hogares en comunidades de ingresos bajos y medios. Tambi\u00e9n planea ampliar su programa de capacitaci\u00f3n en empleos verdes del American Climate Corps,\u2026","rel":"","context":"En \u00abSin categor\u00eda\u00bb","block_context":{"text":"Sin categor\u00eda","link":"https:\/\/lasprimeras.com.do\/index.php\/category\/sin-categoria\/"},"img":{"alt_text":"","src":"https:\/\/i0.wp.com\/lasprimeras.com.do\/wp-content\/uploads\/2024\/04\/b807a45d-179c-4001-a0da-f7d327bb7680_w650_r1_s.jpg?resize=350%2C200&ssl=1","width":350,"height":200,"srcset":"https:\/\/i0.wp.com\/lasprimeras.com.do\/wp-content\/uploads\/2024\/04\/b807a45d-179c-4001-a0da-f7d327bb7680_w650_r1_s.jpg?resize=350%2C200&ssl=1 1x, https:\/\/i0.wp.com\/lasprimeras.com.do\/wp-content\/uploads\/2024\/04\/b807a45d-179c-4001-a0da-f7d327bb7680_w650_r1_s.jpg?resize=525%2C300&ssl=1 1.5x"},"classes":[]},{"id":61635,"url":"https:\/\/lasprimeras.com.do\/index.php\/2023\/09\/29\/las-estrellas-democratas-en-ascenso-se-unen-en-torno-a-la-reeleccion-de-biden\/","url_meta":{"origin":84793,"position":4},"title":"Las estrellas dem\u00f3cratas en ascenso se unen en torno a la reelecci\u00f3n de Biden","author":"Nelson Feliz","date":"29 de septiembre de 2023","format":false,"excerpt":".Tambi\u00e9n est\u00e1n considerando sus propias ofertas para 2028. POR STEVE PUEBLOS Y WILL WEISSERT WASHINGTON (AP) \u2014 El gobernador dem\u00f3crata de Pensilvania, Josh Shapiro , se dirigir\u00e1 a los votantes de las primarias presidenciales en New Hampshire el s\u00e1bado. La gobernadora de Michigan, Gretchen Whitmer , est\u00e1 trabajando para fortalecer\u2026","rel":"","context":"En \u00abSin categor\u00eda\u00bb","block_context":{"text":"Sin categor\u00eda","link":"https:\/\/lasprimeras.com.do\/index.php\/category\/sin-categoria\/"},"img":{"alt_text":"Joe Biden","src":"https:\/\/i0.wp.com\/lasprimeras.com.do\/wp-content\/uploads\/2023\/09\/Joe-Biden-2.jpg?resize=350%2C200&ssl=1","width":350,"height":200,"srcset":"https:\/\/i0.wp.com\/lasprimeras.com.do\/wp-content\/uploads\/2023\/09\/Joe-Biden-2.jpg?resize=350%2C200&ssl=1 1x, https:\/\/i0.wp.com\/lasprimeras.com.do\/wp-content\/uploads\/2023\/09\/Joe-Biden-2.jpg?resize=525%2C300&ssl=1 1.5x, https:\/\/i0.wp.com\/lasprimeras.com.do\/wp-content\/uploads\/2023\/09\/Joe-Biden-2.jpg?resize=700%2C400&ssl=1 2x"},"classes":[]},{"id":64440,"url":"https:\/\/lasprimeras.com.do\/index.php\/2023\/10\/20\/biden-declara-que-el-apoyo-de-israel-y-ucrania-es-vital-para-la-seguridad-de-estados-unidos\/","url_meta":{"origin":84793,"position":5},"title":"Biden declara que el apoyo de Israel y Ucrania es vital para la seguridad de Estados Unidos","author":"Nelson Feliz","date":"20 de octubre de 2023","format":false,"excerpt":"Biden pedir\u00e1 miles de millones al Congreso. POR CHRIS MEGERIAN Y SEUNG MIN KIM WASHINGTON (AP) \u2014 Al declarar que el liderazgo estadounidense \u201cmantiene unido al mundo\u201d, el presidente Joe Biden dijo a los estadounidenses el jueves por la noche que el pa\u00eds debe profundizar su apoyo a Ucrania e\u2026","rel":"","context":"En \u00abSin categor\u00eda\u00bb","block_context":{"text":"Sin categor\u00eda","link":"https:\/\/lasprimeras.com.do\/index.php\/category\/sin-categoria\/"},"img":{"alt_text":"Joe Biden","src":"https:\/\/i0.wp.com\/lasprimeras.com.do\/wp-content\/uploads\/2023\/08\/Joe-Biden-1.jpg?resize=350%2C200&ssl=1","width":350,"height":200,"srcset":"https:\/\/i0.wp.com\/lasprimeras.com.do\/wp-content\/uploads\/2023\/08\/Joe-Biden-1.jpg?resize=350%2C200&ssl=1 1x, https:\/\/i0.wp.com\/lasprimeras.com.do\/wp-content\/uploads\/2023\/08\/Joe-Biden-1.jpg?resize=525%2C300&ssl=1 1.5x, https:\/\/i0.wp.com\/lasprimeras.com.do\/wp-content\/uploads\/2023\/08\/Joe-Biden-1.jpg?resize=700%2C400&ssl=1 2x"},"classes":[]}],"jetpack_sharing_enabled":true,"_links":{"self":[{"href":"https:\/\/lasprimeras.com.do\/index.php\/wp-json\/wp\/v2\/posts\/84793","targetHints":{"allow":["GET"]}}],"collection":[{"href":"https:\/\/lasprimeras.com.do\/index.php\/wp-json\/wp\/v2\/posts"}],"about":[{"href":"https:\/\/lasprimeras.com.do\/index.php\/wp-json\/wp\/v2\/types\/post"}],"author":[{"embeddable":true,"href":"https:\/\/lasprimeras.com.do\/index.php\/wp-json\/wp\/v2\/users\/2"}],"replies":[{"embeddable":true,"href":"https:\/\/lasprimeras.com.do\/index.php\/wp-json\/wp\/v2\/comments?post=84793"}],"version-history":[{"count":1,"href":"https:\/\/lasprimeras.com.do\/index.php\/wp-json\/wp\/v2\/posts\/84793\/revisions"}],"predecessor-version":[{"id":84795,"href":"https:\/\/lasprimeras.com.do\/index.php\/wp-json\/wp\/v2\/posts\/84793\/revisions\/84795"}],"wp:featuredmedia":[{"embeddable":true,"href":"https:\/\/lasprimeras.com.do\/index.php\/wp-json\/wp\/v2\/media\/84794"}],"wp:attachment":[{"href":"https:\/\/lasprimeras.com.do\/index.php\/wp-json\/wp\/v2\/media?parent=84793"}],"wp:term":[{"taxonomy":"category","embeddable":true,"href":"https:\/\/lasprimeras.com.do\/index.php\/wp-json\/wp\/v2\/categories?post=84793"},{"taxonomy":"post_tag","embeddable":true,"href":"https:\/\/lasprimeras.com.do\/index.php\/wp-json\/wp\/v2\/tags?post=84793"}],"curies":[{"name":"wp","href":"https:\/\/api.w.org\/{rel}","templated":true}]}}