{"id":84805,"date":"2024-06-16T12:32:32","date_gmt":"2024-06-16T16:32:32","guid":{"rendered":"https:\/\/lasprimeras.com.do\/?p=84805"},"modified":"2024-06-16T12:32:33","modified_gmt":"2024-06-16T16:32:33","slug":"en-sudafrica-los-curanderos-tradicionales-se-unen-a-la-lucha-contra-el-vih","status":"publish","type":"post","link":"https:\/\/lasprimeras.com.do\/index.php\/2024\/06\/16\/en-sudafrica-los-curanderos-tradicionales-se-unen-a-la-lucha-contra-el-vih\/","title":{"rendered":"En Sud\u00e1frica, los curanderos tradicionales se unen a la lucha contra el VIH"},"content":{"rendered":"\n<p>El estigma sigue siendo alto en las zonas rurales.<\/p>\n\n\n\n<p>POR MOGOMOTSI MAGOME<\/p>\n\n\n\n<p>BUSHBUCKRIDGE, Sud\u00e1frica (AP) \u2014 Las paredes de la caba\u00f1a de Shadrack Mashabane en la ciudad rural sudafricana de Bushbuckridge est\u00e1n cubiertas con telas tradicionales y una peque\u00f1a ventana es la \u00fanica fuente de luz.<br>Lo que destaca entre las hierbas y medicinas en frascos de vidrio es una caja blanca que contiene un kit de prueba del VIH.<\/p>\n\n\n\n<p>Mashabane es uno de al menos 15 curanderos tradicionales de la ciudad que, en un estudio piloto, han sido capacitados por investigadores de la Universidad de Witwatersrand para realizar pruebas de VIH y asesoramiento en un esfuerzo por garantizar que el mayor n\u00famero posible de sudafricanos conozcan su estado.<\/p>\n\n\n\n<p>Es parte del esfuerzo m\u00e1s grande conocido en el pa\u00eds para involucrar a los curanderos tradicionales en un objetivo de salud p\u00fablica y estudiar los resultados.<\/p>\n\n\n\n<p>A finales de este a\u00f1o, al menos otros 325 curanderos recibir\u00e1n la capacitaci\u00f3n y se convertir\u00e1n en consejeros certificados sobre VIH.<\/p>\n\n\n\n<p>Los investigadores comparar\u00e1n las tasas de pruebas del VIH realizadas por curanderos y cl\u00ednicas.<\/p>\n\n\n\n<p>La mayor\u00eda de los curanderos tradicionales ya ten\u00edan conocimientos sobre el VIH (algunos por experiencia personal) y estaban ansiosos por participar, dijeron los investigadores.<\/p>\n\n\n\n<p>Sud\u00e1frica tiene una de las tasas de VIH m\u00e1s altas del mundo. En muchas comunidades persiste el estigma en torno a la enfermedad y su tratamiento, a pesar de que los medicamentos antirretrovirales contra el VIH y la profilaxis previa a la exposici\u00f3n son gratuitos. La preocupaci\u00f3n por la privacidad en las cl\u00ednicas tambi\u00e9n impide que las personas busquen ayuda.<\/p>\n\n\n\n<p>Muchas personas de las zonas rurales ven a los curanderos tradicionales como su primer punto de contacto en caso de enfermedades, y el proyecto espera que puedan ayudar a cambiar actitudes.<\/p>\n\n\n\n<p>La gran poblaci\u00f3n joven de Sud\u00e1frica es una preocupaci\u00f3n especial. Un estudio gubernamental publicado en diciembre mostr\u00f3 que las personas que viven con el VIH hab\u00edan disminuido del 14% en 2017 al 12,7% en 2022, pero la prevalencia del VIH aument\u00f3 entre las ni\u00f1as de entre 15 y 19 a\u00f1os, un fen\u00f3meno atribuido en gran medida a que los hombres mayores se acuestan con ellas.<\/p>\n\n\n\n<p>Alrededor de 2.000 curanderos tradicionales operan en la ciudad de Bushbuckridge, en la provincia de Mpumalanga, hogar de unas 750.000 personas, y brindan servicios tradicionales y espirituales.<\/p>\n\n\n\n<p>Mashabane dijo que al principio a los pacientes les resultaba dif\u00edcil creer que les estaba ofreciendo pruebas de VIH, un servicio que durante mucho tiempo hab\u00edan esperado que estuviera disponible s\u00f3lo en las cl\u00ednicas de salud.<\/p>\n\n\n\n<p>\u201cMuchos no estaban convencidos. Tuve que mostrarles mi certificado para demostrar que estaba calificado para hacer esto\u201d, dijo.<\/p>\n\n\n\n<p>El proceso incluye la firma de formularios de consentimiento para ser evaluados, junto con un seguimiento con Mashabane para garantizar que los pacientes que dan positivo reciban su tratamiento en la cl\u00ednica local.<\/p>\n\n\n\n<p>Dijo que darle la noticia a un paciente que dio positivo en la prueba del VIH no es tan dif\u00edcil porque la enfermedad se puede tratar con medicamentos f\u00e1cilmente disponibles. Pero en muchos casos tiene que acompa\u00f1ar al paciente a la cl\u00ednica \u201cpara pon\u00e9rselo m\u00e1s f\u00e1cil\u201d.<\/p>\n\n\n\n<p>Florence Khoza es otra curandera tradicional que ha sido capacitada para realizar pruebas de detecci\u00f3n del VIH. Dijo que el comportamiento sexual riesgoso es com\u00fan. A menudo dispensa hierbas y medicamentos tradicionales para tratar la gonorrea, pero ahora va m\u00e1s all\u00e1 y aconseja a los pacientes que se hagan la prueba del VIH.<\/p>\n\n\n\n<p>\u201cLes digo que es lo mejor para ellos\u201d, dijo.<\/p>\n\n\n\n<p>Khoza dijo que muchos pacientes temen ir a la cl\u00ednica o al hospital y que otros miembros de la comunidad los vean recibiendo tratamiento contra el VIH.<\/p>\n\n\n\n<p>&#8220;En muchos casos recojo los medicamentos contra el VIH en su nombre&#8221;, dijo.<\/p>\n\n\n\n<p>Ryan Wagner, investigador principal del estudio, dijo que las pruebas y el tratamiento a trav\u00e9s de profesionales de la medicina tradicional podr\u00edan &#8220;en \u00faltima instancia conducir al fin de los nuevos casos de VIH en comunidades como la rural Mpumalanga, que tiene una de las mayores cargas de VIH a nivel mundial&#8221;.<\/p>\n\n\n\n<p>Los investigadores esperan que sus hallazgos inspiren al gobierno de Sud\u00e1frica a implementar este tipo de capacitaci\u00f3n en todo el pa\u00eds.<\/p>\n","protected":false},"excerpt":{"rendered":"<p>El estigma sigue siendo alto en las zonas rurales. POR MOGOMOTSI MAGOME BUSHBUCKRIDGE, Sud\u00e1frica (AP) \u2014 Las paredes de la caba\u00f1a de Shadrack Mashabane en la ciudad rural sudafricana de&hellip;<\/p>\n","protected":false},"author":2,"featured_media":84806,"comment_status":"open","ping_status":"open","sticky":false,"template":"","format":"standard","meta":{"content-type":"","jetpack_post_was_ever_published":false,"_jetpack_newsletter_access":"","_jetpack_dont_email_post_to_subs":false,"_jetpack_newsletter_tier_id":0,"_jetpack_memberships_contains_paywalled_content":false,"_jetpack_memberships_contains_paid_content":false,"footnotes":""},"categories":[1],"tags":[13604,1020,13603,4801],"class_list":["post-84805","post","type-post","status-publish","format-standard","has-post-thumbnail","hentry","category-sin-categoria","tag-curanderos","tag-lucha","tag-sudafrica","tag-vih"],"jetpack_featured_media_url":"https:\/\/lasprimeras.com.do\/wp-content\/uploads\/2024\/06\/curanderos.jpg","jetpack-related-posts":[{"id":107118,"url":"https:\/\/lasprimeras.com.do\/index.php\/2025\/08\/24\/los-mas-vulnerables-en-sudafrica-batallan-por-acceder-a-medicamentos-contra-vih-tras-recorte-de-eeuu\/","url_meta":{"origin":84805,"position":0},"title":"Los m\u00e1s vulnerables en Sud\u00e1frica batallan por acceder a medicamentos contra VIH tras recorte de EEUU","author":"Nelson Feliz","date":"24 de agosto de 2025","format":false,"excerpt":"POR LOUISE DEWAST JOHANNESBURGO (AP) \u2014 En una c\u00e1lida noche en Johannesburgo, la noticia se propag\u00f3 como un reguero de p\u00f3lvora entre las trabajadoras sexuales: en 24 horas, varias cl\u00ednicas sin fines de lucro que proporcionaban servicios gratuitos de VIH cerrar\u00edan una vez que el presidente estadounidense Donald Trump anunci\u00f3\u2026","rel":"","context":"En \u00abSALUD\u00bb","block_context":{"text":"SALUD","link":"https:\/\/lasprimeras.com.do\/index.php\/category\/salud\/"},"img":{"alt_text":"","src":"https:\/\/i0.wp.com\/lasprimeras.com.do\/wp-content\/uploads\/2025\/08\/MEDICAMENTOS.jpg?resize=350%2C200&ssl=1","width":350,"height":200,"srcset":"https:\/\/i0.wp.com\/lasprimeras.com.do\/wp-content\/uploads\/2025\/08\/MEDICAMENTOS.jpg?resize=350%2C200&ssl=1 1x, https:\/\/i0.wp.com\/lasprimeras.com.do\/wp-content\/uploads\/2025\/08\/MEDICAMENTOS.jpg?resize=525%2C300&ssl=1 1.5x, https:\/\/i0.wp.com\/lasprimeras.com.do\/wp-content\/uploads\/2025\/08\/MEDICAMENTOS.jpg?resize=700%2C400&ssl=1 2x"},"classes":[]},{"id":103061,"url":"https:\/\/lasprimeras.com.do\/index.php\/2025\/07\/11\/la-onu-advierte-que-millones-moriran-en-2029-si-no-se-reemplaza-la-financiacion-estadounidense-para-programas-contra-el-vih\/","url_meta":{"origin":84805,"position":1},"title":"La ONU advierte que millones morir\u00e1n en 2029 si no se reemplaza la financiaci\u00f3n estadounidense para programas contra el VIH","author":"Nelson Feliz","date":"11 de julio de 2025","format":false,"excerpt":"Por MARIA CHENG LONDRES (AP) \u2014 A\u00f1os de inversi\u00f3n liderada por Estados Unidos en programas contra el sida han reducido el n\u00famero de personas muertas por la enfermedad a los niveles m\u00e1s bajos vistos en m\u00e1s de tres d\u00e9cadas y han proporcionado medicamentos que salvan vidas a algunos de los\u2026","rel":"","context":"En \u00abSALUD\u00bb","block_context":{"text":"SALUD","link":"https:\/\/lasprimeras.com.do\/index.php\/category\/salud\/"},"img":{"alt_text":"","src":"https:\/\/i0.wp.com\/lasprimeras.com.do\/wp-content\/uploads\/2025\/07\/onu.jpg?resize=350%2C200&ssl=1","width":350,"height":200,"srcset":"https:\/\/i0.wp.com\/lasprimeras.com.do\/wp-content\/uploads\/2025\/07\/onu.jpg?resize=350%2C200&ssl=1 1x, https:\/\/i0.wp.com\/lasprimeras.com.do\/wp-content\/uploads\/2025\/07\/onu.jpg?resize=525%2C300&ssl=1 1.5x, https:\/\/i0.wp.com\/lasprimeras.com.do\/wp-content\/uploads\/2025\/07\/onu.jpg?resize=700%2C400&ssl=1 2x"},"classes":[]},{"id":90563,"url":"https:\/\/lasprimeras.com.do\/index.php\/2024\/10\/24\/salud-publica-fortalece-los-mecanismos-de-deteccion-de-las-its\/","url_meta":{"origin":84805,"position":2},"title":"Salud P\u00fablica fortalece los mecanismos de detecci\u00f3n de las ITS","author":"Nelson Feliz","date":"24 de octubre de 2024","format":false,"excerpt":"M\u00f3nica Thormann destac\u00f3 que, en Rep\u00fablica Dominicana, las infecciones por VIH se redujeron en un 7 % El Ministerio de Salud P\u00fablica, a trav\u00e9s de su Programa de Control de las Infecciones de Transmisi\u00f3n Sexual (ITS), VIH y Hepatitis, reafirm\u00f3 este jueves el compromiso de lucha contra esas enfermedades, con\u2026","rel":"","context":"En \u00abPORTADA\u00bb","block_context":{"text":"PORTADA","link":"https:\/\/lasprimeras.com.do\/index.php\/category\/portada\/"},"img":{"alt_text":"Salud P\u00fablica","src":"https:\/\/i0.wp.com\/lasprimeras.com.do\/wp-content\/uploads\/2024\/10\/Salud-Publica.jpg?resize=350%2C200&ssl=1","width":350,"height":200,"srcset":"https:\/\/i0.wp.com\/lasprimeras.com.do\/wp-content\/uploads\/2024\/10\/Salud-Publica.jpg?resize=350%2C200&ssl=1 1x, https:\/\/i0.wp.com\/lasprimeras.com.do\/wp-content\/uploads\/2024\/10\/Salud-Publica.jpg?resize=525%2C300&ssl=1 1.5x, https:\/\/i0.wp.com\/lasprimeras.com.do\/wp-content\/uploads\/2024\/10\/Salud-Publica.jpg?resize=700%2C400&ssl=1 2x"},"classes":[]},{"id":71277,"url":"https:\/\/lasprimeras.com.do\/index.php\/2023\/12\/18\/pacientes-con-vih-sida-reciben-atenciones-en-el-materno-infantil-nuestra-senora-de-la-altagracia\/","url_meta":{"origin":84805,"position":3},"title":"Pacientes con VIH-SIDA reciben atenciones en el Materno Infantil Nuestra Se\u00f1ora de La Altagracia","author":"Nelson Feliz","date":"18 de diciembre de 2023","format":false,"excerpt":"Unidad de VIH-SIDA en el Hospital Materno Infantil Nuestra Se\u00f1ora de La Altagracia inform\u00f3 que actualmente brinda servicio a 2,400 pacientes activos, mientras que otros 520 han abandonado el programa. Albania Melo, encargada del Programa de Atenci\u00f3n Integral de ese centro de salud, destac\u00f3 el compromiso del pa\u00eds en lograr\u2026","rel":"","context":"En \u00abSin categor\u00eda\u00bb","block_context":{"text":"Sin categor\u00eda","link":"https:\/\/lasprimeras.com.do\/index.php\/category\/sin-categoria\/"},"img":{"alt_text":"Materno Infantil Nuestra Se\u00f1ora de La Altagracia","src":"https:\/\/i0.wp.com\/lasprimeras.com.do\/wp-content\/uploads\/2023\/12\/Materno-Infantil-Nuestra-Senora-de-La-Altagracia.jpg?resize=350%2C200&ssl=1","width":350,"height":200,"srcset":"https:\/\/i0.wp.com\/lasprimeras.com.do\/wp-content\/uploads\/2023\/12\/Materno-Infantil-Nuestra-Senora-de-La-Altagracia.jpg?resize=350%2C200&ssl=1 1x, https:\/\/i0.wp.com\/lasprimeras.com.do\/wp-content\/uploads\/2023\/12\/Materno-Infantil-Nuestra-Senora-de-La-Altagracia.jpg?resize=525%2C300&ssl=1 1.5x"},"classes":[]},{"id":119473,"url":"https:\/\/lasprimeras.com.do\/index.php\/2026\/01\/13\/roberto-monclus-alerta-sobre-el-vih-y-demanda-mayor-inversion-en-campanas-de-orientacion-publica\/","url_meta":{"origin":84805,"position":4},"title":"Roberto Moncl\u00fas alerta sobre el VIH y demanda mayor inversi\u00f3n en campa\u00f1as de orientaci\u00f3n p\u00fablica","author":"Nelson Feliz","date":"13 de enero de 2026","format":false,"excerpt":"El abogado y periodista Roberto Moncl\u00fas emiti\u00f3 hoy una alerta nacional sobre la persistente carga del Virus de Inmunodeficiencia Humana (VIH) tanto en Rep\u00fablica Dominicana como en otras naciones. Monclus llam\u00f3 a las autoridades y a la sociedad civil a incrementar de forma urgente la inversi\u00f3n en campa\u00f1as p\u00fablicas de\u2026","rel":"","context":"En \u00abNACIONALES\u00bb","block_context":{"text":"NACIONALES","link":"https:\/\/lasprimeras.com.do\/index.php\/category\/nacionales\/"},"img":{"alt_text":"Roberto Moncl\u00fas","src":"https:\/\/i0.wp.com\/lasprimeras.com.do\/wp-content\/uploads\/2023\/06\/Roberto-Monclus-1.jpg?resize=350%2C200&ssl=1","width":350,"height":200,"srcset":"https:\/\/i0.wp.com\/lasprimeras.com.do\/wp-content\/uploads\/2023\/06\/Roberto-Monclus-1.jpg?resize=350%2C200&ssl=1 1x, https:\/\/i0.wp.com\/lasprimeras.com.do\/wp-content\/uploads\/2023\/06\/Roberto-Monclus-1.jpg?resize=525%2C300&ssl=1 1.5x, https:\/\/i0.wp.com\/lasprimeras.com.do\/wp-content\/uploads\/2023\/06\/Roberto-Monclus-1.jpg?resize=700%2C400&ssl=1 2x"},"classes":[]},{"id":54942,"url":"https:\/\/lasprimeras.com.do\/index.php\/2023\/07\/16\/advierten-sobre-epidemia-de-vih-en-paraguay-el-aumento-es-sostenido\/","url_meta":{"origin":84805,"position":5},"title":"Advierten sobre \u201cepidemia\u201d de VIH en Paraguay: \u201cEl aumento es sostenido\u201d","author":"Nelson Feliz","date":"16 de julio de 2023","format":false,"excerpt":"El coordinador del Centro de Consejer\u00eda y Vigilancia de VIH, Francisco A\u00f1asco, advirti\u00f3 sobre el aumento sostenido de VIH en el pa\u00eds. El coordinador del Centro de Consejer\u00eda y Vigilancia de VIH, Francisco Ben\u00edtez A\u00f1asco, convers\u00f3 este domingo con radio Monumental 1080 AM y advirti\u00f3 que se puede decir que\u2026","rel":"","context":"En \u00abSin categor\u00eda\u00bb","block_context":{"text":"Sin categor\u00eda","link":"https:\/\/lasprimeras.com.do\/index.php\/category\/sin-categoria\/"},"img":{"alt_text":"Advierten sobre el aumento sostenido de VIH en el pa\u00eds.","src":"https:\/\/i0.wp.com\/lasprimeras.com.do\/wp-content\/uploads\/2023\/07\/VIH.jpg?resize=350%2C200&ssl=1","width":350,"height":200,"srcset":"https:\/\/i0.wp.com\/lasprimeras.com.do\/wp-content\/uploads\/2023\/07\/VIH.jpg?resize=350%2C200&ssl=1 1x, https:\/\/i0.wp.com\/lasprimeras.com.do\/wp-content\/uploads\/2023\/07\/VIH.jpg?resize=525%2C300&ssl=1 1.5x, https:\/\/i0.wp.com\/lasprimeras.com.do\/wp-content\/uploads\/2023\/07\/VIH.jpg?resize=700%2C400&ssl=1 2x"},"classes":[]}],"jetpack_sharing_enabled":true,"_links":{"self":[{"href":"https:\/\/lasprimeras.com.do\/index.php\/wp-json\/wp\/v2\/posts\/84805","targetHints":{"allow":["GET"]}}],"collection":[{"href":"https:\/\/lasprimeras.com.do\/index.php\/wp-json\/wp\/v2\/posts"}],"about":[{"href":"https:\/\/lasprimeras.com.do\/index.php\/wp-json\/wp\/v2\/types\/post"}],"author":[{"embeddable":true,"href":"https:\/\/lasprimeras.com.do\/index.php\/wp-json\/wp\/v2\/users\/2"}],"replies":[{"embeddable":true,"href":"https:\/\/lasprimeras.com.do\/index.php\/wp-json\/wp\/v2\/comments?post=84805"}],"version-history":[{"count":1,"href":"https:\/\/lasprimeras.com.do\/index.php\/wp-json\/wp\/v2\/posts\/84805\/revisions"}],"predecessor-version":[{"id":84807,"href":"https:\/\/lasprimeras.com.do\/index.php\/wp-json\/wp\/v2\/posts\/84805\/revisions\/84807"}],"wp:featuredmedia":[{"embeddable":true,"href":"https:\/\/lasprimeras.com.do\/index.php\/wp-json\/wp\/v2\/media\/84806"}],"wp:attachment":[{"href":"https:\/\/lasprimeras.com.do\/index.php\/wp-json\/wp\/v2\/media?parent=84805"}],"wp:term":[{"taxonomy":"category","embeddable":true,"href":"https:\/\/lasprimeras.com.do\/index.php\/wp-json\/wp\/v2\/categories?post=84805"},{"taxonomy":"post_tag","embeddable":true,"href":"https:\/\/lasprimeras.com.do\/index.php\/wp-json\/wp\/v2\/tags?post=84805"}],"curies":[{"name":"wp","href":"https:\/\/api.w.org\/{rel}","templated":true}]}}