{"id":84811,"date":"2024-06-16T12:47:23","date_gmt":"2024-06-16T16:47:23","guid":{"rendered":"https:\/\/lasprimeras.com.do\/?p=84811"},"modified":"2024-06-16T12:47:24","modified_gmt":"2024-06-16T16:47:24","slug":"los-tratamientos-faciales-de-vampiros-estaban-relacionados-con-casos-de-vih","status":"publish","type":"post","link":"https:\/\/lasprimeras.com.do\/index.php\/2024\/06\/16\/los-tratamientos-faciales-de-vampiros-estaban-relacionados-con-casos-de-vih\/","title":{"rendered":"Los &#8216;tratamientos faciales de vampiros&#8217; estaban relacionados con casos de VIH"},"content":{"rendered":"\n<p>Esto es lo que debe saber sobre el tratamiento de belleza.<\/p>\n\n\n\n<p>POR ALEXA ST. JOHN<\/p>\n\n\n\n<p>Tres mujeres fueron diagnosticadas con VIH despu\u00e9s de someterse a procedimientos &#8220;faciales vamp\u00edricos&#8221; en un spa m\u00e9dico sin licencia de Nuevo M\u00e9xico, dijeron los Centros para el Control y la Prevenci\u00f3n de Enfermedades en un informe la semana pasada, lo que marca los primeros casos documentados de personas que contraen el virus a trav\u00e9s de servicios cosm\u00e9ticos que utilizan agujas. .<\/p>\n\n\n\n<p>Funcionarios federales de salud dijeron en un nuevo informe que una investigaci\u00f3n realizada entre 2018 y 2023 en la cl\u00ednica VIP Spa de Albuquerque encontr\u00f3 que aparentemente reutilizaba equipos desechables destinados a un solo uso, transmitiendo el VIH a los clientes a trav\u00e9s de sus servicios a trav\u00e9s de sangre contaminada.<\/p>\n\n\n\n<p>\u00bfQU\u00c9 ES UN FACIAL DE VAMPIRO? \u00bfES SEGURO?<\/p>\n\n\n\n<p>Los tratamientos faciales de vampiro, formalmente conocidos como tratamientos faciales con microagujas de plasma rico en plaquetas, son procedimientos cosm\u00e9ticos destinados a rejuvenecer la piel, haci\u00e9ndola lucir m\u00e1s juvenil y reduciendo las cicatrices del acn\u00e9 y las arrugas, seg\u00fan la Academia Estadounidense de Dermatolog\u00eda.<\/p>\n\n\n\n<p>Despu\u00e9s de que se extrae la sangre de un cliente, una m\u00e1quina la separa en plaquetas y c\u00e9lulas.<\/p>\n\n\n\n<p>Luego, el plasma se inyecta en la cara del cliente, ya sea a trav\u00e9s de agujas est\u00e9riles desechables de un solo uso o de usos m\u00faltiples.<\/p>\n\n\n\n<p>Los tratamientos faciales de vampiros han ganado popularidad en los \u00faltimos a\u00f1os a medida que celebridades como Kim Kardashian han publicitado el procedimiento.<\/p>\n\n\n\n<p>La transmisi\u00f3n del VIH a trav\u00e9s de inyecciones no esterilizadas es un riesgo conocido en los tratamientos de belleza y otros servicios, dicen las autoridades.<\/p>\n\n\n\n<p>A pesar de esto, la Academia dice que los tratamientos faciales de vampiros son generalmente seguros.<\/p>\n\n\n\n<p>Los funcionarios de salud dicen que las instalaciones de spa que ofrecen servicios de inyecciones cosm\u00e9ticas deben practicar un control adecuado de infecciones y mantener registros de los clientes para ayudar a prevenir la transmisi\u00f3n de pat\u00f3genos transmitidos por la sangre, como el VIH.<\/p>\n\n\n\n<p>\u00bfESTE PROCESO SE UTILIZA EN OTROS PROCEDIMIENTOS?<\/p>\n\n\n\n<p>Las inyecciones de plasma rico en plaquetas fueron inicialmente las m\u00e1s utilizadas en medicina para injertos \u00f3seos y osteoartritis, y luego se hicieron populares en tratamientos cosm\u00e9ticos.<\/p>\n\n\n\n<p>Otros servicios, como Botox y rellenos de labios, tambi\u00e9n se entregan con agujas, al igual que los tatuajes.<\/p>\n\n\n\n<p>Aunque este procedimiento funciona para el crecimiento del cabello, su uso con fines de rejuvenecimiento no est\u00e1 aprobado por la Administraci\u00f3n de Alimentos y Medicamentos, dijo Zakia Rahman, profesora cl\u00ednica de dermatolog\u00eda en la Universidad de Stanford.<\/p>\n\n\n\n<p>Pero a medida que estos procedimientos crecen en popularidad, dijo, es &#8220;importante que la gente sepa y comprenda que un procedimiento m\u00e9dico debe realizarse en un entorno m\u00e9dico&#8221;.<\/p>\n\n\n\n<p>\u00bfC\u00d3MO SE VINCULARON LOS CASOS DE VIH CON EL SPA?<\/p>\n\n\n\n<p>Durante el verano de 2018, se notific\u00f3 al Departamento de Salud de Nuevo M\u00e9xico que a una mujer sin factores de riesgo de VIH conocidos se le diagnostic\u00f3 una infecci\u00f3n por VIH despu\u00e9s de recibir los servicios faciales vamp\u00edricos del spa esa primavera.<\/p>\n\n\n\n<p>Durante la investigaci\u00f3n se encontraron cepas similares de VIH en tres mujeres, todas ellas antiguas clientas del spa. La evidencia sugiri\u00f3 que la contaminaci\u00f3n de los servicios en el spa result\u00f3 en pruebas de infecci\u00f3n por VIH positivas para estos tres pacientes, seg\u00fan el informe de los CDC.<\/p>\n\n\n\n<p>Se descubri\u00f3 que otra mujer, que tambi\u00e9n recibi\u00f3 servicios en el spa, y su pareja sexual masculina, que no fue al spa, ten\u00edan una cepa de VIH similar, pero los diagn\u00f3sticos de VIH para estos dos pacientes \u201cprobablemente se atribuyeron a exposiciones antes de recibir servicios de inyecci\u00f3n cosm\u00e9tica\u201d, dijeron los CDC.<\/p>\n\n\n\n<p>Los funcionarios de salud encontraron equipos que conten\u00edan sangre en el mostrador de la cocina, tubos de sangre sin etiquetar e inyectables en el refrigerador junto con alimentos y jeringas desenvueltas que no se desecharon adecuadamente.<\/p>\n\n\n\n<p>El informe de los CDC dijo que no se encontr\u00f3 en el spa un esterilizador de vapor, conocido como autoclave, que es necesario para limpiar el equipo que se reutiliza.<\/p>\n\n\n\n<p>\u00bfHAY OTROS PACIENTES EN RIESGO?<\/p>\n\n\n\n<p>A trav\u00e9s de la investigaci\u00f3n del Departamento de Salud de Nuevo M\u00e9xico, casi 200 antiguos clientes del spa y sus parejas sexuales fueron sometidos a pruebas de VIH y no se encontraron infecciones adicionales.<\/p>\n\n\n\n<p>Seg\u00fan los CDC, las pruebas gratuitas siguen estando disponibles para quienes anteriormente frecuentaban el spa.<\/p>\n\n\n\n<p>\u201cCreo que someterse a un procedimiento m\u00e9dico en un entorno no m\u00e9dico es el mayor peligro de todos\u201d, dijo Rahman. \u201cNo vale la pena poner en riesgo tu vida por tener ese descuento o el costo m\u00e1s bajo\u201d.<\/p>\n\n\n\n<p>&#8220;Existe una serie de procedimientos y procesos para garantizar que estos tratamientos se realicen de forma segura y en entornos m\u00e9dicos&#8221;, dijo. &#8220;Todas estas cosas est\u00e1n implementadas para reducir realmente ese riesgo y, cuando se hacen de manera segura, los riesgos son extraordinariamente bajos&#8221;.<\/p>\n\n\n\n<p>\u00bfQU\u00c9 PAS\u00d3 CON EL DUE\u00d1O DEL SPA?<\/p>\n\n\n\n<p>La ex propietaria de VIP Spa, Mar\u00eda de Lourdes Ramos de Ruiz, se declar\u00f3 culpable en 2022 de cinco delitos graves por practicar la medicina sin licencia, incluida la realizaci\u00f3n de tratamientos faciales de vampiros sin licencia.<\/p>\n\n\n\n<p>La oficina del Fiscal General de Nuevo M\u00e9xico dijo que Ramos de Ruiz tambi\u00e9n realiz\u00f3 procedimientos ilegales de inyecci\u00f3n de plasma y Botox.<\/p>\n\n\n\n<p>Seg\u00fan los fiscales , las inspecciones realizadas por los departamentos estatales de salud, regulaci\u00f3n y licencias encontraron violaciones del c\u00f3digo y el spa cerr\u00f3 en el oto\u00f1o de 2018 despu\u00e9s de que se iniciara la investigaci\u00f3n.<\/p>\n\n\n\n<p>Ramos de Ruiz fue sentenciado a siete a\u00f1os y medio, con cuatro a\u00f1os suspendidos en libertad condicional supervisada, tres a\u00f1os y medio de prisi\u00f3n y libertad condicional, seg\u00fan documentos judiciales.<\/p>\n\n\n\n<p>Ra\u00fal A. L\u00f3pez, abogado de Ramos de Ruiz, no respondi\u00f3 de inmediato a solicitudes de comentarios.<\/p>\n","protected":false},"excerpt":{"rendered":"<p>Esto es lo que debe saber sobre el tratamiento de belleza. POR ALEXA ST. JOHN Tres mujeres fueron diagnosticadas con VIH despu\u00e9s de someterse a procedimientos &#8220;faciales vamp\u00edricos&#8221; en un&hellip;<\/p>\n","protected":false},"author":2,"featured_media":84812,"comment_status":"open","ping_status":"open","sticky":false,"template":"","format":"standard","meta":{"content-type":"","jetpack_post_was_ever_published":false,"_jetpack_newsletter_access":"","_jetpack_dont_email_post_to_subs":false,"_jetpack_newsletter_tier_id":0,"_jetpack_memberships_contains_paywalled_content":false,"_jetpack_memberships_contains_paid_content":false,"footnotes":""},"categories":[1],"tags":[13606,13609,13607,13608,4801],"class_list":["post-84811","post","type-post","status-publish","format-standard","has-post-thumbnail","hentry","category-sin-categoria","tag-faciales","tag-relacionados","tag-tratamientos","tag-vampiros","tag-vih"],"jetpack_featured_media_url":"https:\/\/lasprimeras.com.do\/wp-content\/uploads\/2024\/06\/Tratamientos-faciales.jpg","jetpack-related-posts":[{"id":84805,"url":"https:\/\/lasprimeras.com.do\/index.php\/2024\/06\/16\/en-sudafrica-los-curanderos-tradicionales-se-unen-a-la-lucha-contra-el-vih\/","url_meta":{"origin":84811,"position":0},"title":"En Sud\u00e1frica, los curanderos tradicionales se unen a la lucha contra el VIH","author":"Nelson Feliz","date":"16 de junio de 2024","format":false,"excerpt":"El estigma sigue siendo alto en las zonas rurales. POR MOGOMOTSI MAGOME BUSHBUCKRIDGE, Sud\u00e1frica (AP) \u2014 Las paredes de la caba\u00f1a de Shadrack Mashabane en la ciudad rural sudafricana de Bushbuckridge est\u00e1n cubiertas con telas tradicionales y una peque\u00f1a ventana es la \u00fanica fuente de luz.Lo que destaca entre las\u2026","rel":"","context":"En \u00abSin categor\u00eda\u00bb","block_context":{"text":"Sin categor\u00eda","link":"https:\/\/lasprimeras.com.do\/index.php\/category\/sin-categoria\/"},"img":{"alt_text":"","src":"https:\/\/i0.wp.com\/lasprimeras.com.do\/wp-content\/uploads\/2024\/06\/curanderos.jpg?resize=350%2C200&ssl=1","width":350,"height":200,"srcset":"https:\/\/i0.wp.com\/lasprimeras.com.do\/wp-content\/uploads\/2024\/06\/curanderos.jpg?resize=350%2C200&ssl=1 1x, https:\/\/i0.wp.com\/lasprimeras.com.do\/wp-content\/uploads\/2024\/06\/curanderos.jpg?resize=525%2C300&ssl=1 1.5x, https:\/\/i0.wp.com\/lasprimeras.com.do\/wp-content\/uploads\/2024\/06\/curanderos.jpg?resize=700%2C400&ssl=1 2x"},"classes":[]},{"id":54942,"url":"https:\/\/lasprimeras.com.do\/index.php\/2023\/07\/16\/advierten-sobre-epidemia-de-vih-en-paraguay-el-aumento-es-sostenido\/","url_meta":{"origin":84811,"position":1},"title":"Advierten sobre \u201cepidemia\u201d de VIH en Paraguay: \u201cEl aumento es sostenido\u201d","author":"Nelson Feliz","date":"16 de julio de 2023","format":false,"excerpt":"El coordinador del Centro de Consejer\u00eda y Vigilancia de VIH, Francisco A\u00f1asco, advirti\u00f3 sobre el aumento sostenido de VIH en el pa\u00eds. El coordinador del Centro de Consejer\u00eda y Vigilancia de VIH, Francisco Ben\u00edtez A\u00f1asco, convers\u00f3 este domingo con radio Monumental 1080 AM y advirti\u00f3 que se puede decir que\u2026","rel":"","context":"En \u00abSin categor\u00eda\u00bb","block_context":{"text":"Sin categor\u00eda","link":"https:\/\/lasprimeras.com.do\/index.php\/category\/sin-categoria\/"},"img":{"alt_text":"Advierten sobre el aumento sostenido de VIH en el pa\u00eds.","src":"https:\/\/i0.wp.com\/lasprimeras.com.do\/wp-content\/uploads\/2023\/07\/VIH.jpg?resize=350%2C200&ssl=1","width":350,"height":200,"srcset":"https:\/\/i0.wp.com\/lasprimeras.com.do\/wp-content\/uploads\/2023\/07\/VIH.jpg?resize=350%2C200&ssl=1 1x, https:\/\/i0.wp.com\/lasprimeras.com.do\/wp-content\/uploads\/2023\/07\/VIH.jpg?resize=525%2C300&ssl=1 1.5x, https:\/\/i0.wp.com\/lasprimeras.com.do\/wp-content\/uploads\/2023\/07\/VIH.jpg?resize=700%2C400&ssl=1 2x"},"classes":[]},{"id":71277,"url":"https:\/\/lasprimeras.com.do\/index.php\/2023\/12\/18\/pacientes-con-vih-sida-reciben-atenciones-en-el-materno-infantil-nuestra-senora-de-la-altagracia\/","url_meta":{"origin":84811,"position":2},"title":"Pacientes con VIH-SIDA reciben atenciones en el Materno Infantil Nuestra Se\u00f1ora de La Altagracia","author":"Nelson Feliz","date":"18 de diciembre de 2023","format":false,"excerpt":"Unidad de VIH-SIDA en el Hospital Materno Infantil Nuestra Se\u00f1ora de La Altagracia inform\u00f3 que actualmente brinda servicio a 2,400 pacientes activos, mientras que otros 520 han abandonado el programa. Albania Melo, encargada del Programa de Atenci\u00f3n Integral de ese centro de salud, destac\u00f3 el compromiso del pa\u00eds en lograr\u2026","rel":"","context":"En \u00abSin categor\u00eda\u00bb","block_context":{"text":"Sin categor\u00eda","link":"https:\/\/lasprimeras.com.do\/index.php\/category\/sin-categoria\/"},"img":{"alt_text":"Materno Infantil Nuestra Se\u00f1ora de La Altagracia","src":"https:\/\/i0.wp.com\/lasprimeras.com.do\/wp-content\/uploads\/2023\/12\/Materno-Infantil-Nuestra-Senora-de-La-Altagracia.jpg?resize=350%2C200&ssl=1","width":350,"height":200,"srcset":"https:\/\/i0.wp.com\/lasprimeras.com.do\/wp-content\/uploads\/2023\/12\/Materno-Infantil-Nuestra-Senora-de-La-Altagracia.jpg?resize=350%2C200&ssl=1 1x, https:\/\/i0.wp.com\/lasprimeras.com.do\/wp-content\/uploads\/2023\/12\/Materno-Infantil-Nuestra-Senora-de-La-Altagracia.jpg?resize=525%2C300&ssl=1 1.5x"},"classes":[]},{"id":90563,"url":"https:\/\/lasprimeras.com.do\/index.php\/2024\/10\/24\/salud-publica-fortalece-los-mecanismos-de-deteccion-de-las-its\/","url_meta":{"origin":84811,"position":3},"title":"Salud P\u00fablica fortalece los mecanismos de detecci\u00f3n de las ITS","author":"Nelson Feliz","date":"24 de octubre de 2024","format":false,"excerpt":"M\u00f3nica Thormann destac\u00f3 que, en Rep\u00fablica Dominicana, las infecciones por VIH se redujeron en un 7 % El Ministerio de Salud P\u00fablica, a trav\u00e9s de su Programa de Control de las Infecciones de Transmisi\u00f3n Sexual (ITS), VIH y Hepatitis, reafirm\u00f3 este jueves el compromiso de lucha contra esas enfermedades, con\u2026","rel":"","context":"En \u00abPORTADA\u00bb","block_context":{"text":"PORTADA","link":"https:\/\/lasprimeras.com.do\/index.php\/category\/portada\/"},"img":{"alt_text":"Salud P\u00fablica","src":"https:\/\/i0.wp.com\/lasprimeras.com.do\/wp-content\/uploads\/2024\/10\/Salud-Publica.jpg?resize=350%2C200&ssl=1","width":350,"height":200,"srcset":"https:\/\/i0.wp.com\/lasprimeras.com.do\/wp-content\/uploads\/2024\/10\/Salud-Publica.jpg?resize=350%2C200&ssl=1 1x, https:\/\/i0.wp.com\/lasprimeras.com.do\/wp-content\/uploads\/2024\/10\/Salud-Publica.jpg?resize=525%2C300&ssl=1 1.5x, https:\/\/i0.wp.com\/lasprimeras.com.do\/wp-content\/uploads\/2024\/10\/Salud-Publica.jpg?resize=700%2C400&ssl=1 2x"},"classes":[]},{"id":95151,"url":"https:\/\/lasprimeras.com.do\/index.php\/2025\/03\/10\/coin-llama-a-crear-politicas-inclusivas-para-mujeres-que-usan-drogas-y-con-vih\/","url_meta":{"origin":84811,"position":4},"title":"COIN llama a crear pol\u00edticas inclusivas para mujeres que usan drogas y con VIH","author":"Nelson Feliz","date":"10 de marzo de 2025","format":false,"excerpt":"El Centro de Orientaci\u00f3n e Investigaci\u00f3n Integral (COIN) alerta sobre los riesgos elevados que enfrentan las mujeres que usan drogas, particularmente en relaci\u00f3n con la infecci\u00f3n por VIH, as\u00ed como las m\u00faltiples barreras que limitan su acceso a servicios de salud y programas de reducci\u00f3n de da\u00f1os. A nivel global,\u2026","rel":"","context":"En \u00abNACIONALES\u00bb","block_context":{"text":"NACIONALES","link":"https:\/\/lasprimeras.com.do\/index.php\/category\/nacionales\/"},"img":{"alt_text":"","src":"https:\/\/i0.wp.com\/lasprimeras.com.do\/wp-content\/uploads\/2025\/03\/COIN.jpg?resize=350%2C200&ssl=1","width":350,"height":200,"srcset":"https:\/\/i0.wp.com\/lasprimeras.com.do\/wp-content\/uploads\/2025\/03\/COIN.jpg?resize=350%2C200&ssl=1 1x, https:\/\/i0.wp.com\/lasprimeras.com.do\/wp-content\/uploads\/2025\/03\/COIN.jpg?resize=525%2C300&ssl=1 1.5x, https:\/\/i0.wp.com\/lasprimeras.com.do\/wp-content\/uploads\/2025\/03\/COIN.jpg?resize=700%2C400&ssl=1 2x"},"classes":[]},{"id":91686,"url":"https:\/\/lasprimeras.com.do\/index.php\/2024\/12\/01\/dia-mundial-del-sida-derribar-los-estigmas-y-abogar-por-la-prevencion\/","url_meta":{"origin":84811,"position":5},"title":"D\u00eda Mundial del Sida: derribar los estigmas y abogar por la prevenci\u00f3n","author":"Nelson Feliz","date":"1 de diciembre de 2024","format":false,"excerpt":"El lema de la conmemoraci\u00f3n en 2024, \"Un paso hacia la igualdad\". Cada 1 de diciembre se conmemora el D\u00eda Mundial del sida con la finalidad de derribar los estigmas asociados a esta enfermedad, as\u00ed como a incentivar su prevenci\u00f3n, diagn\u00f3stico oportuno y acceso al tratamiento. De acuerdo con el\u2026","rel":"","context":"En \u00abNACIONALES\u00bb","block_context":{"text":"NACIONALES","link":"https:\/\/lasprimeras.com.do\/index.php\/category\/nacionales\/"},"img":{"alt_text":"","src":"","width":0,"height":0},"classes":[]}],"jetpack_sharing_enabled":true,"_links":{"self":[{"href":"https:\/\/lasprimeras.com.do\/index.php\/wp-json\/wp\/v2\/posts\/84811","targetHints":{"allow":["GET"]}}],"collection":[{"href":"https:\/\/lasprimeras.com.do\/index.php\/wp-json\/wp\/v2\/posts"}],"about":[{"href":"https:\/\/lasprimeras.com.do\/index.php\/wp-json\/wp\/v2\/types\/post"}],"author":[{"embeddable":true,"href":"https:\/\/lasprimeras.com.do\/index.php\/wp-json\/wp\/v2\/users\/2"}],"replies":[{"embeddable":true,"href":"https:\/\/lasprimeras.com.do\/index.php\/wp-json\/wp\/v2\/comments?post=84811"}],"version-history":[{"count":1,"href":"https:\/\/lasprimeras.com.do\/index.php\/wp-json\/wp\/v2\/posts\/84811\/revisions"}],"predecessor-version":[{"id":84813,"href":"https:\/\/lasprimeras.com.do\/index.php\/wp-json\/wp\/v2\/posts\/84811\/revisions\/84813"}],"wp:featuredmedia":[{"embeddable":true,"href":"https:\/\/lasprimeras.com.do\/index.php\/wp-json\/wp\/v2\/media\/84812"}],"wp:attachment":[{"href":"https:\/\/lasprimeras.com.do\/index.php\/wp-json\/wp\/v2\/media?parent=84811"}],"wp:term":[{"taxonomy":"category","embeddable":true,"href":"https:\/\/lasprimeras.com.do\/index.php\/wp-json\/wp\/v2\/categories?post=84811"},{"taxonomy":"post_tag","embeddable":true,"href":"https:\/\/lasprimeras.com.do\/index.php\/wp-json\/wp\/v2\/tags?post=84811"}],"curies":[{"name":"wp","href":"https:\/\/api.w.org\/{rel}","templated":true}]}}