{"id":84814,"date":"2024-06-16T13:07:07","date_gmt":"2024-06-16T17:07:07","guid":{"rendered":"https:\/\/lasprimeras.com.do\/?p=84814"},"modified":"2024-06-16T13:07:08","modified_gmt":"2024-06-16T17:07:08","slug":"dominguez-brito-el-pld-tiene-que-reconectar-con-la-sociedad-para-enfrentar-nuevos-retos","status":"publish","type":"post","link":"https:\/\/lasprimeras.com.do\/index.php\/2024\/06\/16\/dominguez-brito-el-pld-tiene-que-reconectar-con-la-sociedad-para-enfrentar-nuevos-retos\/","title":{"rendered":"Dom\u00ednguez Brito: \u201cEl PLD tiene que reconectar con la sociedad para enfrentar nuevos retos\u201d"},"content":{"rendered":"\n<p><strong>Francisco Dom\u00ednguez Brito: \u201cJunto a la evaluaci\u00f3n y autocr\u00edtica, el PLD debe llenarse de energ\u00eda y valor para asumir la defensa de la poblaci\u00f3n\u201d<\/strong><\/p>\n\n\n\n<p>El miembro del Comit\u00e9 Pol\u00edtico de la Partido de la Liberaci\u00f3n Dominicana (PLD), Francisco Dom\u00ednguez Brito, manifest\u00f3 que esta organizaci\u00f3n, despu\u00e9s del fracaso electoral pasado debe someterse a un proceso serio de reflexi\u00f3n y autocr\u00edtica, tiene que \u201cllenarse de energ\u00eda y valor para asumir la defensa de la poblaci\u00f3n\u201d.<\/p>\n\n\n\n<p>\u201cLa poblaci\u00f3n no resiste la actual situaci\u00f3n, el costo de la vida sigue aumentando, los salarios son muy bajos, entre otros males, lo que impone que sigamos manteniendo una posici\u00f3n de defensa de los intereses nacionales\u201d, dijo Dom\u00ednguez Brito en el programa radial \u201cEl Sol de la Tarde\u201d.<\/p>\n\n\n\n<p>Dom\u00ednguez Brito considera que hacia esos objetivos debe girar el convocado X Congreso Ordinario del PLD.<\/p>\n\n\n\n<p>El dirigente pol\u00edtico, explic\u00f3 que tal y como se aprob\u00f3 en el Comit\u00e9 Central el Congreso especializar\u00e1 el primer mes de los tres meses que durar\u00e1 para la evaluaci\u00f3n que debe ir de lo particular a lo general y de los general a lo particular.<\/p>\n\n\n\n<p>Entiende que, en los distritos municipales, municipios, circunscripciones, provincias y seccionales, la militancia partidaria tiene que realizar una especie de FODA, es decir ahondar sobre las debilidades, fortalezas y oportunidades del Partido.<\/p>\n\n\n\n<p>\u201cLa verdad tiene que venir de la participaci\u00f3n de miembros y militantes en un proceso evaluativo sincero, no impuesto. Saber escuchar es fundamental en una instituci\u00f3n\u201d, agreg\u00f3 como lo rese\u00f1a el PLD en un despacho de prensa.<\/p>\n\n\n\n<p>En un mensaje que envi\u00f3 a sus compa\u00f1eros y compa\u00f1eras de Partido, aprovechando su participaci\u00f3n en el espacio radial, Francisco Dom\u00ednguez Brito llam\u00f3 a \u201clevantar la cabeza, reconectar con la sociedad para afrontar los retos que tenemos por delante\u201d.<\/p>\n\n\n\n<p>Al plantear la necesidad de una revisi\u00f3n completa de arriba hacia abajo y de abajo hacia arriba, el ex Senador de la Rep\u00fablica, dijo que nadie tiene el monopolio de la verdad.<\/p>\n","protected":false},"excerpt":{"rendered":"<p>Francisco Dom\u00ednguez Brito: \u201cJunto a la evaluaci\u00f3n y autocr\u00edtica, el PLD debe llenarse de energ\u00eda y valor para asumir la defensa de la poblaci\u00f3n\u201d El miembro del Comit\u00e9 Pol\u00edtico de&hellip;<\/p>\n","protected":false},"author":2,"featured_media":84815,"comment_status":"open","ping_status":"open","sticky":false,"template":"","format":"standard","meta":{"content-type":"","jetpack_post_was_ever_published":false,"_jetpack_newsletter_access":"","_jetpack_dont_email_post_to_subs":false,"_jetpack_newsletter_tier_id":0,"_jetpack_memberships_contains_paywalled_content":false,"_jetpack_memberships_contains_paid_content":false,"footnotes":""},"categories":[25],"tags":[7940,269,13610,2691,1693],"class_list":["post-84814","post","type-post","status-publish","format-standard","has-post-thumbnail","hentry","category-portada","tag-francisco-dominguez-brito","tag-pld","tag-reconectar","tag-retos","tag-sociedad"],"jetpack_featured_media_url":"https:\/\/lasprimeras.com.do\/wp-content\/uploads\/2024\/06\/Francisco-Dominguez-Brito.jpg","jetpack-related-posts":[{"id":123006,"url":"https:\/\/lasprimeras.com.do\/index.php\/2026\/02\/24\/francisco-dominguez-brito-responde-a-celso-marranzini-denuncia-colapso-del-sistema-electrico\/","url_meta":{"origin":84814,"position":0},"title":"Francisco Dom\u00ednguez Brito responde a Celso Marranzini: Denuncia colapso del sistema el\u00e9ctrico","author":"Nelson Feliz","date":"24 de febrero de 2026","format":false,"excerpt":"El miembro del Comit\u00e9 Politico del Partido de la Liberaci\u00f3n Dominicana (PLD), Francisco Dom\u00ednguez Brito, dijo acepta el reto planteado por el presidente del Consejo Unificado de las Empresas Distribuidoras de Electricidad, Celso Marranzini, asegurando que asumir\u00e1 el control del sistema el\u00e9ctrico nacional \u201ca partir del 2028, cuando el PLD\u2026","rel":"","context":"En \u00abPOLITICA\u00bb","block_context":{"text":"POLITICA","link":"https:\/\/lasprimeras.com.do\/index.php\/category\/politica\/"},"img":{"alt_text":"Francisco Dom\u00ednguez Brito","src":"https:\/\/i0.wp.com\/lasprimeras.com.do\/wp-content\/uploads\/2026\/02\/Francisco-Dominguez-Brito-2.jpg?resize=350%2C200&ssl=1","width":350,"height":200,"srcset":"https:\/\/i0.wp.com\/lasprimeras.com.do\/wp-content\/uploads\/2026\/02\/Francisco-Dominguez-Brito-2.jpg?resize=350%2C200&ssl=1 1x, https:\/\/i0.wp.com\/lasprimeras.com.do\/wp-content\/uploads\/2026\/02\/Francisco-Dominguez-Brito-2.jpg?resize=525%2C300&ssl=1 1.5x"},"classes":[]},{"id":120398,"url":"https:\/\/lasprimeras.com.do\/index.php\/2026\/01\/23\/dominguez-brito-la-corrupcion-es-el-pecado-social-que-mas-duele-al-pueblo-dominicano\/","url_meta":{"origin":84814,"position":1},"title":"Dom\u00ednguez Brito: La corrupci\u00f3n es el pecado social que m\u00e1s duele al pueblo dominicano","author":"Nelson Feliz","date":"23 de enero de 2026","format":false,"excerpt":"El precandidato presidencial por el Partido de la Liberaci\u00f3n Dominicana (PLD), Francisco Dom\u00ednguez Brito, valor\u00f3 la carta pastoral emitida por la Conferencia del Episcopado Dominicano y los pronunciamientos realizados con motivo del \"D\u00eda de Nuestra Se\u00f1ora de la Altagracia \" , destacando el llamado firme de la Iglesia a la\u2026","rel":"","context":"En \u00abPOLITICA\u00bb","block_context":{"text":"POLITICA","link":"https:\/\/lasprimeras.com.do\/index.php\/category\/politica\/"},"img":{"alt_text":"Francisco Dom\u00ednguez Brito","src":"https:\/\/i0.wp.com\/lasprimeras.com.do\/wp-content\/uploads\/2025\/06\/Francisco-Dominguez-Brito.jpg?resize=350%2C200&ssl=1","width":350,"height":200,"srcset":"https:\/\/i0.wp.com\/lasprimeras.com.do\/wp-content\/uploads\/2025\/06\/Francisco-Dominguez-Brito.jpg?resize=350%2C200&ssl=1 1x, https:\/\/i0.wp.com\/lasprimeras.com.do\/wp-content\/uploads\/2025\/06\/Francisco-Dominguez-Brito.jpg?resize=525%2C300&ssl=1 1.5x, https:\/\/i0.wp.com\/lasprimeras.com.do\/wp-content\/uploads\/2025\/06\/Francisco-Dominguez-Brito.jpg?resize=700%2C400&ssl=1 2x"},"classes":[]},{"id":113680,"url":"https:\/\/lasprimeras.com.do\/index.php\/2025\/11\/05\/johnny-pujols-el-pld-por-definir-las-aspiraciones-presidenciales\/","url_meta":{"origin":84814,"position":2},"title":"Johnny Pujols: El PLD por definir las aspiraciones presidenciales","author":"Nelson Feliz","date":"5 de noviembre de 2025","format":false,"excerpt":"La Comisi\u00f3n del PLD conformada para trabajar el Protocolo de Aspirantes Presidenciales se re\u00fane con Francisco Dom\u00ednguez Brito. La comisi\u00f3n encargada de trabajar el Protocolo de Aspirantes Presidenciales del Partido de la Liberaci\u00f3n Dominicana (PLD) contin\u00fao este d\u00eda con los encuentros programados con los dirigentes de la organizaci\u00f3n, quienes han\u2026","rel":"","context":"En \u00abPOLITICA\u00bb","block_context":{"text":"POLITICA","link":"https:\/\/lasprimeras.com.do\/index.php\/category\/politica\/"},"img":{"alt_text":"","src":"https:\/\/i0.wp.com\/lasprimeras.com.do\/wp-content\/uploads\/2025\/11\/Comision-del-PLD.jpg?resize=350%2C200&ssl=1","width":350,"height":200,"srcset":"https:\/\/i0.wp.com\/lasprimeras.com.do\/wp-content\/uploads\/2025\/11\/Comision-del-PLD.jpg?resize=350%2C200&ssl=1 1x, https:\/\/i0.wp.com\/lasprimeras.com.do\/wp-content\/uploads\/2025\/11\/Comision-del-PLD.jpg?resize=525%2C300&ssl=1 1.5x, https:\/\/i0.wp.com\/lasprimeras.com.do\/wp-content\/uploads\/2025\/11\/Comision-del-PLD.jpg?resize=700%2C400&ssl=1 2x"},"classes":[]},{"id":109980,"url":"https:\/\/lasprimeras.com.do\/index.php\/2025\/09\/24\/francisco-dominguez-brito-advierte-sobre-deterioro-institucional-por-intercambios-de-disparos-y-ejecuciones-extrajudiciales\/","url_meta":{"origin":84814,"position":3},"title":"Francisco Dom\u00ednguez Brito advierte sobre deterioro institucional por intercambios de disparos y ejecuciones extrajudiciales","author":"Nelson Feliz","date":"24 de septiembre de 2025","format":false,"excerpt":"El miembro del Comit\u00e9 Politico del Partido de la Liberaci\u00f3n Dominicana (PLD) Francisco Dom\u00ednguez Brito, expres\u00f3 su profunda preocupaci\u00f3n ante la creciente ocurrencia de intercambios de disparos y ejecuciones extrajudiciales en el pa\u00eds, advirtiendo que estas pr\u00e1cticas representan una amenaza directa al Estado de derecho y a la pol\u00edtica criminal\u2026","rel":"","context":"En \u00abPOLITICA\u00bb","block_context":{"text":"POLITICA","link":"https:\/\/lasprimeras.com.do\/index.php\/category\/politica\/"},"img":{"alt_text":"Francisco Dom\u00ednguez Brito","src":"https:\/\/i0.wp.com\/lasprimeras.com.do\/wp-content\/uploads\/2025\/09\/Francisco-Dominguez-Brito.jpg?resize=350%2C200&ssl=1","width":350,"height":200,"srcset":"https:\/\/i0.wp.com\/lasprimeras.com.do\/wp-content\/uploads\/2025\/09\/Francisco-Dominguez-Brito.jpg?resize=350%2C200&ssl=1 1x, https:\/\/i0.wp.com\/lasprimeras.com.do\/wp-content\/uploads\/2025\/09\/Francisco-Dominguez-Brito.jpg?resize=525%2C300&ssl=1 1.5x, https:\/\/i0.wp.com\/lasprimeras.com.do\/wp-content\/uploads\/2025\/09\/Francisco-Dominguez-Brito.jpg?resize=700%2C400&ssl=1 2x"},"classes":[]},{"id":116858,"url":"https:\/\/lasprimeras.com.do\/index.php\/2025\/12\/04\/dirigentes-del-pld-abogan-por-reformas-que-no-debiliten-derechos\/","url_meta":{"origin":84814,"position":4},"title":"Dirigentes del PLD abogan por reformas que no debiliten derechos","author":"Nelson Feliz","date":"4 de diciembre de 2025","format":false,"excerpt":"Reformas al CPP aprobadas por la C\u00e1mara de Diputados no solucionan las dificultades procesales reales opinan Francisco Dom\u00ednguez Brito y Jos\u00e9 Dant\u00e9s D\u00edaz. Los dirigentes del Partido de la Liberaci\u00f3n Dominicana (PLD), Jos\u00e9 Dant\u00e9s D\u00edaz y Francisco Dom\u00ednguez Brito cuestionaron la reforma al C\u00f3digo Procesal Penal (CPP) aprobada por la\u2026","rel":"","context":"En \u00abPOLITICA\u00bb","block_context":{"text":"POLITICA","link":"https:\/\/lasprimeras.com.do\/index.php\/category\/politica\/"},"img":{"alt_text":"","src":"https:\/\/i0.wp.com\/lasprimeras.com.do\/wp-content\/uploads\/2025\/12\/Dantes-Brito.jpg?resize=350%2C200&ssl=1","width":350,"height":200,"srcset":"https:\/\/i0.wp.com\/lasprimeras.com.do\/wp-content\/uploads\/2025\/12\/Dantes-Brito.jpg?resize=350%2C200&ssl=1 1x, https:\/\/i0.wp.com\/lasprimeras.com.do\/wp-content\/uploads\/2025\/12\/Dantes-Brito.jpg?resize=525%2C300&ssl=1 1.5x, https:\/\/i0.wp.com\/lasprimeras.com.do\/wp-content\/uploads\/2025\/12\/Dantes-Brito.jpg?resize=700%2C400&ssl=1 2x"},"classes":[]},{"id":100880,"url":"https:\/\/lasprimeras.com.do\/index.php\/2025\/06\/13\/dominguez-brito-exhorta-al-gobierno-a-proteger-al-pueblo-de-irregularidades-ambientales-y-judiciales\/","url_meta":{"origin":84814,"position":5},"title":"Dom\u00ednguez Brito exhorta al gobierno a proteger al pueblo de irregularidades ambientales y judiciales","author":"Nelson Feliz","date":"13 de junio de 2025","format":false,"excerpt":"\u201cEste es el gobierno m\u00e1s inepto e ineficaz en la historia del manejo de los recursos nacionales\u201d, afirm\u00f3 Francisco Dom\u00ednguez Brito. El miembro del Comit\u00e9 Pol\u00edtico del Partido de la Liberaci\u00f3n Dominicana (PLD) y exprocurador General de la Rep\u00fablica, Francisco Dom\u00ednguez Brito, denunci\u00f3 serias irregularidades en el manejo de temas\u2026","rel":"","context":"En \u00abPOLITICA\u00bb","block_context":{"text":"POLITICA","link":"https:\/\/lasprimeras.com.do\/index.php\/category\/politica\/"},"img":{"alt_text":"Francisco Dom\u00ednguez Brito","src":"https:\/\/i0.wp.com\/lasprimeras.com.do\/wp-content\/uploads\/2025\/06\/Francisco-Dominguez-Brito.jpg?resize=350%2C200&ssl=1","width":350,"height":200,"srcset":"https:\/\/i0.wp.com\/lasprimeras.com.do\/wp-content\/uploads\/2025\/06\/Francisco-Dominguez-Brito.jpg?resize=350%2C200&ssl=1 1x, https:\/\/i0.wp.com\/lasprimeras.com.do\/wp-content\/uploads\/2025\/06\/Francisco-Dominguez-Brito.jpg?resize=525%2C300&ssl=1 1.5x, https:\/\/i0.wp.com\/lasprimeras.com.do\/wp-content\/uploads\/2025\/06\/Francisco-Dominguez-Brito.jpg?resize=700%2C400&ssl=1 2x"},"classes":[]}],"jetpack_sharing_enabled":true,"_links":{"self":[{"href":"https:\/\/lasprimeras.com.do\/index.php\/wp-json\/wp\/v2\/posts\/84814","targetHints":{"allow":["GET"]}}],"collection":[{"href":"https:\/\/lasprimeras.com.do\/index.php\/wp-json\/wp\/v2\/posts"}],"about":[{"href":"https:\/\/lasprimeras.com.do\/index.php\/wp-json\/wp\/v2\/types\/post"}],"author":[{"embeddable":true,"href":"https:\/\/lasprimeras.com.do\/index.php\/wp-json\/wp\/v2\/users\/2"}],"replies":[{"embeddable":true,"href":"https:\/\/lasprimeras.com.do\/index.php\/wp-json\/wp\/v2\/comments?post=84814"}],"version-history":[{"count":1,"href":"https:\/\/lasprimeras.com.do\/index.php\/wp-json\/wp\/v2\/posts\/84814\/revisions"}],"predecessor-version":[{"id":84816,"href":"https:\/\/lasprimeras.com.do\/index.php\/wp-json\/wp\/v2\/posts\/84814\/revisions\/84816"}],"wp:featuredmedia":[{"embeddable":true,"href":"https:\/\/lasprimeras.com.do\/index.php\/wp-json\/wp\/v2\/media\/84815"}],"wp:attachment":[{"href":"https:\/\/lasprimeras.com.do\/index.php\/wp-json\/wp\/v2\/media?parent=84814"}],"wp:term":[{"taxonomy":"category","embeddable":true,"href":"https:\/\/lasprimeras.com.do\/index.php\/wp-json\/wp\/v2\/categories?post=84814"},{"taxonomy":"post_tag","embeddable":true,"href":"https:\/\/lasprimeras.com.do\/index.php\/wp-json\/wp\/v2\/tags?post=84814"}],"curies":[{"name":"wp","href":"https:\/\/api.w.org\/{rel}","templated":true}]}}