{"id":84817,"date":"2024-06-16T13:11:04","date_gmt":"2024-06-16T17:11:04","guid":{"rendered":"https:\/\/lasprimeras.com.do\/?p=84817"},"modified":"2024-06-16T13:11:06","modified_gmt":"2024-06-16T17:11:06","slug":"pld-presentara-informes-sobre-reunion-del-x-congreso","status":"publish","type":"post","link":"https:\/\/lasprimeras.com.do\/index.php\/2024\/06\/16\/pld-presentara-informes-sobre-reunion-del-x-congreso\/","title":{"rendered":"PLD presentar\u00e1 informes sobre Reuni\u00f3n del X Congreso"},"content":{"rendered":"\n<p>El Partido de la Liberaci\u00f3n Dominicana (PLD) presentar\u00e1 los informes sobre los adelantos de los trabajos de su X Congreso Ordinario.<\/p>\n\n\n\n<p>Para informar sobre los adelantos en los preparativos del X Congreso Ordinario del Partido de la Liberaci\u00f3n Dominicana, su Comisi\u00f3n Organizadora realizar\u00e1 este lunes una rueda de prensa en la Casa Nacional Reinaldo Pared P\u00e9rez.<\/p>\n\n\n\n<p>En el encuentro con los comunicadores se informar\u00e1 sobre las encomiendas del Comit\u00e9 Central a dicha comisi\u00f3n para organizar los trabajos con miras al congreso partidario.<\/p>\n\n\n\n<p>Los Estatutos del PLD definen al Congreso como el m\u00e1s alto organismo de direcci\u00f3n del Partido y est\u00e1 integrado por los miembros del Comit\u00e9 Central, los presidentes de los Comit\u00e9s Provinciales, Municipales, Circunscripciones Electorales, Seccionales, de Distritos Municipales y de Comit\u00e9s Intermedios.<\/p>\n\n\n\n<p>La Comisi\u00f3n del X Congreso est\u00e1 integrada por Cristina Lizardo, coordinadora, Jaime David Fern\u00e1ndez Mirabal, Maribel Acosta, Tommy Gal\u00e1n, secretario Asuntos Electorales, y Mayobanex Escoto, de Organizaci\u00f3n; Aura Toribio, El\u00edas Cornelio, Diego Aquino Acosta, Daniel Cruz, Leidy Quezada y Peniel Espinal.<\/p>\n\n\n\n<p>Cristina Lizardo asegur\u00f3 que la agenda de trabajo que se ha preparado permitir\u00e1 que el PLD escuche y tenga contacto con cada uno de los organismos del partido y la libertad de someter sugerencias, propuestas de cambio en cada una de las \u00e1reas tem\u00e1ticas.<\/p>\n\n\n\n<p>Luego de la juramentaci\u00f3n en Rueda de Prensa Lizardo adelant\u00f3 la convocatoria a un nuevo encuentro con la prensa para informar sobre los detalles de la organizaci\u00f3n del Congreso.<\/p>\n\n\n\n<p>Posterior a la Rueda de Prensa los integrantes de la Comisi\u00f3n sostendr\u00e1n, en uno de los salones de la Casa Nacional del PLD, una reuni\u00f3n presencial para seguir adelantando sus trabajos.<\/p>\n","protected":false},"excerpt":{"rendered":"<p>El Partido de la Liberaci\u00f3n Dominicana (PLD) presentar\u00e1 los informes sobre los adelantos de los trabajos de su X Congreso Ordinario. Para informar sobre los adelantos en los preparativos del&hellip;<\/p>\n","protected":false},"author":2,"featured_media":84818,"comment_status":"open","ping_status":"open","sticky":false,"template":"","format":"standard","meta":{"content-type":"","jetpack_post_was_ever_published":false,"_jetpack_newsletter_access":"","_jetpack_dont_email_post_to_subs":false,"_jetpack_newsletter_tier_id":0,"_jetpack_memberships_contains_paywalled_content":false,"_jetpack_memberships_contains_paid_content":false,"footnotes":""},"categories":[25],"tags":[950,269,576,13172],"class_list":["post-84817","post","type-post","status-publish","format-standard","has-post-thumbnail","hentry","category-portada","tag-comision","tag-pld","tag-reunion","tag-x-congreso"],"jetpack_featured_media_url":"https:\/\/lasprimeras.com.do\/wp-content\/uploads\/2024\/06\/Reunion-de-Comision-del-X-Congreso-del-PLD.jpg","jetpack-related-posts":[{"id":84066,"url":"https:\/\/lasprimeras.com.do\/index.php\/2024\/05\/30\/comision-del-congreso-del-pld-prepara-agenda-de-reunion-del-c-c\/","url_meta":{"origin":84817,"position":0},"title":"Comisi\u00f3n del Congreso del PLD prepara agenda de reuni\u00f3n del C.C.","author":"Nelson Feliz","date":"30 de mayo de 2024","format":false,"excerpt":"La comisi\u00f3n de X Congreso Ordinario del PLD realiza reuni\u00f3n de inicio de los trabajos. La Comisi\u00f3n Organizadora del D\u00e9cimo Congreso Ordinario del Partido de la Liberaci\u00f3n Dominicana (PLD) en formaci\u00f3n, sostuvo un primer encuentro este mi\u00e9rcoles afinando los detalles sobre las responsabilidades asignadas por el Comit\u00e9 Pol\u00edtico, en sinton\u00eda\u2026","rel":"","context":"En \u00abPORTADA\u00bb","block_context":{"text":"PORTADA","link":"https:\/\/lasprimeras.com.do\/index.php\/category\/portada\/"},"img":{"alt_text":"Comisi\u00f3n del Congreso del PLD","src":"https:\/\/i0.wp.com\/lasprimeras.com.do\/wp-content\/uploads\/2024\/05\/Comision-del-Congreso-del-PLD.jpeg?resize=350%2C200&ssl=1","width":350,"height":200,"srcset":"https:\/\/i0.wp.com\/lasprimeras.com.do\/wp-content\/uploads\/2024\/05\/Comision-del-Congreso-del-PLD.jpeg?resize=350%2C200&ssl=1 1x, https:\/\/i0.wp.com\/lasprimeras.com.do\/wp-content\/uploads\/2024\/05\/Comision-del-Congreso-del-PLD.jpeg?resize=525%2C300&ssl=1 1.5x"},"classes":[]},{"id":85134,"url":"https:\/\/lasprimeras.com.do\/index.php\/2024\/06\/23\/reuniones-provinciales-en-el-pld-preparando-su-congreso-ordinario\/","url_meta":{"origin":84817,"position":1},"title":"Reuniones Provinciales en el PLD, preparando su Congreso Ordinario","author":"Nelson Feliz","date":"23 de junio de 2024","format":false,"excerpt":"Un Partido de la Liberaci\u00f3n Dominicana movilizado prepar\u00e1ndose para la celebraci\u00f3n de su X Congreso. El Partido de la Liberaci\u00f3n Dominicana (PLD) desarroll\u00f3 reuniones bajo el formato de asamblea en diferentes provincias del pa\u00eds, ejecutando as\u00ed la etapa preparatoria del X Congreso Ordinario, que iniciar\u00e1 el domingo 7 de julio\u2026","rel":"","context":"En \u00abPORTADA\u00bb","block_context":{"text":"PORTADA","link":"https:\/\/lasprimeras.com.do\/index.php\/category\/portada\/"},"img":{"alt_text":"Jaime David Fern\u00e1ndez Mirabal","src":"https:\/\/i0.wp.com\/lasprimeras.com.do\/wp-content\/uploads\/2024\/06\/Jaime-David-Fernandez-Mirabal-1.jpg?resize=350%2C200&ssl=1","width":350,"height":200,"srcset":"https:\/\/i0.wp.com\/lasprimeras.com.do\/wp-content\/uploads\/2024\/06\/Jaime-David-Fernandez-Mirabal-1.jpg?resize=350%2C200&ssl=1 1x, https:\/\/i0.wp.com\/lasprimeras.com.do\/wp-content\/uploads\/2024\/06\/Jaime-David-Fernandez-Mirabal-1.jpg?resize=525%2C300&ssl=1 1.5x"},"classes":[]},{"id":84509,"url":"https:\/\/lasprimeras.com.do\/index.php\/2024\/06\/10\/cristina-lizardo-x-congreso-ordinario-del-pld-iniciara-el-30-de-junio\/","url_meta":{"origin":84817,"position":2},"title":"Cristina Lizardo: X Congreso Ordinario del PLD iniciar\u00e1 el 30 de junio","author":"Nelson Feliz","date":"10 de junio de 2024","format":false,"excerpt":"Lizardo: Con la celebraci\u00f3n de la reuni\u00f3n de su C.C., el PLD deja demostrado que sigue siendo un Partido comprometido con los mejores intereses de la patria. El Partido de la Liberaci\u00f3n Dominicana aprob\u00f3 la apertura de su X Congreso Ordinario para el 30 de junio de este a\u00f1o; as\u00ed\u2026","rel":"","context":"En \u00abPORTADA\u00bb","block_context":{"text":"PORTADA","link":"https:\/\/lasprimeras.com.do\/index.php\/category\/portada\/"},"img":{"alt_text":"Cristina Lizardo","src":"https:\/\/i0.wp.com\/lasprimeras.com.do\/wp-content\/uploads\/2024\/06\/Cristina-Lizardo.jpg?resize=350%2C200&ssl=1","width":350,"height":200,"srcset":"https:\/\/i0.wp.com\/lasprimeras.com.do\/wp-content\/uploads\/2024\/06\/Cristina-Lizardo.jpg?resize=350%2C200&ssl=1 1x, https:\/\/i0.wp.com\/lasprimeras.com.do\/wp-content\/uploads\/2024\/06\/Cristina-Lizardo.jpg?resize=525%2C300&ssl=1 1.5x, https:\/\/i0.wp.com\/lasprimeras.com.do\/wp-content\/uploads\/2024\/06\/Cristina-Lizardo.jpg?resize=700%2C400&ssl=1 2x"},"classes":[]},{"id":84602,"url":"https:\/\/lasprimeras.com.do\/index.php\/2024\/06\/10\/reuniones-de-trabajo-de-la-comision-del-congreso-del-pld\/","url_meta":{"origin":84817,"position":3},"title":"Reuniones de trabajo de la Comisi\u00f3n del Congreso del PLD","author":"Nelson Feliz","date":"10 de junio de 2024","format":false,"excerpt":"Comisi\u00f3n del X Congreso del PLD en los preparativos del acto de apertura, programado para el 30 junio. No bien concluy\u00f3 su juramentaci\u00f3n y presentaci\u00f3n formal a los medios de comunicaci\u00f3n, la Comisi\u00f3n Organizadora del X congreso del Partido de la Liberaci\u00f3n Dominicana (PLD) paut\u00f3 reuniones y la l\u00ednea de\u2026","rel":"","context":"En \u00abPORTADA\u00bb","block_context":{"text":"PORTADA","link":"https:\/\/lasprimeras.com.do\/index.php\/category\/portada\/"},"img":{"alt_text":"Comisi\u00f3n del Congreso del PLD","src":"https:\/\/i0.wp.com\/lasprimeras.com.do\/wp-content\/uploads\/2024\/06\/Comision-del-Congreso-del-PLD.jpg?resize=350%2C200&ssl=1","width":350,"height":200,"srcset":"https:\/\/i0.wp.com\/lasprimeras.com.do\/wp-content\/uploads\/2024\/06\/Comision-del-Congreso-del-PLD.jpg?resize=350%2C200&ssl=1 1x, https:\/\/i0.wp.com\/lasprimeras.com.do\/wp-content\/uploads\/2024\/06\/Comision-del-Congreso-del-PLD.jpg?resize=525%2C300&ssl=1 1.5x, https:\/\/i0.wp.com\/lasprimeras.com.do\/wp-content\/uploads\/2024\/06\/Comision-del-Congreso-del-PLD.jpg?resize=700%2C400&ssl=1 2x"},"classes":[]},{"id":83898,"url":"https:\/\/lasprimeras.com.do\/index.php\/2024\/05\/27\/apertura-del-x-congreso-del-pld-sera-el-30-de-junio\/","url_meta":{"origin":84817,"position":4},"title":"Apertura del X Congreso del PLD ser\u00e1 el 30 de junio","author":"Nelson Feliz","date":"27 de mayo de 2024","format":false,"excerpt":"El Comit\u00e9 Pol\u00edtico del PLD adelanta la convocatoria del X Congreso Ordinario para el mes de junio. Convoca al Comit\u00e9 Central para el 9 de junio. El Comit\u00e9 Pol\u00edtico del Partido de la Liberaci\u00f3n Dominicana decidi\u00f3 adelantar la celebraci\u00f3n de su congreso ordinario, el n\u00famero diez de esos eventos, para\u2026","rel":"","context":"En \u00abPORTADA\u00bb","block_context":{"text":"PORTADA","link":"https:\/\/lasprimeras.com.do\/index.php\/category\/portada\/"},"img":{"alt_text":"Apertura del X Congreso del PLD ser\u00e1 el 30 de junio","src":"https:\/\/i0.wp.com\/lasprimeras.com.do\/wp-content\/uploads\/2024\/05\/Apertura-del-X-Congreso-del-PLD-sera-el-30-de-junio.jpeg?resize=350%2C200&ssl=1","width":350,"height":200,"srcset":"https:\/\/i0.wp.com\/lasprimeras.com.do\/wp-content\/uploads\/2024\/05\/Apertura-del-X-Congreso-del-PLD-sera-el-30-de-junio.jpeg?resize=350%2C200&ssl=1 1x, https:\/\/i0.wp.com\/lasprimeras.com.do\/wp-content\/uploads\/2024\/05\/Apertura-del-X-Congreso-del-PLD-sera-el-30-de-junio.jpeg?resize=525%2C300&ssl=1 1.5x, https:\/\/i0.wp.com\/lasprimeras.com.do\/wp-content\/uploads\/2024\/05\/Apertura-del-X-Congreso-del-PLD-sera-el-30-de-junio.jpeg?resize=700%2C400&ssl=1 2x"},"classes":[]},{"id":84506,"url":"https:\/\/lasprimeras.com.do\/index.php\/2024\/06\/09\/sentido-democratico-predomina-en-reunion-del-cc-del-pld\/","url_meta":{"origin":84817,"position":5},"title":"Sentido democr\u00e1tico predomina en reuni\u00f3n del CC del PLD","author":"Nelson Feliz","date":"9 de junio de 2024","format":false,"excerpt":"CC del PLD completa Comisi\u00f3n Organizadora del X Congreso Ordinario. Sus integrantes juran lealtad y se comprometen a trabajar por el fortalecimiento partidario. Con la juramentaci\u00f3n de los integrantes de la Comisi\u00f3n Organizadora del X Congreso Ordinario del Partido de la Liberaci\u00f3n Dominicana (PLD) concluy\u00f3 la reuni\u00f3n del Comit\u00e9 Central\u2026","rel":"","context":"En \u00abPORTADA\u00bb","block_context":{"text":"PORTADA","link":"https:\/\/lasprimeras.com.do\/index.php\/category\/portada\/"},"img":{"alt_text":"Sentido democr\u00e1tico","src":"https:\/\/i0.wp.com\/lasprimeras.com.do\/wp-content\/uploads\/2024\/06\/Sentido-democratico.jpg?resize=350%2C200&ssl=1","width":350,"height":200,"srcset":"https:\/\/i0.wp.com\/lasprimeras.com.do\/wp-content\/uploads\/2024\/06\/Sentido-democratico.jpg?resize=350%2C200&ssl=1 1x, https:\/\/i0.wp.com\/lasprimeras.com.do\/wp-content\/uploads\/2024\/06\/Sentido-democratico.jpg?resize=525%2C300&ssl=1 1.5x, https:\/\/i0.wp.com\/lasprimeras.com.do\/wp-content\/uploads\/2024\/06\/Sentido-democratico.jpg?resize=700%2C400&ssl=1 2x"},"classes":[]}],"jetpack_sharing_enabled":true,"_links":{"self":[{"href":"https:\/\/lasprimeras.com.do\/index.php\/wp-json\/wp\/v2\/posts\/84817","targetHints":{"allow":["GET"]}}],"collection":[{"href":"https:\/\/lasprimeras.com.do\/index.php\/wp-json\/wp\/v2\/posts"}],"about":[{"href":"https:\/\/lasprimeras.com.do\/index.php\/wp-json\/wp\/v2\/types\/post"}],"author":[{"embeddable":true,"href":"https:\/\/lasprimeras.com.do\/index.php\/wp-json\/wp\/v2\/users\/2"}],"replies":[{"embeddable":true,"href":"https:\/\/lasprimeras.com.do\/index.php\/wp-json\/wp\/v2\/comments?post=84817"}],"version-history":[{"count":1,"href":"https:\/\/lasprimeras.com.do\/index.php\/wp-json\/wp\/v2\/posts\/84817\/revisions"}],"predecessor-version":[{"id":84819,"href":"https:\/\/lasprimeras.com.do\/index.php\/wp-json\/wp\/v2\/posts\/84817\/revisions\/84819"}],"wp:featuredmedia":[{"embeddable":true,"href":"https:\/\/lasprimeras.com.do\/index.php\/wp-json\/wp\/v2\/media\/84818"}],"wp:attachment":[{"href":"https:\/\/lasprimeras.com.do\/index.php\/wp-json\/wp\/v2\/media?parent=84817"}],"wp:term":[{"taxonomy":"category","embeddable":true,"href":"https:\/\/lasprimeras.com.do\/index.php\/wp-json\/wp\/v2\/categories?post=84817"},{"taxonomy":"post_tag","embeddable":true,"href":"https:\/\/lasprimeras.com.do\/index.php\/wp-json\/wp\/v2\/tags?post=84817"}],"curies":[{"name":"wp","href":"https:\/\/api.w.org\/{rel}","templated":true}]}}