{"id":84824,"date":"2024-06-16T13:45:48","date_gmt":"2024-06-16T17:45:48","guid":{"rendered":"https:\/\/lasprimeras.com.do\/?p=84824"},"modified":"2024-06-16T13:45:49","modified_gmt":"2024-06-16T17:45:49","slug":"gobierno-aporta-rd161-millones-a-diversas-instituciones-de-puerto-plata","status":"publish","type":"post","link":"https:\/\/lasprimeras.com.do\/index.php\/2024\/06\/16\/gobierno-aporta-rd161-millones-a-diversas-instituciones-de-puerto-plata\/","title":{"rendered":"Gobierno aporta RD$161 millones a diversas instituciones de Puerto Plata"},"content":{"rendered":"\n<p><strong>Presidente Abinader trabaja para continuar aportando al desarrollo integral del pa\u00eds.<\/strong><\/p>\n\n\n\n<p>El ministro administrativo de la presidencia (interino), Igor Rodr\u00edguez Dur\u00e1n, entreg\u00f3 fondos por RD$161, 415,297.88 a distintas instituciones del sector religioso, salud y deportivo para de Puerto Plata.<\/p>\n\n\n\n<p>\u201cEstamos entregando estos recursos a instituciones que d\u00eda a d\u00eda realizan un importante aporte al bienestar de nuestra sociedad, es oportuno abrazar la visi\u00f3n del presidente Luis Abinader en su deseo de impulsar el desarrollo integral de nuestro pa\u00eds y juntos lo estamos logrando\u201d, dijo Igor.<\/p>\n\n\n\n<p>\u201cCon la construcci\u00f3n de 5 techados, remodelaci\u00f3n del estadio Jos\u00e9 Brice\u00f1o, reparaci\u00f3n de Iglesias, equipamiento del Palacio Distrital de Y\u00e1sica Arriba y la moderna ambulancia a una instituci\u00f3n sin fines de lucro que posee un personal que trabaja las 24 horas del d\u00eda para dar servicio y salvar vidas, esto representa para todos un sue\u00f1o cumplido\u201d, agreg\u00f3 Igor.<\/p>\n\n\n\n<p>Por su parte, el ministro de Deportes y Recreaci\u00f3n (Miderec), Francisco Camacho, expres\u00f3 que los aportes que se est\u00e1n realizando representan la expresa intensi\u00f3n del presidente Luis Abinader para seguir logrando \u00e1reas seguras y funcionales para que los deportistas y comunitarios cuenten con el espacio y la estructura id\u00f3nea que les permita ejercitarse, recrearse y formarse a trav\u00e9s de la pr\u00e1ctica deportiva.<\/p>\n\n\n\n<p>En el recorrido se entreg\u00f3 certificado por RD$105,744,607.45 al Ministerio de Deportes y Recreaci\u00f3n, quien junto a la Comisi\u00f3n Presidencial de Apoyo al Desarrollo Provincial construir\u00e1n los techados de baloncesto del club Gregorio Luper\u00f3n, club 12 de octubre, club Gustavo Behall, club Hugo Kunhard y Liga Miramar; certificado por RD$36,736,075.37 para los trabajos de remodelaci\u00f3n del estadio Jos\u00e9 Brice\u00f1o, y RD$6,155,479.77 para la terminaci\u00f3n de la Capilla Inmaculada Concepci\u00f3n de Don Gregorio (Maim\u00f3n).<\/p>\n\n\n\n<p>Tambi\u00e9n se hizo entrega de RD$4, 785,000.00 a la Asociaci\u00f3n de Baloncesto de Puerto Plata para la adquisici\u00f3n de un autob\u00fas; RD$3, 299,158.93 a la Iglesia Cristiana Fuente de Salvaci\u00f3n para colaborar con la ejecuci\u00f3n del proyecto de la terminaci\u00f3n del templo y un monto de RD$2, 141,435.00 para la adquisici\u00f3n de un veh\u00edculo para la Parroquia San Jos\u00e9 Esposo de la Virgen Mar\u00eda.<\/p>\n\n\n\n<p>Igor Rodr\u00edguez entreg\u00f3 adem\u00e1s la suma de RD$1, 500,000.000 a la Asociaci\u00f3n de Baloncesto de Puerto Plata para colaborar con el equipo de baloncesto Navegantes de Puerto Plata, quienes ver\u00e1n acci\u00f3n en el torneo sub-22 que organiza la Federaci\u00f3n Dominicana de Baloncesto;&nbsp; RD$134,157.30 para la construcci\u00f3n de una verja perimetral para cerrar la capilla Nuestra Se\u00f1ora del Carmen y RD$919,444.06 a la Junta Distrital Yasica Arriba para el equipamiento del Palacio Distrital.<\/p>\n\n\n\n<p>En el acto tambi\u00e9n estuvieron presentes, la gobernadora Claritza Rochtte; el diputado Emil Dur\u00e1n; el presidente de la Federaci\u00f3n Dominicana de Baloncesto (FEDOMBAL), Rafael Uribe; el director provincial de deportes Vinicio Clase, Jerem\u00edas Ure\u00f1a, presidente de la Sala Capitular del Ayuntamiento San Felipe de Puerto Plata; el presidente de la Asociaci\u00f3n de Baloncesto de Puerto Plata (ABAPPLATA) Addiel P\u00e9rez,&nbsp;&nbsp;&nbsp; ejecutivos de Marineros de Puerto Plata y Navegantes de Puerto Plata.<\/p>\n","protected":false},"excerpt":{"rendered":"<p>Presidente Abinader trabaja para continuar aportando al desarrollo integral del pa\u00eds. El ministro administrativo de la presidencia (interino), Igor Rodr\u00edguez Dur\u00e1n, entreg\u00f3 fondos por RD$161, 415,297.88 a distintas instituciones del&hellip;<\/p>\n","protected":false},"author":2,"featured_media":84825,"comment_status":"open","ping_status":"open","sticky":false,"template":"","format":"standard","meta":{"content-type":"","jetpack_post_was_ever_published":false,"_jetpack_newsletter_access":"","_jetpack_dont_email_post_to_subs":false,"_jetpack_newsletter_tier_id":0,"_jetpack_memberships_contains_paywalled_content":false,"_jetpack_memberships_contains_paid_content":false,"footnotes":""},"categories":[39,25],"tags":[11501,211,171,687,813],"class_list":["post-84824","post","type-post","status-publish","format-standard","has-post-thumbnail","hentry","category-economia","category-portada","tag-deportivo","tag-fondos","tag-gobierno","tag-puerto-plata","tag-salud"],"jetpack_featured_media_url":"https:\/\/lasprimeras.com.do\/wp-content\/uploads\/2024\/06\/Igor-Rodriguez-Duran-1.jpg","jetpack-related-posts":[{"id":121695,"url":"https:\/\/lasprimeras.com.do\/index.php\/2026\/02\/08\/abinader-entrega-dos-modernos-polideportivos-techados-en-puerto-plata\/","url_meta":{"origin":84824,"position":0},"title":"Abinader entrega dos modernos polideportivos techados en Puerto Plata","author":"Nelson Feliz","date":"8 de febrero de 2026","format":false,"excerpt":"Ministro de Deportes afirma que la inversi\u00f3n del mandatario representa una revoluci\u00f3n deportiva en la Novia del Atl\u00e1ntico y refleja su compromiso con la juventud. El presidente Luis Abinader inaugur\u00f3 este domingo dos polideportivos techados en Puerto Plata, con una inversi\u00f3n superior a RD$76 millones, como parte de las acciones\u2026","rel":"","context":"En \u00abDEPORTES\u00bb","block_context":{"text":"DEPORTES","link":"https:\/\/lasprimeras.com.do\/index.php\/category\/deportes\/"},"img":{"alt_text":"","src":"https:\/\/i0.wp.com\/lasprimeras.com.do\/wp-content\/uploads\/2026\/02\/poli-1.jpg?resize=350%2C200&ssl=1","width":350,"height":200,"srcset":"https:\/\/i0.wp.com\/lasprimeras.com.do\/wp-content\/uploads\/2026\/02\/poli-1.jpg?resize=350%2C200&ssl=1 1x, https:\/\/i0.wp.com\/lasprimeras.com.do\/wp-content\/uploads\/2026\/02\/poli-1.jpg?resize=525%2C300&ssl=1 1.5x, https:\/\/i0.wp.com\/lasprimeras.com.do\/wp-content\/uploads\/2026\/02\/poli-1.jpg?resize=700%2C400&ssl=1 2x"},"classes":[]},{"id":90060,"url":"https:\/\/lasprimeras.com.do\/index.php\/2024\/10\/12\/abinader-entrega-de-remozado-estadio-jose-briceno-de-puerto-plata\/","url_meta":{"origin":84824,"position":1},"title":"Abinader entrega de remozado Estadio Jos\u00e9 Brice\u00f1o de Puerto Plata","author":"Nelson Feliz","date":"12 de octubre de 2024","format":false,"excerpt":"Tambi\u00e9n, realiza lanzamiento de honor previo al inicio del partido entre Tigres del Licey y Gigantes del Cibao. El presidente Luis Abinader encabez\u00f3 la inauguraci\u00f3n del remozado el Estadio Jos\u00e9 Brice\u00f1o en Puerto Plata con una inversi\u00f3n que supera los RD$200 millones de pesos, d\u00e1ndole a los puertoplate\u00f1os la tan\u2026","rel":"","context":"En \u00abECONOM\u00cdA\u00bb","block_context":{"text":"ECONOM\u00cdA","link":"https:\/\/lasprimeras.com.do\/index.php\/category\/economia\/"},"img":{"alt_text":"","src":"https:\/\/i0.wp.com\/lasprimeras.com.do\/wp-content\/uploads\/2024\/10\/Luis-Abinader-pp-2.jpg?resize=350%2C200&ssl=1","width":350,"height":200,"srcset":"https:\/\/i0.wp.com\/lasprimeras.com.do\/wp-content\/uploads\/2024\/10\/Luis-Abinader-pp-2.jpg?resize=350%2C200&ssl=1 1x, https:\/\/i0.wp.com\/lasprimeras.com.do\/wp-content\/uploads\/2024\/10\/Luis-Abinader-pp-2.jpg?resize=525%2C300&ssl=1 1.5x, https:\/\/i0.wp.com\/lasprimeras.com.do\/wp-content\/uploads\/2024\/10\/Luis-Abinader-pp-2.jpg?resize=700%2C400&ssl=1 2x"},"classes":[]},{"id":82172,"url":"https:\/\/lasprimeras.com.do\/index.php\/2024\/04\/29\/gobierno-entrega-ayudas-a-afectados-por-las-lluvias-en-puerto-plata\/","url_meta":{"origin":84824,"position":2},"title":"Gobierno entrega ayudas a afectados por las lluvias en Puerto Plata","author":"Nelson Feliz","date":"29 de abril de 2024","format":false,"excerpt":"Junto a las autoridades locales visitaron los municipios Villa Montellano, Imbert y el distrito municipal Y\u00e1sica Arriba. El ministro administrativo de la Presidencia, Igor Rodr\u00edguez Dur\u00e1n, se encuentra en Puerto Plata desde ayer para hacer entrega de m\u00e1s ayudas a las familias afectadas por el paso de una vaguada sobre\u2026","rel":"","context":"En \u00abNACIONALES\u00bb","block_context":{"text":"NACIONALES","link":"https:\/\/lasprimeras.com.do\/index.php\/category\/nacionales\/"},"img":{"alt_text":"Igor Rodr\u00edguez Dur\u00e1n","src":"https:\/\/i0.wp.com\/lasprimeras.com.do\/wp-content\/uploads\/2024\/04\/ayudas.jpg?resize=350%2C200&ssl=1","width":350,"height":200,"srcset":"https:\/\/i0.wp.com\/lasprimeras.com.do\/wp-content\/uploads\/2024\/04\/ayudas.jpg?resize=350%2C200&ssl=1 1x, https:\/\/i0.wp.com\/lasprimeras.com.do\/wp-content\/uploads\/2024\/04\/ayudas.jpg?resize=525%2C300&ssl=1 1.5x"},"classes":[]},{"id":112416,"url":"https:\/\/lasprimeras.com.do\/index.php\/2025\/10\/22\/abinader-inicia-trabajos-de-construccion-de-hotel-melia-bergantin-beach\/","url_meta":{"origin":84824,"position":3},"title":"Abinader inicia trabajos de construcci\u00f3n de Hotel Meli\u00e1 Bergant\u00edn Beach","author":"Nelson Feliz","date":"22 de octubre de 2025","format":false,"excerpt":"-. Mandatario destaca relanzamiento tur\u00edstico de Puerto Plata con desarrollo inmobiliario pujante y turismo de cruceros l\u00edder en el pa\u00eds. -. Tambi\u00e9n, anuncia la construcci\u00f3n de dos nuevos hoteles de las cadenas internacionales hoteleras Westin y Hyatt y la licitaci\u00f3n en los pr\u00f3ximos d\u00edas de la carretera \u00c1mbar. El presidente\u2026","rel":"","context":"En \u00abPORTADA\u00bb","block_context":{"text":"PORTADA","link":"https:\/\/lasprimeras.com.do\/index.php\/category\/portada\/"},"img":{"alt_text":"","src":"https:\/\/i0.wp.com\/lasprimeras.com.do\/wp-content\/uploads\/2025\/10\/Luis-Abinader-1-3.jpg?resize=350%2C200&ssl=1","width":350,"height":200,"srcset":"https:\/\/i0.wp.com\/lasprimeras.com.do\/wp-content\/uploads\/2025\/10\/Luis-Abinader-1-3.jpg?resize=350%2C200&ssl=1 1x, https:\/\/i0.wp.com\/lasprimeras.com.do\/wp-content\/uploads\/2025\/10\/Luis-Abinader-1-3.jpg?resize=525%2C300&ssl=1 1.5x, https:\/\/i0.wp.com\/lasprimeras.com.do\/wp-content\/uploads\/2025\/10\/Luis-Abinader-1-3.jpg?resize=700%2C400&ssl=1 2x, https:\/\/i0.wp.com\/lasprimeras.com.do\/wp-content\/uploads\/2025\/10\/Luis-Abinader-1-3.jpg?resize=1050%2C600&ssl=1 3x"},"classes":[]},{"id":102707,"url":"https:\/\/lasprimeras.com.do\/index.php\/2025\/07\/07\/presidente-abinader-dona-su-sueldo-completo-a-causas-sociales\/","url_meta":{"origin":84824,"position":4},"title":"Presidente Abinader dona su sueldo completo a causas sociales","author":"Nelson Feliz","date":"7 de julio de 2025","format":false,"excerpt":"La donaci\u00f3n fue entregada a 18 fundaciones en \u00e1reas como salud infantil, apoyo a envejecientes, educaci\u00f3n y asistencia comunitaria, beneficiando a comunidades en varias provincias del pa\u00eds. En un hecho sin precedentes en la pol\u00edtica dominicana, el presidente Luis Abinader don\u00f3 la totalidad de su salario anual, m\u00e1s de RD$6\u2026","rel":"","context":"En \u00abECONOM\u00cdA\u00bb","block_context":{"text":"ECONOM\u00cdA","link":"https:\/\/lasprimeras.com.do\/index.php\/category\/economia\/"},"img":{"alt_text":"","src":"https:\/\/i0.wp.com\/lasprimeras.com.do\/wp-content\/uploads\/2025\/07\/Luis-Abinader-2-1.jpg?resize=350%2C200&ssl=1","width":350,"height":200,"srcset":"https:\/\/i0.wp.com\/lasprimeras.com.do\/wp-content\/uploads\/2025\/07\/Luis-Abinader-2-1.jpg?resize=350%2C200&ssl=1 1x, https:\/\/i0.wp.com\/lasprimeras.com.do\/wp-content\/uploads\/2025\/07\/Luis-Abinader-2-1.jpg?resize=525%2C300&ssl=1 1.5x, https:\/\/i0.wp.com\/lasprimeras.com.do\/wp-content\/uploads\/2025\/07\/Luis-Abinader-2-1.jpg?resize=700%2C400&ssl=1 2x"},"classes":[]},{"id":82586,"url":"https:\/\/lasprimeras.com.do\/index.php\/2024\/05\/05\/igor-rodriguez-regresa-con-mas-ayudas-a-los-ciruelos-y-los-rieles-de-san-marcos-en-puerto-plata\/","url_meta":{"origin":84824,"position":5},"title":"Igor Rodr\u00edguez regresa con m\u00e1s ayudas a Los Ciruelos y Los Rieles de San Marcos en Puerto Plata","author":"Esteffany Vargas","date":"5 de mayo de 2024","format":false,"excerpt":"En horas de la madrugada mientras se reportaban intensas lluvias visit\u00f3 las comunidades afectadas para realizar junto a las autoridades un levantamiento de los da\u00f1os. El ministro administrativo de la Presidencia, Igor Rodr\u00edguez visito las zonas afectadas por las lluvias en las comunidades de Los Ciruelos y Los Rieles de\u2026","rel":"","context":"En \u00abNACIONALES\u00bb","block_context":{"text":"NACIONALES","link":"https:\/\/lasprimeras.com.do\/index.php\/category\/nacionales\/"},"img":{"alt_text":"Igor Rodr\u00edguez","src":"https:\/\/i0.wp.com\/lasprimeras.com.do\/wp-content\/uploads\/2024\/05\/Igor-Rodriguez-1.jpg?resize=350%2C200&ssl=1","width":350,"height":200,"srcset":"https:\/\/i0.wp.com\/lasprimeras.com.do\/wp-content\/uploads\/2024\/05\/Igor-Rodriguez-1.jpg?resize=350%2C200&ssl=1 1x, https:\/\/i0.wp.com\/lasprimeras.com.do\/wp-content\/uploads\/2024\/05\/Igor-Rodriguez-1.jpg?resize=525%2C300&ssl=1 1.5x"},"classes":[]}],"jetpack_sharing_enabled":true,"_links":{"self":[{"href":"https:\/\/lasprimeras.com.do\/index.php\/wp-json\/wp\/v2\/posts\/84824","targetHints":{"allow":["GET"]}}],"collection":[{"href":"https:\/\/lasprimeras.com.do\/index.php\/wp-json\/wp\/v2\/posts"}],"about":[{"href":"https:\/\/lasprimeras.com.do\/index.php\/wp-json\/wp\/v2\/types\/post"}],"author":[{"embeddable":true,"href":"https:\/\/lasprimeras.com.do\/index.php\/wp-json\/wp\/v2\/users\/2"}],"replies":[{"embeddable":true,"href":"https:\/\/lasprimeras.com.do\/index.php\/wp-json\/wp\/v2\/comments?post=84824"}],"version-history":[{"count":1,"href":"https:\/\/lasprimeras.com.do\/index.php\/wp-json\/wp\/v2\/posts\/84824\/revisions"}],"predecessor-version":[{"id":84826,"href":"https:\/\/lasprimeras.com.do\/index.php\/wp-json\/wp\/v2\/posts\/84824\/revisions\/84826"}],"wp:featuredmedia":[{"embeddable":true,"href":"https:\/\/lasprimeras.com.do\/index.php\/wp-json\/wp\/v2\/media\/84825"}],"wp:attachment":[{"href":"https:\/\/lasprimeras.com.do\/index.php\/wp-json\/wp\/v2\/media?parent=84824"}],"wp:term":[{"taxonomy":"category","embeddable":true,"href":"https:\/\/lasprimeras.com.do\/index.php\/wp-json\/wp\/v2\/categories?post=84824"},{"taxonomy":"post_tag","embeddable":true,"href":"https:\/\/lasprimeras.com.do\/index.php\/wp-json\/wp\/v2\/tags?post=84824"}],"curies":[{"name":"wp","href":"https:\/\/api.w.org\/{rel}","templated":true}]}}