{"id":84827,"date":"2024-06-16T14:04:48","date_gmt":"2024-06-16T18:04:48","guid":{"rendered":"https:\/\/lasprimeras.com.do\/?p=84827"},"modified":"2024-06-16T14:04:50","modified_gmt":"2024-06-16T18:04:50","slug":"desmantelan-peligrosa-banda-que-sustrajo-mas-de-20-motocicletas-de-una-agencia-en-barahona","status":"publish","type":"post","link":"https:\/\/lasprimeras.com.do\/index.php\/2024\/06\/16\/desmantelan-peligrosa-banda-que-sustrajo-mas-de-20-motocicletas-de-una-agencia-en-barahona\/","title":{"rendered":"Desmantelan peligrosa banda que sustrajo m\u00e1s de 20 motocicletas de una agencia en Barahona"},"content":{"rendered":"\n<p>Agentes del Departamento de Investigaci\u00f3n (DICRIM) y &nbsp;preventivos del servicio en la Direcci\u00f3n Regional Sur, arrestaron a cinco integrantes de una peligrosa banda que se dedicaba a sustraer motocicletas mediante fraude en una agencia para la cual laboraban en Barahona.<\/p>\n\n\n\n<p>Los detenidos, en complicidad, sustra\u00edan motocicletas de distintas marcas y modelos, valoradas en una suma millonaria.<\/p>\n\n\n\n<p>Se trata de Aroa Karina Suero, Manuel Gim\u00e9nez Acosta, Luis David P\u00e9rez,&nbsp; Jean Carlos Feliz, y Luis Ernesto Suero, todos residentes en Barahona y empleados de una agencia de motocicletas en esa ciudad, de donde presumiblemente sustrajeron m\u00e1s de 20 motocicletas.<\/p>\n\n\n\n<p>El informe policial, indica que del total mencionado, siete fueron identificadas en el listado del inventario las cuales no estaban en dicho local, puesto que los desaprensivos no tuvieron tiempo de ingresarlas al sistema.<\/p>\n\n\n\n<p>El modus operandi del grupo consist\u00eda en que las motocicletas se despachaban a trav\u00e9s del sistema de la empresa, figurando a nombre de personas ajenas a la trama, para luego venderlas de manera clandestina.<\/p>\n\n\n\n<p>Las investigaciones a\u00fan contin\u00faan a fin de determinar la participaci\u00f3n de otros implicados. Los detenidos ser\u00e1n puestos a disposici\u00f3n de la justicia, v\u00eda el Ministerio P\u00fablico.<\/p>\n","protected":false},"excerpt":{"rendered":"<p>Agentes del Departamento de Investigaci\u00f3n (DICRIM) y &nbsp;preventivos del servicio en la Direcci\u00f3n Regional Sur, arrestaron a cinco integrantes de una peligrosa banda que se dedicaba a sustraer motocicletas mediante&hellip;<\/p>\n","protected":false},"author":2,"featured_media":84828,"comment_status":"open","ping_status":"open","sticky":false,"template":"","format":"standard","meta":{"content-type":"","jetpack_post_was_ever_published":false,"_jetpack_newsletter_access":"","_jetpack_dont_email_post_to_subs":false,"_jetpack_newsletter_tier_id":0,"_jetpack_memberships_contains_paywalled_content":false,"_jetpack_memberships_contains_paid_content":false,"footnotes":""},"categories":[3057,25],"tags":[5394,265,944,2318,388,13612,13613],"class_list":["post-84827","post","type-post","status-publish","format-standard","has-post-thumbnail","hentry","category-militares","category-portada","tag-agencia","tag-barahona","tag-desmantelan","tag-dicrim","tag-motocicletas","tag-peligrosa-banda","tag-sustrajo"],"jetpack_featured_media_url":"https:\/\/lasprimeras.com.do\/wp-content\/uploads\/2024\/06\/Presos-1.jpg","jetpack-related-posts":[{"id":81182,"url":"https:\/\/lasprimeras.com.do\/index.php\/2024\/04\/17\/policia-desmantela-peligrosa-banda-dedicada-al-robo-de-motocicletas-en-la-provincia-independencia\/","url_meta":{"origin":84827,"position":0},"title":"Polic\u00eda desmantela peligrosa banda dedicada al robo de motocicletas en la provincia Independencia","author":"BIMARY DE JES\u00daS Matos","date":"17 de abril de 2024","format":false,"excerpt":"Santo Domingo.- Tres personas fueron detenidas y se han recuperado tres motocicletas robadas y que pretend\u00edan comercializar en el vecino pa\u00eds. Agentes policiales, adscritos a la Direcci\u00f3n Central de Investigaci\u00f3n (DICRIM), en compa\u00f1\u00eda de agentes de Prevenci\u00f3n, de servicio en la Direcci\u00f3n Regional Sur, lograron desmantelar una peligrosa banda delictiva\u2026","rel":"","context":"En \u00abNACIONALES\u00bb","block_context":{"text":"NACIONALES","link":"https:\/\/lasprimeras.com.do\/index.php\/category\/nacionales\/"},"img":{"alt_text":"","src":"https:\/\/i0.wp.com\/lasprimeras.com.do\/wp-content\/uploads\/2024\/04\/IMG-20240417-WA0032.jpg?resize=350%2C200&ssl=1","width":350,"height":200,"srcset":"https:\/\/i0.wp.com\/lasprimeras.com.do\/wp-content\/uploads\/2024\/04\/IMG-20240417-WA0032.jpg?resize=350%2C200&ssl=1 1x, https:\/\/i0.wp.com\/lasprimeras.com.do\/wp-content\/uploads\/2024\/04\/IMG-20240417-WA0032.jpg?resize=525%2C300&ssl=1 1.5x, https:\/\/i0.wp.com\/lasprimeras.com.do\/wp-content\/uploads\/2024\/04\/IMG-20240417-WA0032.jpg?resize=700%2C400&ssl=1 2x, https:\/\/i0.wp.com\/lasprimeras.com.do\/wp-content\/uploads\/2024\/04\/IMG-20240417-WA0032.jpg?resize=1050%2C600&ssl=1 3x"},"classes":[]},{"id":68182,"url":"https:\/\/lasprimeras.com.do\/index.php\/2023\/11\/22\/cinco-jovencitos-pierden-la-vida-en-choque-entre-motocicletas-en-barahona\/","url_meta":{"origin":84827,"position":1},"title":"Cinco jovencitos pierden la vida en choque entre motocicletas en Barahona","author":"Nelson Feliz","date":"22 de noviembre de 2023","format":false,"excerpt":"Cinco menores de edad perdieron la vida la madrugada de este martes durante un accidente entre dos motocicletas en Barahona. El accidente se produjo cuando las motocicletas en que circulaban chocaron de frente. Tres de los fallecidos eran ni\u00f1as y dos chicos. Sucedi\u00f3 entre las comunidades El Higuito y El\u2026","rel":"","context":"En \u00abNACIONALES\u00bb","block_context":{"text":"NACIONALES","link":"https:\/\/lasprimeras.com.do\/index.php\/category\/nacionales\/"},"img":{"alt_text":"","src":"https:\/\/i0.wp.com\/lasprimeras.com.do\/wp-content\/uploads\/2023\/11\/accidente-2.jpg?resize=350%2C200&ssl=1","width":350,"height":200,"srcset":"https:\/\/i0.wp.com\/lasprimeras.com.do\/wp-content\/uploads\/2023\/11\/accidente-2.jpg?resize=350%2C200&ssl=1 1x, https:\/\/i0.wp.com\/lasprimeras.com.do\/wp-content\/uploads\/2023\/11\/accidente-2.jpg?resize=525%2C300&ssl=1 1.5x, https:\/\/i0.wp.com\/lasprimeras.com.do\/wp-content\/uploads\/2023\/11\/accidente-2.jpg?resize=700%2C400&ssl=1 2x"},"classes":[]},{"id":84944,"url":"https:\/\/lasprimeras.com.do\/index.php\/2024\/06\/18\/capturan-reconocido-delincuente-ata-integrante-de-peligrosa-banda-implicada-en-varios-asaltos\/","url_meta":{"origin":84827,"position":2},"title":"Capturan reconocido delincuente \u201cATA\u201d, integrante de peligrosa banda implicada en varios asaltos","author":"Nelson Feliz","date":"18 de junio de 2024","format":false,"excerpt":"-Tambi\u00e9n de la comisi\u00f3n de m\u00faltiples robos y asaltos contra establecimientos comerciales y ciudadanos en SDE. Agentes policiales, adscritos a la Direcci\u00f3n Central de Investigaci\u00f3n (DICRIM), capturaron a un reconocido delincuente que forma parte de una peligrosa banda dedicada a cometer robos y asaltos a mano armada contra ciudadanos y\u2026","rel":"","context":"En \u00abMILITARES\u00bb","block_context":{"text":"MILITARES","link":"https:\/\/lasprimeras.com.do\/index.php\/category\/militares\/"},"img":{"alt_text":"preso-celda","src":"https:\/\/i0.wp.com\/lasprimeras.com.do\/wp-content\/uploads\/2023\/06\/preso-celda.jpg?resize=350%2C200&ssl=1","width":350,"height":200,"srcset":"https:\/\/i0.wp.com\/lasprimeras.com.do\/wp-content\/uploads\/2023\/06\/preso-celda.jpg?resize=350%2C200&ssl=1 1x, https:\/\/i0.wp.com\/lasprimeras.com.do\/wp-content\/uploads\/2023\/06\/preso-celda.jpg?resize=525%2C300&ssl=1 1.5x, https:\/\/i0.wp.com\/lasprimeras.com.do\/wp-content\/uploads\/2023\/06\/preso-celda.jpg?resize=700%2C400&ssl=1 2x"},"classes":[]},{"id":78735,"url":"https:\/\/lasprimeras.com.do\/index.php\/2024\/03\/19\/pn-destruye-motocicletas-retenidas-durante-carreras-clandestinas-en-barahona\/","url_meta":{"origin":84827,"position":3},"title":"PN destruye motocicletas retenidas durante carreras clandestinas en Barahona","author":"Nelson Feliz","date":"19 de marzo de 2024","format":false,"excerpt":"Miembros policiales adscritos a la Direcci\u00f3n Regional Sur destruyeron dos motocicletas modificadas, en momentos en que individuos intentaban llevar a cabo carreras clandestinas en las afueras de Barahona. Dicha direcci\u00f3n inform\u00f3 que continuar\u00e1n tomando medidas en\u00e9rgicas y ejemplares contra este delito. Advirtieron a todas aquellas personas que sean sorprendidas en\u2026","rel":"","context":"En \u00abMILITARES\u00bb","block_context":{"text":"MILITARES","link":"https:\/\/lasprimeras.com.do\/index.php\/category\/militares\/"},"img":{"alt_text":"","src":"https:\/\/i0.wp.com\/lasprimeras.com.do\/wp-content\/uploads\/2024\/03\/MOTOS.jpg?resize=350%2C200&ssl=1","width":350,"height":200,"srcset":"https:\/\/i0.wp.com\/lasprimeras.com.do\/wp-content\/uploads\/2024\/03\/MOTOS.jpg?resize=350%2C200&ssl=1 1x, https:\/\/i0.wp.com\/lasprimeras.com.do\/wp-content\/uploads\/2024\/03\/MOTOS.jpg?resize=525%2C300&ssl=1 1.5x, https:\/\/i0.wp.com\/lasprimeras.com.do\/wp-content\/uploads\/2024\/03\/MOTOS.jpg?resize=700%2C400&ssl=1 2x"},"classes":[]},{"id":110508,"url":"https:\/\/lasprimeras.com.do\/index.php\/2025\/09\/29\/recuperan-motocicletas-y-automovil-reportados-como-robados-en-la-vega\/","url_meta":{"origin":84827,"position":4},"title":"Recuperan motocicletas y autom\u00f3vil reportados como robados en La Vega","author":"Nelson Feliz","date":"29 de septiembre de 2025","format":false,"excerpt":"La Polic\u00eda Nacional, a trav\u00e9s de la Subdirecci\u00f3n Regional de Investigaci\u00f3n (DICRIM), recuper\u00f3 varias motocicletas y un autom\u00f3vil reportados como sustra\u00eddos en distintos sectores de La Vega, dando respuesta inmediata a las denuncias de los afectados. Entre los veh\u00edculos recuperados figuran una motocicleta Gacela Sirius 105, color negro, denunciada por\u2026","rel":"","context":"En \u00abMILITARES\u00bb","block_context":{"text":"MILITARES","link":"https:\/\/lasprimeras.com.do\/index.php\/category\/militares\/"},"img":{"alt_text":"","src":"https:\/\/i0.wp.com\/lasprimeras.com.do\/wp-content\/uploads\/2025\/09\/motos.jpg?resize=350%2C200&ssl=1","width":350,"height":200,"srcset":"https:\/\/i0.wp.com\/lasprimeras.com.do\/wp-content\/uploads\/2025\/09\/motos.jpg?resize=350%2C200&ssl=1 1x, https:\/\/i0.wp.com\/lasprimeras.com.do\/wp-content\/uploads\/2025\/09\/motos.jpg?resize=525%2C300&ssl=1 1.5x, https:\/\/i0.wp.com\/lasprimeras.com.do\/wp-content\/uploads\/2025\/09\/motos.jpg?resize=700%2C400&ssl=1 2x"},"classes":[]},{"id":65509,"url":"https:\/\/lasprimeras.com.do\/index.php\/2023\/10\/29\/hombre-resulta-herido-tras-colisionar-su-motocicleta-con-camioneta-en-barahona\/","url_meta":{"origin":84827,"position":5},"title":"Hombre resulta herido tras colisionar su motocicleta con camioneta en Barahona","author":"Nelson Feliz","date":"29 de octubre de 2023","format":false,"excerpt":"Un hombre result\u00f3 con golpes y heridas en ambas piernas tras colisionar su motocicleta con una camioneta momento que se desplazaba por la carretera que conduce al cruce de Cabral, con el municipio cabecera Santa Cruz, en Barahona. La v\u00edctima fue identificada como Carlos Feliz, alias Carlito de unos 35\u2026","rel":"","context":"En \u00abNACIONALES\u00bb","block_context":{"text":"NACIONALES","link":"https:\/\/lasprimeras.com.do\/index.php\/category\/nacionales\/"},"img":{"alt_text":"herido","src":"https:\/\/i0.wp.com\/lasprimeras.com.do\/wp-content\/uploads\/2023\/10\/CAASD-4.jpg?resize=350%2C200&ssl=1","width":350,"height":200},"classes":[]}],"jetpack_sharing_enabled":true,"_links":{"self":[{"href":"https:\/\/lasprimeras.com.do\/index.php\/wp-json\/wp\/v2\/posts\/84827","targetHints":{"allow":["GET"]}}],"collection":[{"href":"https:\/\/lasprimeras.com.do\/index.php\/wp-json\/wp\/v2\/posts"}],"about":[{"href":"https:\/\/lasprimeras.com.do\/index.php\/wp-json\/wp\/v2\/types\/post"}],"author":[{"embeddable":true,"href":"https:\/\/lasprimeras.com.do\/index.php\/wp-json\/wp\/v2\/users\/2"}],"replies":[{"embeddable":true,"href":"https:\/\/lasprimeras.com.do\/index.php\/wp-json\/wp\/v2\/comments?post=84827"}],"version-history":[{"count":1,"href":"https:\/\/lasprimeras.com.do\/index.php\/wp-json\/wp\/v2\/posts\/84827\/revisions"}],"predecessor-version":[{"id":84829,"href":"https:\/\/lasprimeras.com.do\/index.php\/wp-json\/wp\/v2\/posts\/84827\/revisions\/84829"}],"wp:featuredmedia":[{"embeddable":true,"href":"https:\/\/lasprimeras.com.do\/index.php\/wp-json\/wp\/v2\/media\/84828"}],"wp:attachment":[{"href":"https:\/\/lasprimeras.com.do\/index.php\/wp-json\/wp\/v2\/media?parent=84827"}],"wp:term":[{"taxonomy":"category","embeddable":true,"href":"https:\/\/lasprimeras.com.do\/index.php\/wp-json\/wp\/v2\/categories?post=84827"},{"taxonomy":"post_tag","embeddable":true,"href":"https:\/\/lasprimeras.com.do\/index.php\/wp-json\/wp\/v2\/tags?post=84827"}],"curies":[{"name":"wp","href":"https:\/\/api.w.org\/{rel}","templated":true}]}}