{"id":84839,"date":"2024-06-16T14:53:38","date_gmt":"2024-06-16T18:53:38","guid":{"rendered":"https:\/\/lasprimeras.com.do\/?p=84839"},"modified":"2024-06-16T14:53:39","modified_gmt":"2024-06-16T18:53:39","slug":"abel-martinez-abandona-el-pld-y-se-coloca-en-la-agente-libre","status":"publish","type":"post","link":"https:\/\/lasprimeras.com.do\/index.php\/2024\/06\/16\/abel-martinez-abandona-el-pld-y-se-coloca-en-la-agente-libre\/","title":{"rendered":"Abel Mart\u00ednez abandona el PLD y se coloca en la agente libre"},"content":{"rendered":"\n<p>El ex candidato presidencial del Partido de la Liberaci\u00f3n Dominicana (PLD), Abel Mart\u00ednez Duran, anunci\u00f3 su salida del PLD luego de participar en el pasado proceso electoral donde la organizaci\u00f3n pol\u00edtica alcanzo un p\u00edrrico 10 porciento.<\/p>\n\n\n\n<p>Mart\u00ednez, reconocido por su larga trayectoria como l\u00edder municipal y diputado, revel\u00f3 que su salida se debe a profundas discrepancia dentro de la organizaci\u00f3n de la estrella amarilla.<\/p>\n\n\n\n<p>Desde hace meses, Mart\u00ednez ha expresado abiertamente su descontento con las pol\u00edticas y la gesti\u00f3n del PLD, argumentando falta de apoyo a iniciativas locales y discrepancias ideol\u00f3gicas crecientes.<\/p>\n\n\n\n<p>Se\u00f1ala que la decisi\u00f3n de abandonar el PLD ha estado precedida por tensiones cada vez mayores dentro de la organizaci\u00f3n.<\/p>\n\n\n\n<p>El ex alcalde de la ciudad Coraz\u00f3n, Abel Mart\u00ednez Duran, se\u00f1al\u00f3 que buscara nuevas oportunidades para servir a su comunidad de manera m\u00e1s efectiva.<\/p>\n\n\n\n<p>\u201cAunque no ha revelado a\u00fan los detalles de su nuevo proyecto pol\u00edtico, se especula que Mart\u00ednez podr\u00eda estar considerando formar parte de una organizaci\u00f3n pol\u00edtica m\u00e1s peque\u00f1a, donde pueda enfocarse en agendas locales y responder m\u00e1s directamente a las necesidades de su distrito electoral\u201d.<\/p>\n\n\n\n<p>El impacto de la partida de Mart\u00ednez Duran del PLD podr\u00eda tener repercusiones significativas en el equilibrio pol\u00edtico regional. Su influencia en la provincia de Santiago ha sido notable a lo largo de los a\u00f1os, y muchos de sus seguidores podr\u00edan seguirlo en su nueva empresa pol\u00edtica.<\/p>\n\n\n\n<p>El ex presidente de la C\u00e1mara de Diputados, Abel Mart\u00ednez Duran, conocido por su habilidad para movilizar bases electorales y gestionar recursos municipales de manera efectiva, podr\u00eda emerger como una figura central en una nueva formaci\u00f3n pol\u00edtica que busque competir con el PLD en el \u00e1mbito local.<\/p>\n\n\n\n<p>En resumen, la salida de Abel Mart\u00ednez Duran del PLD marca un cambio significativo en el panorama pol\u00edtico dominicano.<\/p>\n\n\n\n<p>Con su decisi\u00f3n de dejar el partido fundado por el Prof. Juan Bosch y explorar nuevas opciones, podr\u00eda estar preparando el terreno para una nueva etapa en su carrera pol\u00edtica, mientras que deja atr\u00e1s una larga historia de servicio dentro del partido que lo vio crecer como l\u00edder municipal y diputado.<\/p>\n","protected":false},"excerpt":{"rendered":"<p>El ex candidato presidencial del Partido de la Liberaci\u00f3n Dominicana (PLD), Abel Mart\u00ednez Duran, anunci\u00f3 su salida del PLD luego de participar en el pasado proceso electoral donde la organizaci\u00f3n&hellip;<\/p>\n","protected":false},"author":2,"featured_media":68684,"comment_status":"open","ping_status":"open","sticky":false,"template":"","format":"standard","meta":{"content-type":"","jetpack_post_was_ever_published":false,"_jetpack_newsletter_access":"","_jetpack_dont_email_post_to_subs":false,"_jetpack_newsletter_tier_id":0,"_jetpack_memberships_contains_paywalled_content":false,"_jetpack_memberships_contains_paid_content":false,"footnotes":""},"categories":[25],"tags":[6270,822,13618,269],"class_list":["post-84839","post","type-post","status-publish","format-standard","has-post-thumbnail","hentry","category-portada","tag-abandona","tag-abel-martinez","tag-agencia-libre","tag-pld"],"jetpack_featured_media_url":"https:\/\/lasprimeras.com.do\/wp-content\/uploads\/2023\/11\/Abel-Martinez-1-1.jpeg","jetpack-related-posts":[{"id":122723,"url":"https:\/\/lasprimeras.com.do\/index.php\/2026\/02\/20\/abel-martinez-pide-al-pld-excluir-su-nombre-de-proceso-interno\/","url_meta":{"origin":84839,"position":0},"title":"Abel Mart\u00ednez pide al PLD excluir su nombre de proceso interno","author":"Nelson Feliz","date":"20 de febrero de 2026","format":false,"excerpt":"El dirigente pol\u00edtico Abel Mart\u00ednez solicit\u00f3 formalmente que su nombre sea excluido del listado de precandidatos que ser\u00e1 sometido a consideraci\u00f3n del Comit\u00e9 Central del Partido de la Liberaci\u00f3n Dominicana (PLD), cuya reuni\u00f3n est\u00e1 pautada para el 22 de febrero. La petici\u00f3n fue realizada mediante una carta dirigida al presidente\u2026","rel":"","context":"En \u00abPOLITICA\u00bb","block_context":{"text":"POLITICA","link":"https:\/\/lasprimeras.com.do\/index.php\/category\/politica\/"},"img":{"alt_text":"Abel Mart\u00ednez","src":"https:\/\/i0.wp.com\/lasprimeras.com.do\/wp-content\/uploads\/2025\/10\/Abel-Martinez-1.jpg?resize=350%2C200&ssl=1","width":350,"height":200,"srcset":"https:\/\/i0.wp.com\/lasprimeras.com.do\/wp-content\/uploads\/2025\/10\/Abel-Martinez-1.jpg?resize=350%2C200&ssl=1 1x, https:\/\/i0.wp.com\/lasprimeras.com.do\/wp-content\/uploads\/2025\/10\/Abel-Martinez-1.jpg?resize=525%2C300&ssl=1 1.5x, https:\/\/i0.wp.com\/lasprimeras.com.do\/wp-content\/uploads\/2025\/10\/Abel-Martinez-1.jpg?resize=700%2C400&ssl=1 2x"},"classes":[]},{"id":111705,"url":"https:\/\/lasprimeras.com.do\/index.php\/2025\/10\/12\/abel-martinez-este-gobierno-llego-como-el-cambio-y-va-a-salir-como-el-fallo\/","url_meta":{"origin":84839,"position":1},"title":"Abel Mart\u00ednez: \u201cEste gobierno lleg\u00f3 como \u201cel cambio\u201d y va a salir como \u201cel fallo\u201d","author":"Nelson Feliz","date":"12 de octubre de 2025","format":false,"excerpt":"El miembro del Comit\u00e9 Politico del Partido de la Liberaci\u00f3n Dominicana (PLD), Abel Martinez, lament\u00f3 la dif\u00edcil situaci\u00f3n que enfrenta el pueblo dominicano como consecuencia de las malas ejecutorias de un gobierno ineficaz e indolente que, se visti\u00f3 de cambio y ha resultado un gran fallo, llevando al pa\u00eds por\u2026","rel":"","context":"En \u00abPOLITICA\u00bb","block_context":{"text":"POLITICA","link":"https:\/\/lasprimeras.com.do\/index.php\/category\/politica\/"},"img":{"alt_text":"","src":"https:\/\/i0.wp.com\/lasprimeras.com.do\/wp-content\/uploads\/2025\/10\/Abel-Martinez-1-1.jpg?resize=350%2C200&ssl=1","width":350,"height":200,"srcset":"https:\/\/i0.wp.com\/lasprimeras.com.do\/wp-content\/uploads\/2025\/10\/Abel-Martinez-1-1.jpg?resize=350%2C200&ssl=1 1x, https:\/\/i0.wp.com\/lasprimeras.com.do\/wp-content\/uploads\/2025\/10\/Abel-Martinez-1-1.jpg?resize=525%2C300&ssl=1 1.5x, https:\/\/i0.wp.com\/lasprimeras.com.do\/wp-content\/uploads\/2025\/10\/Abel-Martinez-1-1.jpg?resize=700%2C400&ssl=1 2x"},"classes":[]},{"id":104644,"url":"https:\/\/lasprimeras.com.do\/index.php\/2025\/07\/25\/abel-martinez-asegura-que-la-mejor-coyuntura-para-el-regreso-del-pld-al-poder-es-ahora\/","url_meta":{"origin":84839,"position":2},"title":"Abel Mart\u00ednez asegura que la mejor coyuntura para el regreso del PLD al poder es ahora","author":"Nelson Feliz","date":"25 de julio de 2025","format":false,"excerpt":"El miembro del Comit\u00e9 Pol\u00edtico del PLD , Abel Mart\u00ednez, considera que, con el reencuentro en 2028 entre el PLD y el pueblo dominicano, se cerrar\u00e1 el paso de las actuales promesas incumplidas, regresando las soluciones reales a los problemas que enfrenta RD.,\u00abLa historia nos da una nueva oportunidad, y\u2026","rel":"","context":"En \u00abPOLITICA\u00bb","block_context":{"text":"POLITICA","link":"https:\/\/lasprimeras.com.do\/index.php\/category\/politica\/"},"img":{"alt_text":"","src":"https:\/\/i0.wp.com\/lasprimeras.com.do\/wp-content\/uploads\/2024\/09\/ABEL-MARTINEZ.jpg?resize=350%2C200&ssl=1","width":350,"height":200,"srcset":"https:\/\/i0.wp.com\/lasprimeras.com.do\/wp-content\/uploads\/2024\/09\/ABEL-MARTINEZ.jpg?resize=350%2C200&ssl=1 1x, https:\/\/i0.wp.com\/lasprimeras.com.do\/wp-content\/uploads\/2024\/09\/ABEL-MARTINEZ.jpg?resize=525%2C300&ssl=1 1.5x, https:\/\/i0.wp.com\/lasprimeras.com.do\/wp-content\/uploads\/2024\/09\/ABEL-MARTINEZ.jpg?resize=700%2C400&ssl=1 2x"},"classes":[]},{"id":121192,"url":"https:\/\/lasprimeras.com.do\/index.php\/2026\/02\/02\/abel-martinez-sugiere-fortalecer-unidad-y-garantizar-competitividad-del-pld-rumbo-a-2028\/","url_meta":{"origin":84839,"position":3},"title":"Abel Mart\u00ednez sugiere fortalecer unidad y garantizar competitividad del PLD rumbo a 2028","author":"Nelson Feliz","date":"2 de febrero de 2026","format":false,"excerpt":"El excandidato presidencial del Partido de la Liberaci\u00f3n Dominicana (PLD), Abel Mart\u00ednez, plante\u00f3 una propuesta pol\u00edtica orientada a preservar la unidad interna del Partido y colocarlo en condiciones reales de competitividad de cara a las elecciones de 2028, apelando a la madurez, la armon\u00eda y la visi\u00f3n estrat\u00e9gica. Mart\u00ednez explic\u00f3\u2026","rel":"","context":"En \u00abPOLITICA\u00bb","block_context":{"text":"POLITICA","link":"https:\/\/lasprimeras.com.do\/index.php\/category\/politica\/"},"img":{"alt_text":"Abel Mart\u00ednez","src":"https:\/\/i0.wp.com\/lasprimeras.com.do\/wp-content\/uploads\/2025\/12\/Abel-Martinez-1.jpg?resize=350%2C200&ssl=1","width":350,"height":200,"srcset":"https:\/\/i0.wp.com\/lasprimeras.com.do\/wp-content\/uploads\/2025\/12\/Abel-Martinez-1.jpg?resize=350%2C200&ssl=1 1x, https:\/\/i0.wp.com\/lasprimeras.com.do\/wp-content\/uploads\/2025\/12\/Abel-Martinez-1.jpg?resize=525%2C300&ssl=1 1.5x, https:\/\/i0.wp.com\/lasprimeras.com.do\/wp-content\/uploads\/2025\/12\/Abel-Martinez-1.jpg?resize=700%2C400&ssl=1 2x"},"classes":[]},{"id":113297,"url":"https:\/\/lasprimeras.com.do\/index.php\/2025\/10\/31\/comision-del-pld-se-reune-con-abel-martinez\/","url_meta":{"origin":84839,"position":4},"title":"Comision del PLD se reune con Abel Martinez","author":"Nelson Feliz","date":"31 de octubre de 2025","format":false,"excerpt":"La Comisi\u00f3n del PLD conformada para trabajar el Protocolo de Aspirantes Presidenciales se re\u00fane con Abel Mart\u00ednez. La comisi\u00f3n encargada de trabajar el Protocolo de Aspirantes Presidenciales del Partido de la Liberaci\u00f3n Dominicana (PLD) sostuvo un encuentro con Abel Mart\u00ednez, pasado candidato presidencial pelede\u00edsta en el que se intercambiaron ideas\u2026","rel":"","context":"En \u00abPOLITICA\u00bb","block_context":{"text":"POLITICA","link":"https:\/\/lasprimeras.com.do\/index.php\/category\/politica\/"},"img":{"alt_text":"","src":"https:\/\/i0.wp.com\/lasprimeras.com.do\/wp-content\/uploads\/2025\/10\/COMISION-CON-ABEL-2.jpg?resize=350%2C200&ssl=1","width":350,"height":200,"srcset":"https:\/\/i0.wp.com\/lasprimeras.com.do\/wp-content\/uploads\/2025\/10\/COMISION-CON-ABEL-2.jpg?resize=350%2C200&ssl=1 1x, https:\/\/i0.wp.com\/lasprimeras.com.do\/wp-content\/uploads\/2025\/10\/COMISION-CON-ABEL-2.jpg?resize=525%2C300&ssl=1 1.5x, https:\/\/i0.wp.com\/lasprimeras.com.do\/wp-content\/uploads\/2025\/10\/COMISION-CON-ABEL-2.jpg?resize=700%2C400&ssl=1 2x"},"classes":[]},{"id":104762,"url":"https:\/\/lasprimeras.com.do\/index.php\/2025\/07\/27\/abel-martinez-dice-sera-proclamado-candidato-presidencial-en-2027\/","url_meta":{"origin":84839,"position":5},"title":"Abel Mart\u00ednez dice ser\u00e1 proclamado candidato presidencial en 2027","author":"Nelson Feliz","date":"27 de julio de 2025","format":false,"excerpt":"En un encuentro con l\u00edderes del Partido de la Liberaci\u00f3n Dominicana (PLD), dirigentes comunitarios y ciudadanos comprometidos, Abel Mart\u00ednez reafirm\u00f3 su determinaci\u00f3n de trabajar por un \u00abnuevo comienzo\u00bb para la Rep\u00fablica Dominicana. El exalcalde de Santiago estuvo acompa\u00f1ado por su esposa, la comunicadora Nahiony Reyes. Anunci\u00f3 que en 2027 ser\u00e1\u2026","rel":"","context":"En \u00abPOLITICA\u00bb","block_context":{"text":"POLITICA","link":"https:\/\/lasprimeras.com.do\/index.php\/category\/politica\/"},"img":{"alt_text":"Abel Mart\u00ednez","src":"https:\/\/i0.wp.com\/lasprimeras.com.do\/wp-content\/uploads\/2024\/05\/Abel-Martinez-4.jpg?resize=350%2C200&ssl=1","width":350,"height":200,"srcset":"https:\/\/i0.wp.com\/lasprimeras.com.do\/wp-content\/uploads\/2024\/05\/Abel-Martinez-4.jpg?resize=350%2C200&ssl=1 1x, https:\/\/i0.wp.com\/lasprimeras.com.do\/wp-content\/uploads\/2024\/05\/Abel-Martinez-4.jpg?resize=525%2C300&ssl=1 1.5x, https:\/\/i0.wp.com\/lasprimeras.com.do\/wp-content\/uploads\/2024\/05\/Abel-Martinez-4.jpg?resize=700%2C400&ssl=1 2x"},"classes":[]}],"jetpack_sharing_enabled":true,"_links":{"self":[{"href":"https:\/\/lasprimeras.com.do\/index.php\/wp-json\/wp\/v2\/posts\/84839","targetHints":{"allow":["GET"]}}],"collection":[{"href":"https:\/\/lasprimeras.com.do\/index.php\/wp-json\/wp\/v2\/posts"}],"about":[{"href":"https:\/\/lasprimeras.com.do\/index.php\/wp-json\/wp\/v2\/types\/post"}],"author":[{"embeddable":true,"href":"https:\/\/lasprimeras.com.do\/index.php\/wp-json\/wp\/v2\/users\/2"}],"replies":[{"embeddable":true,"href":"https:\/\/lasprimeras.com.do\/index.php\/wp-json\/wp\/v2\/comments?post=84839"}],"version-history":[{"count":1,"href":"https:\/\/lasprimeras.com.do\/index.php\/wp-json\/wp\/v2\/posts\/84839\/revisions"}],"predecessor-version":[{"id":84840,"href":"https:\/\/lasprimeras.com.do\/index.php\/wp-json\/wp\/v2\/posts\/84839\/revisions\/84840"}],"wp:featuredmedia":[{"embeddable":true,"href":"https:\/\/lasprimeras.com.do\/index.php\/wp-json\/wp\/v2\/media\/68684"}],"wp:attachment":[{"href":"https:\/\/lasprimeras.com.do\/index.php\/wp-json\/wp\/v2\/media?parent=84839"}],"wp:term":[{"taxonomy":"category","embeddable":true,"href":"https:\/\/lasprimeras.com.do\/index.php\/wp-json\/wp\/v2\/categories?post=84839"},{"taxonomy":"post_tag","embeddable":true,"href":"https:\/\/lasprimeras.com.do\/index.php\/wp-json\/wp\/v2\/tags?post=84839"}],"curies":[{"name":"wp","href":"https:\/\/api.w.org\/{rel}","templated":true}]}}