{"id":84852,"date":"2024-06-16T19:00:00","date_gmt":"2024-06-16T23:00:00","guid":{"rendered":"https:\/\/lasprimeras.com.do\/?p=84852"},"modified":"2024-06-16T15:52:12","modified_gmt":"2024-06-16T19:52:12","slug":"presidente-del-senado-propone-requisito-95-asambleistas-para-reforma-constitucional-por-reeleccion","status":"publish","type":"post","link":"https:\/\/lasprimeras.com.do\/index.php\/2024\/06\/16\/presidente-del-senado-propone-requisito-95-asambleistas-para-reforma-constitucional-por-reeleccion\/","title":{"rendered":"Presidente del Senado propone requisito 95% asamble\u00edstas para reforma constitucional por reelecci\u00f3n"},"content":{"rendered":"\n<p>El presidente del Senado y senador por la provincia S\u00e1nchez Ram\u00edrez, Ricardo de los Santos propone que, de cara a la Reforma Constitucional que impulsa el presidente Luis Abinader, se establezca como requisito el voto del 95% de los asamble\u00edstas para futuras modificaciones a la Carta magna que versen sobre el tema de la reelecci\u00f3n presidencial.<\/p>\n\n\n\n<p>De los Santos favorece que en la propuesta de reforma constitucional que impulsa el presidente Luis Abinader se contemple la unificaci\u00f3n de las elecciones municipales con las congresuales y presidencial.<\/p>\n\n\n\n<p>\u201cYo creo que el pa\u00eds no resiste dos procesos electorales con solo tres meses de separaci\u00f3n entre uno y otro, es verdad que hemos mejorado bastante como pa\u00eds democr\u00e1tico, la democracia ha mejorado mucho, pero nos corremos el riesgo de que el \u00e1rbitro de los comicios de febrero, que es el mismo que deber\u00e1 arbitrar el proceso de mayo, con una diferencia de 90 d\u00edas, se pueda dar el caso que, aun no se haya concluido con el proceso de febrero, tenga que ir montando el de mayo\u201d, subray\u00f3 el presidente del Senado.<\/p>\n\n\n\n<p>Entrevistado por H\u00e9ctor Herrera Cabral en el programa D\u00b4AGENDA que cada domingo se difunde por Telesistema Canal 11 y TV Quisqueya para los Estados Unidos, el senador por la provincia de S\u00e1nchez Ram\u00edrez, dijo que eso es algo que hay que manejarlo con sumo cuidado, y por eso nunca ha estado de acuerdo con que esos dos procesos fueran tan cercanos.<\/p>\n\n\n\n<p>\u201cTodo por el contrario, si a m\u00ed me preguntan, lo que me gustar\u00eda fuera la unificaci\u00f3n de ambos procesos, porque, cuando ten\u00edamos las elecciones de medio t\u00e9rmino hab\u00eda las cr\u00edticas de que nos pas\u00e1bamos los cuatro a\u00f1os en campa\u00f1a, y eso era algo evidente, yo creo que debemos buscar la f\u00f3rmula de que se puedan unificar los dos procesos\u201d, sugiri\u00f3.<\/p>\n\n\n\n<p>El legislador oficialista reconoce las complicaciones que eso podr\u00eda provocarle a la Junta Central Electoral, porque de acuerdo con la ley de R\u00e9gimen Electoral 20-23 hay siete niveles de elecci\u00f3n, y eso significa que eso es un proceso complejo.<\/p>\n\n\n\n<p>\u201cPero, yo entiendo que con la complejidad de este, aun haciendo el montaje para un solo proceso de elecci\u00f3n, le sale m\u00e1s barato al pueblo dominicano que los dos proceso que se hacen ahora, y soy de lo que entiende que una f\u00f3rmula pudiera ser bajar la cantidad de votantes en los colegios, para que haya el tiempo necesario, y de una manera c\u00edvica y pausada, la gente pueda ir a ejercer el sufragio\u201d, ponder\u00f3 el funcionario.<\/p>\n\n\n\n<p>El senador por la provincia S\u00e1nchez Ram\u00edrez, explic\u00f3 que, \u201cs\u00ed se aumenta el n\u00famero de colegios electorales, se puede reducir la cantidad de votantes en dichos centros, y hay facilidad para llevar a cabo un proceso que sea m\u00e1s manejable por parte de las autoridades electorales, por el tema de la cantidad de boletas\u201d.<\/p>\n\n\n\n<p>Ricardo de los Santos, sostuvo que eso es una carpinter\u00eda que hay ver y analizar, y eso debe ser fruto de las discusiones y el consenso que promueve el oficialismo, donde participen todas las fuerzas pol\u00edticas y la sociedad civil.<\/p>\n\n\n\n<p>Otro aspecto que, entiende el senador Ricardo de los Santos, debe ser debatido en la reforma constitucional es la independencia del Ministerio P\u00fablico, y que el procurador general de la Rep\u00fablica no sea miembro del Consejo Nacional de la Magistratura.<\/p>\n\n\n\n<p>En cuanto a la reforma fiscal, el legislador y empresario del transporte reconoci\u00f3 que la misma deber\u00e1 afectar alg\u00fan sector, pero dio garant\u00edas de que se proteger\u00e1 a la poblaci\u00f3n m\u00e1s vulnerable del pa\u00eds.<\/p>\n","protected":false},"excerpt":{"rendered":"<p>El presidente del Senado y senador por la provincia S\u00e1nchez Ram\u00edrez, Ricardo de los Santos propone que, de cara a la Reforma Constitucional que impulsa el presidente Luis Abinader, se&hellip;<\/p>\n","protected":false},"author":2,"featured_media":84853,"comment_status":"open","ping_status":"open","sticky":false,"template":"","format":"standard","meta":{"content-type":"","jetpack_post_was_ever_published":false,"_jetpack_newsletter_access":"","_jetpack_dont_email_post_to_subs":false,"_jetpack_newsletter_tier_id":0,"_jetpack_memberships_contains_paywalled_content":false,"_jetpack_memberships_contains_paid_content":false,"footnotes":""},"categories":[25],"tags":[13622,2004,11783,13624,2107,413],"class_list":["post-84852","post","type-post","status-publish","format-standard","has-post-thumbnail","hentry","category-portada","tag-95-asambleistas","tag-reeleccion","tag-reforma-constitucional","tag-requisito","tag-ricardo-de-los-santos","tag-senado"],"jetpack_featured_media_url":"https:\/\/lasprimeras.com.do\/wp-content\/uploads\/2024\/06\/Hector-Herrera-vs-Ricardo-de-los-Santos.jpg","jetpack-related-posts":[{"id":84849,"url":"https:\/\/lasprimeras.com.do\/index.php\/2024\/06\/16\/ricardo-de-los-santos-plantea-unificacion-elecciones-municipales-con-nivel-congresual-y-presidencial\/","url_meta":{"origin":84852,"position":0},"title":"Ricardo de los Santos plantea unificaci\u00f3n elecciones municipales con nivel congresual y presidencial","author":"Nelson Feliz","date":"16 de junio de 2024","format":false,"excerpt":"El presidente del Senado, Ricardo de los Santos propone que, de cara a la reforma constitucional que impulsa el presidente Luis Abinader, se establezca como requisito el voto del 95% de los asamble\u00edstas para futuras modificaciones a la Carta magna que versen sobre el tema de la reelecci\u00f3n presidencial. De\u2026","rel":"","context":"En \u00abPORTADA\u00bb","block_context":{"text":"PORTADA","link":"https:\/\/lasprimeras.com.do\/index.php\/category\/portada\/"},"img":{"alt_text":"Ricardo de los Santos","src":"https:\/\/i0.wp.com\/lasprimeras.com.do\/wp-content\/uploads\/2024\/06\/Ricardo-de-los-Santos-3.jpg?resize=350%2C200&ssl=1","width":350,"height":200,"srcset":"https:\/\/i0.wp.com\/lasprimeras.com.do\/wp-content\/uploads\/2024\/06\/Ricardo-de-los-Santos-3.jpg?resize=350%2C200&ssl=1 1x, https:\/\/i0.wp.com\/lasprimeras.com.do\/wp-content\/uploads\/2024\/06\/Ricardo-de-los-Santos-3.jpg?resize=525%2C300&ssl=1 1.5x, https:\/\/i0.wp.com\/lasprimeras.com.do\/wp-content\/uploads\/2024\/06\/Ricardo-de-los-Santos-3.jpg?resize=700%2C400&ssl=1 2x"},"classes":[]},{"id":87921,"url":"https:\/\/lasprimeras.com.do\/index.php\/2024\/08\/19\/presidente-senado-recibe-del-poder-ejecutivo-el-proyecto-para-reformar-10-articulos-de-constitucion\/","url_meta":{"origin":84852,"position":1},"title":"Presidente Senado recibe del Poder Ejecutivo el proyecto para reformar 10 art\u00edculos de Constituci\u00f3n","author":"Nelson Feliz","date":"19 de agosto de 2024","format":false,"excerpt":"El presidente del Senado, Ricardo de los Santos recibi\u00f3 este lunes de una comisi\u00f3n del Poder Ejecutivo, el anteproyecto de ley que declara la necesidad de la reforma constitucional en los art\u00edculos 81,166, 167, 169, 171, 178, 179, 209, 268 y 274. La comisi\u00f3n que deposit\u00f3 la iniciativa en la\u2026","rel":"","context":"En \u00abPORTADA\u00bb","block_context":{"text":"PORTADA","link":"https:\/\/lasprimeras.com.do\/index.php\/category\/portada\/"},"img":{"alt_text":"Ricardo de los Santos","src":"https:\/\/i0.wp.com\/lasprimeras.com.do\/wp-content\/uploads\/2024\/08\/Ricardo-de-los-Santos-1-1.jpg?resize=350%2C200&ssl=1","width":350,"height":200,"srcset":"https:\/\/i0.wp.com\/lasprimeras.com.do\/wp-content\/uploads\/2024\/08\/Ricardo-de-los-Santos-1-1.jpg?resize=350%2C200&ssl=1 1x, https:\/\/i0.wp.com\/lasprimeras.com.do\/wp-content\/uploads\/2024\/08\/Ricardo-de-los-Santos-1-1.jpg?resize=525%2C300&ssl=1 1.5x"},"classes":[]},{"id":112889,"url":"https:\/\/lasprimeras.com.do\/index.php\/2025\/10\/28\/abinader-resalta-valor-democratico-de-la-reforma-constitucional-que-limita-la-reeleccion\/","url_meta":{"origin":84852,"position":2},"title":"Abinader resalta valor democr\u00e1tico de la reforma constitucional que limita la reelecci\u00f3n","author":"Nelson Feliz","date":"28 de octubre de 2025","format":false,"excerpt":"Mandatario asiste a la puesta en circulaci\u00f3n de la edici\u00f3n ampliada del libro \u201cReformas a la Constituci\u00f3n Pol\u00edtica Dominicana\u201d de Antoliano Peralta Romero y Rafael Peralta Romero. El presidente Luis Abinader afirm\u00f3 que la reforma constitucional de 2024, que limita la reelecci\u00f3n presidencial consecutiva, constituye una garant\u00eda para la estabilidad\u2026","rel":"","context":"En \u00abNACIONALES\u00bb","block_context":{"text":"NACIONALES","link":"https:\/\/lasprimeras.com.do\/index.php\/category\/nacionales\/"},"img":{"alt_text":"Luis Abinader","src":"https:\/\/i0.wp.com\/lasprimeras.com.do\/wp-content\/uploads\/2025\/10\/Luis-Abinader-11.jpg?resize=350%2C200&ssl=1","width":350,"height":200,"srcset":"https:\/\/i0.wp.com\/lasprimeras.com.do\/wp-content\/uploads\/2025\/10\/Luis-Abinader-11.jpg?resize=350%2C200&ssl=1 1x, https:\/\/i0.wp.com\/lasprimeras.com.do\/wp-content\/uploads\/2025\/10\/Luis-Abinader-11.jpg?resize=525%2C300&ssl=1 1.5x, https:\/\/i0.wp.com\/lasprimeras.com.do\/wp-content\/uploads\/2025\/10\/Luis-Abinader-11.jpg?resize=700%2C400&ssl=1 2x"},"classes":[]},{"id":88032,"url":"https:\/\/lasprimeras.com.do\/index.php\/2024\/08\/21\/pc-favorece-blindaje-para-la-reeleccion-y-fortalecimiento-del-ministerio-publico\/","url_meta":{"origin":84852,"position":3},"title":"PC favorece blindaje para la reelecci\u00f3n y fortalecimiento del Ministerio P\u00fablico","author":"Nelson Feliz","date":"21 de agosto de 2024","format":false,"excerpt":"La miembro del Consejo y Coordinadora de la Unidad de An\u00e1lisis Pol\u00edtico de Participaci\u00f3n Ciudadana (PC), Leidy Blanco Garc\u00eda, expres\u00f3 el respaldo a varios puntos clave de la reforma constitucional presentada por el presidente Luis Abinader, destacando la importancia de las medidas para impedir la reelecci\u00f3n presidencial y fortalecer al\u2026","rel":"","context":"En \u00abNACIONALES\u00bb","block_context":{"text":"NACIONALES","link":"https:\/\/lasprimeras.com.do\/index.php\/category\/nacionales\/"},"img":{"alt_text":"Leidy Blanco Garc\u00eda","src":"https:\/\/i0.wp.com\/lasprimeras.com.do\/wp-content\/uploads\/2024\/08\/Leidy-Blanco.jpg?resize=350%2C200&ssl=1","width":350,"height":200,"srcset":"https:\/\/i0.wp.com\/lasprimeras.com.do\/wp-content\/uploads\/2024\/08\/Leidy-Blanco.jpg?resize=350%2C200&ssl=1 1x, https:\/\/i0.wp.com\/lasprimeras.com.do\/wp-content\/uploads\/2024\/08\/Leidy-Blanco.jpg?resize=525%2C300&ssl=1 1.5x, https:\/\/i0.wp.com\/lasprimeras.com.do\/wp-content\/uploads\/2024\/08\/Leidy-Blanco.jpg?resize=700%2C400&ssl=1 2x"},"classes":[]},{"id":87977,"url":"https:\/\/lasprimeras.com.do\/index.php\/2024\/08\/20\/senado-designa-comision-bicameral-para-estudio-del-proyecto-de-reforma-constitucional\/","url_meta":{"origin":84852,"position":4},"title":"Senado designa comisi\u00f3n bicameral para estudio del proyecto de reforma constitucional","author":"Nelson Feliz","date":"20 de agosto de 2024","format":false,"excerpt":"El presidente del Senado design\u00f3 este martes los senadores que formar\u00e1n parte de la comisi\u00f3n bicameral que va a analizar y estudiar el proyecto de ley que declara la necesidad de reformar la Constituci\u00f3n en los art\u00edculos 81,166, 167, 169, 171, 178, 179, 209, 268 y 274, y ordena la\u2026","rel":"","context":"En \u00abPORTADA\u00bb","block_context":{"text":"PORTADA","link":"https:\/\/lasprimeras.com.do\/index.php\/category\/portada\/"},"img":{"alt_text":"","src":"https:\/\/i0.wp.com\/lasprimeras.com.do\/wp-content\/uploads\/2024\/08\/Ricardo-de-los-Santos-2-1.jpg?resize=350%2C200&ssl=1","width":350,"height":200,"srcset":"https:\/\/i0.wp.com\/lasprimeras.com.do\/wp-content\/uploads\/2024\/08\/Ricardo-de-los-Santos-2-1.jpg?resize=350%2C200&ssl=1 1x, https:\/\/i0.wp.com\/lasprimeras.com.do\/wp-content\/uploads\/2024\/08\/Ricardo-de-los-Santos-2-1.jpg?resize=525%2C300&ssl=1 1.5x"},"classes":[]},{"id":87015,"url":"https:\/\/lasprimeras.com.do\/index.php\/2024\/08\/05\/reforma-constitucional-que-presentara-abinader-pretende-ser-la-ultima-en-materia-de-reeleccion\/","url_meta":{"origin":84852,"position":5},"title":"Reforma Constitucional que presentar\u00e1 Abinader pretende ser la ultima en materia de reelecci\u00f3n","author":"Nelson Feliz","date":"5 de agosto de 2024","format":false,"excerpt":"Mandatario espera sea el fin del caudillismo y el personalismo continuista. El presidente Luis Abinader present\u00f3 este lunes el contenido de su propuesta de reforma constitucional, expresando que con esta se pretende que sea la \u00faltima en materia de reelecci\u00f3n presidencial, para poner fin al caudillismo y el personalismo continuista.\u2026","rel":"","context":"En \u00abNACIONALES\u00bb","block_context":{"text":"NACIONALES","link":"https:\/\/lasprimeras.com.do\/index.php\/category\/nacionales\/"},"img":{"alt_text":"Luis Abinader","src":"https:\/\/i0.wp.com\/lasprimeras.com.do\/wp-content\/uploads\/2024\/08\/Luis-Abinader-16.jpg?resize=350%2C200&ssl=1","width":350,"height":200,"srcset":"https:\/\/i0.wp.com\/lasprimeras.com.do\/wp-content\/uploads\/2024\/08\/Luis-Abinader-16.jpg?resize=350%2C200&ssl=1 1x, https:\/\/i0.wp.com\/lasprimeras.com.do\/wp-content\/uploads\/2024\/08\/Luis-Abinader-16.jpg?resize=525%2C300&ssl=1 1.5x, https:\/\/i0.wp.com\/lasprimeras.com.do\/wp-content\/uploads\/2024\/08\/Luis-Abinader-16.jpg?resize=700%2C400&ssl=1 2x"},"classes":[]}],"jetpack_sharing_enabled":true,"_links":{"self":[{"href":"https:\/\/lasprimeras.com.do\/index.php\/wp-json\/wp\/v2\/posts\/84852","targetHints":{"allow":["GET"]}}],"collection":[{"href":"https:\/\/lasprimeras.com.do\/index.php\/wp-json\/wp\/v2\/posts"}],"about":[{"href":"https:\/\/lasprimeras.com.do\/index.php\/wp-json\/wp\/v2\/types\/post"}],"author":[{"embeddable":true,"href":"https:\/\/lasprimeras.com.do\/index.php\/wp-json\/wp\/v2\/users\/2"}],"replies":[{"embeddable":true,"href":"https:\/\/lasprimeras.com.do\/index.php\/wp-json\/wp\/v2\/comments?post=84852"}],"version-history":[{"count":1,"href":"https:\/\/lasprimeras.com.do\/index.php\/wp-json\/wp\/v2\/posts\/84852\/revisions"}],"predecessor-version":[{"id":84854,"href":"https:\/\/lasprimeras.com.do\/index.php\/wp-json\/wp\/v2\/posts\/84852\/revisions\/84854"}],"wp:featuredmedia":[{"embeddable":true,"href":"https:\/\/lasprimeras.com.do\/index.php\/wp-json\/wp\/v2\/media\/84853"}],"wp:attachment":[{"href":"https:\/\/lasprimeras.com.do\/index.php\/wp-json\/wp\/v2\/media?parent=84852"}],"wp:term":[{"taxonomy":"category","embeddable":true,"href":"https:\/\/lasprimeras.com.do\/index.php\/wp-json\/wp\/v2\/categories?post=84852"},{"taxonomy":"post_tag","embeddable":true,"href":"https:\/\/lasprimeras.com.do\/index.php\/wp-json\/wp\/v2\/tags?post=84852"}],"curies":[{"name":"wp","href":"https:\/\/api.w.org\/{rel}","templated":true}]}}