{"id":85002,"date":"2024-06-20T01:01:20","date_gmt":"2024-06-20T05:01:20","guid":{"rendered":"https:\/\/lasprimeras.com.do\/?p=85002"},"modified":"2024-06-20T01:01:22","modified_gmt":"2024-06-20T05:01:22","slug":"centro-del-infotep-en-hotel-guarocuya-impulsara-economia-de-los-barahoneros","status":"publish","type":"post","link":"https:\/\/lasprimeras.com.do\/index.php\/2024\/06\/20\/centro-del-infotep-en-hotel-guarocuya-impulsara-economia-de-los-barahoneros\/","title":{"rendered":"Centro del INFOTEP en Hotel Guarocuya impulsar\u00e1 econom\u00eda de los barahoneros"},"content":{"rendered":"\n<p>El director general del Instituto Nacional de Formaci\u00f3n T\u00e9cnico Profesional (INFOTEP), Rafael Santos Bad\u00eda, dijo que Barahona experimentar\u00e1 un importante impulso que impactar\u00e1 la calidad de vida de sus ciudadanos, con la instalaci\u00f3n de la escuela en el Hotel Guarocuya.<\/p>\n\n\n\n<p>\u201cDonde quiera que se instala el INFOTEP, llegan empresas, se generan empleos, se inician negocios y en meses se percibe el desarrollo, conjuntamente con las iniciativas que el gobierno realiza en toda la regi\u00f3n\u201d, expres\u00f3 Santos Bad\u00eda.<\/p>\n\n\n\n<p>El director de INFOTEP hizo estas afirmaciones en el marco de un encuentro con las fuerzas vivas de la provincia, en la cual anunci\u00f3 el reinicio de los trabajos de acondicionamiento del Hotel Guarocuya, en el cual se instalar\u00e1 un moderno centro de formaci\u00f3n y capacitaci\u00f3n hotelera.<\/p>\n\n\n\n<p>Reiter\u00f3 que el Hotel Guarocuya ser\u00e1 transformado en una escuela de formaci\u00f3n de t\u00e9cnicos de la industria tur\u00edstica y hotelera, desde donde se dar\u00e1 servicio a las cuatro provincias de la Regi\u00f3n Enriquillo, conformada por Independencia, Bahoruco, Pedernales y Barahona.<\/p>\n\n\n\n<p>\u201cVenimos a Barahona para reiterar nuestro compromiso con la pol\u00edtica del presidente Luis Abinader, de llevar el desarrollo donde vive la gente y propiciar una oferta formativa, para que miles de hombres y mujeres se capaciten y tengan mejores oportunidades en el mercado laboral\u201d, manifest\u00f3.<\/p>\n\n\n\n<p>El director de INFOTEP inform\u00f3 tambi\u00e9n que han graduado m\u00e1s de siete mil t\u00e9cnicos para el proyecto tur\u00edstico del circuito de la Regi\u00f3n Enriquillo, y en el mes de julio entregar\u00e1 t\u00edtulos en Barahona a m\u00e1s de setecientos t\u00e9cnicos del sur.<\/p>\n\n\n\n<p><strong>Oferta formativa en el Hotel Guarocuya<\/strong><\/p>\n\n\n\n<p>Santos Bad\u00eda precis\u00f3 que desde la escuela instalada en el Hotel Guarocuya, el INFOTEP va a fortalecer la formaci\u00f3n Dual en la regi\u00f3n, con especial atenci\u00f3n en el sector turismo, con miras eficientizar la productividad de las empresas, a trav\u00e9s de la capacitaci\u00f3n puntual, asesor\u00eda y asistencia t\u00e9cnicas, capacitaci\u00f3n y asesoramiento a emprendedores.<\/p>\n\n\n\n<p>\u201cEn ese centro de capacitaci\u00f3n, tendremos a disposici\u00f3n de la gente la Validaci\u00f3n Ocupacional y Certificaci\u00f3n por Competencias Laborales, y servicios de intermediaci\u00f3n laboral, a los fines de dar respuesta a la demanda de empleados de las empresas de Barahona y toda la Regi\u00f3n Enriquillo\u201d.<\/p>\n\n\n\n<p>En el centro de formaci\u00f3n Guarocuya se capacitar\u00e1 en cocina, pasteler\u00eda, bar y restaurante, servicios de habitaci\u00f3n y alojamiento, formaci\u00f3n de recepcionista de hotel, masaje y spa.<\/p>\n\n\n\n<p>Adem\u00e1s, animaci\u00f3n hotelera, gu\u00edas tur\u00edsticos y ecoturismo, mantenimiento de piscina, industria 4.0\/inform\u00e1tica, mantenimiento de edificaciones hoteleras, e idiomas: ingl\u00e9s, franc\u00e9s, alem\u00e1n, mandar\u00edn y ruso.<\/p>\n\n\n\n<p><strong>Acciones del INFOTEP en la gesti\u00f3n 2020-2024 Regi\u00f3n Enriquillo<\/strong><\/p>\n\n\n\n<p>En la Regi\u00f3n Enriquillo se han desarrollado 3,623 programas de capacitaci\u00f3n en diversas \u00e1reas, de los cuales 1,989 fueron impartidos en Barahona, equivalente a un 55 %.<\/p>\n\n\n\n<p>Estos programas de capacitaci\u00f3n han sido impartidos por el INFOTEP, a trav\u00e9s de su Direcci\u00f3n Regional Sur, con oficina principal en Azua, donde tambi\u00e9n opera un centro tecnol\u00f3gico, en conjunto con el centro tecnol\u00f3gico San Juan de la Maguana y la Oficina Sat\u00e9lite de Barahona.<\/p>\n\n\n\n<p>El INFOTEP, utiliza como recurso para desarrollar estos programas, un conjunto de talleres m\u00f3viles distribuidos en distintas provincias y municipios de la regi\u00f3n, as\u00ed como tambi\u00e9n los Centros Operativos del Sistemas, que son centros privados contratados por el INFOTEP, para impartir docencia de manera gratuita y poder as\u00ed abarcar el mayor n\u00famero de participantes posible en cada localidad.<\/p>\n\n\n\n<p><strong>Sobre Validaci\u00f3n Ocupacional y Certificaci\u00f3n por Competencias Laborales<\/strong><\/p>\n\n\n\n<p><strong>Validaci\u00f3n Ocupacional<\/strong><\/p>\n\n\n\n<p>Mediante este servicio, el INFOTEP reconoce los conocimientos, habilidades y destrezas previas que posee la persona, independientemente de la forma en que hayan sido adquiridos, para el desempe\u00f1o de una ocupaci\u00f3n, oficio o actividad econ\u00f3mica. Para esto, toma de referente a los programas estandarizados de la instituci\u00f3n.<\/p>\n\n\n\n<p>Est\u00e1 dirigido a las personas que se desempe\u00f1en en una ocupaci\u00f3n, y no posean certificado o t\u00edtulo que avale estos conocimientos y destrezas.<\/p>\n\n\n\n<p><strong>Certificaci\u00f3n por Competencias Laborales<\/strong><\/p>\n\n\n\n<p>La Certificaci\u00f3n de Competencias Laborales es un proceso de evaluaci\u00f3n y validaci\u00f3n de los conocimientos de un trabajador en cualquier rol profesional del sector de la construcci\u00f3n. Promueve su inserci\u00f3n y promoci\u00f3n, otorg\u00e1ndole ventajas competitivas.<\/p>\n","protected":false},"excerpt":{"rendered":"<p>El director general del Instituto Nacional de Formaci\u00f3n T\u00e9cnico Profesional (INFOTEP), Rafael Santos Bad\u00eda, dijo que Barahona experimentar\u00e1 un importante impulso que impactar\u00e1 la calidad de vida de sus ciudadanos,&hellip;<\/p>\n","protected":false},"author":2,"featured_media":85003,"comment_status":"open","ping_status":"open","sticky":false,"template":"","format":"standard","meta":{"content-type":"","jetpack_post_was_ever_published":false,"_jetpack_newsletter_access":"","_jetpack_dont_email_post_to_subs":false,"_jetpack_newsletter_tier_id":0,"_jetpack_memberships_contains_paywalled_content":false,"_jetpack_memberships_contains_paid_content":false,"footnotes":""},"categories":[39,25],"tags":[1380,743,514,13700,1880],"class_list":["post-85002","post","type-post","status-publish","format-standard","has-post-thumbnail","hentry","category-economia","category-portada","tag-barahoneros","tag-centro","tag-economia-2","tag-hotel-guarocuya","tag-infotep"],"jetpack_featured_media_url":"https:\/\/lasprimeras.com.do\/wp-content\/uploads\/2024\/06\/INFOTEP-en-Hotel-Guarocuya.jpg","jetpack-related-posts":[{"id":105332,"url":"https:\/\/lasprimeras.com.do\/index.php\/2025\/08\/01\/condenan-en-ny-instituciones-estado-rd-no-paguen-deuda-a-periodista-pineda\/","url_meta":{"origin":85002,"position":0},"title":"Condenan en NY instituciones Estado-RD no paguen deuda a periodista Pineda","author":"Nelson Feliz","date":"1 de agosto de 2025","format":false,"excerpt":"Por Ram\u00f3n Mercedes NUEVA YORK.- Dominicanos residentes en esta ciudad, procedentes de la provincia de Barahona, condenaron que las instituciones Corporaci\u00f3n de Fomento de la Industria Hotelera y Desarrollo del Turismo (Corpohotel) y el Instituto Nacional de Formaci\u00f3n T\u00e9cnico Profesional (Infotep) se nieguen a pagar una deuda por m\u00e1s de\u2026","rel":"","context":"En \u00abECONOM\u00cdA\u00bb","block_context":{"text":"ECONOM\u00cdA","link":"https:\/\/lasprimeras.com.do\/index.php\/category\/economia\/"},"img":{"alt_text":"","src":"https:\/\/i0.wp.com\/lasprimeras.com.do\/wp-content\/uploads\/2025\/08\/WhatsApp-Image-2025-08-01-at-5.43.22-AM.jpeg?resize=350%2C200&ssl=1","width":350,"height":200,"srcset":"https:\/\/i0.wp.com\/lasprimeras.com.do\/wp-content\/uploads\/2025\/08\/WhatsApp-Image-2025-08-01-at-5.43.22-AM.jpeg?resize=350%2C200&ssl=1 1x, https:\/\/i0.wp.com\/lasprimeras.com.do\/wp-content\/uploads\/2025\/08\/WhatsApp-Image-2025-08-01-at-5.43.22-AM.jpeg?resize=525%2C300&ssl=1 1.5x, https:\/\/i0.wp.com\/lasprimeras.com.do\/wp-content\/uploads\/2025\/08\/WhatsApp-Image-2025-08-01-at-5.43.22-AM.jpeg?resize=700%2C400&ssl=1 2x"},"classes":[]},{"id":90067,"url":"https:\/\/lasprimeras.com.do\/index.php\/2024\/10\/12\/infotep-destaca-avances-en-remodelacion-del-hotel-guarocuya\/","url_meta":{"origin":85002,"position":1},"title":"INFOTEP destaca avances en remodelaci\u00f3n del Hotel Guarocuya","author":"Nelson Feliz","date":"12 de octubre de 2024","format":false,"excerpt":"La remodelaci\u00f3n del Hotel Guarocuya, ubicado en Barahona, avanza a pasos firmes con el objetivo de convertirlo en un hotel escuela para la formaci\u00f3n t\u00e9cnico profesional, especializado en programas de capacitaci\u00f3n para el servicio hotelero. La iniciativa busca no solo revitalizar la infraestructura hotelera de la regi\u00f3n, sino tambi\u00e9n proporcionar\u2026","rel":"","context":"En \u00abNACIONALES\u00bb","block_context":{"text":"NACIONALES","link":"https:\/\/lasprimeras.com.do\/index.php\/category\/nacionales\/"},"img":{"alt_text":"","src":"https:\/\/i0.wp.com\/lasprimeras.com.do\/wp-content\/uploads\/2024\/10\/Hotel-Guarocuya.jpg?resize=350%2C200&ssl=1","width":350,"height":200,"srcset":"https:\/\/i0.wp.com\/lasprimeras.com.do\/wp-content\/uploads\/2024\/10\/Hotel-Guarocuya.jpg?resize=350%2C200&ssl=1 1x, https:\/\/i0.wp.com\/lasprimeras.com.do\/wp-content\/uploads\/2024\/10\/Hotel-Guarocuya.jpg?resize=525%2C300&ssl=1 1.5x, https:\/\/i0.wp.com\/lasprimeras.com.do\/wp-content\/uploads\/2024\/10\/Hotel-Guarocuya.jpg?resize=700%2C400&ssl=1 2x"},"classes":[]},{"id":90942,"url":"https:\/\/lasprimeras.com.do\/index.php\/2024\/11\/03\/infotep-capacita-121-944-participantes-del-sector-turismo\/","url_meta":{"origin":85002,"position":2},"title":"INFOTEP capacita 121, 944 participantes del sector Turismo","author":"Nelson Feliz","date":"3 de noviembre de 2024","format":false,"excerpt":"Para satisfacer demandas de la industria del Turismo el Instituto Nacional de Formaci\u00f3n T\u00e9cnico Profesional (INFOTEP) ha dado un salto significativo tanto en Oferta formativa como en construcci\u00f3n de infraestructura f\u00edsica, tecnol\u00f3gica e innovadoras, acorde con las exigencias de la Cuarta Revoluci\u00f3n Industrial. Rafael Santos Bad\u00eda detall\u00f3 que el INFOTEP\u2026","rel":"","context":"En \u00abNACIONALES\u00bb","block_context":{"text":"NACIONALES","link":"https:\/\/lasprimeras.com.do\/index.php\/category\/nacionales\/"},"img":{"alt_text":"Rafael Santos Bad\u00eda","src":"https:\/\/i0.wp.com\/lasprimeras.com.do\/wp-content\/uploads\/2024\/11\/Rafael-Santos-Badia-2.jpg?resize=350%2C200&ssl=1","width":350,"height":200,"srcset":"https:\/\/i0.wp.com\/lasprimeras.com.do\/wp-content\/uploads\/2024\/11\/Rafael-Santos-Badia-2.jpg?resize=350%2C200&ssl=1 1x, https:\/\/i0.wp.com\/lasprimeras.com.do\/wp-content\/uploads\/2024\/11\/Rafael-Santos-Badia-2.jpg?resize=525%2C300&ssl=1 1.5x"},"classes":[]},{"id":102544,"url":"https:\/\/lasprimeras.com.do\/index.php\/2025\/07\/06\/santos-badia-afirma-que-formar-mano-de-obra-en-los-pueblos-es-clave-para-atraer-inversion\/","url_meta":{"origin":85002,"position":3},"title":"Santos Bad\u00eda afirma que formar mano de obra en los pueblos es clave para atraer inversi\u00f3n","author":"Nelson Feliz","date":"6 de julio de 2025","format":false,"excerpt":"El director general del INFOTEP, Rafael Santos Bad\u00eda, asegur\u00f3 que la formaci\u00f3n t\u00e9cnico profesional en los pueblos del interior es indispensable para atraer inversi\u00f3n, generar empleos de calidad y garantizar el desarrollo sostenible de las comunidades. \u201cSi no se forma mano de obra en los pueblos del interior del pa\u00eds,\u2026","rel":"","context":"En \u00abNACIONALES\u00bb","block_context":{"text":"NACIONALES","link":"https:\/\/lasprimeras.com.do\/index.php\/category\/nacionales\/"},"img":{"alt_text":"Rafael Santos Bad\u00eda","src":"https:\/\/i0.wp.com\/lasprimeras.com.do\/wp-content\/uploads\/2025\/04\/Rafael-Santos-Badia.jpg?resize=350%2C200&ssl=1","width":350,"height":200,"srcset":"https:\/\/i0.wp.com\/lasprimeras.com.do\/wp-content\/uploads\/2025\/04\/Rafael-Santos-Badia.jpg?resize=350%2C200&ssl=1 1x, https:\/\/i0.wp.com\/lasprimeras.com.do\/wp-content\/uploads\/2025\/04\/Rafael-Santos-Badia.jpg?resize=525%2C300&ssl=1 1.5x"},"classes":[]},{"id":95506,"url":"https:\/\/lasprimeras.com.do\/index.php\/2025\/03\/14\/infotep-impulsa-expansion-de-centros-de-formacion-en-la-zona-noroeste-del-pais\/","url_meta":{"origin":85002,"position":4},"title":"INFOTEP impulsa expansi\u00f3n de centros de formaci\u00f3n en la zona Noroeste del pa\u00eds","author":"Nelson Feliz","date":"14 de marzo de 2025","format":false,"excerpt":"\u201cEstamos trabajando para llevar oportunidades de capacitaci\u00f3n a cada rinc\u00f3n del pa\u00eds, abriendo caminos para el crecimiento y el bienestar de nuestra gente\u201d, Rafael Santos Bad\u00eda. El director general del Instituto Nacional de Formaci\u00f3n T\u00e9cnico Profesional (INFOTEP), Rafael Santos Bad\u00eda, realiz\u00f3 un recorrido por la regi\u00f3n Noroeste del pa\u00eds, en\u2026","rel":"","context":"En \u00abNACIONALES\u00bb","block_context":{"text":"NACIONALES","link":"https:\/\/lasprimeras.com.do\/index.php\/category\/nacionales\/"},"img":{"alt_text":"","src":"https:\/\/i0.wp.com\/lasprimeras.com.do\/wp-content\/uploads\/2025\/03\/Santos-Badia-1.jpg?resize=350%2C200&ssl=1","width":350,"height":200,"srcset":"https:\/\/i0.wp.com\/lasprimeras.com.do\/wp-content\/uploads\/2025\/03\/Santos-Badia-1.jpg?resize=350%2C200&ssl=1 1x, https:\/\/i0.wp.com\/lasprimeras.com.do\/wp-content\/uploads\/2025\/03\/Santos-Badia-1.jpg?resize=525%2C300&ssl=1 1.5x"},"classes":[]},{"id":106061,"url":"https:\/\/lasprimeras.com.do\/index.php\/2025\/08\/10\/infotep-impulsara-formacion-especializada-para-el-desarrollo-turistico-de-punta-bergantin-y-montellano\/","url_meta":{"origin":85002,"position":5},"title":"INFOTEP impulsar\u00e1 formaci\u00f3n especializada para el desarrollo tur\u00edstico de Punta Bergant\u00edn y Montellano","author":"Nelson Feliz","date":"10 de agosto de 2025","format":false,"excerpt":"El Instituto Nacional de Formaci\u00f3n T\u00e9cnico Profesional (INFOTEP) anunci\u00f3, junto al Fideicomiso Punta Bergant\u00edn, la construcci\u00f3n de dos centros de formaci\u00f3n, uno especializado en hoteler\u00eda y otro en el municipio de Villa Montellano, como parte de su compromiso de capacitar el capital humano que demandar\u00e1 el desarrollo tur\u00edstico de la\u2026","rel":"","context":"En \u00abTURISMO\u00bb","block_context":{"text":"TURISMO","link":"https:\/\/lasprimeras.com.do\/index.php\/category\/turismo\/"},"img":{"alt_text":"","src":"https:\/\/i0.wp.com\/lasprimeras.com.do\/wp-content\/uploads\/2025\/08\/infotep-1-1.jpg?resize=350%2C200&ssl=1","width":350,"height":200,"srcset":"https:\/\/i0.wp.com\/lasprimeras.com.do\/wp-content\/uploads\/2025\/08\/infotep-1-1.jpg?resize=350%2C200&ssl=1 1x, https:\/\/i0.wp.com\/lasprimeras.com.do\/wp-content\/uploads\/2025\/08\/infotep-1-1.jpg?resize=525%2C300&ssl=1 1.5x, https:\/\/i0.wp.com\/lasprimeras.com.do\/wp-content\/uploads\/2025\/08\/infotep-1-1.jpg?resize=700%2C400&ssl=1 2x"},"classes":[]}],"jetpack_sharing_enabled":true,"_links":{"self":[{"href":"https:\/\/lasprimeras.com.do\/index.php\/wp-json\/wp\/v2\/posts\/85002","targetHints":{"allow":["GET"]}}],"collection":[{"href":"https:\/\/lasprimeras.com.do\/index.php\/wp-json\/wp\/v2\/posts"}],"about":[{"href":"https:\/\/lasprimeras.com.do\/index.php\/wp-json\/wp\/v2\/types\/post"}],"author":[{"embeddable":true,"href":"https:\/\/lasprimeras.com.do\/index.php\/wp-json\/wp\/v2\/users\/2"}],"replies":[{"embeddable":true,"href":"https:\/\/lasprimeras.com.do\/index.php\/wp-json\/wp\/v2\/comments?post=85002"}],"version-history":[{"count":1,"href":"https:\/\/lasprimeras.com.do\/index.php\/wp-json\/wp\/v2\/posts\/85002\/revisions"}],"predecessor-version":[{"id":85004,"href":"https:\/\/lasprimeras.com.do\/index.php\/wp-json\/wp\/v2\/posts\/85002\/revisions\/85004"}],"wp:featuredmedia":[{"embeddable":true,"href":"https:\/\/lasprimeras.com.do\/index.php\/wp-json\/wp\/v2\/media\/85003"}],"wp:attachment":[{"href":"https:\/\/lasprimeras.com.do\/index.php\/wp-json\/wp\/v2\/media?parent=85002"}],"wp:term":[{"taxonomy":"category","embeddable":true,"href":"https:\/\/lasprimeras.com.do\/index.php\/wp-json\/wp\/v2\/categories?post=85002"},{"taxonomy":"post_tag","embeddable":true,"href":"https:\/\/lasprimeras.com.do\/index.php\/wp-json\/wp\/v2\/tags?post=85002"}],"curies":[{"name":"wp","href":"https:\/\/api.w.org\/{rel}","templated":true}]}}