{"id":85041,"date":"2024-06-21T10:23:58","date_gmt":"2024-06-21T14:23:58","guid":{"rendered":"https:\/\/lasprimeras.com.do\/?p=85041"},"modified":"2024-06-21T10:24:00","modified_gmt":"2024-06-21T14:24:00","slug":"vietnam-dice-que-esta-dispuesta-a-dialogar-con-filipinas-sobre-reclamos-marinos","status":"publish","type":"post","link":"https:\/\/lasprimeras.com.do\/index.php\/2024\/06\/21\/vietnam-dice-que-esta-dispuesta-a-dialogar-con-filipinas-sobre-reclamos-marinos\/","title":{"rendered":"Vietnam dice que est\u00e1 dispuesta a dialogar con Filipinas sobre reclamos marinos"},"content":{"rendered":"\n<p>BY ANIRUDDHA GHOSAL AND JIM GOMEZ<\/p>\n\n\n\n<p>HANOI, Vietnam (AP) \u2014 Vietnam est\u00e1 dispuesta a dialogar con las Filipinas sobre los reclamos que tienen sobre la plataforma continental submarina en el Mar de China Meridional, report\u00f3 el viernes la prensa oficial vietnamita, una actitud diplom\u00e1tica que marca contraste con las acciones agresivas chinas en las aguas disputadas.<\/p>\n\n\n\n<p>El gobierno filipino dijo el fin de semana que le pidi\u00f3 a una agencia de Naciones Unidas reconocer formalmente su derecho al lecho submarino que se extiende desde sus costas occidentales hacia el Mar de China Meridional, una regi\u00f3n que incluye las disputadas islas, islotes y arrecifes Spratly.<\/p>\n\n\n\n<p>De ser aceptado su pedido, Filipinas tendr\u00eda derechos exclusivos para explotar los recursos locales.<\/p>\n\n\n\n<p>Los reclamos marinos de Filipinas podr\u00edan solaparse con los de otros estados costeros como Vietnam. Funcionarios filipinos han expresado su disposici\u00f3n a sostener conversaciones para resolver esos temas en base a la Convenci\u00f3n de Naciones Unidos sobre las Leyes del Mar, el tratado internacional que ofrece las directrices legales para definir las aguas territoriales.<\/p>\n\n\n\n<p>Bajo la convenci\u00f3n, un estado costero tiene derecho exclusivo de explotar los recursos en la plataforma continental, un trecho submarino que se extiende hasta 350 millas n\u00e1uticas (648 kil\u00f3metros), incluyendo el derecho de autorizar y regular cualquier tipo de extracci\u00f3n.<\/p>\n\n\n\n<p>Vietnam \u201cest\u00e1 dispuesta a discutir con las Filipinas a fin de buscar y conseguir una soluci\u00f3n que sea mutuamente beneficiosa para ambos pa\u00edses\u201d, dijo la vocera del Ministerio de Relaciones Exteriores de Vietnam Pham Thu Hang en Hanoi el jueves, seg\u00fan la agencia de noticias oficial, Vietnam News Agency.<\/p>\n\n\n\n<p>A\u00f1adi\u00f3 que los estados costeros tienen el derecho de que sus l\u00edmites submarinos sean reconocidos bajo la convenci\u00f3n de la ONU, pero que deben respetar los derechos legales y leg\u00edtimos, y los intereses, de otras naciones.<\/p>\n\n\n\n<p>El gobierno filipino entreg\u00f3 informaci\u00f3n a la Comisi\u00f3n de la ONU para los L\u00edmites de la Plataforma Continental, sobre la extensi\u00f3n de su plataforma continental en el Mar de China Meridional, frente a su provincia occidental de Palawan, tras m\u00e1s de una d\u00e9cada y medio de investigaciones cient\u00edficas, dijo el Ministerio de Relaciones Exteriores de Filipinas en Manila.<\/p>\n\n\n\n<p>El representante permanente de las Filipinas ante la ONU, Antonio Lagdameo, dijo que la decisi\u00f3n \u201cpodr\u00e1 reanimar los esfuerzos de los estados para demostrar su disposici\u00f3n a usar procesos (incluidos en el convenio) en la determinaci\u00f3n de l\u00edmites marinos y para promover un orden internacional basado en normas\u201d.<\/p>\n","protected":false},"excerpt":{"rendered":"<p>BY ANIRUDDHA GHOSAL AND JIM GOMEZ HANOI, Vietnam (AP) \u2014 Vietnam est\u00e1 dispuesta a dialogar con las Filipinas sobre los reclamos que tienen sobre la plataforma continental submarina en el&hellip;<\/p>\n","protected":false},"author":2,"featured_media":85042,"comment_status":"open","ping_status":"open","sticky":false,"template":"","format":"standard","meta":{"content-type":"","jetpack_post_was_ever_published":false,"_jetpack_newsletter_access":"","_jetpack_dont_email_post_to_subs":false,"_jetpack_newsletter_tier_id":0,"_jetpack_memberships_contains_paywalled_content":false,"_jetpack_memberships_contains_paid_content":false,"footnotes":""},"categories":[1],"tags":[13718,5324,13719,2314,6787],"class_list":["post-85041","post","type-post","status-publish","format-standard","has-post-thumbnail","hentry","category-sin-categoria","tag-dialogo-2","tag-filipinas","tag-marinos","tag-reclamos","tag-vietnam"],"jetpack_featured_media_url":"https:\/\/lasprimeras.com.do\/wp-content\/uploads\/2024\/06\/presidentes.jpg","jetpack-related-posts":[{"id":69454,"url":"https:\/\/lasprimeras.com.do\/index.php\/2023\/12\/03\/filipinas-vigila-mas-de-135-naves-chinas-frente-a-un-arrecife-en-disputa-en-el-mar-de-la-china-meridional-videos\/","url_meta":{"origin":85041,"position":0},"title":"Filipinas vigila m\u00e1s de 135 naves chinas frente a un arrecife en disputa en el mar de la China Meridional (VIDEOS)","author":"Nelson Feliz","date":"3 de diciembre de 2023","format":false,"excerpt":"Las autoridades del gigante asi\u00e1tico a\u00fan no se han pronunciado respecto a la situaci\u00f3n. La Guardia Costera filipina (PCG, por sus siglas en ingl\u00e9s) afirm\u00f3 este domingo que m\u00e1s de 135 buques de la milicia mar\u00edtima china se encuentran ahora \"ilegalmente\" en el mar de la China Meridional, cerca del\u2026","rel":"","context":"En \u00abSin categor\u00eda\u00bb","block_context":{"text":"Sin categor\u00eda","link":"https:\/\/lasprimeras.com.do\/index.php\/category\/sin-categoria\/"},"img":{"alt_text":"barcos","src":"https:\/\/i0.wp.com\/lasprimeras.com.do\/wp-content\/uploads\/2023\/12\/barcos.jpg?resize=350%2C200&ssl=1","width":350,"height":200,"srcset":"https:\/\/i0.wp.com\/lasprimeras.com.do\/wp-content\/uploads\/2023\/12\/barcos.jpg?resize=350%2C200&ssl=1 1x, https:\/\/i0.wp.com\/lasprimeras.com.do\/wp-content\/uploads\/2023\/12\/barcos.jpg?resize=525%2C300&ssl=1 1.5x"},"classes":[]},{"id":96258,"url":"https:\/\/lasprimeras.com.do\/index.php\/2025\/03\/28\/secretario-de-defensa-de-eeuu-dice-que-se-necesita-mayor-disuasion-contra-china-en-mar-disputado\/","url_meta":{"origin":85041,"position":1},"title":"Secretario de defensa de EEUU dice que se necesita mayor disuasi\u00f3n contra China en mar disputado","author":"Nelson Feliz","date":"28 de marzo de 2025","format":false,"excerpt":"POR JIM GOMEZ MANILA, Filipinas (AP) \u2014 El secretario de Defensa de Estados Unidos, Pete Hegseth, dijo el viernes que el gobierno del presidente Donald Trump fortalecer\u00eda los lazos militares con Filipinas para reforzar la disuasi\u00f3n contra \u201clas amenazas de los comunistas chinos\u201d y asegurar la libertad de navegaci\u00f3n en\u2026","rel":"","context":"En \u00abINTERNACIONALES\u00bb","block_context":{"text":"INTERNACIONALES","link":"https:\/\/lasprimeras.com.do\/index.php\/category\/sin-categoria\/internacionales\/"},"img":{"alt_text":"Pete Hegseth","src":"https:\/\/i0.wp.com\/lasprimeras.com.do\/wp-content\/uploads\/2025\/03\/Pete-Hegseth.jpg?resize=350%2C200&ssl=1","width":350,"height":200,"srcset":"https:\/\/i0.wp.com\/lasprimeras.com.do\/wp-content\/uploads\/2025\/03\/Pete-Hegseth.jpg?resize=350%2C200&ssl=1 1x, https:\/\/i0.wp.com\/lasprimeras.com.do\/wp-content\/uploads\/2025\/03\/Pete-Hegseth.jpg?resize=525%2C300&ssl=1 1.5x, https:\/\/i0.wp.com\/lasprimeras.com.do\/wp-content\/uploads\/2025\/03\/Pete-Hegseth.jpg?resize=700%2C400&ssl=1 2x"},"classes":[]},{"id":87823,"url":"https:\/\/lasprimeras.com.do\/index.php\/2024\/08\/18\/filipinas-defiende-la-presencia-de-guardacostas-en-aguas-en-conflicto-tras-protesta-china\/","url_meta":{"origin":85041,"position":2},"title":"Filipinas defiende la presencia de guardacostas en aguas en conflicto tras protesta china","author":"Nelson Feliz","date":"18 de agosto de 2024","format":false,"excerpt":"Bangkok, (EFE).- La Guardia Costera de Filipinas defendi\u00f3 este domingo la presencia de una de sus embarcaciones en el atol\u00f3n Sabina, ubicado en el mar de China Meridional y donde se solapan las reclamaciones de Manila y Pek\u00edn, que ha protestado por su presencia. \"Nuestros nav\u00edos de la guardiacostera tienen\u2026","rel":"","context":"En \u00abSin categor\u00eda\u00bb","block_context":{"text":"Sin categor\u00eda","link":"https:\/\/lasprimeras.com.do\/index.php\/category\/sin-categoria\/"},"img":{"alt_text":"Guardia Costera de Filipinas","src":"https:\/\/i0.wp.com\/lasprimeras.com.do\/wp-content\/uploads\/2024\/08\/Guardia-Costera-de-Filipinas.jpg?resize=350%2C200&ssl=1","width":350,"height":200,"srcset":"https:\/\/i0.wp.com\/lasprimeras.com.do\/wp-content\/uploads\/2024\/08\/Guardia-Costera-de-Filipinas.jpg?resize=350%2C200&ssl=1 1x, https:\/\/i0.wp.com\/lasprimeras.com.do\/wp-content\/uploads\/2024\/08\/Guardia-Costera-de-Filipinas.jpg?resize=525%2C300&ssl=1 1.5x, https:\/\/i0.wp.com\/lasprimeras.com.do\/wp-content\/uploads\/2024\/08\/Guardia-Costera-de-Filipinas.jpg?resize=700%2C400&ssl=1 2x"},"classes":[]},{"id":56908,"url":"https:\/\/lasprimeras.com.do\/index.php\/2023\/08\/07\/filipinas-llama-a-consultas-al-embajador-chino-por-un-incidente-con-sus-guardacostas\/","url_meta":{"origin":85041,"position":3},"title":"Filipinas llama a consultas al embajador chino por un incidente con sus guardacostas","author":"Nelson Feliz","date":"7 de agosto de 2023","format":false,"excerpt":"El presidente filipino, Ferdinand Marcos Jr., asegur\u00f3 este lunes que el embajador chino en Manila fue llamado a consultas tras un incidente en el que guardacostas chinos bloquearon y dispararon con ca\u00f1ones de agua a barcos de vigilancia costera filipinos en una zona disputada del Mar de China Meridional. Marcos\u2026","rel":"","context":"En \u00abSin categor\u00eda\u00bb","block_context":{"text":"Sin categor\u00eda","link":"https:\/\/lasprimeras.com.do\/index.php\/category\/sin-categoria\/"},"img":{"alt_text":"Ferdinand Marcos Jr.","src":"https:\/\/i0.wp.com\/lasprimeras.com.do\/wp-content\/uploads\/2023\/08\/Ferdinand-Marcos-Jr.jpg?resize=350%2C200&ssl=1","width":350,"height":200,"srcset":"https:\/\/i0.wp.com\/lasprimeras.com.do\/wp-content\/uploads\/2023\/08\/Ferdinand-Marcos-Jr.jpg?resize=350%2C200&ssl=1 1x, https:\/\/i0.wp.com\/lasprimeras.com.do\/wp-content\/uploads\/2023\/08\/Ferdinand-Marcos-Jr.jpg?resize=525%2C300&ssl=1 1.5x, https:\/\/i0.wp.com\/lasprimeras.com.do\/wp-content\/uploads\/2023\/08\/Ferdinand-Marcos-Jr.jpg?resize=700%2C400&ssl=1 2x"},"classes":[]},{"id":61647,"url":"https:\/\/lasprimeras.com.do\/index.php\/2023\/09\/29\/marcos-dice-que-filipinas-no-busca-problemas-pero-defendera-las-aguas-contra-la-agresion-china\/","url_meta":{"origin":85041,"position":4},"title":"Marcos dice que Filipinas no busca problemas pero defender\u00e1 las aguas contra la agresi\u00f3n china","author":"Nelson Feliz","date":"29 de septiembre de 2023","format":false,"excerpt":"POR JIM G\u00d3MEZ MANILA, Filipinas (AP) \u2014 El presidente filipino dijo el viernes que su pa\u00eds no quiere una confrontaci\u00f3n pero defender\u00e1 firmemente sus aguas despu\u00e9s de que su guardia costera desmantelara una barrera flotante colocada por China en un banco de arena en disputa en el Mar de China\u2026","rel":"","context":"En \u00abSin categor\u00eda\u00bb","block_context":{"text":"Sin categor\u00eda","link":"https:\/\/lasprimeras.com.do\/index.php\/category\/sin-categoria\/"},"img":{"alt_text":"Ferdinand Marcos Jr.","src":"https:\/\/i0.wp.com\/lasprimeras.com.do\/wp-content\/uploads\/2023\/09\/Ferdinand-Marcos-Jr.jpg?resize=350%2C200&ssl=1","width":350,"height":200,"srcset":"https:\/\/i0.wp.com\/lasprimeras.com.do\/wp-content\/uploads\/2023\/09\/Ferdinand-Marcos-Jr.jpg?resize=350%2C200&ssl=1 1x, https:\/\/i0.wp.com\/lasprimeras.com.do\/wp-content\/uploads\/2023\/09\/Ferdinand-Marcos-Jr.jpg?resize=525%2C300&ssl=1 1.5x, https:\/\/i0.wp.com\/lasprimeras.com.do\/wp-content\/uploads\/2023\/09\/Ferdinand-Marcos-Jr.jpg?resize=700%2C400&ssl=1 2x"},"classes":[]},{"id":80365,"url":"https:\/\/lasprimeras.com.do\/index.php\/2024\/04\/08\/china-inicia-patrullas-combate-ante-maniobras-internacionales\/","url_meta":{"origin":85041,"position":5},"title":"China inicia \u00abpatrullas combate\u00bb ante maniobras internacionales","author":"BIMARY DE JES\u00daS Matos","date":"8 de abril de 2024","format":false,"excerpt":"PEKIN.- El Ej\u00e9rcito de China ha organizado este s\u00e1bado una \u00abpatrulla naval y a\u00e9rea de combate\u00bb el mismo d\u00eda que Estados Unidos, Filipinas, Jap\u00f3n y Australia han efectuado ejercicios conjuntos en las aguas del mar de la China Meridional, donde la disputa territorial entre Manila y Pek\u00edn ha conocido un\u2026","rel":"","context":"En \u00abSin categor\u00eda\u00bb","block_context":{"text":"Sin categor\u00eda","link":"https:\/\/lasprimeras.com.do\/index.php\/category\/sin-categoria\/"},"img":{"alt_text":"","src":"https:\/\/i0.wp.com\/lasprimeras.com.do\/wp-content\/uploads\/2024\/04\/6a0c8a05-4f4b-48f5-a1d9-1ad180753c4a-8.jpg?resize=350%2C200&ssl=1","width":350,"height":200,"srcset":"https:\/\/i0.wp.com\/lasprimeras.com.do\/wp-content\/uploads\/2024\/04\/6a0c8a05-4f4b-48f5-a1d9-1ad180753c4a-8.jpg?resize=350%2C200&ssl=1 1x, https:\/\/i0.wp.com\/lasprimeras.com.do\/wp-content\/uploads\/2024\/04\/6a0c8a05-4f4b-48f5-a1d9-1ad180753c4a-8.jpg?resize=525%2C300&ssl=1 1.5x"},"classes":[]}],"jetpack_sharing_enabled":true,"_links":{"self":[{"href":"https:\/\/lasprimeras.com.do\/index.php\/wp-json\/wp\/v2\/posts\/85041","targetHints":{"allow":["GET"]}}],"collection":[{"href":"https:\/\/lasprimeras.com.do\/index.php\/wp-json\/wp\/v2\/posts"}],"about":[{"href":"https:\/\/lasprimeras.com.do\/index.php\/wp-json\/wp\/v2\/types\/post"}],"author":[{"embeddable":true,"href":"https:\/\/lasprimeras.com.do\/index.php\/wp-json\/wp\/v2\/users\/2"}],"replies":[{"embeddable":true,"href":"https:\/\/lasprimeras.com.do\/index.php\/wp-json\/wp\/v2\/comments?post=85041"}],"version-history":[{"count":1,"href":"https:\/\/lasprimeras.com.do\/index.php\/wp-json\/wp\/v2\/posts\/85041\/revisions"}],"predecessor-version":[{"id":85043,"href":"https:\/\/lasprimeras.com.do\/index.php\/wp-json\/wp\/v2\/posts\/85041\/revisions\/85043"}],"wp:featuredmedia":[{"embeddable":true,"href":"https:\/\/lasprimeras.com.do\/index.php\/wp-json\/wp\/v2\/media\/85042"}],"wp:attachment":[{"href":"https:\/\/lasprimeras.com.do\/index.php\/wp-json\/wp\/v2\/media?parent=85041"}],"wp:term":[{"taxonomy":"category","embeddable":true,"href":"https:\/\/lasprimeras.com.do\/index.php\/wp-json\/wp\/v2\/categories?post=85041"},{"taxonomy":"post_tag","embeddable":true,"href":"https:\/\/lasprimeras.com.do\/index.php\/wp-json\/wp\/v2\/tags?post=85041"}],"curies":[{"name":"wp","href":"https:\/\/api.w.org\/{rel}","templated":true}]}}