{"id":85131,"date":"2024-06-23T11:46:30","date_gmt":"2024-06-23T15:46:30","guid":{"rendered":"https:\/\/lasprimeras.com.do\/?p=85131"},"modified":"2024-06-23T11:46:31","modified_gmt":"2024-06-23T15:46:31","slug":"dirigentes-del-pld-se-preparan-para-participar-en-el-x-congreso","status":"publish","type":"post","link":"https:\/\/lasprimeras.com.do\/index.php\/2024\/06\/23\/dirigentes-del-pld-se-preparan-para-participar-en-el-x-congreso\/","title":{"rendered":"Dirigentes del PLD se preparan para participar en el X Congreso"},"content":{"rendered":"\n<p><strong>El compromiso del PLD es con la defensa de los sanos intereses de la naci\u00f3n, explica Cristina Lizardo en asamblea de dirigentes del Distrito Nacional.<\/strong><\/p>\n\n\n\n<p>Desde su fundaci\u00f3n el Partido de la Liberaci\u00f3n Dominicana tiene un compromiso de defensa de los sanos intereses de la naci\u00f3n y de servicio a ciudadanos y ciudadanas.<\/p>\n\n\n\n<p>La afirmaci\u00f3n es de Cristina Lizardo, coordinadora del X Congreso del Partido de la Liberaci\u00f3n Dominicana (PLD), cerrando con un \u201cviva al Profesor Juan Bosch y el PLD\u201d su participaci\u00f3n en la Asamblea realizada en la Casa Nacional Reinaldo Pared P\u00e9rez con los delegados y delegadas al Congreso de las tres Circunscripciones del Distrito Nacional.<\/p>\n\n\n\n<p>Lizardo reforz\u00f3 las explicaciones de quienes le antecedieron en la palabra resaltando la importancia de aplicar correctamente el instrumento tipo formulario, preparado como gu\u00eda para la evaluaci\u00f3n cr\u00edtica y autocr\u00edtica de los organismos partidarios como parte de las tareas del Congreso.<\/p>\n\n\n\n<p>En el cronograma de actividades, tambi\u00e9n explicado por Cristina Lizardo, se ha especializado todo el mes de julio para la evaluaci\u00f3n, agosto para trabajar los ejes tem\u00e1ticos del Congreso y para septiembre la elecci\u00f3n de las autoridades en sinton\u00eda con la actualizaci\u00f3n estatutaria.<\/p>\n\n\n\n<p>La coordinadora del X Congreso del PLD se detuvo a explicar la importancia de la firma de la Carta Compromiso y el formulario de ratificaci\u00f3n de la militancia.<\/p>\n\n\n\n<p>La Asamblea se desarroll\u00f3 con el amplio sal\u00f3n Bienvenido Sandoval a toda capacidad con la presencia de miembros del Comit\u00e9 Central y presidentes de Comit\u00e9s Intermedios del Distrito Nacional.<\/p>\n\n\n\n<p>La actividad qued\u00f3 abierta con las palabras de bienvenida al encuentro a cargo de Ram\u00f3n Rivas, Presidente de la Circunscripci\u00f3n Uno de la Capital, quien us\u00f3 la frase lo que no se destruye se hace m\u00e1s fuerte, para resaltar la fortaleza que en los peores momentos ha exhibido el PLD.<\/p>\n\n\n\n<p>Radham\u00e9s Segura, presidente del PLD en el Distrito Nacional, apunt\u00f3 tambi\u00e9n sobre las dificultades que ha enfrentado el partido morado saliendo a flote basado en el esfuerzo y dedicaci\u00f3n de sus membres\u00eda y militancia.<\/p>\n\n\n\n<p>La recuperaci\u00f3n del Partido, que no recibi\u00f3 en el pasado proceso el respaldo del electorado, tiene que fundamentarse en retomar los valores \u00e9ticos y morales, creer y confiar en compa\u00f1eros y compa\u00f1eras y sobre en la organizaci\u00f3n y su dirigencia\u201d, apunt\u00f3 Segura.<\/p>\n\n\n\n<p>Recay\u00f3 en Maribel Acosta, miembro de la Comisi\u00f3n Organizadora y del Comit\u00e9 Pol\u00edtico, las explicaciones del Instructivo para la aplicaci\u00f3n del Instrumento de Evaluaci\u00f3n Cr\u00edtica y Autocracia, que permitir\u00e1 analizar lo que pas\u00f3, ya se trate de lo bueno o lo malo.<\/p>\n\n\n\n<p>\u201cEs que esa evaluaci\u00f3n, que debe hacerse de forma franca y sincera, determinar\u00e1 cu\u00e1les son nuestras fortalezas, debilidades , oportunidades de superaci\u00f3n de las mismas que permitan trazar las estrategias correspondientes\u201d; coment\u00f3 Acosta.<\/p>\n\n\n\n<p>El\u00edas Cornelio, tambi\u00e9n miembro de la Comisi\u00f3n Organizadora explic\u00f3 a grandes rasgos el contenido del Reglamento que rige el Congreso en donde se trazan las directrices para los trabajos.<\/p>\n\n\n\n<p>De la intervenci\u00f3n de Cornelio se pas\u00f3 a una parte interactiva con la intervenci\u00f3n de cinco de los dirigentes presentes con recomendaciones e ideas a ser tomadas en cuenta por el Congreso.<\/p>\n\n\n\n<p>La mesa de direcci\u00f3n de la Asamblea estuvo integrada por Cristina Lizardo, quien presidi\u00f3 el encuentro, Maribel Acosta Y El\u00edas Cornelio de la Comisi\u00f3n Organizadora.<\/p>\n\n\n\n<p>Radham\u00e9s Segura, Presidente del PLD en la capital, los Enlaces de la Circunscripciones Alejandro Mont\u00e1s, Miriam Cabral y Manuel Saleta, con la excusa presentada por Alejandrina Germ\u00e1n. Complet\u00f3 la l\u00ednea de direcci\u00f3n Ram\u00f3n Rivas.<\/p>\n","protected":false},"excerpt":{"rendered":"<p>El compromiso del PLD es con la defensa de los sanos intereses de la naci\u00f3n, explica Cristina Lizardo en asamblea de dirigentes del Distrito Nacional. Desde su fundaci\u00f3n el Partido&hellip;<\/p>\n","protected":false},"author":2,"featured_media":85132,"comment_status":"open","ping_status":"open","sticky":false,"template":"","format":"standard","meta":{"content-type":"","jetpack_post_was_ever_published":false,"_jetpack_newsletter_access":"","_jetpack_dont_email_post_to_subs":false,"_jetpack_newsletter_tier_id":0,"_jetpack_memberships_contains_paywalled_content":false,"_jetpack_memberships_contains_paid_content":false,"footnotes":""},"categories":[25],"tags":[4846,983,4092,269,13172],"class_list":["post-85131","post","type-post","status-publish","format-standard","has-post-thumbnail","hentry","category-portada","tag-cristina-lizardo","tag-dirigentes","tag-juan-bosch","tag-pld","tag-x-congreso"],"jetpack_featured_media_url":"https:\/\/lasprimeras.com.do\/wp-content\/uploads\/2024\/06\/Congreso-PLD.jpg","jetpack-related-posts":[{"id":84509,"url":"https:\/\/lasprimeras.com.do\/index.php\/2024\/06\/10\/cristina-lizardo-x-congreso-ordinario-del-pld-iniciara-el-30-de-junio\/","url_meta":{"origin":85131,"position":0},"title":"Cristina Lizardo: X Congreso Ordinario del PLD iniciar\u00e1 el 30 de junio","author":"Nelson Feliz","date":"10 de junio de 2024","format":false,"excerpt":"Lizardo: Con la celebraci\u00f3n de la reuni\u00f3n de su C.C., el PLD deja demostrado que sigue siendo un Partido comprometido con los mejores intereses de la patria. El Partido de la Liberaci\u00f3n Dominicana aprob\u00f3 la apertura de su X Congreso Ordinario para el 30 de junio de este a\u00f1o; as\u00ed\u2026","rel":"","context":"En \u00abPORTADA\u00bb","block_context":{"text":"PORTADA","link":"https:\/\/lasprimeras.com.do\/index.php\/category\/portada\/"},"img":{"alt_text":"Cristina Lizardo","src":"https:\/\/i0.wp.com\/lasprimeras.com.do\/wp-content\/uploads\/2024\/06\/Cristina-Lizardo.jpg?resize=350%2C200&ssl=1","width":350,"height":200,"srcset":"https:\/\/i0.wp.com\/lasprimeras.com.do\/wp-content\/uploads\/2024\/06\/Cristina-Lizardo.jpg?resize=350%2C200&ssl=1 1x, https:\/\/i0.wp.com\/lasprimeras.com.do\/wp-content\/uploads\/2024\/06\/Cristina-Lizardo.jpg?resize=525%2C300&ssl=1 1.5x, https:\/\/i0.wp.com\/lasprimeras.com.do\/wp-content\/uploads\/2024\/06\/Cristina-Lizardo.jpg?resize=700%2C400&ssl=1 2x"},"classes":[]},{"id":108010,"url":"https:\/\/lasprimeras.com.do\/index.php\/2025\/09\/02\/cristina-lizardo-el-pld-se-activa-en-la-implementacion-de-la-loe\/","url_meta":{"origin":85131,"position":1},"title":"Cristina Lizardo: El PLD se activa en la implementaci\u00f3n de la LOE","author":"Nelson Feliz","date":"2 de septiembre de 2025","format":false,"excerpt":"El Partido de la Liberaci\u00f3n Dominicana (PLD) en el municipio Santo Domingo Este pasa balance a la implementaci\u00f3n de la L\u00ednea Organizativa y Electoral (LOE). El Partido de la Liberaci\u00f3n Dominicana en los municipios Santo Domingo Este, Boca Chica, Guerra y San Luis y sus circunscripciones y distritos municipales, hizo\u2026","rel":"","context":"En \u00abPOLITICA\u00bb","block_context":{"text":"POLITICA","link":"https:\/\/lasprimeras.com.do\/index.php\/category\/politica\/"},"img":{"alt_text":"","src":"https:\/\/i0.wp.com\/lasprimeras.com.do\/wp-content\/uploads\/2025\/09\/Reunion-LOE-2.jpg?resize=350%2C200&ssl=1","width":350,"height":200,"srcset":"https:\/\/i0.wp.com\/lasprimeras.com.do\/wp-content\/uploads\/2025\/09\/Reunion-LOE-2.jpg?resize=350%2C200&ssl=1 1x, https:\/\/i0.wp.com\/lasprimeras.com.do\/wp-content\/uploads\/2025\/09\/Reunion-LOE-2.jpg?resize=525%2C300&ssl=1 1.5x, https:\/\/i0.wp.com\/lasprimeras.com.do\/wp-content\/uploads\/2025\/09\/Reunion-LOE-2.jpg?resize=700%2C400&ssl=1 2x"},"classes":[]},{"id":89362,"url":"https:\/\/lasprimeras.com.do\/index.php\/2024\/09\/22\/cristina-lizardo-el-pld-demuestra-fortaleza-en-su-x-congreso\/","url_meta":{"origin":85131,"position":2},"title":"Cristina Lizardo: \u201cEl PLD demuestra fortaleza en su X Congreso\u201d.","author":"Nelson Feliz","date":"22 de septiembre de 2024","format":false,"excerpt":"La coordinadora del X Congreso Ordinario Reinaldo Pared P\u00e9rez del Partido de la Liberaci\u00f3n Dominicana (PLD), Cristina Lizardo, explic\u00f3 que el curso de la actividad congresual marcha al ritmo de las actividades planificadas. \u201cVamos ahora a la segunda fase de la etapa deliberativa de los quince ejes tem\u00e1ticos presentados con\u2026","rel":"","context":"En \u00abSin categor\u00eda\u00bb","block_context":{"text":"Sin categor\u00eda","link":"https:\/\/lasprimeras.com.do\/index.php\/category\/sin-categoria\/"},"img":{"alt_text":"Cristina Lizardo","src":"https:\/\/i0.wp.com\/lasprimeras.com.do\/wp-content\/uploads\/2024\/09\/Cristina-Lizardo.jpg?resize=350%2C200&ssl=1","width":350,"height":200,"srcset":"https:\/\/i0.wp.com\/lasprimeras.com.do\/wp-content\/uploads\/2024\/09\/Cristina-Lizardo.jpg?resize=350%2C200&ssl=1 1x, https:\/\/i0.wp.com\/lasprimeras.com.do\/wp-content\/uploads\/2024\/09\/Cristina-Lizardo.jpg?resize=525%2C300&ssl=1 1.5x, https:\/\/i0.wp.com\/lasprimeras.com.do\/wp-content\/uploads\/2024\/09\/Cristina-Lizardo.jpg?resize=700%2C400&ssl=1 2x"},"classes":[]},{"id":90411,"url":"https:\/\/lasprimeras.com.do\/index.php\/2024\/10\/20\/cristina-lizardo-el-pld-saldra-triunfante-de-este-proceso\/","url_meta":{"origin":85131,"position":3},"title":"Cristina Lizardo: \u201cEl PLD saldr\u00e1 triunfante de este proceso\u201d","author":"Nelson Feliz","date":"20 de octubre de 2024","format":false,"excerpt":"La Coordinadora del X Congreso Reinaldo Pared P\u00e9rez, integrante del Comit\u00e9 Pol\u00edtico del Partido de la Liberaci\u00f3n Dominicana (PLD), Cristina Lizardo, expres\u00f3 su confianza en el \u00e9xito del partido durante este proceso de votaci\u00f3n del Comit\u00e9 Central. Seg\u00fan sus palabras, \u201clos pelede\u00edstas est\u00e1n comprometidos con el crecimiento y fortalecimiento del\u2026","rel":"","context":"En \u00abPORTADA\u00bb","block_context":{"text":"PORTADA","link":"https:\/\/lasprimeras.com.do\/index.php\/category\/portada\/"},"img":{"alt_text":"CRISTINA LIZARDO","src":"https:\/\/i0.wp.com\/lasprimeras.com.do\/wp-content\/uploads\/2023\/10\/CRISTINA-LIZARDO.jpg?resize=350%2C200&ssl=1","width":350,"height":200,"srcset":"https:\/\/i0.wp.com\/lasprimeras.com.do\/wp-content\/uploads\/2023\/10\/CRISTINA-LIZARDO.jpg?resize=350%2C200&ssl=1 1x, https:\/\/i0.wp.com\/lasprimeras.com.do\/wp-content\/uploads\/2023\/10\/CRISTINA-LIZARDO.jpg?resize=525%2C300&ssl=1 1.5x, https:\/\/i0.wp.com\/lasprimeras.com.do\/wp-content\/uploads\/2023\/10\/CRISTINA-LIZARDO.jpg?resize=700%2C400&ssl=1 2x"},"classes":[]},{"id":92520,"url":"https:\/\/lasprimeras.com.do\/index.php\/2025\/01\/05\/eleccion-de-titulares-de-secretarias-del-pld-es-mandato-de-su-congreso\/","url_meta":{"origin":85131,"position":4},"title":"Elecci\u00f3n de titulares de secretar\u00edas del PLD es mandato de su Congreso","author":"Nelson Feliz","date":"5 de enero de 2025","format":false,"excerpt":"La integrante del Comit\u00e9 Pol\u00edtico del Partido de la Liberaci\u00f3n Dominicana (PLD), Cristina Lizardo, quien viene de coordinar la Comisi\u00f3n Organizadora del X Congreso Ordinario Reinaldo Pared P\u00e9rez, ser\u00e1 la responsable de la coordinaci\u00f3n de la elecci\u00f3n de las y los titulares de las diferentes secretar\u00edas de la organizaci\u00f3n pol\u00edtica.\u2026","rel":"","context":"En \u00abPOLITICA\u00bb","block_context":{"text":"POLITICA","link":"https:\/\/lasprimeras.com.do\/index.php\/category\/politica\/"},"img":{"alt_text":"Cristina Lizardo","src":"https:\/\/i0.wp.com\/lasprimeras.com.do\/wp-content\/uploads\/2025\/01\/Cristina-Lizardo.jpg?resize=350%2C200&ssl=1","width":350,"height":200,"srcset":"https:\/\/i0.wp.com\/lasprimeras.com.do\/wp-content\/uploads\/2025\/01\/Cristina-Lizardo.jpg?resize=350%2C200&ssl=1 1x, https:\/\/i0.wp.com\/lasprimeras.com.do\/wp-content\/uploads\/2025\/01\/Cristina-Lizardo.jpg?resize=525%2C300&ssl=1 1.5x, https:\/\/i0.wp.com\/lasprimeras.com.do\/wp-content\/uploads\/2025\/01\/Cristina-Lizardo.jpg?resize=700%2C400&ssl=1 2x"},"classes":[]},{"id":91420,"url":"https:\/\/lasprimeras.com.do\/index.php\/2024\/11\/23\/pld-juramenta-nuevos-miembros-del-comite-central-del-exterior\/","url_meta":{"origin":85131,"position":5},"title":"PLD juramenta nuevos miembros del Comit\u00e9 Central del exterior","author":"Nelson Feliz","date":"23 de noviembre de 2024","format":false,"excerpt":"El PLD juramenta los veinte (20) nuevos miembros del Comit\u00e9 Central de las tres circunscripciones electorales del exterior. El Partido de la Liberaci\u00f3n Dominicana (PLD) jurament\u00f3 este s\u00e1bado, hora de Rep\u00fablica Dominicana, los veinte (20) nuevos miembros del Comit\u00e9 Central electos el pasado fin de semana en el proceso electoral\u2026","rel":"","context":"En \u00abPORTADA\u00bb","block_context":{"text":"PORTADA","link":"https:\/\/lasprimeras.com.do\/index.php\/category\/portada\/"},"img":{"alt_text":"","src":"https:\/\/i0.wp.com\/lasprimeras.com.do\/wp-content\/uploads\/2024\/11\/Comision-3.jpg?resize=350%2C200&ssl=1","width":350,"height":200,"srcset":"https:\/\/i0.wp.com\/lasprimeras.com.do\/wp-content\/uploads\/2024\/11\/Comision-3.jpg?resize=350%2C200&ssl=1 1x, https:\/\/i0.wp.com\/lasprimeras.com.do\/wp-content\/uploads\/2024\/11\/Comision-3.jpg?resize=525%2C300&ssl=1 1.5x"},"classes":[]}],"jetpack_sharing_enabled":true,"_links":{"self":[{"href":"https:\/\/lasprimeras.com.do\/index.php\/wp-json\/wp\/v2\/posts\/85131","targetHints":{"allow":["GET"]}}],"collection":[{"href":"https:\/\/lasprimeras.com.do\/index.php\/wp-json\/wp\/v2\/posts"}],"about":[{"href":"https:\/\/lasprimeras.com.do\/index.php\/wp-json\/wp\/v2\/types\/post"}],"author":[{"embeddable":true,"href":"https:\/\/lasprimeras.com.do\/index.php\/wp-json\/wp\/v2\/users\/2"}],"replies":[{"embeddable":true,"href":"https:\/\/lasprimeras.com.do\/index.php\/wp-json\/wp\/v2\/comments?post=85131"}],"version-history":[{"count":1,"href":"https:\/\/lasprimeras.com.do\/index.php\/wp-json\/wp\/v2\/posts\/85131\/revisions"}],"predecessor-version":[{"id":85133,"href":"https:\/\/lasprimeras.com.do\/index.php\/wp-json\/wp\/v2\/posts\/85131\/revisions\/85133"}],"wp:featuredmedia":[{"embeddable":true,"href":"https:\/\/lasprimeras.com.do\/index.php\/wp-json\/wp\/v2\/media\/85132"}],"wp:attachment":[{"href":"https:\/\/lasprimeras.com.do\/index.php\/wp-json\/wp\/v2\/media?parent=85131"}],"wp:term":[{"taxonomy":"category","embeddable":true,"href":"https:\/\/lasprimeras.com.do\/index.php\/wp-json\/wp\/v2\/categories?post=85131"},{"taxonomy":"post_tag","embeddable":true,"href":"https:\/\/lasprimeras.com.do\/index.php\/wp-json\/wp\/v2\/tags?post=85131"}],"curies":[{"name":"wp","href":"https:\/\/api.w.org\/{rel}","templated":true}]}}