{"id":85134,"date":"2024-06-23T13:50:00","date_gmt":"2024-06-23T17:50:00","guid":{"rendered":"https:\/\/lasprimeras.com.do\/?p=85134"},"modified":"2024-06-23T11:57:35","modified_gmt":"2024-06-23T15:57:35","slug":"reuniones-provinciales-en-el-pld-preparando-su-congreso-ordinario","status":"publish","type":"post","link":"https:\/\/lasprimeras.com.do\/index.php\/2024\/06\/23\/reuniones-provinciales-en-el-pld-preparando-su-congreso-ordinario\/","title":{"rendered":"Reuniones Provinciales en el PLD, preparando su Congreso Ordinario"},"content":{"rendered":"\n<p><strong>Un Partido de la Liberaci\u00f3n Dominicana movilizado prepar\u00e1ndose para la celebraci\u00f3n de su X Congreso.<\/strong><\/p>\n\n\n\n<p>El Partido de la Liberaci\u00f3n Dominicana (PLD) desarroll\u00f3 reuniones bajo el formato de asamblea en diferentes provincias del pa\u00eds, ejecutando as\u00ed la etapa preparatoria del X Congreso Ordinario, que iniciar\u00e1 el domingo 7 de julio con la celebraci\u00f3n de la Plenaria de Apertura.<\/p>\n\n\n\n<p>El objetivo de estos encuentros es empoderar a los delegados y delegadas al Congreso Ordinario de las actividades y procesos a desarrollarse entre el per\u00edodo del 7 de julio al 27 de septiembre 2024.<\/p>\n\n\n\n<p>En la agenda de los encuentros realizados y los que est\u00e1n en agenda para el domingo y la pr\u00f3xima semana, est\u00e1 motivar la importancia de la asistencia de los delegados y delegados a la Plenaria de Apertura, explicar el mandato del Comit\u00e9 Central y Comit\u00e9 Pol\u00edtico de la decisi\u00f3n de evaluar de forma cr\u00edtica y autocr\u00edtica la situaci\u00f3n del Partido y los procesos electorales de 2024 y 2020.<\/p>\n\n\n\n<p><strong>En la provincia La Altagracia<\/strong><\/p>\n\n\n\n<p>Los delegados al Congreso, es decir los miembros del Comit\u00e9 Central y presidentes de Comit\u00e9s Intermedios del PLD en los municipios y distritos municipales de la oriental provincia se reunieron en Higuey, con una subcomisi\u00f3n organizadora del Congreso.<\/p>\n\n\n\n<p>La reuni\u00f3n fue encabezada por los miembros del Comit\u00e9 Pol\u00edtico, Carlos Pared P\u00e9rez, enlace, y Mayobanex Escoto, miembro de la Comisi\u00f3n. Estuvieron presentes Franklin Mairen\u00ed Castillo, presidente provincial; Ram\u00f3n Guilamo, presidente municipal de Hig\u00fcey; Ram\u00f3n (Manol\u00edn) Ram\u00edrez, Isael Rodr\u00edguez y Alexis Rodr\u00edguez<\/p>\n\n\n\n<p><strong>En San Juan y El\u00edas Pi\u00f1a<\/strong><\/p>\n\n\n\n<p>El Partido de la Liberaci\u00f3n Dominicana a trav\u00e9s de sendas asambleas de orientaci\u00f3n por la Comisi\u00f3n del X Congreso encabezada por Diego Aquino dio a conocer los instrumentos de trabajo conjunto del X Congreso de la Organizaci\u00f3n Pol\u00edtica con la presencia de Luc\u00eda Medina y Ram\u00f3n de la Rosa, miembros del Comit\u00e9 Pol\u00edtico, con la asistencia los presidentes provinciales Mauro Pi\u00f1a Bello, San Juan, y Anthony Batista, El\u00edas Pi\u00f1a.<\/p>\n\n\n\n<p>Por la Comisi\u00f3n Organizadora Daniel Cruz, brind\u00f3 las informaciones en torno al calendario de actividades que rige el congreso que tiene su fecha de apertura domingo 7 de julio en la Plenaria de apertura del X Congreso.<\/p>\n\n\n\n<p>Diego Aquino, socializ\u00f3 el instructivo del Congreso a fin de que los participantes est\u00e9n edificados sobre el instrumento de evaluaci\u00f3n cr\u00edtica y autocr\u00edtica, Carta Compromiso, formulario y el Reglamento del Congreso del Partido.<\/p>\n\n\n\n<p>La interacci\u00f3n de los presentes permiti\u00f3 a la comisi\u00f3n responder inquietudes a los miembros de la Comisi\u00f3n que tambi\u00e9n estuvo integrada por Freekye Olivo. Anthony Batista, Radhames Valenzuela Pipin Aquino, del Comit\u00e9 Central y los presidentes de Comit\u00e9s Municipales y distritos municipales, participaron de la actividad<\/p>\n\n\n\n<p><strong>Provincia Espaillat<\/strong><\/p>\n\n\n\n<p>Siguiendo la programaci\u00f3n pautada se desarroll\u00f3 la reuni\u00f3n en la provincia Espaillat con la presencia del miembro del Comit\u00e9 Pol\u00edtico, Jaime David Fern\u00e1ndez Mirabal, Aura Toribio y Leydi Quezada, miembros de la Comisi\u00f3n Organizadora<\/p>\n\n\n\n<p>En sus intervenciones motivaron a los miembros del CC y presidentes de comit\u00e9s intermedios de la provincia, delegados al Congreso a participar en el acto de apertura y en las reuniones programadas en las diversas etapas del Congreso<\/p>\n\n\n\n<p><strong>Provincia de Monte Plata<\/strong><\/p>\n\n\n\n<p>Ram\u00f3n Pep\u00edn, Enlace provincial, al reportar la actividad explic\u00f3 que los puntos acordados por la Comisi\u00f3n Organizadora del Congreso se explicaron con una entusiasta y activa participaci\u00f3n de los delegados y delegadas es decir los miembros del Comit\u00e9 Central, presidentes de las direcciones municipales de Distritos Municipales y Comit\u00e9s Intermedios<\/p>\n\n\n\n<p><strong>Provincia S\u00e1nchez Ram\u00edrez<\/strong><\/p>\n\n\n\n<p>El encuentro de la provincia S\u00e1nchez Ram\u00edrez fue encabezado Alexis Lantigua, miembro del Comit\u00e9 Pol\u00edtico, con la participaci\u00f3n de V\u00edctor S\u00e1nchez, enlace. Aqu\u00ed tambi\u00e9n se ofrecieron explicaciones sobre el contenido del formulario de evaluaci\u00f3n, el cronograma de actividades, la carta compromiso y el formulario de actualizaci\u00f3n de la militancia partidaria.<\/p>\n","protected":false},"excerpt":{"rendered":"<p>Un Partido de la Liberaci\u00f3n Dominicana movilizado prepar\u00e1ndose para la celebraci\u00f3n de su X Congreso. El Partido de la Liberaci\u00f3n Dominicana (PLD) desarroll\u00f3 reuniones bajo el formato de asamblea en&hellip;<\/p>\n","protected":false},"author":2,"featured_media":85135,"comment_status":"open","ping_status":"open","sticky":false,"template":"","format":"standard","meta":{"content-type":"","jetpack_post_was_ever_published":false,"_jetpack_newsletter_access":"","_jetpack_dont_email_post_to_subs":false,"_jetpack_newsletter_tier_id":0,"_jetpack_memberships_contains_paywalled_content":false,"_jetpack_memberships_contains_paid_content":false,"footnotes":""},"categories":[25],"tags":[530,13476,269,12915,4782],"class_list":["post-85134","post","type-post","status-publish","format-standard","has-post-thumbnail","hentry","category-portada","tag-congreso","tag-ordinario","tag-pld","tag-provinciales","tag-reuniones"],"jetpack_featured_media_url":"https:\/\/lasprimeras.com.do\/wp-content\/uploads\/2024\/06\/Jaime-David-Fernandez-Mirabal-1.jpg","jetpack-related-posts":[{"id":89526,"url":"https:\/\/lasprimeras.com.do\/index.php\/2024\/09\/26\/pld-prepara-plenaria-apertura-de-su-congreso\/","url_meta":{"origin":85134,"position":0},"title":"PLD prepara Plenaria Apertura de su Congreso","author":"Nelson Feliz","date":"26 de septiembre de 2024","format":false,"excerpt":"Danilo Medina, presidente del PLD, Charles Mariotti, secretario general y los miembros del CP, acompa\u00f1ar\u00e1n a la Comisi\u00f3n de X Congreso en el acto de apertura de la Plenaria, este s\u00e1bado. Este s\u00e1bado 28 de septiembre a las nueve de la ma\u00f1ana se realizar\u00e1 el acto de apertura de la\u2026","rel":"","context":"En \u00abPORTADA\u00bb","block_context":{"text":"PORTADA","link":"https:\/\/lasprimeras.com.do\/index.php\/category\/portada\/"},"img":{"alt_text":"PLD","src":"https:\/\/i0.wp.com\/lasprimeras.com.do\/wp-content\/uploads\/2024\/05\/PLD.jpg?resize=350%2C200&ssl=1","width":350,"height":200,"srcset":"https:\/\/i0.wp.com\/lasprimeras.com.do\/wp-content\/uploads\/2024\/05\/PLD.jpg?resize=350%2C200&ssl=1 1x, https:\/\/i0.wp.com\/lasprimeras.com.do\/wp-content\/uploads\/2024\/05\/PLD.jpg?resize=525%2C300&ssl=1 1.5x, https:\/\/i0.wp.com\/lasprimeras.com.do\/wp-content\/uploads\/2024\/05\/PLD.jpg?resize=700%2C400&ssl=1 2x"},"classes":[]},{"id":84602,"url":"https:\/\/lasprimeras.com.do\/index.php\/2024\/06\/10\/reuniones-de-trabajo-de-la-comision-del-congreso-del-pld\/","url_meta":{"origin":85134,"position":1},"title":"Reuniones de trabajo de la Comisi\u00f3n del Congreso del PLD","author":"Nelson Feliz","date":"10 de junio de 2024","format":false,"excerpt":"Comisi\u00f3n del X Congreso del PLD en los preparativos del acto de apertura, programado para el 30 junio. No bien concluy\u00f3 su juramentaci\u00f3n y presentaci\u00f3n formal a los medios de comunicaci\u00f3n, la Comisi\u00f3n Organizadora del X congreso del Partido de la Liberaci\u00f3n Dominicana (PLD) paut\u00f3 reuniones y la l\u00ednea de\u2026","rel":"","context":"En \u00abPORTADA\u00bb","block_context":{"text":"PORTADA","link":"https:\/\/lasprimeras.com.do\/index.php\/category\/portada\/"},"img":{"alt_text":"Comisi\u00f3n del Congreso del PLD","src":"https:\/\/i0.wp.com\/lasprimeras.com.do\/wp-content\/uploads\/2024\/06\/Comision-del-Congreso-del-PLD.jpg?resize=350%2C200&ssl=1","width":350,"height":200,"srcset":"https:\/\/i0.wp.com\/lasprimeras.com.do\/wp-content\/uploads\/2024\/06\/Comision-del-Congreso-del-PLD.jpg?resize=350%2C200&ssl=1 1x, https:\/\/i0.wp.com\/lasprimeras.com.do\/wp-content\/uploads\/2024\/06\/Comision-del-Congreso-del-PLD.jpg?resize=525%2C300&ssl=1 1.5x, https:\/\/i0.wp.com\/lasprimeras.com.do\/wp-content\/uploads\/2024\/06\/Comision-del-Congreso-del-PLD.jpg?resize=700%2C400&ssl=1 2x"},"classes":[]},{"id":84953,"url":"https:\/\/lasprimeras.com.do\/index.php\/2024\/06\/18\/pld-informa-de-los-avances-en-la-organizacion-de-su-x-congreso\/","url_meta":{"origin":85134,"position":2},"title":"PLD informa de los avances en la organizaci\u00f3n de su X Congreso","author":"Nelson Feliz","date":"18 de junio de 2024","format":false,"excerpt":"PLD anuncia que la apertura del X Congreso Ordinario se realizar\u00e1 el pr\u00f3ximo domingo 7 de Julio. El Partido de la Liberaci\u00f3n Dominicana (PLD) anunci\u00f3 que ha postergado el acto de apertura del X Congreso Ordinario para el domingo 7 julio, confirmando su realizaci\u00f3n en el Pabell\u00f3n de Voleibol del\u2026","rel":"","context":"En \u00abSin categor\u00eda\u00bb","block_context":{"text":"Sin categor\u00eda","link":"https:\/\/lasprimeras.com.do\/index.php\/category\/sin-categoria\/"},"img":{"alt_text":"Congreso Ordinario","src":"https:\/\/i0.wp.com\/lasprimeras.com.do\/wp-content\/uploads\/2024\/06\/Congreso-Ordinario.jpg?resize=350%2C200&ssl=1","width":350,"height":200,"srcset":"https:\/\/i0.wp.com\/lasprimeras.com.do\/wp-content\/uploads\/2024\/06\/Congreso-Ordinario.jpg?resize=350%2C200&ssl=1 1x, https:\/\/i0.wp.com\/lasprimeras.com.do\/wp-content\/uploads\/2024\/06\/Congreso-Ordinario.jpg?resize=525%2C300&ssl=1 1.5x"},"classes":[]},{"id":85658,"url":"https:\/\/lasprimeras.com.do\/index.php\/2024\/07\/05\/pld-oficializa-este-domingo-su-decimo-congreso-ordinario\/","url_meta":{"origin":85134,"position":3},"title":"PLD oficializa este domingo su d\u00e9cimo Congreso Ordinario","author":"Nelson Feliz","date":"5 de julio de 2024","format":false,"excerpt":"El Partido de la Liberaci\u00f3n Dominicana (PLD) oficializ\u00f3 la convocatoria a sus delegados a su D\u00e9cimo Congreso Ordinario mediante comunicado publicado en los medios impresos y portales en internet de esta organizaci\u00f3n. El evento est\u00e1 programado para este domingo 7 de julio a partir de las 10:00 a.m. en el\u2026","rel":"","context":"En \u00abPORTADA\u00bb","block_context":{"text":"PORTADA","link":"https:\/\/lasprimeras.com.do\/index.php\/category\/portada\/"},"img":{"alt_text":"Reuni\u00f3n de Comisi\u00f3n del X Congreso del PLD","src":"https:\/\/i0.wp.com\/lasprimeras.com.do\/wp-content\/uploads\/2024\/06\/Reunion-de-Comision-del-X-Congreso-del-PLD.jpg?resize=350%2C200&ssl=1","width":350,"height":200,"srcset":"https:\/\/i0.wp.com\/lasprimeras.com.do\/wp-content\/uploads\/2024\/06\/Reunion-de-Comision-del-X-Congreso-del-PLD.jpg?resize=350%2C200&ssl=1 1x, https:\/\/i0.wp.com\/lasprimeras.com.do\/wp-content\/uploads\/2024\/06\/Reunion-de-Comision-del-X-Congreso-del-PLD.jpg?resize=525%2C300&ssl=1 1.5x, https:\/\/i0.wp.com\/lasprimeras.com.do\/wp-content\/uploads\/2024\/06\/Reunion-de-Comision-del-X-Congreso-del-PLD.jpg?resize=700%2C400&ssl=1 2x"},"classes":[]},{"id":85261,"url":"https:\/\/lasprimeras.com.do\/index.php\/2024\/06\/26\/pld-realiza-encuentro-preparatorio-del-congreso-peledeista\/","url_meta":{"origin":85134,"position":4},"title":"PLD realiza encuentro preparatorio del Congreso Pelede\u00edsta","author":"Nelson Feliz","date":"26 de junio de 2024","format":false,"excerpt":"Circunscripci\u00f3n Tres del PLD\u00a0en el Municipio Santo Domingo Este preparada para participar en el X Congreso. La Direcci\u00f3n del Partido de la Liberaci\u00f3n Dominicana (PLD) en la Circunscripci\u00f3n Electoral Tres de la Provincia Santo Domingo\u00a0apreci\u00f3 el entusiasmo predominante entre los delegados y delegados de la organizaci\u00f3n con miras a la\u2026","rel":"","context":"En \u00abPORTADA\u00bb","block_context":{"text":"PORTADA","link":"https:\/\/lasprimeras.com.do\/index.php\/category\/portada\/"},"img":{"alt_text":"","src":"https:\/\/i0.wp.com\/lasprimeras.com.do\/wp-content\/uploads\/2024\/06\/Circunscripcion-Tres-S-4.jpeg?resize=350%2C200&ssl=1","width":350,"height":200,"srcset":"https:\/\/i0.wp.com\/lasprimeras.com.do\/wp-content\/uploads\/2024\/06\/Circunscripcion-Tres-S-4.jpeg?resize=350%2C200&ssl=1 1x, https:\/\/i0.wp.com\/lasprimeras.com.do\/wp-content\/uploads\/2024\/06\/Circunscripcion-Tres-S-4.jpeg?resize=525%2C300&ssl=1 1.5x, https:\/\/i0.wp.com\/lasprimeras.com.do\/wp-content\/uploads\/2024\/06\/Circunscripcion-Tres-S-4.jpeg?resize=700%2C400&ssl=1 2x"},"classes":[]},{"id":89514,"url":"https:\/\/lasprimeras.com.do\/index.php\/2024\/09\/26\/reuniones-preparatorias-de-la-plenaria-del-x-congreso-del-pld\/","url_meta":{"origin":85134,"position":5},"title":"Reuniones preparatorias de la Plenaria del X Congreso del PLD","author":"Nelson Feliz","date":"26 de septiembre de 2024","format":false,"excerpt":"Organismos del PLD en provincias, municipios y seccionales en el exterior reportan la celebraci\u00f3n de reuniones preparatorias de la Plenaria Tem\u00e1tica del X Congreso. El Partido de la Liberaci\u00f3n Dominicana (PLD) contin\u00faa desarrollando reuniones y encuentros instruyendo y orientando sobre la realizaci\u00f3n de la Plenaria sobre los quince ejes tem\u00e1ticos\u2026","rel":"","context":"En \u00abPORTADA\u00bb","block_context":{"text":"PORTADA","link":"https:\/\/lasprimeras.com.do\/index.php\/category\/portada\/"},"img":{"alt_text":"","src":"https:\/\/i0.wp.com\/lasprimeras.com.do\/wp-content\/uploads\/2024\/09\/3DN.jpg?resize=350%2C200&ssl=1","width":350,"height":200,"srcset":"https:\/\/i0.wp.com\/lasprimeras.com.do\/wp-content\/uploads\/2024\/09\/3DN.jpg?resize=350%2C200&ssl=1 1x, https:\/\/i0.wp.com\/lasprimeras.com.do\/wp-content\/uploads\/2024\/09\/3DN.jpg?resize=525%2C300&ssl=1 1.5x"},"classes":[]}],"jetpack_sharing_enabled":true,"_links":{"self":[{"href":"https:\/\/lasprimeras.com.do\/index.php\/wp-json\/wp\/v2\/posts\/85134","targetHints":{"allow":["GET"]}}],"collection":[{"href":"https:\/\/lasprimeras.com.do\/index.php\/wp-json\/wp\/v2\/posts"}],"about":[{"href":"https:\/\/lasprimeras.com.do\/index.php\/wp-json\/wp\/v2\/types\/post"}],"author":[{"embeddable":true,"href":"https:\/\/lasprimeras.com.do\/index.php\/wp-json\/wp\/v2\/users\/2"}],"replies":[{"embeddable":true,"href":"https:\/\/lasprimeras.com.do\/index.php\/wp-json\/wp\/v2\/comments?post=85134"}],"version-history":[{"count":1,"href":"https:\/\/lasprimeras.com.do\/index.php\/wp-json\/wp\/v2\/posts\/85134\/revisions"}],"predecessor-version":[{"id":85136,"href":"https:\/\/lasprimeras.com.do\/index.php\/wp-json\/wp\/v2\/posts\/85134\/revisions\/85136"}],"wp:featuredmedia":[{"embeddable":true,"href":"https:\/\/lasprimeras.com.do\/index.php\/wp-json\/wp\/v2\/media\/85135"}],"wp:attachment":[{"href":"https:\/\/lasprimeras.com.do\/index.php\/wp-json\/wp\/v2\/media?parent=85134"}],"wp:term":[{"taxonomy":"category","embeddable":true,"href":"https:\/\/lasprimeras.com.do\/index.php\/wp-json\/wp\/v2\/categories?post=85134"},{"taxonomy":"post_tag","embeddable":true,"href":"https:\/\/lasprimeras.com.do\/index.php\/wp-json\/wp\/v2\/tags?post=85134"}],"curies":[{"name":"wp","href":"https:\/\/api.w.org\/{rel}","templated":true}]}}