{"id":85137,"date":"2024-06-23T13:54:26","date_gmt":"2024-06-23T17:54:26","guid":{"rendered":"https:\/\/lasprimeras.com.do\/?p=85137"},"modified":"2024-06-23T13:54:27","modified_gmt":"2024-06-23T17:54:27","slug":"fallece-el-dirigente-choferil-alfredo-pulinario-cambita","status":"publish","type":"post","link":"https:\/\/lasprimeras.com.do\/index.php\/2024\/06\/23\/fallece-el-dirigente-choferil-alfredo-pulinario-cambita\/","title":{"rendered":"Fallece el dirigente choferil Alfredo Pulinario \u00abCambita\u00bb"},"content":{"rendered":"\n<p>Falleci\u00f3 este domingo el dirigente choferil Alfredo Pulinario (Cambita), presidente del Movimiento Choferil de Transporte (Mochotr\u00e1n)<\/p>\n\n\n\n<p>La infomaci\u00f3n sobre el fallecimiento la ofreci\u00f3 el tambi\u00e9n dirigente choferil y senador por Santiago Rodr\u00edguez, Antonio Marte en su plataforma X (antigua Twitter).<\/p>\n\n\n\n<p>\u201cQuiero expresar y a la vez informar a la poblaci\u00f3n que acabo de recibir la triste noticia del fallecimiento del colega y amigo transportista Alfredo Pulinario, mejor conocido como \u201cCambita\u201d de MOCHOTRAN\u201d, expres\u00f3.<\/p>\n\n\n\n<p>Marte escribi\u00f3 adem\u00e1s que \u00abCambita fue un gran amigo y dirigente del transporte, con quien llev\u00e9 una amistad de muchos a\u00f1os y compartimos juntos grandes luchas por los hombres y mujeres del volante\u00bb.<\/p>\n\n\n\n<p>Hasta el momento se desconoce d\u00f3nde ser\u00e1 expuesto su cadaver.<\/p>\n\n\n\n<figure class=\"wp-block-image size-full\"><img decoding=\"async\" width=\"618\" height=\"762\" src=\"https:\/\/lasprimeras.com.do\/wp-content\/uploads\/2024\/06\/twist.jpg\" alt=\"\" class=\"wp-image-85138\" srcset=\"https:\/\/lasprimeras.com.do\/wp-content\/uploads\/2024\/06\/twist.jpg 618w, https:\/\/lasprimeras.com.do\/wp-content\/uploads\/2024\/06\/twist-243x300.jpg 243w\" sizes=\"(max-width: 618px) 100vw, 618px\" \/><\/figure>\n","protected":false},"excerpt":{"rendered":"<p>Falleci\u00f3 este domingo el dirigente choferil Alfredo Pulinario (Cambita), presidente del Movimiento Choferil de Transporte (Mochotr\u00e1n) La infomaci\u00f3n sobre el fallecimiento la ofreci\u00f3 el tambi\u00e9n dirigente choferil y senador por&hellip;<\/p>\n","protected":false},"author":2,"featured_media":82052,"comment_status":"open","ping_status":"open","sticky":false,"template":"","format":"standard","meta":{"content-type":"","jetpack_post_was_ever_published":false,"_jetpack_newsletter_access":"","_jetpack_dont_email_post_to_subs":false,"_jetpack_newsletter_tier_id":0,"_jetpack_memberships_contains_paywalled_content":false,"_jetpack_memberships_contains_paid_content":false,"footnotes":""},"categories":[35,25],"tags":[7631,647,8536,616,1423],"class_list":["post-85137","post","type-post","status-publish","format-standard","has-post-thumbnail","hentry","category-nacionales","category-portada","tag-alfredo-pulinario","tag-cambita","tag-choferil","tag-dirigente","tag-fallece"],"jetpack_featured_media_url":"https:\/\/lasprimeras.com.do\/wp-content\/uploads\/2024\/04\/Alfredo-Pulinario-1.jpg","jetpack-related-posts":[{"id":101315,"url":"https:\/\/lasprimeras.com.do\/index.php\/2025\/06\/18\/honraran-memoria-y-recordaran-legado-del-dirigente-choferil-alfredo-pulinario-cambita\/","url_meta":{"origin":85137,"position":0},"title":"Honrar\u00e1n memoria y recordar\u00e1n legado del dirigente choferil Alfredo Pulinario (Cambita)","author":"Nelson Feliz","date":"18 de junio de 2025","format":false,"excerpt":"El destacado l\u00edder choferil y empresario del transporte, Alfredo Pulinario (Cambita), ser\u00e1 objeto de un homenaje p\u00f3stumo el lunes, 23 de junio de 2025, al cumplirse el primer aniversario de su fallecimiento. Al momento de su muerte, el 23 de junio de 2024, Alfredo Pulinario (Cambita) se desempe\u00f1aba como gerente\u2026","rel":"","context":"En \u00abNACIONALES\u00bb","block_context":{"text":"NACIONALES","link":"https:\/\/lasprimeras.com.do\/index.php\/category\/nacionales\/"},"img":{"alt_text":"","src":"https:\/\/i0.wp.com\/lasprimeras.com.do\/wp-content\/uploads\/2025\/06\/Alfredo-Pulinario.jpg?resize=350%2C200&ssl=1","width":350,"height":200,"srcset":"https:\/\/i0.wp.com\/lasprimeras.com.do\/wp-content\/uploads\/2025\/06\/Alfredo-Pulinario.jpg?resize=350%2C200&ssl=1 1x, https:\/\/i0.wp.com\/lasprimeras.com.do\/wp-content\/uploads\/2025\/06\/Alfredo-Pulinario.jpg?resize=525%2C300&ssl=1 1.5x, https:\/\/i0.wp.com\/lasprimeras.com.do\/wp-content\/uploads\/2025\/06\/Alfredo-Pulinario.jpg?resize=700%2C400&ssl=1 2x"},"classes":[]},{"id":101762,"url":"https:\/\/lasprimeras.com.do\/index.php\/2025\/06\/23\/rinden-tributo-y-honran-memoria-del-lider-choferil-alfredo-pulinario-cambita\/","url_meta":{"origin":85137,"position":1},"title":"Rinden tributo y honran memoria del l\u00edder choferil Alfredo Pulinario (Cambita)","author":"Nelson Feliz","date":"23 de junio de 2025","format":false,"excerpt":"Cientos de personas se reunieron este lunes para resaltar valores y virtudes de quien fuera presidente de MOCHOTR\u00c1N, Alfredo Pulinario (Cambita), al conmemorarse el primer aniversario de su fallecimiento. Cientos de dirigentes y miembros de empresas y organizaciones del sector transporte se reunieron este lunes, 23 de junio de 2025,\u2026","rel":"","context":"En \u00abNACIONALES\u00bb","block_context":{"text":"NACIONALES","link":"https:\/\/lasprimeras.com.do\/index.php\/category\/nacionales\/"},"img":{"alt_text":"","src":"https:\/\/i0.wp.com\/lasprimeras.com.do\/wp-content\/uploads\/2025\/06\/Alfredo-Pulinario-1.jpg?resize=350%2C200&ssl=1","width":350,"height":200,"srcset":"https:\/\/i0.wp.com\/lasprimeras.com.do\/wp-content\/uploads\/2025\/06\/Alfredo-Pulinario-1.jpg?resize=350%2C200&ssl=1 1x, https:\/\/i0.wp.com\/lasprimeras.com.do\/wp-content\/uploads\/2025\/06\/Alfredo-Pulinario-1.jpg?resize=525%2C300&ssl=1 1.5x, https:\/\/i0.wp.com\/lasprimeras.com.do\/wp-content\/uploads\/2025\/06\/Alfredo-Pulinario-1.jpg?resize=700%2C400&ssl=1 2x"},"classes":[]},{"id":85253,"url":"https:\/\/lasprimeras.com.do\/index.php\/2024\/06\/26\/sepultan-restos-del-dirigente-choferil-alfredo-pulinario-cambita\/","url_meta":{"origin":85137,"position":2},"title":"Sepultan restos del dirigente choferil Alfredo Pulinario \u201cCambita\u201d","author":"Nelson Feliz","date":"26 de junio de 2024","format":false,"excerpt":"En un ambiente cargado de pesar y tristeza, fueron sepultados este martes, en el cementerio Jard\u00edn Memorial, los restos del dirigente choferil Alfredo Pulinario \u201cCambita\u201d, quien falleci\u00f3 el pasado domingo de un infarto. Los amigos y empleados resaltaron la lucha que libr\u00f3 el presidente del Movimiento Choferil de Trasporte, por\u2026","rel":"","context":"En \u00abNACIONALES\u00bb","block_context":{"text":"NACIONALES","link":"https:\/\/lasprimeras.com.do\/index.php\/category\/nacionales\/"},"img":{"alt_text":"Alfredo Pulinario","src":"https:\/\/i0.wp.com\/lasprimeras.com.do\/wp-content\/uploads\/2024\/04\/Alfredo-Pulinario-1.jpg?resize=350%2C200&ssl=1","width":350,"height":200,"srcset":"https:\/\/i0.wp.com\/lasprimeras.com.do\/wp-content\/uploads\/2024\/04\/Alfredo-Pulinario-1.jpg?resize=350%2C200&ssl=1 1x, https:\/\/i0.wp.com\/lasprimeras.com.do\/wp-content\/uploads\/2024\/04\/Alfredo-Pulinario-1.jpg?resize=525%2C300&ssl=1 1.5x, https:\/\/i0.wp.com\/lasprimeras.com.do\/wp-content\/uploads\/2024\/04\/Alfredo-Pulinario-1.jpg?resize=700%2C400&ssl=1 2x"},"classes":[]},{"id":85216,"url":"https:\/\/lasprimeras.com.do\/index.php\/2024\/06\/25\/sepultaran-a-las-300pm-restos-de-alfredo-pulinario-en-el-cementerio-jardin-memorial\/","url_meta":{"origin":85137,"position":3},"title":"Sepultaran a las 3:00PM, restos de Alfredo Pulinario en el Cementerio Jard\u00edn Memorial","author":"Nelson Feliz","date":"25 de junio de 2024","format":false,"excerpt":"El Grupo de Empresas de Transporte (MOCHOTRAN) informo este martes que el cad\u00e1ver del fenecido empresario choferil Alfredo Pulinario, (Cambita), ser\u00e1 trasladado a la Terminal de Autobuses Mochotran, de la avenida Jacobo Majluta, a partir de la 1:00 P.M. All\u00ed se efectuar\u00e1 una misa de cuerpo presente, para luego darle\u2026","rel":"","context":"En \u00abNACIONALES\u00bb","block_context":{"text":"NACIONALES","link":"https:\/\/lasprimeras.com.do\/index.php\/category\/nacionales\/"},"img":{"alt_text":"Alfredo Pulinario","src":"https:\/\/i0.wp.com\/lasprimeras.com.do\/wp-content\/uploads\/2023\/11\/Alfredo-Pulinario.jpg?resize=350%2C200&ssl=1","width":350,"height":200,"srcset":"https:\/\/i0.wp.com\/lasprimeras.com.do\/wp-content\/uploads\/2023\/11\/Alfredo-Pulinario.jpg?resize=350%2C200&ssl=1 1x, https:\/\/i0.wp.com\/lasprimeras.com.do\/wp-content\/uploads\/2023\/11\/Alfredo-Pulinario.jpg?resize=525%2C300&ssl=1 1.5x, https:\/\/i0.wp.com\/lasprimeras.com.do\/wp-content\/uploads\/2023\/11\/Alfredo-Pulinario.jpg?resize=700%2C400&ssl=1 2x"},"classes":[]},{"id":60732,"url":"https:\/\/lasprimeras.com.do\/index.php\/2023\/09\/18\/alfredo-pulinario-apoya-medidas-del-presidente-abinader-autoriza-cierre-y-militarizacion-de-la-frontera\/","url_meta":{"origin":85137,"position":4},"title":"Alfredo Pulinario apoya medidas del presidente Abinader autoriza cierre y militarizaci\u00f3n de la frontera\u00a0\u00a0\u00a0\u00a0\u00a0\u00a0\u00a0\u00a0\u00a0","author":"Nelson Feliz","date":"18 de septiembre de 2023","format":false,"excerpt":"Por Mart\u00edn Restituyo El Movimiento Choferil del Transporte (MOCHOTRAN) y sus 151 una compa\u00f1\u00edas del transporte a nivel nacional, apoyaron este domingo las medidas adoptadas por el presidente de la Rep\u00fablica, Luis Abinader, de cerrar toda la frontera tanto mar\u00edtima, terrestre y a\u00e9rea, tras el conflicto generado entre Hait\u00ed y\u2026","rel":"","context":"En \u00abNACIONALES\u00bb","block_context":{"text":"NACIONALES","link":"https:\/\/lasprimeras.com.do\/index.php\/category\/nacionales\/"},"img":{"alt_text":"Alfredo Pulinario","src":"https:\/\/i0.wp.com\/lasprimeras.com.do\/wp-content\/uploads\/2023\/09\/Alfredo-Pulinario.jpg?resize=350%2C200&ssl=1","width":350,"height":200,"srcset":"https:\/\/i0.wp.com\/lasprimeras.com.do\/wp-content\/uploads\/2023\/09\/Alfredo-Pulinario.jpg?resize=350%2C200&ssl=1 1x, https:\/\/i0.wp.com\/lasprimeras.com.do\/wp-content\/uploads\/2023\/09\/Alfredo-Pulinario.jpg?resize=525%2C300&ssl=1 1.5x, https:\/\/i0.wp.com\/lasprimeras.com.do\/wp-content\/uploads\/2023\/09\/Alfredo-Pulinario.jpg?resize=700%2C400&ssl=1 2x"},"classes":[]},{"id":118147,"url":"https:\/\/lasprimeras.com.do\/index.php\/2025\/12\/22\/mochotran-reafirma-estabilidad-en-tarifas-y-proyecta-expansion-del-sistema-de-transporte\/","url_meta":{"origin":85137,"position":5},"title":"Mochotran reafirma estabilidad en tarifas y proyecta expansi\u00f3n del sistema de transporte","author":"Nelson Feliz","date":"22 de diciembre de 2025","format":false,"excerpt":"Por Orlando Arias El Grupo de Empresas del Transporte Mochotran asegur\u00f3 que no aplicar\u00e1 aumentos en el precio de los pasajes durante las festividades navide\u00f1as, garantizando as\u00ed estabilidad tarifaria para los miles de usuarios que a diario utilizan sus unidades en el Gran Santo Domingo. El presidente de la entidad,\u2026","rel":"","context":"En \u00abECONOM\u00cdA\u00bb","block_context":{"text":"ECONOM\u00cdA","link":"https:\/\/lasprimeras.com.do\/index.php\/category\/economia\/"},"img":{"alt_text":"Alfredo Pulinario Mariot","src":"https:\/\/i0.wp.com\/lasprimeras.com.do\/wp-content\/uploads\/2025\/12\/Tito-Pulinario.jpg?resize=350%2C200&ssl=1","width":350,"height":200,"srcset":"https:\/\/i0.wp.com\/lasprimeras.com.do\/wp-content\/uploads\/2025\/12\/Tito-Pulinario.jpg?resize=350%2C200&ssl=1 1x, https:\/\/i0.wp.com\/lasprimeras.com.do\/wp-content\/uploads\/2025\/12\/Tito-Pulinario.jpg?resize=525%2C300&ssl=1 1.5x, https:\/\/i0.wp.com\/lasprimeras.com.do\/wp-content\/uploads\/2025\/12\/Tito-Pulinario.jpg?resize=700%2C400&ssl=1 2x"},"classes":[]}],"jetpack_sharing_enabled":true,"_links":{"self":[{"href":"https:\/\/lasprimeras.com.do\/index.php\/wp-json\/wp\/v2\/posts\/85137","targetHints":{"allow":["GET"]}}],"collection":[{"href":"https:\/\/lasprimeras.com.do\/index.php\/wp-json\/wp\/v2\/posts"}],"about":[{"href":"https:\/\/lasprimeras.com.do\/index.php\/wp-json\/wp\/v2\/types\/post"}],"author":[{"embeddable":true,"href":"https:\/\/lasprimeras.com.do\/index.php\/wp-json\/wp\/v2\/users\/2"}],"replies":[{"embeddable":true,"href":"https:\/\/lasprimeras.com.do\/index.php\/wp-json\/wp\/v2\/comments?post=85137"}],"version-history":[{"count":1,"href":"https:\/\/lasprimeras.com.do\/index.php\/wp-json\/wp\/v2\/posts\/85137\/revisions"}],"predecessor-version":[{"id":85139,"href":"https:\/\/lasprimeras.com.do\/index.php\/wp-json\/wp\/v2\/posts\/85137\/revisions\/85139"}],"wp:featuredmedia":[{"embeddable":true,"href":"https:\/\/lasprimeras.com.do\/index.php\/wp-json\/wp\/v2\/media\/82052"}],"wp:attachment":[{"href":"https:\/\/lasprimeras.com.do\/index.php\/wp-json\/wp\/v2\/media?parent=85137"}],"wp:term":[{"taxonomy":"category","embeddable":true,"href":"https:\/\/lasprimeras.com.do\/index.php\/wp-json\/wp\/v2\/categories?post=85137"},{"taxonomy":"post_tag","embeddable":true,"href":"https:\/\/lasprimeras.com.do\/index.php\/wp-json\/wp\/v2\/tags?post=85137"}],"curies":[{"name":"wp","href":"https:\/\/api.w.org\/{rel}","templated":true}]}}