{"id":85218,"date":"2024-06-25T12:14:01","date_gmt":"2024-06-25T16:14:01","guid":{"rendered":"https:\/\/lasprimeras.com.do\/?p=85218"},"modified":"2024-06-25T12:14:02","modified_gmt":"2024-06-25T16:14:02","slug":"imponen-garantia-economica-a-imputada-en-muerte-de-julio-cesar-de-la-rosa","status":"publish","type":"post","link":"https:\/\/lasprimeras.com.do\/index.php\/2024\/06\/25\/imponen-garantia-economica-a-imputada-en-muerte-de-julio-cesar-de-la-rosa\/","title":{"rendered":"Imponen garant\u00eda econ\u00f3mica a imputada en muerte de Julio C\u00e9sar de la Rosa"},"content":{"rendered":"\n<p class=\"wp-block-paragraph\">El padre de la v\u00edctima Julio C\u00e9sar de la Rosa, dijo que respetaba la decisi\u00f3n de tribunal y que la imputada mostr\u00f3 arrepentimiento y pidi\u00f3 perd\u00f3n a la familia.<\/p>\n\n\n\n<p class=\"wp-block-paragraph\">La jueza Emely Bruno, del Juzgado de Paz Especial de Tr\u00e1nsito del Distrito Nacional, rechaz\u00f3 imponer prisi\u00f3n preventiva en contra de Skarle Valentina Mujica Zapata, acusada de la muerte involuntaria de Julio C\u00e9sar de la Rosa Peralta, en un accidente de tr\u00e1nsito.<\/p>\n\n\n\n<p class=\"wp-block-paragraph\">El tribunal impuso el pago de una garant\u00eda econ\u00f3mica de un mill\u00f3n de pesos bajo la modalidad de contrato, impedimento de salida y presentaci\u00f3n peri\u00f3dica, as\u00ed como la retenci\u00f3n del pasaporte.<\/p>\n\n\n\n<p class=\"wp-block-paragraph\">A la salida del tribunal, el padre de la v\u00edctima Julio C\u00e9sar de la Rosa, dijo que respetaba la decisi\u00f3n de tribunal y que la imputada mostr\u00f3 arrepentimiento y pidi\u00f3 perd\u00f3n a la familia.<\/p>\n","protected":false},"excerpt":{"rendered":"<p>El padre de la v\u00edctima Julio C\u00e9sar de la Rosa, dijo que respetaba la decisi\u00f3n de tribunal y que la imputada mostr\u00f3 arrepentimiento y pidi\u00f3 perd\u00f3n a la familia. La&hellip;<\/p>\n","protected":false},"author":2,"featured_media":85219,"comment_status":"open","ping_status":"open","sticky":false,"template":"","format":"standard","meta":{"content-type":"","_jetpack_newsletter_access":"","_jetpack_dont_email_post_to_subs":false,"_jetpack_newsletter_tier_id":0,"_jetpack_memberships_contains_paywalled_content":false,"_jetpack_feature_clip_id":0,"_jetpack_memberships_contains_paid_content":false,"footnotes":"","jetpack_post_was_ever_published":false},"categories":[289],"tags":[2520,155,2714,5815,13633,330],"class_list":["post-85218","post","type-post","status-publish","format-standard","has-post-thumbnail","hentry","category-justicia","tag-economica","tag-garantia","tag-imponen","tag-imputada","tag-julio-cesar-de-la-rosa","tag-muerte"],"jetpack-related-posts":[{"id":66096,"url":"https:\/\/lasprimeras.com.do\/index.php\/2023\/11\/02\/tribunal-ordena-retirar-grillete-electronico-a-fernando-rosa-no-podia-seguir-pagandolo\/","url_meta":{"origin":85218,"position":0},"title":"Tribunal ordena retirar grillete electr\u00f3nico a Fernando Rosa; no pod\u00eda seguir pag\u00e1ndolo","author":"Nelson Feliz","date":"2 de noviembre de 2023","format":false,"excerpt":"La jueza del Segundo Tribunal Colegiado del Distrito Nacional orden\u00f3 retirar el grillete electr\u00f3nico al imputado Fernando Rosa, implicado en operaci\u00f3n Antipulpo, donde el principal implicado es el hermano del expresidente Danilo Medina, Alexis Medina S\u00e1nchez. Carmen Magalys Medina, tambi\u00e9n hermana del exmandatario, buscaba junto a Rosa el cese de\u2026","rel":"","context":"En \u00abJUSTICIA\u00bb","block_context":{"text":"JUSTICIA","link":"https:\/\/lasprimeras.com.do\/index.php\/category\/justicia\/"},"img":{"alt_text":"SUELTOS","src":"https:\/\/i0.wp.com\/lasprimeras.com.do\/wp-content\/uploads\/2023\/11\/SUELTOS.jpeg?resize=350%2C200&ssl=1","width":350,"height":200,"srcset":"https:\/\/i0.wp.com\/lasprimeras.com.do\/wp-content\/uploads\/2023\/11\/SUELTOS.jpeg?resize=350%2C200&ssl=1 1x, https:\/\/i0.wp.com\/lasprimeras.com.do\/wp-content\/uploads\/2023\/11\/SUELTOS.jpeg?resize=525%2C300&ssl=1 1.5x, https:\/\/i0.wp.com\/lasprimeras.com.do\/wp-content\/uploads\/2023\/11\/SUELTOS.jpeg?resize=700%2C400&ssl=1 2x"},"classes":[]},{"id":85081,"url":"https:\/\/lasprimeras.com.do\/index.php\/2024\/06\/22\/migracion-entrega-documentos-requeridos-en-relacion-a-la-muerte-de-julio-cesar-de-la-rosa\/","url_meta":{"origin":85218,"position":1},"title":"Migraci\u00f3n entrega documentos requeridos en relaci\u00f3n a la muerte de Julio C\u00e9sar de la Rosa","author":"Nelson Feliz","date":"22 de junio de 2024","format":false,"excerpt":"La Direcci\u00f3n General de Migraci\u00f3n inform\u00f3 que entreg\u00f3 a la Fiscal\u00eda Especial de Tr\u00e1nsito del Distrito Nacional, en un espacio de 48 horas, los videos y el reporte migratorio de la venezolana Skarle Valentina Mujica Zapata, acusada de la muerte involuntaria del hijo del presidente de la Alianza Dominicana de\u2026","rel":"","context":"En \u00abNACIONALES\u00bb","block_context":{"text":"NACIONALES","link":"https:\/\/lasprimeras.com.do\/index.php\/category\/nacionales\/"},"img":{"alt_text":"Migracion","src":"https:\/\/i0.wp.com\/lasprimeras.com.do\/wp-content\/uploads\/2023\/10\/Migracion.jpg?resize=350%2C200&ssl=1","width":350,"height":200,"srcset":"https:\/\/i0.wp.com\/lasprimeras.com.do\/wp-content\/uploads\/2023\/10\/Migracion.jpg?resize=350%2C200&ssl=1 1x, https:\/\/i0.wp.com\/lasprimeras.com.do\/wp-content\/uploads\/2023\/10\/Migracion.jpg?resize=525%2C300&ssl=1 1.5x, https:\/\/i0.wp.com\/lasprimeras.com.do\/wp-content\/uploads\/2023\/10\/Migracion.jpg?resize=700%2C400&ssl=1 2x"},"classes":[]},{"id":50597,"url":"https:\/\/lasprimeras.com.do\/index.php\/2023\/05\/22\/disponen-cese-de-prision-preventiva-a-ruddy-el-hombre-que-duro-tres-anos-de-reenvio-en-reenvio\/","url_meta":{"origin":85218,"position":2},"title":"Disponen cese de prisi\u00f3n preventiva a Ruddy, el hombre que dur\u00f3 tres a\u00f1os de reenv\u00edo en reenv\u00edo","author":"prenxa100","date":"22 de mayo de 2023","format":false,"excerpt":"El tribunal dispuso que el imputado pague el monto de una garant\u00eda econ\u00f3mica de 2 millones de pesos e impedimento de salida del pa\u00eds. Santo Domingo, RD.-.El Tercer Tribunal Colegiado del Distrito Nacional dispuso el cese de la Prisi\u00f3n preventiva de Ruddy Roberto Santos Ram\u00edrez, el hombre que denunci\u00f3 en\u2026","rel":"","context":"En \u00abJUSTICIA\u00bb","block_context":{"text":"JUSTICIA","link":"https:\/\/lasprimeras.com.do\/index.php\/category\/justicia\/"},"img":{"alt_text":"","src":"","width":0,"height":0},"classes":[]},{"id":119070,"url":"https:\/\/lasprimeras.com.do\/index.php\/2026\/01\/06\/garantia-economica-y-prohibicion-de-salida-del-pais-para-hombre-que-hirio-a-otro-en-la-cienaga\/","url_meta":{"origin":85218,"position":3},"title":"Garant\u00eda econ\u00f3mica y prohibici\u00f3n de salida del pa\u00eds para hombre que hiri\u00f3 a otro en La Ci\u00e9naga","author":"Nelson Feliz","date":"6 de enero de 2026","format":false,"excerpt":"C\u00e9sar Augusto Mesa Arismendy, el imputado, es hermano del militar que se se\u00f1ala de matar a una jovencita en Los Guandules La Oficina de Atenci\u00f3n Permanente del Distrito Nacional impuso una garant\u00eda econ\u00f3mica de 25 mil pesos e impedimento de salida del pa\u00eds sin orden de un juez a C\u00e9sar\u2026","rel":"","context":"En \u00abJUSTICIA\u00bb","block_context":{"text":"JUSTICIA","link":"https:\/\/lasprimeras.com.do\/index.php\/category\/justicia\/"},"img":{"alt_text":"C\u00e9sar Augusto Mesa Arismendy","src":"https:\/\/i0.wp.com\/lasprimeras.com.do\/wp-content\/uploads\/2026\/01\/Cesar-Augusto-Mesa-Arismendy.jpg?resize=350%2C200&ssl=1","width":350,"height":200,"srcset":"https:\/\/i0.wp.com\/lasprimeras.com.do\/wp-content\/uploads\/2026\/01\/Cesar-Augusto-Mesa-Arismendy.jpg?resize=350%2C200&ssl=1 1x, https:\/\/i0.wp.com\/lasprimeras.com.do\/wp-content\/uploads\/2026\/01\/Cesar-Augusto-Mesa-Arismendy.jpg?resize=525%2C300&ssl=1 1.5x, https:\/\/i0.wp.com\/lasprimeras.com.do\/wp-content\/uploads\/2026\/01\/Cesar-Augusto-Mesa-Arismendy.jpg?resize=700%2C400&ssl=1 2x"},"classes":[]},{"id":84974,"url":"https:\/\/lasprimeras.com.do\/index.php\/2024\/06\/19\/interrogan-venezolana-por-muerte-del-hijo-de-julio-cesar-de-la-rosa\/","url_meta":{"origin":85218,"position":4},"title":"Interrogan venezolana por muerte del hijo de Julio C\u00e9sar de la Rosa","author":"Nelson Feliz","date":"19 de junio de 2024","format":false,"excerpt":"La joven fue cuestionada en la Fiscal\u00eda de Tr\u00e1nsito y posteriormente llevada a la Casa del Conductor. Luego de que fuera detenida este martes por la Polic\u00eda Nacional, la joven Scarlet Valentina Mujica Zapata fue interrogada por espacio de cuatro horas en la Fiscal\u00eda Especial de Tr\u00e1nsito del Distrito Nacional,\u2026","rel":"","context":"En \u00abNACIONALES\u00bb","block_context":{"text":"NACIONALES","link":"https:\/\/lasprimeras.com.do\/index.php\/category\/nacionales\/"},"img":{"alt_text":"Scarlet Valentina Mojica Zapata","src":"https:\/\/i0.wp.com\/lasprimeras.com.do\/wp-content\/uploads\/2024\/06\/Scarlet-Valentina-Mojica-Zapata.jpg?resize=350%2C200&ssl=1","width":350,"height":200,"srcset":"https:\/\/i0.wp.com\/lasprimeras.com.do\/wp-content\/uploads\/2024\/06\/Scarlet-Valentina-Mojica-Zapata.jpg?resize=350%2C200&ssl=1 1x, https:\/\/i0.wp.com\/lasprimeras.com.do\/wp-content\/uploads\/2024\/06\/Scarlet-Valentina-Mojica-Zapata.jpg?resize=525%2C300&ssl=1 1.5x, https:\/\/i0.wp.com\/lasprimeras.com.do\/wp-content\/uploads\/2024\/06\/Scarlet-Valentina-Mojica-Zapata.jpg?resize=700%2C400&ssl=1 2x"},"classes":[]},{"id":117399,"url":"https:\/\/lasprimeras.com.do\/index.php\/2025\/12\/10\/imponen-garantia-economica-a-tres-empleadas-por-muerte-de-stephora-mp-apelara-decision\/","url_meta":{"origin":85218,"position":5},"title":"Imponen garant\u00eda econ\u00f3mica a tres empleadas por muerte de Stephora; MP apelar\u00e1 decisi\u00f3n","author":"Nelson Feliz","date":"10 de diciembre de 2025","format":false,"excerpt":"La directora queda en libertad pura y simple Ministerio P\u00fablico considera que las medidas de coerci\u00f3n no responden a la gravedad del caso. La jueza de Atenci\u00f3n Permanente del Distrito Judicial de Santiago, Yerixa Cabral, impuso una garant\u00eda econ\u00f3mica de 500,000 pesos y presentaci\u00f3n peri\u00f3dica a tres de las cuatro\u2026","rel":"","context":"En \u00abJUSTICIA\u00bb","block_context":{"text":"JUSTICIA","link":"https:\/\/lasprimeras.com.do\/index.php\/category\/justicia\/"},"img":{"alt_text":"","src":"https:\/\/i0.wp.com\/lasprimeras.com.do\/wp-content\/uploads\/2025\/12\/sala-de-audiencia.jpg?resize=350%2C200&ssl=1","width":350,"height":200,"srcset":"https:\/\/i0.wp.com\/lasprimeras.com.do\/wp-content\/uploads\/2025\/12\/sala-de-audiencia.jpg?resize=350%2C200&ssl=1 1x, https:\/\/i0.wp.com\/lasprimeras.com.do\/wp-content\/uploads\/2025\/12\/sala-de-audiencia.jpg?resize=525%2C300&ssl=1 1.5x, https:\/\/i0.wp.com\/lasprimeras.com.do\/wp-content\/uploads\/2025\/12\/sala-de-audiencia.jpg?resize=700%2C400&ssl=1 2x"},"classes":[]}],"jetpack_sharing_enabled":true,"jetpack_featured_media_url":"https:\/\/lasprimeras.com.do\/wp-content\/uploads\/2024\/06\/Skarlet-Valentina-Mujica-Zapata.jpeg","_links":{"self":[{"href":"https:\/\/lasprimeras.com.do\/index.php\/wp-json\/wp\/v2\/posts\/85218","targetHints":{"allow":["GET"]}}],"collection":[{"href":"https:\/\/lasprimeras.com.do\/index.php\/wp-json\/wp\/v2\/posts"}],"about":[{"href":"https:\/\/lasprimeras.com.do\/index.php\/wp-json\/wp\/v2\/types\/post"}],"author":[{"embeddable":true,"href":"https:\/\/lasprimeras.com.do\/index.php\/wp-json\/wp\/v2\/users\/2"}],"replies":[{"embeddable":true,"href":"https:\/\/lasprimeras.com.do\/index.php\/wp-json\/wp\/v2\/comments?post=85218"}],"version-history":[{"count":1,"href":"https:\/\/lasprimeras.com.do\/index.php\/wp-json\/wp\/v2\/posts\/85218\/revisions"}],"predecessor-version":[{"id":85220,"href":"https:\/\/lasprimeras.com.do\/index.php\/wp-json\/wp\/v2\/posts\/85218\/revisions\/85220"}],"wp:featuredmedia":[{"embeddable":true,"href":"https:\/\/lasprimeras.com.do\/index.php\/wp-json\/wp\/v2\/media\/85219"}],"wp:attachment":[{"href":"https:\/\/lasprimeras.com.do\/index.php\/wp-json\/wp\/v2\/media?parent=85218"}],"wp:term":[{"taxonomy":"category","embeddable":true,"href":"https:\/\/lasprimeras.com.do\/index.php\/wp-json\/wp\/v2\/categories?post=85218"},{"taxonomy":"post_tag","embeddable":true,"href":"https:\/\/lasprimeras.com.do\/index.php\/wp-json\/wp\/v2\/tags?post=85218"}],"curies":[{"name":"wp","href":"https:\/\/api.w.org\/{rel}","templated":true}]}}