{"id":85251,"date":"2024-06-26T00:47:04","date_gmt":"2024-06-26T04:47:04","guid":{"rendered":"https:\/\/lasprimeras.com.do\/?p=85251"},"modified":"2024-06-26T00:47:05","modified_gmt":"2024-06-26T04:47:05","slug":"gobierno-dominicano-concluye-con-exito-su-primera-emision-de-bonos-verdes","status":"publish","type":"post","link":"https:\/\/lasprimeras.com.do\/index.php\/2024\/06\/26\/gobierno-dominicano-concluye-con-exito-su-primera-emision-de-bonos-verdes\/","title":{"rendered":"Gobierno dominicano concluye con \u00e9xito su primera emisi\u00f3n de bonos verdes"},"content":{"rendered":"\n<p><strong>Los fondos estar\u00e1n asociados a diversos proyectos y programas con impacto directo en el medioambiente, la protecci\u00f3n social y el desarrollo del pa\u00eds.<\/strong><\/p>\n\n\n\n<p>El Gobierno dominicano, a trav\u00e9s del Ministerio de Hacienda, emiti\u00f3 por primera vez en su historia bonos verdes, operaci\u00f3n que ascendi\u00f3 a US$750.0 millones, logrando una tasa de 6.70 %, aproximadamente 15 puntos b\u00e1sicos menor a la que se hubiese logrado con otros instrumentos de financiamiento no tem\u00e1ticos con plazo similar.<\/p>\n\n\n\n<p>El titular de Hacienda, Jochi Vicente, explic\u00f3 que los recursos obtenidos con la colocaci\u00f3n, adem\u00e1s de que implicar\u00e1n un ahorro para las finanzas p\u00fablicas por la diferencia en el costo de financiamiento, ser\u00e1n utilizados para gastos verdes, elegibles bajo el primer Marco de Referencia de Bonos Verdes, Sociales y Sostenibles del pa\u00eds, publicado la pasada semana.<\/p>\n\n\n\n<p>Vicente sostuvo que la Rep\u00fablica Dominicana es uno de los pa\u00edses m\u00e1s vulnerables a los efectos del cambio clim\u00e1tico, raz\u00f3n por la cual se hacen necesarias las inversiones estatales en proyectos y programas que contribuyan a mitigar el fen\u00f3meno y el impacto que provoca en la poblaci\u00f3n y las infraestructuras p\u00fablicas.<\/p>\n\n\n\n<p>La primera emisi\u00f3n verde del pa\u00eds recibi\u00f3 demanda en los mercados de capitales globales, por parte de los inversionistas extranjeros, seis veces superior al monto solicitado.<\/p>\n\n\n\n<p>Este hito evidencia la confianza en el compromiso del Gobierno con la protecci\u00f3n del medioambiente, las necesidades sociales y el desarrollo sostenible, al igual que con el s\u00f3lido desempe\u00f1o de la econom\u00eda dominicana.<\/p>\n\n\n\n<p>\u201cCada vez que salimos a los mercados de capitales internacionales recibimos un notable respaldo que, entre otros factores, es producto del buen manejo que hemos dado a la deuda p\u00fablica\u201d, destac\u00f3 el funcionario.<\/p>\n\n\n\n<p>La viceministra de Cr\u00e9dito P\u00fablico, Mar\u00eda Jos\u00e9 Mart\u00ednez, resalt\u00f3 que estas operaciones forman parte de un programa de emisiones sostenibles incluidas en la estrategia de deuda 2024-2028, que se est\u00e1 ejecutando desde el Gobierno.<\/p>\n\n\n\n<p>Adicionalmente, van alineadas a las metas del pa\u00eds establecidas en la Estrategia Nacional de Desarrollo 2030.<\/p>\n\n\n\n<p>\u201cLa inclusi\u00f3n de bonos tem\u00e1ticos en nuestro plan de financiamiento, adem\u00e1s de los beneficios medioambientales y sociales que impulsan, son una muestra del compromiso con la transparencia en el manejo de la deuda p\u00fablica y, a su vez, diversifican la base de inversionistas\u201d, enfatiz\u00f3 Mart\u00ednez.<\/p>\n\n\n\n<p>Asimismo, esta operaci\u00f3n fue complementada con una recompra de US$1,009.0 millones de un bono externo con vencimiento en 2025. Para esta recompra y para cubrir parte de las necesidades de financiamiento en el Presupuesto General del Estado para este 2024 se emitieron RD$105,000.0 millones de un bono externo en moneda local con vencimiento en 2036 y US$500.0 millones de una reapertura con vencimiento en 2031.<\/p>\n\n\n\n<p>Estas operaciones tienen un efecto importante en el portafolio de deuda del sector p\u00fablico no financiero, debido a que representan una disminuci\u00f3n del porcentaje de financiamiento en moneda extranjera y el aumento del tiempo promedio de madurez del portafolio de bonos globales.<\/p>\n","protected":false},"excerpt":{"rendered":"<p>Los fondos estar\u00e1n asociados a diversos proyectos y programas con impacto directo en el medioambiente, la protecci\u00f3n social y el desarrollo del pa\u00eds. El Gobierno dominicano, a trav\u00e9s del Ministerio&hellip;<\/p>\n","protected":false},"author":2,"featured_media":56467,"comment_status":"open","ping_status":"open","sticky":false,"template":"","format":"standard","meta":{"content-type":"","jetpack_post_was_ever_published":false,"_jetpack_newsletter_access":"","_jetpack_dont_email_post_to_subs":false,"_jetpack_newsletter_tier_id":0,"_jetpack_memberships_contains_paywalled_content":false,"_jetpack_memberships_contains_paid_content":false,"footnotes":""},"categories":[39,25],"tags":[3177,364,2814,171,2866,13815],"class_list":["post-85251","post","type-post","status-publish","format-standard","has-post-thumbnail","hentry","category-economia","category-portada","tag-bonos","tag-dominicano","tag-emision","tag-gobierno","tag-primera","tag-verdes"],"jetpack_featured_media_url":"https:\/\/lasprimeras.com.do\/wp-content\/uploads\/2023\/08\/Ministerio-de-Hacienda.jpg","jetpack-related-posts":[{"id":112787,"url":"https:\/\/lasprimeras.com.do\/index.php\/2025\/10\/27\/republica-dominicana-concreta-emision-bonos-soberanos-por-usd-1600-millones-a-10-anos\/","url_meta":{"origin":85251,"position":0},"title":"Rep\u00fablica Dominicana concreta emisi\u00f3n bonos soberanos por USD 1,600 millones a 10 a\u00f1os","author":"Nelson Feliz","date":"27 de octubre de 2025","format":false,"excerpt":"La transacci\u00f3n se logr\u00f3 a una tasa altamente competitiva de 5.875 %, resaltando la credibilidad de inversionistas en la econom\u00eda dominicana. El Gobierno de la Rep\u00fablica Dominicana, a trav\u00e9s del Ministerio de Hacienda y Econom\u00eda, realiz\u00f3, de manera exitosa, una emisi\u00f3n de bonos soberanos en los mercados internacionales por un\u2026","rel":"","context":"En \u00abECONOM\u00cdA\u00bb","block_context":{"text":"ECONOM\u00cdA","link":"https:\/\/lasprimeras.com.do\/index.php\/category\/economia\/"},"img":{"alt_text":"Ministerio de Hacienda","src":"https:\/\/i0.wp.com\/lasprimeras.com.do\/wp-content\/uploads\/2023\/08\/Ministerio-de-Hacienda.jpg?resize=350%2C200&ssl=1","width":350,"height":200,"srcset":"https:\/\/i0.wp.com\/lasprimeras.com.do\/wp-content\/uploads\/2023\/08\/Ministerio-de-Hacienda.jpg?resize=350%2C200&ssl=1 1x, https:\/\/i0.wp.com\/lasprimeras.com.do\/wp-content\/uploads\/2023\/08\/Ministerio-de-Hacienda.jpg?resize=525%2C300&ssl=1 1.5x, https:\/\/i0.wp.com\/lasprimeras.com.do\/wp-content\/uploads\/2023\/08\/Ministerio-de-Hacienda.jpg?resize=700%2C400&ssl=1 2x"},"classes":[]},{"id":52180,"url":"https:\/\/lasprimeras.com.do\/index.php\/2023\/06\/07\/tasa-de-interes-de-bonos-emitidos-por-hacienda-registra-reduccion-por-septima-vez-consecutiva\/","url_meta":{"origin":85251,"position":1},"title":"Tasa de inter\u00e9s de bonos emitidos por Hacienda registra reducci\u00f3n por s\u00e9ptima vez consecutiva","author":"prenxa100","date":"7 de junio de 2023","format":false,"excerpt":"Ministro Jochi Vicente dice se evidencia confianza de los inversionistas sobre el manejo fiscal del Gobierno.\u00a0 El ministro de Hacienda, Jochi Vicente, inform\u00f3 este mi\u00e9rcoles que el Gobierno logr\u00f3 colocar bonos en el mercado local a una tasa corte de inter\u00e9s de un9.99 %, 48 puntos b\u00e1sicos menos que la\u2026","rel":"","context":"En \u00abECONOM\u00cdA\u00bb","block_context":{"text":"ECONOM\u00cdA","link":"https:\/\/lasprimeras.com.do\/index.php\/category\/economia\/"},"img":{"alt_text":"","src":"","width":0,"height":0},"classes":[]},{"id":109303,"url":"https:\/\/lasprimeras.com.do\/index.php\/2025\/09\/16\/banfondesa-lanza-el-primer-bono-sostenible-en-microfinanzas-de-republica-dominicana\/","url_meta":{"origin":85251,"position":2},"title":"Banfondesa lanza el primer bono sostenible en microfinanzas de Rep\u00fablica Dominicana","author":"Nelson Feliz","date":"16 de septiembre de 2025","format":false,"excerpt":"El Banco de Ahorro y Cr\u00e9dito FONDESA, S.A. (Banfondesa) dio a conocer el \u00e9xito de la colocaci\u00f3n del Primer Tramo de su \"Programa de Emisiones de Bonos Sostenibles\", debidamente inscrito en el Registro del Mercado de Valores bajo el N\u00fam. SIVEM-167. Esta primera emisi\u00f3n alcanz\u00f3 un monto de RD$250 millones,\u2026","rel":"","context":"En \u00abECONOM\u00cdA\u00bb","block_context":{"text":"ECONOM\u00cdA","link":"https:\/\/lasprimeras.com.do\/index.php\/category\/economia\/"},"img":{"alt_text":"","src":"https:\/\/i0.wp.com\/lasprimeras.com.do\/wp-content\/uploads\/2025\/09\/Banfondesa.jpg?resize=350%2C200&ssl=1","width":350,"height":200,"srcset":"https:\/\/i0.wp.com\/lasprimeras.com.do\/wp-content\/uploads\/2025\/09\/Banfondesa.jpg?resize=350%2C200&ssl=1 1x, https:\/\/i0.wp.com\/lasprimeras.com.do\/wp-content\/uploads\/2025\/09\/Banfondesa.jpg?resize=525%2C300&ssl=1 1.5x, https:\/\/i0.wp.com\/lasprimeras.com.do\/wp-content\/uploads\/2025\/09\/Banfondesa.jpg?resize=700%2C400&ssl=1 2x"},"classes":[]},{"id":121883,"url":"https:\/\/lasprimeras.com.do\/index.php\/2026\/02\/11\/rd-completa-exitosa-emision-externa-por-usd-2750-millones\/","url_meta":{"origin":85251,"position":3},"title":"RD completa exitosa emisi\u00f3n externa por USD 2,750 millones","author":"Nelson Feliz","date":"11 de febrero de 2026","format":false,"excerpt":"La operaci\u00f3n atrajo una demanda superior a USD 7,200 millones, equivalente a 2.6 veces el monto ofertado. El Gobierno dominicano, a trav\u00e9s del\u00a0Ministerio de Hacienda y Econom\u00eda\u00a0(MHE),realiz\u00f3 una\u00a0emisi\u00f3n de bonos soberanosen los mercados internacionales por un monto total de\u00a0USD 2,750 millones. Los recursos obtenidos forman parte del\u00a0plan de financiamiento aprobado\u2026","rel":"","context":"En \u00abECONOM\u00cdA\u00bb","block_context":{"text":"ECONOM\u00cdA","link":"https:\/\/lasprimeras.com.do\/index.php\/category\/economia\/"},"img":{"alt_text":"Ministerio de Hacienda","src":"https:\/\/i0.wp.com\/lasprimeras.com.do\/wp-content\/uploads\/2023\/08\/Ministerio-de-Hacienda.jpg?resize=350%2C200&ssl=1","width":350,"height":200,"srcset":"https:\/\/i0.wp.com\/lasprimeras.com.do\/wp-content\/uploads\/2023\/08\/Ministerio-de-Hacienda.jpg?resize=350%2C200&ssl=1 1x, https:\/\/i0.wp.com\/lasprimeras.com.do\/wp-content\/uploads\/2023\/08\/Ministerio-de-Hacienda.jpg?resize=525%2C300&ssl=1 1.5x, https:\/\/i0.wp.com\/lasprimeras.com.do\/wp-content\/uploads\/2023\/08\/Ministerio-de-Hacienda.jpg?resize=700%2C400&ssl=1 2x"},"classes":[]},{"id":114685,"url":"https:\/\/lasprimeras.com.do\/index.php\/2025\/11\/16\/rd-impulsa-plataforma-nacional-de-financiamiento-climatico-con-apoyo-del-fondo-verde-para-el-clima\/","url_meta":{"origin":85251,"position":4},"title":"RD impulsa plataforma nacional de financiamiento clim\u00e1tico con apoyo del Fondo Verde para el Clima","author":"Nelson Feliz","date":"16 de noviembre de 2025","format":false,"excerpt":"BEL\u00c9N (BRASIL). \u2013El Ministerio de Ambiente y Recursos Naturales de la Rep\u00fablica Dominicana, el Fondo Verde para el Clima y el Instituto Global para el Crecimiento Verde anunciaron una nueva alianza en la COP30 para promover el desarrollo bajo en carbono y resiliente al clima en el pa\u00eds. Esta colaboraci\u00f3n\u2026","rel":"","context":"En \u00abMEDIO AMBIENTE\u00bb","block_context":{"text":"MEDIO AMBIENTE","link":"https:\/\/lasprimeras.com.do\/index.php\/category\/medio-ambiente\/"},"img":{"alt_text":"","src":"https:\/\/i0.wp.com\/lasprimeras.com.do\/wp-content\/uploads\/2025\/11\/COP30-BELEN-BRASIL.jpg?resize=350%2C200&ssl=1","width":350,"height":200,"srcset":"https:\/\/i0.wp.com\/lasprimeras.com.do\/wp-content\/uploads\/2025\/11\/COP30-BELEN-BRASIL.jpg?resize=350%2C200&ssl=1 1x, https:\/\/i0.wp.com\/lasprimeras.com.do\/wp-content\/uploads\/2025\/11\/COP30-BELEN-BRASIL.jpg?resize=525%2C300&ssl=1 1.5x, https:\/\/i0.wp.com\/lasprimeras.com.do\/wp-content\/uploads\/2025\/11\/COP30-BELEN-BRASIL.jpg?resize=700%2C400&ssl=1 2x"},"classes":[]},{"id":72446,"url":"https:\/\/lasprimeras.com.do\/index.php\/2023\/12\/29\/perremeistas-se-aprestan-aprobar-en-segunda-lectura-emision-de-bonos\/","url_meta":{"origin":85251,"position":5},"title":"Perreme\u00edstas se aprestan aprobar en segunda lectura emisi\u00f3n de bonos","author":"BIMARY DE JES\u00daS Matos","date":"29 de diciembre de 2023","format":false,"excerpt":"SANTO DOMINGO.- Con el rechazo de la oposici\u00f3n, que est\u00e1 dispuesta a someter un informe disidente en la sesi\u00f3n, los perreme\u00edstas se aprestan a aprobar este viernes en segunda lectura en la C\u00e1mara de Diputados la emisi\u00f3n de unos 344 mil millones de pesos en bonos y la eliminaci\u00f3n de\u2026","rel":"","context":"En \u00abSin categor\u00eda\u00bb","block_context":{"text":"Sin categor\u00eda","link":"https:\/\/lasprimeras.com.do\/index.php\/category\/sin-categoria\/"},"img":{"alt_text":"","src":"https:\/\/i0.wp.com\/lasprimeras.com.do\/wp-content\/uploads\/2023\/12\/Noticias-de-energia-2023-12-29T121341.489.webp?resize=350%2C200&ssl=1","width":350,"height":200,"srcset":"https:\/\/i0.wp.com\/lasprimeras.com.do\/wp-content\/uploads\/2023\/12\/Noticias-de-energia-2023-12-29T121341.489.webp?resize=350%2C200&ssl=1 1x, https:\/\/i0.wp.com\/lasprimeras.com.do\/wp-content\/uploads\/2023\/12\/Noticias-de-energia-2023-12-29T121341.489.webp?resize=525%2C300&ssl=1 1.5x"},"classes":[]}],"jetpack_sharing_enabled":true,"_links":{"self":[{"href":"https:\/\/lasprimeras.com.do\/index.php\/wp-json\/wp\/v2\/posts\/85251","targetHints":{"allow":["GET"]}}],"collection":[{"href":"https:\/\/lasprimeras.com.do\/index.php\/wp-json\/wp\/v2\/posts"}],"about":[{"href":"https:\/\/lasprimeras.com.do\/index.php\/wp-json\/wp\/v2\/types\/post"}],"author":[{"embeddable":true,"href":"https:\/\/lasprimeras.com.do\/index.php\/wp-json\/wp\/v2\/users\/2"}],"replies":[{"embeddable":true,"href":"https:\/\/lasprimeras.com.do\/index.php\/wp-json\/wp\/v2\/comments?post=85251"}],"version-history":[{"count":1,"href":"https:\/\/lasprimeras.com.do\/index.php\/wp-json\/wp\/v2\/posts\/85251\/revisions"}],"predecessor-version":[{"id":85252,"href":"https:\/\/lasprimeras.com.do\/index.php\/wp-json\/wp\/v2\/posts\/85251\/revisions\/85252"}],"wp:featuredmedia":[{"embeddable":true,"href":"https:\/\/lasprimeras.com.do\/index.php\/wp-json\/wp\/v2\/media\/56467"}],"wp:attachment":[{"href":"https:\/\/lasprimeras.com.do\/index.php\/wp-json\/wp\/v2\/media?parent=85251"}],"wp:term":[{"taxonomy":"category","embeddable":true,"href":"https:\/\/lasprimeras.com.do\/index.php\/wp-json\/wp\/v2\/categories?post=85251"},{"taxonomy":"post_tag","embeddable":true,"href":"https:\/\/lasprimeras.com.do\/index.php\/wp-json\/wp\/v2\/tags?post=85251"}],"curies":[{"name":"wp","href":"https:\/\/api.w.org\/{rel}","templated":true}]}}