{"id":85258,"date":"2024-06-26T12:37:56","date_gmt":"2024-06-26T16:37:56","guid":{"rendered":"https:\/\/lasprimeras.com.do\/?p=85258"},"modified":"2024-06-26T12:37:57","modified_gmt":"2024-06-26T16:37:57","slug":"pro-consumidor-asegura-no-hay-escasez-de-arroz","status":"publish","type":"post","link":"https:\/\/lasprimeras.com.do\/index.php\/2024\/06\/26\/pro-consumidor-asegura-no-hay-escasez-de-arroz\/","title":{"rendered":"Pro Consumidor asegura no hay escasez de arr\u00f3z"},"content":{"rendered":"\n<p><strong>-Eddy Alc\u00e1ntara se re\u00fane con directivos de Asociaci\u00f3n Nacional de Factor\u00edas de Arroz-<\/strong><\/p>\n\n\n\n<p>&nbsp;El director ejecutivo del Instituto Nacional de Protecci\u00f3n de los Derechos del Consumidor (Pro Consumidor), Eddy Alc\u00e1ntara, asegur\u00f3 hoy que en el pa\u00eds hay suficiente cantidad de arroz, garantiza la estabilidad en el precio en el mercado nacional.<\/p>\n\n\n\n<p>Alc\u00e1ntara, quien se reuni\u00f3 con los directivos de la Asociaci\u00f3n Dominicana de Factor\u00edas de Arroz (ADOFA), manifest\u00f3 que estas industrias garantizaron el abastecimiento del cereal a todo el tejido comercial del pa\u00eds.<\/p>\n\n\n\n<p>&nbsp;\u201cY d\u00e1ndole cumplimiento a la resoluci\u00f3n de la Comisi\u00f3n Nacional Arrocera en lo que tiene que ver con el precio de venta a los distribuidores\u201d, el funcionario.<\/p>\n\n\n\n<p>Explic\u00f3 que en los \u00faltimos d\u00edas viene visitando factor\u00edas en diferentes puntos del pa\u00eds, principalmente en la regi\u00f3n norte, para conocer el inventario del cereal que tiene cada una, \u201cy hemos conversado con sus propietarios y todos coinciden que tienen arroz suficiente para abastecer la demanda nacional\u201d.<\/p>\n\n\n\n<p>Manifest\u00f3 que, en esas visitas, en las que se incluy\u00f3 a directivos de la ADOFA, pudieron comprobar que en los molinos hay arroz para atender la demanda que requiere el pa\u00eds.<\/p>\n\n\n\n<p>\u201cY a esto se suma, las importaciones del cereal autorizada de manera equilibrada con el objetivo de completar y evitar el desabastecimiento futuro de este producto esencial de la canasta b\u00e1sica alimentaria\u201d.<\/p>\n","protected":false},"excerpt":{"rendered":"<p>-Eddy Alc\u00e1ntara se re\u00fane con directivos de Asociaci\u00f3n Nacional de Factor\u00edas de Arroz- &nbsp;El director ejecutivo del Instituto Nacional de Protecci\u00f3n de los Derechos del Consumidor (Pro Consumidor), Eddy Alc\u00e1ntara,&hellip;<\/p>\n","protected":false},"author":2,"featured_media":85259,"comment_status":"open","ping_status":"open","sticky":false,"template":"","format":"standard","meta":{"content-type":"","jetpack_post_was_ever_published":false,"_jetpack_newsletter_access":"","_jetpack_dont_email_post_to_subs":false,"_jetpack_newsletter_tier_id":0,"_jetpack_memberships_contains_paywalled_content":false,"_jetpack_memberships_contains_paid_content":false,"footnotes":""},"categories":[39,25],"tags":[7288,837,2845,3763,245],"class_list":["post-85258","post","type-post","status-publish","format-standard","has-post-thumbnail","hentry","category-economia","category-portada","tag-arroz","tag-escasez","tag-estabilidad","tag-precio","tag-pro-consumidor"],"jetpack_featured_media_url":"https:\/\/lasprimeras.com.do\/wp-content\/uploads\/2024\/06\/Pro-Consumidor.jpg","jetpack-related-posts":[{"id":81876,"url":"https:\/\/lasprimeras.com.do\/index.php\/2024\/04\/25\/pro-consumidor-descarta-presencia-de-metales-pesados-en-arroz-que-consume-el-pais\/","url_meta":{"origin":85258,"position":0},"title":"Pro Consumidor descarta presencia de metales pesados en arroz que consume el pa\u00eds","author":"Nelson Feliz","date":"25 de abril de 2024","format":false,"excerpt":"El director del Instituto Nacional de Protecci\u00f3n de los Derechos del Consumidor (Pro Consumidor), Eddy Alc\u00e1ntara, inform\u00f3 que los estudios de laboratorio realizados a decena de marcas de arroz que se comercializan en el pa\u00eds, ninguna dio positivo a metales nocivos que ocasionan da\u00f1os a la salud de las personas.\u2026","rel":"","context":"En \u00abECONOM\u00cdA\u00bb","block_context":{"text":"ECONOM\u00cdA","link":"https:\/\/lasprimeras.com.do\/index.php\/category\/economia\/"},"img":{"alt_text":"Eddy Alc\u00e1ntara junto a Fidel Del Rosario","src":"https:\/\/i0.wp.com\/lasprimeras.com.do\/wp-content\/uploads\/2024\/04\/Eddy-Alcantara-junto-a-Fidel-Del-Rosario.jpg?resize=350%2C200&ssl=1","width":350,"height":200,"srcset":"https:\/\/i0.wp.com\/lasprimeras.com.do\/wp-content\/uploads\/2024\/04\/Eddy-Alcantara-junto-a-Fidel-Del-Rosario.jpg?resize=350%2C200&ssl=1 1x, https:\/\/i0.wp.com\/lasprimeras.com.do\/wp-content\/uploads\/2024\/04\/Eddy-Alcantara-junto-a-Fidel-Del-Rosario.jpg?resize=525%2C300&ssl=1 1.5x, https:\/\/i0.wp.com\/lasprimeras.com.do\/wp-content\/uploads\/2024\/04\/Eddy-Alcantara-junto-a-Fidel-Del-Rosario.jpg?resize=700%2C400&ssl=1 2x"},"classes":[]},{"id":108134,"url":"https:\/\/lasprimeras.com.do\/index.php\/2025\/09\/03\/pro-consumidor-llama-a-la-oposicion-a-descontinuar-la-politiqueria-con-los-productos-basicos-de-la-canasta-alimentaria\/","url_meta":{"origin":85258,"position":1},"title":"Pro Consumidor llama a la oposici\u00f3n a descontinuar la politiquer\u00eda con los productos b\u00e1sicos de la canasta alimentaria","author":"Nelson Feliz","date":"3 de septiembre de 2025","format":false,"excerpt":"El director ejecutivo del Instituto Nacional de Protecci\u00f3n de los Derechos del Consumidor (Pro Consumidor), Eddy Alc\u00e1ntara, llam\u00f3 a los dirigentes de los partidos de oposici\u00f3n a descontinuar la politiquer\u00eda con los productos b\u00e1sicos de la canasta alimentaria, con el solo prop\u00f3sito de ganar adeptos con miras a las elecciones\u2026","rel":"","context":"En \u00abPOLITICA\u00bb","block_context":{"text":"POLITICA","link":"https:\/\/lasprimeras.com.do\/index.php\/category\/politica\/"},"img":{"alt_text":"","src":"https:\/\/i0.wp.com\/lasprimeras.com.do\/wp-content\/uploads\/2025\/09\/Eddy-Alcantara.jpg?resize=350%2C200&ssl=1","width":350,"height":200,"srcset":"https:\/\/i0.wp.com\/lasprimeras.com.do\/wp-content\/uploads\/2025\/09\/Eddy-Alcantara.jpg?resize=350%2C200&ssl=1 1x, https:\/\/i0.wp.com\/lasprimeras.com.do\/wp-content\/uploads\/2025\/09\/Eddy-Alcantara.jpg?resize=525%2C300&ssl=1 1.5x, https:\/\/i0.wp.com\/lasprimeras.com.do\/wp-content\/uploads\/2025\/09\/Eddy-Alcantara.jpg?resize=700%2C400&ssl=1 2x"},"classes":[]},{"id":52745,"url":"https:\/\/lasprimeras.com.do\/index.php\/2023\/06\/13\/pro-consumidor-vigilara-mercado-del-azucar-para-contactar-situacion\/","url_meta":{"origin":85258,"position":2},"title":"Pro Consumidor vigilar\u00e1 mercado del az\u00facar para contactar situaci\u00f3n","author":"prenxa100","date":"13 de junio de 2023","format":false,"excerpt":"El director ejecutivo del Instituto Nacional de Protecci\u00f3n de los Derechos del Consumidor (Pro Consumidor), Eddy Alc\u00e1ntara, anunci\u00f3 que a partir del pr\u00f3ximo jueves se llevar\u00e1n a cabo varios operativos en diferentes puntos del pa\u00eds para verificar los precios del az\u00facar, ante las denuncias de escasez y carest\u00eda de este\u2026","rel":"","context":"En \u00abECONOM\u00cdA\u00bb","block_context":{"text":"ECONOM\u00cdA","link":"https:\/\/lasprimeras.com.do\/index.php\/category\/economia\/"},"img":{"alt_text":"","src":"https:\/\/i0.wp.com\/lasprimeras.com.do\/wp-content\/uploads\/2023\/06\/pro-consumidor-vigilara-mercado-del-azucar-para-contactar-situacion.jpg?resize=350%2C200&ssl=1","width":350,"height":200,"srcset":"https:\/\/i0.wp.com\/lasprimeras.com.do\/wp-content\/uploads\/2023\/06\/pro-consumidor-vigilara-mercado-del-azucar-para-contactar-situacion.jpg?resize=350%2C200&ssl=1 1x, https:\/\/i0.wp.com\/lasprimeras.com.do\/wp-content\/uploads\/2023\/06\/pro-consumidor-vigilara-mercado-del-azucar-para-contactar-situacion.jpg?resize=525%2C300&ssl=1 1.5x, https:\/\/i0.wp.com\/lasprimeras.com.do\/wp-content\/uploads\/2023\/06\/pro-consumidor-vigilara-mercado-del-azucar-para-contactar-situacion.jpg?resize=700%2C400&ssl=1 2x"},"classes":[]},{"id":52438,"url":"https:\/\/lasprimeras.com.do\/index.php\/2023\/06\/10\/reconocen-a-eddy-alcantara-por-su-labor-al-frente-de-pro-consumidor\/","url_meta":{"origin":85258,"position":3},"title":"Reconocen a\u00a0Eddy Alc\u00e1ntara por su\u00a0 labor al frente de Pro\u00a0Consumidor","author":"prenxa100","date":"10 de junio de 2023","format":false,"excerpt":"El Director Ejecutivo del Instituto Nacional de Protecci\u00f3n de los Derechos del Consumidor (Pro Consumidor), Eddy Alc\u00e1ntara, recibi\u00f3 el reconocimiento que lo declara como el funcionario p\u00fablico m\u00e1s destacado en el mes de mayo en la selecci\u00f3n mensual que realiza la plataforma Nuestras Instituciones P\u00fablicas. El reconocimiento fue entregado por\u2026","rel":"","context":"En \u00abECONOM\u00cdA\u00bb","block_context":{"text":"ECONOM\u00cdA","link":"https:\/\/lasprimeras.com.do\/index.php\/category\/economia\/"},"img":{"alt_text":"","src":"","width":0,"height":0},"classes":[]},{"id":127832,"url":"https:\/\/lasprimeras.com.do\/index.php\/2026\/04\/16\/banreservas-destina-rd12000-millones-para-financiar-produccion-de-arroz-2026-2027\/","url_meta":{"origin":85258,"position":4},"title":"Banreservas destina RD$12,000 millones para financiar producci\u00f3n de arroz 2026-2027","author":"Nelson Feliz","date":"16 de abril de 2026","format":false,"excerpt":"El presidente ejecutivo del Banco de Reservas, doctor Leonardo Aguilera, anuncia financiamiento con tasa preferencial de 7%, subsidiada por el Estado El Banco de Reservas dispuso RD$12,000 millones para el financiamiento del Programa de Pignoraci\u00f3n de Arroz correspondiente al per\u00edodo 2026-2027, con una tasa de inter\u00e9s preferencial de 7%, lo\u2026","rel":"","context":"En \u00abECONOM\u00cdA\u00bb","block_context":{"text":"ECONOM\u00cdA","link":"https:\/\/lasprimeras.com.do\/index.php\/category\/economia\/"},"img":{"alt_text":"","src":"https:\/\/i0.wp.com\/lasprimeras.com.do\/wp-content\/uploads\/2026\/04\/IMG-20260416-WA0544-scaled.jpg?resize=350%2C200&ssl=1","width":350,"height":200,"srcset":"https:\/\/i0.wp.com\/lasprimeras.com.do\/wp-content\/uploads\/2026\/04\/IMG-20260416-WA0544-scaled.jpg?resize=350%2C200&ssl=1 1x, https:\/\/i0.wp.com\/lasprimeras.com.do\/wp-content\/uploads\/2026\/04\/IMG-20260416-WA0544-scaled.jpg?resize=525%2C300&ssl=1 1.5x, https:\/\/i0.wp.com\/lasprimeras.com.do\/wp-content\/uploads\/2026\/04\/IMG-20260416-WA0544-scaled.jpg?resize=700%2C400&ssl=1 2x, https:\/\/i0.wp.com\/lasprimeras.com.do\/wp-content\/uploads\/2026\/04\/IMG-20260416-WA0544-scaled.jpg?resize=1050%2C600&ssl=1 3x, https:\/\/i0.wp.com\/lasprimeras.com.do\/wp-content\/uploads\/2026\/04\/IMG-20260416-WA0544-scaled.jpg?resize=1400%2C800&ssl=1 4x"},"classes":[]},{"id":104105,"url":"https:\/\/lasprimeras.com.do\/index.php\/2025\/07\/21\/pld-preocupado-por-la-situacion-que-afecta-a-los-productores-de-arroz-video\/","url_meta":{"origin":85258,"position":5},"title":"PLD preocupado por la situaci\u00f3n que afecta a los productores de arroz | Video","author":"Nelson Feliz","date":"21 de julio de 2025","format":false,"excerpt":"PLD presenta medidas urgentes para proteger a los productores y la producci\u00f3n arrocera. El Partido de la Liberaci\u00f3n se identific\u00f3 este lunes con la situaci\u00f3n de los productores de arroz del pa\u00eds, quienes han manifestado su preocupaci\u00f3n por las importaciones del cereal, que satura los inventarios en detrimento de la\u2026","rel":"","context":"En \u00abPOLITICA\u00bb","block_context":{"text":"POLITICA","link":"https:\/\/lasprimeras.com.do\/index.php\/category\/politica\/"},"img":{"alt_text":"","src":"https:\/\/i0.wp.com\/lasprimeras.com.do\/wp-content\/uploads\/2025\/07\/PLD-ARROZ.jpg?resize=350%2C200&ssl=1","width":350,"height":200,"srcset":"https:\/\/i0.wp.com\/lasprimeras.com.do\/wp-content\/uploads\/2025\/07\/PLD-ARROZ.jpg?resize=350%2C200&ssl=1 1x, https:\/\/i0.wp.com\/lasprimeras.com.do\/wp-content\/uploads\/2025\/07\/PLD-ARROZ.jpg?resize=525%2C300&ssl=1 1.5x, https:\/\/i0.wp.com\/lasprimeras.com.do\/wp-content\/uploads\/2025\/07\/PLD-ARROZ.jpg?resize=700%2C400&ssl=1 2x"},"classes":[]}],"jetpack_sharing_enabled":true,"_links":{"self":[{"href":"https:\/\/lasprimeras.com.do\/index.php\/wp-json\/wp\/v2\/posts\/85258","targetHints":{"allow":["GET"]}}],"collection":[{"href":"https:\/\/lasprimeras.com.do\/index.php\/wp-json\/wp\/v2\/posts"}],"about":[{"href":"https:\/\/lasprimeras.com.do\/index.php\/wp-json\/wp\/v2\/types\/post"}],"author":[{"embeddable":true,"href":"https:\/\/lasprimeras.com.do\/index.php\/wp-json\/wp\/v2\/users\/2"}],"replies":[{"embeddable":true,"href":"https:\/\/lasprimeras.com.do\/index.php\/wp-json\/wp\/v2\/comments?post=85258"}],"version-history":[{"count":1,"href":"https:\/\/lasprimeras.com.do\/index.php\/wp-json\/wp\/v2\/posts\/85258\/revisions"}],"predecessor-version":[{"id":85260,"href":"https:\/\/lasprimeras.com.do\/index.php\/wp-json\/wp\/v2\/posts\/85258\/revisions\/85260"}],"wp:featuredmedia":[{"embeddable":true,"href":"https:\/\/lasprimeras.com.do\/index.php\/wp-json\/wp\/v2\/media\/85259"}],"wp:attachment":[{"href":"https:\/\/lasprimeras.com.do\/index.php\/wp-json\/wp\/v2\/media?parent=85258"}],"wp:term":[{"taxonomy":"category","embeddable":true,"href":"https:\/\/lasprimeras.com.do\/index.php\/wp-json\/wp\/v2\/categories?post=85258"},{"taxonomy":"post_tag","embeddable":true,"href":"https:\/\/lasprimeras.com.do\/index.php\/wp-json\/wp\/v2\/tags?post=85258"}],"curies":[{"name":"wp","href":"https:\/\/api.w.org\/{rel}","templated":true}]}}