{"id":85284,"date":"2024-06-27T00:19:12","date_gmt":"2024-06-27T04:19:12","guid":{"rendered":"https:\/\/lasprimeras.com.do\/?p=85284"},"modified":"2024-06-27T00:20:54","modified_gmt":"2024-06-27T04:20:54","slug":"pld-reclama-al-gobierno-que-se-pronuncie-contra-el-intento-de-crimen-contra-la-democracia-en-bolivia","status":"publish","type":"post","link":"https:\/\/lasprimeras.com.do\/index.php\/2024\/06\/27\/pld-reclama-al-gobierno-que-se-pronuncie-contra-el-intento-de-crimen-contra-la-democracia-en-bolivia\/","title":{"rendered":"PLD reclama al Gobierno que se pronuncie contra el intento de crimen contra la democracia en Bolivia"},"content":{"rendered":"\n<p class=\"wp-block-paragraph\">El Partido de la Liberaci\u00f3n Dominicana (PLD) alza la voz rechazando la intentona golpista al Gobierno de Bolivia. Jaime David Fern\u00e1ndez as\u00ed lo expone<\/p>\n\n\n\n<p class=\"wp-block-paragraph\">El Partido de la Liberaci\u00f3n Dominicana (PLD) emiti\u00f3 la tarde de este mi\u00e9rcoles una nota de condena a la intentona de Golpe de Estado en Bolivia.<\/p>\n\n\n\n<p class=\"wp-block-paragraph\">El ex vicepresidente de la Republica Jaime David Fern\u00e1ndez Mirabal, en su calidad de titular de la Secretar\u00eda de Relaciones Internacionales del PLD emiti\u00f3 el rechazo de la organizaci\u00f3n pol\u00edtica a la pretensi\u00f3n de quebrantar la voluntad popular y subvertir el orden establecido en el pa\u00eds suramericano<\/p>\n\n\n\n<p class=\"wp-block-paragraph\">\u00abRechazamos tajantemente el intento de Golpe de Estado y la alteraci\u00f3n del sistema democr\u00e1tica en el Estado Plurinacional de Bolivia\u201d, dijo el ex vice mandatario de la naci\u00f3n a nombre del Partido del cual es miembro de su Comit\u00e9 Pol\u00edtico.<\/p>\n\n\n\n<p class=\"wp-block-paragraph\">En sus declaraciones Fern\u00e1ndez Mirabal llam\u00f3 a la Presidencia de la Rep\u00fablica Dominicana a que tambi\u00e9n rechace con energ\u00eda la intentona golpista<\/p>\n\n\n\n<p class=\"wp-block-paragraph\">\u201cLlamamos a la Presidencia de Rep\u00fablica Dominicana a rechazar con contundencia, con energ\u00eda el intento golpista, que es propio de las fuerzas oscuras que no quieren aceptar las instituciones democr\u00e1ticas de nuestros Pueblos\u201d, apunt\u00f3.<\/p>\n\n\n\n<p class=\"wp-block-paragraph\">Dijo esperar que el Gobierno dominicano, como lo han hecho pa\u00edses hermanos, acudan a todas las instancias necesarias para rechazar, como lo ha hecho el PLD el acto criminal y antidemocr\u00e1tico con un intento de Golpe de Estado.<\/p>\n","protected":false},"excerpt":{"rendered":"<p>El Partido de la Liberaci\u00f3n Dominicana (PLD) alza la voz rechazando la intentona golpista al Gobierno de Bolivia. Jaime David Fern\u00e1ndez as\u00ed lo expone El Partido de la Liberaci\u00f3n Dominicana&hellip;<\/p>\n","protected":false},"author":2,"featured_media":85287,"comment_status":"open","ping_status":"open","sticky":false,"template":"","format":"standard","meta":{"content-type":"","_jetpack_newsletter_access":"","_jetpack_dont_email_post_to_subs":false,"_jetpack_newsletter_tier_id":0,"_jetpack_memberships_contains_paywalled_content":false,"_jetpack_feature_clip_id":0,"_jetpack_memberships_contains_paid_content":false,"footnotes":"","jetpack_post_was_ever_published":false},"categories":[25],"tags":[1963,626,607,171,269,13825],"class_list":["post-85284","post","type-post","status-publish","format-standard","has-post-thumbnail","hentry","category-portada","tag-bolivia","tag-crimen","tag-democracia","tag-gobierno","tag-pld","tag-pronuncie"],"jetpack-related-posts":[{"id":125947,"url":"https:\/\/lasprimeras.com.do\/index.php\/2026\/03\/27\/jaime-david-acusa-a-la-fp-de-sonsacar-a-dirigentes-del-pld\/","url_meta":{"origin":85284,"position":0},"title":"Jaime David acusa a la FP de sonsacar a dirigentes del PLD","author":"Nelson Feliz","date":"27 de marzo de 2026","format":false,"excerpt":"El ex vicepresidente de la Rep\u00fablica y miembro del Comit\u00e9 Pol\u00edtico del Partido de la Liberaci\u00f3n Dominicana (PLD), Jaime David Fern\u00e1ndez Mirabal, calific\u00f3 \u201cactitud de aves de carro\u00f1a\u201d de dirigentes del partido Fuerza del Pueblo de insistir en sonsacar a dirigentes del PLD para llevarlos a sus filas. \u201cEso no\u2026","rel":"","context":"En \u00abPOLITICA\u00bb","block_context":{"text":"POLITICA","link":"https:\/\/lasprimeras.com.do\/index.php\/category\/politica\/"},"img":{"alt_text":"Jaime David Fern\u00e1ndez Mirabal","src":"https:\/\/i0.wp.com\/lasprimeras.com.do\/wp-content\/uploads\/2026\/03\/Jaime-Sanchez-2.jpg?resize=350%2C200&ssl=1","width":350,"height":200,"srcset":"https:\/\/i0.wp.com\/lasprimeras.com.do\/wp-content\/uploads\/2026\/03\/Jaime-Sanchez-2.jpg?resize=350%2C200&ssl=1 1x, https:\/\/i0.wp.com\/lasprimeras.com.do\/wp-content\/uploads\/2026\/03\/Jaime-Sanchez-2.jpg?resize=525%2C300&ssl=1 1.5x, https:\/\/i0.wp.com\/lasprimeras.com.do\/wp-content\/uploads\/2026\/03\/Jaime-Sanchez-2.jpg?resize=700%2C400&ssl=1 2x"},"classes":[]},{"id":118697,"url":"https:\/\/lasprimeras.com.do\/index.php\/2026\/01\/02\/jaime-david-presenta-el-fortalecimiento-del-pld-en-el-2025-como-un-gran-triunfo-alcanzado\/","url_meta":{"origin":85284,"position":1},"title":"Jaime David presenta el fortalecimiento del PLD en el 2025 como un\u00a0gran triunfo alcanzado","author":"Nelson Feliz","date":"2 de enero de 2026","format":false,"excerpt":"El ex vicepresidente de la Rep\u00fablica, Jaime David Fern\u00e1ndez Mirabal, miembro del Comit\u00e9 Pol\u00edtico del Partido de la Liberaci\u00f3n Dominicana (PLD), resalt\u00f3 como un gran triunfo de esa organizaci\u00f3n mantenerse firme, estructurado y organizado.\u00a0 En su ya acostumbrados mensajes desde el campo y montando caballo, Fern\u00e1ndez Mirabal dijo que el\u2026","rel":"","context":"En \u00abPOLITICA\u00bb","block_context":{"text":"POLITICA","link":"https:\/\/lasprimeras.com.do\/index.php\/category\/politica\/"},"img":{"alt_text":"Jaime David Fernandez Mirabal","src":"https:\/\/i0.wp.com\/lasprimeras.com.do\/wp-content\/uploads\/2026\/01\/Jaime-David-VANG.jpg?resize=350%2C200&ssl=1","width":350,"height":200,"srcset":"https:\/\/i0.wp.com\/lasprimeras.com.do\/wp-content\/uploads\/2026\/01\/Jaime-David-VANG.jpg?resize=350%2C200&ssl=1 1x, https:\/\/i0.wp.com\/lasprimeras.com.do\/wp-content\/uploads\/2026\/01\/Jaime-David-VANG.jpg?resize=525%2C300&ssl=1 1.5x"},"classes":[]},{"id":126911,"url":"https:\/\/lasprimeras.com.do\/index.php\/2026\/04\/06\/jaime-david-critica-uso-de-dinero-publico-desde-la-lmd-para-estimular-el-transfuguismo\/","url_meta":{"origin":85284,"position":2},"title":"Jaime David critica uso de dinero p\u00fablico desde la LMD para estimular el transfuguismo","author":"Nelson Feliz","date":"6 de abril de 2026","format":false,"excerpt":"El ex vicepresidente de la Rep\u00fablica, Jaime David Fern\u00e1ndez Mirabal, miembro del Comit\u00e9 Pol\u00edtico del Partido de la Liberaci\u00f3n Dominicana (PLD), critic\u00f3 el uso de dinero p\u00fablico en la Liga Municipal Dominicana para sonsacar y estimular el transfuguismo. En un mensaje audiovisual Fern\u00e1ndez Mirabal denuncia la pr\u00e1ctica del transfuguismo en\u2026","rel":"","context":"En \u00abPOLITICA\u00bb","block_context":{"text":"POLITICA","link":"https:\/\/lasprimeras.com.do\/index.php\/category\/politica\/"},"img":{"alt_text":"Jaime David Fern\u00e1ndez Mirabal","src":"https:\/\/i0.wp.com\/lasprimeras.com.do\/wp-content\/uploads\/2026\/04\/Jaime-D.-Fernandez.jpg?resize=350%2C200&ssl=1","width":350,"height":200},"classes":[]},{"id":84605,"url":"https:\/\/lasprimeras.com.do\/index.php\/2024\/06\/11\/jaime-david-dice-que-el-pld-se-prepara-para-defender-al-pueblo\/","url_meta":{"origin":85284,"position":3},"title":"Jaime David dice que el PLD se prepara para defender al pueblo","author":"Nelson Feliz","date":"11 de junio de 2024","format":false,"excerpt":"\u2013 Destaca que despu\u00e9s del X Congreso el PLD crecer\u00e1 como la verdolaga en el campo. \u2013 Condena el est\u00edmulo al tr\u00e1nsfuguismo pol\u00edtico, peor con dinero p\u00fablico. El ex vicepresidente de la Rep\u00fablica y miembro del Comit\u00e9 Pol\u00edtico del Partido de la Liberaci\u00f3n Dominicana (PLD ) Jaime David Fern\u00e1ndez Mirabal\u2026","rel":"","context":"En \u00abPORTADA\u00bb","block_context":{"text":"PORTADA","link":"https:\/\/lasprimeras.com.do\/index.php\/category\/portada\/"},"img":{"alt_text":"Jaime David Fern\u00e1ndez Mirabal","src":"https:\/\/i0.wp.com\/lasprimeras.com.do\/wp-content\/uploads\/2024\/06\/Jaime-David-Fernandez-Mirabal.jpg?resize=350%2C200&ssl=1","width":350,"height":200,"srcset":"https:\/\/i0.wp.com\/lasprimeras.com.do\/wp-content\/uploads\/2024\/06\/Jaime-David-Fernandez-Mirabal.jpg?resize=350%2C200&ssl=1 1x, https:\/\/i0.wp.com\/lasprimeras.com.do\/wp-content\/uploads\/2024\/06\/Jaime-David-Fernandez-Mirabal.jpg?resize=525%2C300&ssl=1 1.5x, https:\/\/i0.wp.com\/lasprimeras.com.do\/wp-content\/uploads\/2024\/06\/Jaime-David-Fernandez-Mirabal.jpg?resize=700%2C400&ssl=1 2x"},"classes":[]},{"id":95672,"url":"https:\/\/lasprimeras.com.do\/index.php\/2025\/03\/17\/jaime-david-fernandez-estimular-el-transfuguismo-es-una-de-las-peores-formas-de-corrupcion\/","url_meta":{"origin":85284,"position":4},"title":"Jaime David Fern\u00e1ndez: \u201cEstimular el transfuguismo es una de las peores formas de corrupci\u00f3n\u201d","author":"Nelson Feliz","date":"17 de marzo de 2025","format":false,"excerpt":"El ex vicepresidente de la Rep\u00fablica y miembro del Comit\u00e9 Pol\u00edtico del Partido de la Liberaci\u00f3n Dominicana (PLD), Jaime David Fern\u00e1ndez Mirabal, reiter\u00f3 sobre el da\u00f1o a la democracia y al sistema de partidos de la pr\u00e1ctica del transfuguismo. La legislaci\u00f3n local ubica al tr\u00e1nsfuga como la persona que, traicionando\u2026","rel":"","context":"En \u00abPOLITICA\u00bb","block_context":{"text":"POLITICA","link":"https:\/\/lasprimeras.com.do\/index.php\/category\/politica\/"},"img":{"alt_text":"Jaime David Fern\u00e1ndez Mirabal","src":"https:\/\/i0.wp.com\/lasprimeras.com.do\/wp-content\/uploads\/2025\/03\/jaime.jpg?resize=350%2C200&ssl=1","width":350,"height":200,"srcset":"https:\/\/i0.wp.com\/lasprimeras.com.do\/wp-content\/uploads\/2025\/03\/jaime.jpg?resize=350%2C200&ssl=1 1x, https:\/\/i0.wp.com\/lasprimeras.com.do\/wp-content\/uploads\/2025\/03\/jaime.jpg?resize=525%2C300&ssl=1 1.5x, https:\/\/i0.wp.com\/lasprimeras.com.do\/wp-content\/uploads\/2025\/03\/jaime.jpg?resize=700%2C400&ssl=1 2x"},"classes":[]},{"id":85272,"url":"https:\/\/lasprimeras.com.do\/index.php\/2024\/06\/26\/jaime-david-dice-que-el-transfuguismo-es-la-peor-forma-de-corrupcion\/","url_meta":{"origin":85284,"position":5},"title":"Jaime David dice que el transfuguismo es la peor forma de corrupci\u00f3n","author":"Nelson Feliz","date":"26 de junio de 2024","format":false,"excerpt":"Fern\u00e1ndez Mirabal reclama la aprobaci\u00f3n de una Ley contra el Transfuguismo por el da\u00f1o que ha generado en el sistema de partidos. El ex vicepresidente de la Rep\u00fablica y miembro del Comit\u00e9 Pol\u00edtico del Partido de la Liberaci\u00f3n Dominicana (PLD), Jaime David Fern\u00e1ndez Mirabal, reclam\u00f3 del Gobierno y de su\u2026","rel":"","context":"En \u00abSin categor\u00eda\u00bb","block_context":{"text":"Sin categor\u00eda","link":"https:\/\/lasprimeras.com.do\/index.php\/category\/sin-categoria\/"},"img":{"alt_text":"Jaime David Fern\u00e1ndez Mirabal","src":"https:\/\/i0.wp.com\/lasprimeras.com.do\/wp-content\/uploads\/2024\/06\/Jaime-David-Fernandez-Mirabal-2.jpg?resize=350%2C200&ssl=1","width":350,"height":200,"srcset":"https:\/\/i0.wp.com\/lasprimeras.com.do\/wp-content\/uploads\/2024\/06\/Jaime-David-Fernandez-Mirabal-2.jpg?resize=350%2C200&ssl=1 1x, https:\/\/i0.wp.com\/lasprimeras.com.do\/wp-content\/uploads\/2024\/06\/Jaime-David-Fernandez-Mirabal-2.jpg?resize=525%2C300&ssl=1 1.5x, https:\/\/i0.wp.com\/lasprimeras.com.do\/wp-content\/uploads\/2024\/06\/Jaime-David-Fernandez-Mirabal-2.jpg?resize=700%2C400&ssl=1 2x"},"classes":[]}],"jetpack_sharing_enabled":true,"jetpack_featured_media_url":"https:\/\/lasprimeras.com.do\/wp-content\/uploads\/2024\/06\/Jaime-David-Fernandez-3.jpg","_links":{"self":[{"href":"https:\/\/lasprimeras.com.do\/index.php\/wp-json\/wp\/v2\/posts\/85284","targetHints":{"allow":["GET"]}}],"collection":[{"href":"https:\/\/lasprimeras.com.do\/index.php\/wp-json\/wp\/v2\/posts"}],"about":[{"href":"https:\/\/lasprimeras.com.do\/index.php\/wp-json\/wp\/v2\/types\/post"}],"author":[{"embeddable":true,"href":"https:\/\/lasprimeras.com.do\/index.php\/wp-json\/wp\/v2\/users\/2"}],"replies":[{"embeddable":true,"href":"https:\/\/lasprimeras.com.do\/index.php\/wp-json\/wp\/v2\/comments?post=85284"}],"version-history":[{"count":1,"href":"https:\/\/lasprimeras.com.do\/index.php\/wp-json\/wp\/v2\/posts\/85284\/revisions"}],"predecessor-version":[{"id":85286,"href":"https:\/\/lasprimeras.com.do\/index.php\/wp-json\/wp\/v2\/posts\/85284\/revisions\/85286"}],"wp:featuredmedia":[{"embeddable":true,"href":"https:\/\/lasprimeras.com.do\/index.php\/wp-json\/wp\/v2\/media\/85287"}],"wp:attachment":[{"href":"https:\/\/lasprimeras.com.do\/index.php\/wp-json\/wp\/v2\/media?parent=85284"}],"wp:term":[{"taxonomy":"category","embeddable":true,"href":"https:\/\/lasprimeras.com.do\/index.php\/wp-json\/wp\/v2\/categories?post=85284"},{"taxonomy":"post_tag","embeddable":true,"href":"https:\/\/lasprimeras.com.do\/index.php\/wp-json\/wp\/v2\/tags?post=85284"}],"curies":[{"name":"wp","href":"https:\/\/api.w.org\/{rel}","templated":true}]}}