{"id":85331,"date":"2024-06-28T08:39:36","date_gmt":"2024-06-28T12:39:36","guid":{"rendered":"https:\/\/lasprimeras.com.do\/?p=85331"},"modified":"2024-06-28T08:39:38","modified_gmt":"2024-06-28T12:39:38","slug":"trump-y-biden-chocan-sobre-economia-y-aborto-en-su-debate-como-candidatos-presidenciales","status":"publish","type":"post","link":"https:\/\/lasprimeras.com.do\/index.php\/2024\/06\/28\/trump-y-biden-chocan-sobre-economia-y-aborto-en-su-debate-como-candidatos-presidenciales\/","title":{"rendered":"Trump y Biden chocan sobre econom\u00eda y aborto en su debate como candidatos presidenciales"},"content":{"rendered":"\n<p>BY JONATHAN J. COOPER<\/p>\n\n\n\n<p>PHOENIX (AP) \u2014 El presidente Joe Biden y el expresidente Donald Trump arrancaron su primer debate rumbo a las elecciones presidenciales de 2024 sin estrecharse las manos y se dedicaron de lleno a hablar de pol\u00edticas el jueves por la noche.<\/p>\n\n\n\n<p>Estos son algunos momentos clave de su enfrentamiento cara a cara de 90 minutos:<\/p>\n\n\n\n<p>LOGROS ECON\u00d3MICOS<\/p>\n\n\n\n<p>Su primer intercambio abord\u00f3 la econom\u00eda.<\/p>\n\n\n\n<p>Biden, con un tono bajo y la voz ronca, habl\u00f3 de los avances econ\u00f3micos durante su mandato, diciendo que lo rescat\u00f3 de la \u201cca\u00edda libre\u201d y el \u201ccaos\u201d cuando asumi\u00f3 la presidencia en 2021 al concluir el mandato de Trump. Carraspe\u00f3 varias veces.<\/p>\n\n\n\n<p>Trump escuch\u00f3 con expresi\u00f3n perpleja pero no intent\u00f3 interrumpirlo, aunque su micr\u00f3fono estuvo silenciado mientras hablaba Biden.<\/p>\n\n\n\n<p>Cuando lleg\u00f3 su turno de hablar, Trump presumi\u00f3 del estado de la econom\u00eda durante su mandato, diciendo que \u201ctodo iba muy bien\u201d. Culp\u00f3 a Biden de la subida de precios que ha frustrado a los estadounidenses. \u201cLa inflaci\u00f3n est\u00e1 matando a nuestro pa\u00eds\u201d, asever\u00f3 Trump. \u201cNos est\u00e1 matando\u201d.<\/p>\n\n\n\n<p>ABORTO<\/p>\n\n\n\n<p>Biden culp\u00f3 a Trump por erosionar los derechos al aborto luego de que los tres jueces designados por el exmandatario republicano a la Corte Suprema federal votaron a favor de anular el fallo del caso de Roe contra Wade, que hab\u00eda reconocido el derecho constitucional al aborto en todo el pa\u00eds.<\/p>\n\n\n\n<p>La revocaci\u00f3n ha animado a muchos votantes que apoyan el derecho al aborto y ha contribuido a las victorias dem\u00f3cratas en las elecciones de mitad de periodo y especiales de 2022.<\/p>\n\n\n\n<p>\u201cHa sido terrible lo que has hecho\u201d, dijo Biden, dirigi\u00e9ndose a su rival. Se comprometi\u00f3 a restablecer la ley bajo el fallo del caso de Roe contra Wade si obtiene un segundo mandato, pero no dijo c\u00f3mo lo lograr\u00eda.<\/p>\n\n\n\n<p>Dijo que la idea de dejar las leyes del aborto de nuevo en manos de los estados \u201ces como decir que vamos a dejar los derechos civiles de nuevo en manos de los estados\u201d.<\/p>\n\n\n\n<p>Trump dijo que su presidencia devolvi\u00f3 la cuesti\u00f3n del aborto a la gente a trav\u00e9s de las leyes estatales. Se\u00f1al\u00f3 que apoya las excepciones a la prohibici\u00f3n del aborto por violaci\u00f3n, incesto y si la vida de la madre corre peligro, y repiti\u00f3 su afirmaci\u00f3n falsa de que Biden apoya el aborto hasta y despu\u00e9s del nacimiento.<\/p>\n\n\n\n<p>\u201cCreemos que los dem\u00f3cratas son los radicales, no los republicanos\u201d, dijo Trump.<\/p>\n\n\n\n<p>ASALTO AL CAPITOLIO<\/p>\n\n\n\n<p>Trump minti\u00f3 sobre su papel en el asalto del 6 de enero de 2021 al Capitolio federal por parte de sus simpatizantes e intent\u00f3 desviar la atenci\u00f3n cambiando de tema.<\/p>\n\n\n\n<p>Cuando se le pregunt\u00f3 por el papel que desempe\u00f1\u00f3, respondi\u00f3 que hab\u00eda animado a la gente a actuar \u201cpac\u00edfica y patri\u00f3ticamente\u201d, y luego cambi\u00f3 de tema para atacar a la expresidenta de la C\u00e1mara de Representantes, la dem\u00f3crata Nancy Pelosi.<\/p>\n\n\n\n<p>Afirm\u00f3 que Biden deber\u00eda \u201cavergonzarse\u201d por la forma en que se han manejado los casos contra los acusados por el asalto del 6 de enero.<\/p>\n\n\n\n<p>Trump, que ha planteado la idea de indultar a los amotinados, insinu\u00f3 que sus partidarios que irrumpieron en el Capitolio eran en realidad pac\u00edficos y ahora est\u00e1n siendo perseguidos pol\u00edticamente.<\/p>\n\n\n\n<p>De hecho, los insurrectos se enfrentaron cuerpo a cuerpo contra la polic\u00eda y utilizaron armas improvisadas para atacar a los agentes.<\/p>\n\n\n\n<p>M\u00e1s de 1.400 personas han sido acusadas de delitos federales derivados de los disturbios, y m\u00e1s de 1.000 de ellas se han declarado culpables o han sido condenadas en juicio.<\/p>\n\n\n\n<p>\u201cLa \u00fanica persona que est\u00e1 en este escenario que es un delincuente convicto es el hombre al que estoy mirando ahora mismo\u201d, asever\u00f3 Biden refiri\u00e9ndose a su rival.<\/p>\n","protected":false},"excerpt":{"rendered":"<p>BY JONATHAN J. COOPER PHOENIX (AP) \u2014 El presidente Joe Biden y el expresidente Donald Trump arrancaron su primer debate rumbo a las elecciones presidenciales de 2024 sin estrecharse las&hellip;<\/p>\n","protected":false},"author":2,"featured_media":85292,"comment_status":"open","ping_status":"open","sticky":false,"template":"","format":"standard","meta":{"content-type":"","jetpack_post_was_ever_published":false,"_jetpack_newsletter_access":"","_jetpack_dont_email_post_to_subs":false,"_jetpack_newsletter_tier_id":0,"_jetpack_memberships_contains_paywalled_content":false,"_jetpack_memberships_contains_paid_content":false,"footnotes":""},"categories":[1],"tags":[2180,2621,7186,6989,978,514,1343,1504],"class_list":["post-85331","post","type-post","status-publish","format-standard","has-post-thumbnail","hentry","category-sin-categoria","tag-aborto","tag-candidatos","tag-chocan","tag-debate","tag-donald-trump","tag-economia-2","tag-joe-biden","tag-presidenciales"],"jetpack_featured_media_url":"https:\/\/lasprimeras.com.do\/wp-content\/uploads\/2024\/06\/Debate.jpg","jetpack-related-posts":[{"id":83474,"url":"https:\/\/lasprimeras.com.do\/index.php\/2024\/05\/16\/biden-y-trump-intercambiando-criticas-acuerdan-2-debates-presidenciales-en-junio-y-septiembre\/","url_meta":{"origin":85331,"position":0},"title":"Biden y Trump, intercambiando cr\u00edticas, acuerdan 2 debates presidenciales, en junio y septiembre","author":"Nelson Feliz","date":"16 de mayo de 2024","format":false,"excerpt":"POR JOSH BOAK,ZEKE MILLER Y JILL COLVIN WASHINGTON (AP) \u2014 El presidente Joe Biden y el expresidente Donald Trump acordaron el mi\u00e9rcoles celebrar dos debates de campa\u00f1a, el primero el 27 de junio presentado por CNN y el segundo el 10 de septiembre presentado por ABC, preparando el escenario para\u2026","rel":"","context":"En \u00abSin categor\u00eda\u00bb","block_context":{"text":"Sin categor\u00eda","link":"https:\/\/lasprimeras.com.do\/index.php\/category\/sin-categoria\/"},"img":{"alt_text":"El presidente Joe Biden y Donald Trump acordaron participar en dos debates electorales generales, uno en junio y otro en septiembre.","src":"https:\/\/i0.wp.com\/lasprimeras.com.do\/wp-content\/uploads\/2024\/05\/El-presidente-Joe-Biden-y-Donald-Trump-acordaron-participar-en-dos-debates-electorales-generales-uno-en-junio-y-otro-en-septiembre.jpg?resize=350%2C200&ssl=1","width":350,"height":200,"srcset":"https:\/\/i0.wp.com\/lasprimeras.com.do\/wp-content\/uploads\/2024\/05\/El-presidente-Joe-Biden-y-Donald-Trump-acordaron-participar-en-dos-debates-electorales-generales-uno-en-junio-y-otro-en-septiembre.jpg?resize=350%2C200&ssl=1 1x, https:\/\/i0.wp.com\/lasprimeras.com.do\/wp-content\/uploads\/2024\/05\/El-presidente-Joe-Biden-y-Donald-Trump-acordaron-participar-en-dos-debates-electorales-generales-uno-en-junio-y-otro-en-septiembre.jpg?resize=525%2C300&ssl=1 1.5x, https:\/\/i0.wp.com\/lasprimeras.com.do\/wp-content\/uploads\/2024\/05\/El-presidente-Joe-Biden-y-Donald-Trump-acordaron-participar-en-dos-debates-electorales-generales-uno-en-junio-y-otro-en-septiembre.jpg?resize=700%2C400&ssl=1 2x"},"classes":[]},{"id":85291,"url":"https:\/\/lasprimeras.com.do\/index.php\/2024\/06\/27\/biden-comete-varios-errores-verbales-en-debate-trump-insiste-en-falsedades-sobre-inmigracion\/","url_meta":{"origin":85331,"position":1},"title":"Biden comete varios errores verbales en debate; Trump insiste en falsedades sobre inmigraci\u00f3n","author":"Nelson Feliz","date":"27 de junio de 2024","format":false,"excerpt":"BY ZEKE MILLER, MICHELLE L. PRICE, WILL WEISSERT, BILL BARROW AND DARLENE SUPERVILLE ATLANTA (AP) \u2014 El presidente estadounidense Joe Biden dio respuestas poco claras el jueves en los primeros momentos de su debate con su rival republicano, Donald Trump, quien contrarrest\u00f3 las cr\u00edticas de Biden con energ\u00eda y a\u2026","rel":"","context":"En \u00abPORTADA\u00bb","block_context":{"text":"PORTADA","link":"https:\/\/lasprimeras.com.do\/index.php\/category\/portada\/"},"img":{"alt_text":"","src":"https:\/\/i0.wp.com\/lasprimeras.com.do\/wp-content\/uploads\/2024\/06\/Debate.jpg?resize=350%2C200&ssl=1","width":350,"height":200,"srcset":"https:\/\/i0.wp.com\/lasprimeras.com.do\/wp-content\/uploads\/2024\/06\/Debate.jpg?resize=350%2C200&ssl=1 1x, https:\/\/i0.wp.com\/lasprimeras.com.do\/wp-content\/uploads\/2024\/06\/Debate.jpg?resize=525%2C300&ssl=1 1.5x, https:\/\/i0.wp.com\/lasprimeras.com.do\/wp-content\/uploads\/2024\/06\/Debate.jpg?resize=700%2C400&ssl=1 2x"},"classes":[]},{"id":69330,"url":"https:\/\/lasprimeras.com.do\/index.php\/2023\/12\/01\/trump-recaudara-fondos-para-aparecer-en-el-debate-presidencial-de-la-proxima-semana\/","url_meta":{"origin":85331,"position":2},"title":"Trump recaudar\u00e1 fondos para aparecer en el debate presidencial de la pr\u00f3xima semana","author":"Nelson Feliz","date":"1 de diciembre de 2023","format":false,"excerpt":"POR JILL COLVIN NUEVA YORK (AP) \u2014 Mientras sus rivales de las primarias republicanas regresan al escenario del debate la pr\u00f3xima semana, el expresidente Donald Trump encabezar\u00e1 un evento de recaudaci\u00f3n de fondos a puertas cerradas en Florida. La campa\u00f1a de Trump ha estado anunciando la oportunidad de ganar entradas\u2026","rel":"","context":"En \u00abSin categor\u00eda\u00bb","block_context":{"text":"Sin categor\u00eda","link":"https:\/\/lasprimeras.com.do\/index.php\/category\/sin-categoria\/"},"img":{"alt_text":"Donald Trump","src":"https:\/\/i0.wp.com\/lasprimeras.com.do\/wp-content\/uploads\/2023\/12\/Donald-Trump.jpg?resize=350%2C200&ssl=1","width":350,"height":200,"srcset":"https:\/\/i0.wp.com\/lasprimeras.com.do\/wp-content\/uploads\/2023\/12\/Donald-Trump.jpg?resize=350%2C200&ssl=1 1x, https:\/\/i0.wp.com\/lasprimeras.com.do\/wp-content\/uploads\/2023\/12\/Donald-Trump.jpg?resize=525%2C300&ssl=1 1.5x, https:\/\/i0.wp.com\/lasprimeras.com.do\/wp-content\/uploads\/2023\/12\/Donald-Trump.jpg?resize=700%2C400&ssl=1 2x"},"classes":[]},{"id":85203,"url":"https:\/\/lasprimeras.com.do\/index.php\/2024\/06\/25\/trump-lleva-meses-tachando-a-biden-de-incompetente-ahora-cambia-de-tono-antes-del-debate\/","url_meta":{"origin":85331,"position":3},"title":"Trump lleva meses tachando a Biden de incompetente. Ahora cambia de tono antes del debate","author":"Nelson Feliz","date":"25 de junio de 2024","format":false,"excerpt":"BY JILL COLVIN NUEVA YORK (AP) \u2014 Despu\u00e9s de decir durante meses que el presidente Joe Biden era un hombre incapaz de articular dos frases, Donald Trump ha cambiado de tono d\u00edas antes de su primer debate. \u201cSupongo que ser\u00e1 alguien digno de debatir\u201d, dijo el expresidente y virtual candidato\u2026","rel":"","context":"En \u00abSin categor\u00eda\u00bb","block_context":{"text":"Sin categor\u00eda","link":"https:\/\/lasprimeras.com.do\/index.php\/category\/sin-categoria\/"},"img":{"alt_text":"","src":"https:\/\/i0.wp.com\/lasprimeras.com.do\/wp-content\/uploads\/2024\/06\/Donald-Trump-3.jpg?resize=350%2C200&ssl=1","width":350,"height":200,"srcset":"https:\/\/i0.wp.com\/lasprimeras.com.do\/wp-content\/uploads\/2024\/06\/Donald-Trump-3.jpg?resize=350%2C200&ssl=1 1x, https:\/\/i0.wp.com\/lasprimeras.com.do\/wp-content\/uploads\/2024\/06\/Donald-Trump-3.jpg?resize=525%2C300&ssl=1 1.5x, https:\/\/i0.wp.com\/lasprimeras.com.do\/wp-content\/uploads\/2024\/06\/Donald-Trump-3.jpg?resize=700%2C400&ssl=1 2x"},"classes":[]},{"id":77510,"url":"https:\/\/lasprimeras.com.do\/index.php\/2024\/02\/21\/biden-supera-a-trump-por-4-puntos-para-las-presidenciales-segun-una-nueva-encuesta\/","url_meta":{"origin":85331,"position":4},"title":"Biden supera a Trump por 4 puntos para las presidenciales, seg\u00fan una nueva encuesta","author":"Nelson Feliz","date":"21 de febrero de 2024","format":false,"excerpt":"El 67% de los votantes piensa que Biden, de 81 a\u00f1os, es demasiado mayor para cumplir otros cuatro a\u00f1os en la Casa Blanca. En cambio, el 57% piensa que Trump no es demasiado mayor, seg\u00fan una encuesta de la Universidad Quinnipiac. Por Ra\u00fal Castillo El presidente Joe Biden supera al\u2026","rel":"","context":"En \u00abSin categor\u00eda\u00bb","block_context":{"text":"Sin categor\u00eda","link":"https:\/\/lasprimeras.com.do\/index.php\/category\/sin-categoria\/"},"img":{"alt_text":"Joe Biden y Donald Trump","src":"https:\/\/i0.wp.com\/lasprimeras.com.do\/wp-content\/uploads\/2024\/02\/Joe-Biden-y-Donald-Trump.jpg?resize=350%2C200&ssl=1","width":350,"height":200,"srcset":"https:\/\/i0.wp.com\/lasprimeras.com.do\/wp-content\/uploads\/2024\/02\/Joe-Biden-y-Donald-Trump.jpg?resize=350%2C200&ssl=1 1x, https:\/\/i0.wp.com\/lasprimeras.com.do\/wp-content\/uploads\/2024\/02\/Joe-Biden-y-Donald-Trump.jpg?resize=525%2C300&ssl=1 1.5x, https:\/\/i0.wp.com\/lasprimeras.com.do\/wp-content\/uploads\/2024\/02\/Joe-Biden-y-Donald-Trump.jpg?resize=700%2C400&ssl=1 2x"},"classes":[]},{"id":61635,"url":"https:\/\/lasprimeras.com.do\/index.php\/2023\/09\/29\/las-estrellas-democratas-en-ascenso-se-unen-en-torno-a-la-reeleccion-de-biden\/","url_meta":{"origin":85331,"position":5},"title":"Las estrellas dem\u00f3cratas en ascenso se unen en torno a la reelecci\u00f3n de Biden","author":"Nelson Feliz","date":"29 de septiembre de 2023","format":false,"excerpt":".Tambi\u00e9n est\u00e1n considerando sus propias ofertas para 2028. POR STEVE PUEBLOS Y WILL WEISSERT WASHINGTON (AP) \u2014 El gobernador dem\u00f3crata de Pensilvania, Josh Shapiro , se dirigir\u00e1 a los votantes de las primarias presidenciales en New Hampshire el s\u00e1bado. La gobernadora de Michigan, Gretchen Whitmer , est\u00e1 trabajando para fortalecer\u2026","rel":"","context":"En \u00abSin categor\u00eda\u00bb","block_context":{"text":"Sin categor\u00eda","link":"https:\/\/lasprimeras.com.do\/index.php\/category\/sin-categoria\/"},"img":{"alt_text":"Joe Biden","src":"https:\/\/i0.wp.com\/lasprimeras.com.do\/wp-content\/uploads\/2023\/09\/Joe-Biden-2.jpg?resize=350%2C200&ssl=1","width":350,"height":200,"srcset":"https:\/\/i0.wp.com\/lasprimeras.com.do\/wp-content\/uploads\/2023\/09\/Joe-Biden-2.jpg?resize=350%2C200&ssl=1 1x, https:\/\/i0.wp.com\/lasprimeras.com.do\/wp-content\/uploads\/2023\/09\/Joe-Biden-2.jpg?resize=525%2C300&ssl=1 1.5x, https:\/\/i0.wp.com\/lasprimeras.com.do\/wp-content\/uploads\/2023\/09\/Joe-Biden-2.jpg?resize=700%2C400&ssl=1 2x"},"classes":[]}],"jetpack_sharing_enabled":true,"_links":{"self":[{"href":"https:\/\/lasprimeras.com.do\/index.php\/wp-json\/wp\/v2\/posts\/85331","targetHints":{"allow":["GET"]}}],"collection":[{"href":"https:\/\/lasprimeras.com.do\/index.php\/wp-json\/wp\/v2\/posts"}],"about":[{"href":"https:\/\/lasprimeras.com.do\/index.php\/wp-json\/wp\/v2\/types\/post"}],"author":[{"embeddable":true,"href":"https:\/\/lasprimeras.com.do\/index.php\/wp-json\/wp\/v2\/users\/2"}],"replies":[{"embeddable":true,"href":"https:\/\/lasprimeras.com.do\/index.php\/wp-json\/wp\/v2\/comments?post=85331"}],"version-history":[{"count":1,"href":"https:\/\/lasprimeras.com.do\/index.php\/wp-json\/wp\/v2\/posts\/85331\/revisions"}],"predecessor-version":[{"id":85332,"href":"https:\/\/lasprimeras.com.do\/index.php\/wp-json\/wp\/v2\/posts\/85331\/revisions\/85332"}],"wp:featuredmedia":[{"embeddable":true,"href":"https:\/\/lasprimeras.com.do\/index.php\/wp-json\/wp\/v2\/media\/85292"}],"wp:attachment":[{"href":"https:\/\/lasprimeras.com.do\/index.php\/wp-json\/wp\/v2\/media?parent=85331"}],"wp:term":[{"taxonomy":"category","embeddable":true,"href":"https:\/\/lasprimeras.com.do\/index.php\/wp-json\/wp\/v2\/categories?post=85331"},{"taxonomy":"post_tag","embeddable":true,"href":"https:\/\/lasprimeras.com.do\/index.php\/wp-json\/wp\/v2\/tags?post=85331"}],"curies":[{"name":"wp","href":"https:\/\/api.w.org\/{rel}","templated":true}]}}