{"id":85380,"date":"2024-06-28T22:50:19","date_gmt":"2024-06-29T02:50:19","guid":{"rendered":"https:\/\/lasprimeras.com.do\/?p=85380"},"modified":"2024-06-28T22:50:21","modified_gmt":"2024-06-29T02:50:21","slug":"acuerdos-del-ministerio-publico-con-imputados-deben-ser-homologados-por-el-tribunal","status":"publish","type":"post","link":"https:\/\/lasprimeras.com.do\/index.php\/2024\/06\/28\/acuerdos-del-ministerio-publico-con-imputados-deben-ser-homologados-por-el-tribunal\/","title":{"rendered":"Acuerdos del Ministerio P\u00fablico con imputados deben ser homologados por el tribunal"},"content":{"rendered":"\n<p class=\"wp-block-paragraph\">El Ministerio P\u00fablico ha arribado decenas de acuerdos con los imputados en corrupci\u00f3n para lograr confesiones de culpabilidad, devoluci\u00f3n de dinero sustra\u00eddo al erario y colaboraci\u00f3n en su proceso investigativo, ha desatado controversias en la palestra p\u00fablica.<\/p>\n\n\n\n<p class=\"wp-block-paragraph\">En un almuerzo que ofreci\u00f3 la procuradora general Miriam Germ\u00e1n Brito a directivos de medios de comunicaci\u00f3n, se explic\u00f3 la utilidad de este procedimiento.<\/p>\n\n\n\n<p class=\"wp-block-paragraph\">La coordinadora de Litigaci\u00f3n de la Procuradur\u00eda Especializada de la Persecuci\u00f3n a la Corrupci\u00f3n Administrativa (Pepca), Mirna Ortiz, tom\u00f3 la palabra para defender el cuestionado procedimiento.<\/p>\n\n\n\n<p class=\"wp-block-paragraph\">Lo primero que aclar\u00f3 fue que los \u00b4\u00b4acuerdos no son ilegales, son leg\u00edtimos, y que este procedimiento no se lo invent\u00f3 la Rep\u00fablica Dominicana, al citar ejemplos de pa\u00edses como Estados Unidos que realiza estos pactos con imputados en alguna acci\u00f3n criminal en busca de someter y que sea condenado un &#8216;culpable mayor'&#8221;.<\/p>\n\n\n\n<p class=\"wp-block-paragraph\">Ortiz, indic\u00f3 que con estos acuerdos no supone una absoluci\u00f3n de los cargos.<\/p>\n\n\n\n<p class=\"wp-block-paragraph\">De hecho, asegur\u00f3 que todos ser\u00e1n condenados, as\u00ed como sucedi\u00f3 con Francisco Pagan, exdirector de la Oficina de Ingenieros Supervisores de Obras del Estado (Oisoe), quien tras firmar un acuerdo con el Ministerio P\u00fablico devolvi\u00f3 bienes y 10 millones de pesos al Estado y fue sentenciado a cinco a\u00f1os de prisi\u00f3n (de los cuales cumple un a\u00f1o y once meses en modalidad de arresto domiciliario y el resto del tiempo se le rest\u00f3 de la medida de coerci\u00f3n que pesaba contra \u00e9l).<\/p>\n\n\n\n<p class=\"wp-block-paragraph\">Cit\u00f3: \u00b4&#8221;En el caso Medusa hay m\u00e1s de 25 acuerdos con personas que fueron sometidos a la justicia, muchas de esas personas admitieron su responsabilidad y aceptaron la pena, van a salir condenados con penas adem\u00e1s de la devoluci\u00f3n del dinero&#8221;.<\/p>\n\n\n\n<p class=\"wp-block-paragraph\">Imputados deben admitir culpabilidad y colaborar eficazmente<\/p>\n\n\n\n<p class=\"wp-block-paragraph\">Para que estos acuerdos puedan proceder deben ser homologados por el Juzgado de Instrucci\u00f3n del Distrito Nacional, tal como dicta el C\u00f3digo Procesal Penal en su art\u00edculo 370.6 y se deben dar una serie de circunstancias para su aprobaci\u00f3n.<\/p>\n\n\n\n<p class=\"wp-block-paragraph\">&#8220;No se llega a un procedimiento de estos sin que el imputado admita los hechos, porque estamos hablando del criterio de oportunidad del art\u00edculo 370, que se basa en, primero, que el imputado es parte de una organizaci\u00f3n criminal, que tiene que reconocer que es una persona que ha violado la ley.<\/p>\n\n\n\n<p class=\"wp-block-paragraph\">Segundo, que al ser parte de esa organizaci\u00f3n criminal cuenta con informaci\u00f3n necesaria para permitir que el Ministerio Publico avanzar en la investigaci\u00f3n y ofrecer pruebas que puesta establecer en la investigaci\u00f3n y, tercero, esa colaboraci\u00f3n tiene que ser eficaz, no simplemente es la palabra de ellos, esa palabra tiene que venir acompa\u00f1ado de elementos que permitan corroborar que es cierto&#8221;, aclar\u00f3 la fiscal.<\/p>\n\n\n\n<p class=\"wp-block-paragraph\">La fiscal Ortiz deplor\u00f3 que por las &#8220;t\u00e1cticas dilatorias&#8221; de otras defensas de imputados en el caso Medusa, el organismo persecutor no ha presentado los acuerdos en caso Medusa ante el juez Amauri Mart\u00ednez.<\/p>\n","protected":false},"excerpt":{"rendered":"<p>El Ministerio P\u00fablico ha arribado decenas de acuerdos con los imputados en corrupci\u00f3n para lograr confesiones de culpabilidad, devoluci\u00f3n de dinero sustra\u00eddo al erario y colaboraci\u00f3n en su proceso investigativo,&hellip;<\/p>\n","protected":false},"author":2,"featured_media":85381,"comment_status":"open","ping_status":"open","sticky":false,"template":"","format":"standard","meta":{"content-type":"","_jetpack_newsletter_access":"","_jetpack_dont_email_post_to_subs":false,"_jetpack_newsletter_tier_id":0,"_jetpack_memberships_contains_paywalled_content":false,"_jetpack_feature_clip_id":0,"_jetpack_memberships_contains_paid_content":false,"footnotes":"","jetpack_post_was_ever_published":false},"categories":[289],"tags":[3658,13861,5750,290,1757],"class_list":["post-85380","post","type-post","status-publish","format-standard","has-post-thumbnail","hentry","category-justicia","tag-acuerdos","tag-homologados","tag-imputados","tag-ministerio-publico","tag-tribunal"],"jetpack-related-posts":[{"id":58529,"url":"https:\/\/lasprimeras.com.do\/index.php\/2023\/08\/24\/jean-alain-existe-privilegio-a-favor-de-imputados-de-casos-de-corrupcion\/","url_meta":{"origin":85380,"position":0},"title":"Jean Alain: &#8220;Existe privilegio a favor de imputados de casos de corrupci\u00f3n&#8221;","author":"Nelson Feliz","date":"24 de agosto de 2023","format":false,"excerpt":"Tras el permiso otorgado por la Corte de Apelaci\u00f3n del Distrito Nacional al imputado Jean Alain Rodr\u00edguez para que trabaje dos d\u00edas a la semana, mientras guarda medida de coerci\u00f3n de prisi\u00f3n domiciliaria, el Ministerio P\u00fablico consider\u00f3 que \"existe privilegio a favor de imputados de los grandes procesos\". La Segunda\u2026","rel":"","context":"En \u00abJUSTICIA\u00bb","block_context":{"text":"JUSTICIA","link":"https:\/\/lasprimeras.com.do\/index.php\/category\/justicia\/"},"img":{"alt_text":"Mirna Ortiz, coordinadora de Litigaci\u00f3n de la Procuradur\u00eda.","src":"https:\/\/i0.wp.com\/lasprimeras.com.do\/wp-content\/uploads\/2023\/08\/Mirna-Ortiz.jpg?resize=350%2C200&ssl=1","width":350,"height":200,"srcset":"https:\/\/i0.wp.com\/lasprimeras.com.do\/wp-content\/uploads\/2023\/08\/Mirna-Ortiz.jpg?resize=350%2C200&ssl=1 1x, https:\/\/i0.wp.com\/lasprimeras.com.do\/wp-content\/uploads\/2023\/08\/Mirna-Ortiz.jpg?resize=525%2C300&ssl=1 1.5x, https:\/\/i0.wp.com\/lasprimeras.com.do\/wp-content\/uploads\/2023\/08\/Mirna-Ortiz.jpg?resize=700%2C400&ssl=1 2x"},"classes":[]},{"id":117697,"url":"https:\/\/lasprimeras.com.do\/index.php\/2025\/12\/14\/ningun-medico-forense-ha-acreditado-condicion-de-salud-que-ahora-alega-santiago-hazim\/","url_meta":{"origin":85380,"position":1},"title":"Ning\u00fan m\u00e9dico forense ha acreditado condici\u00f3n de salud que ahora alega Santiago Hazim","author":"Nelson Feliz","date":"14 de diciembre de 2025","format":false,"excerpt":"Santiago Hazim","rel":"","context":"En \u00abJUSTICIA\u00bb","block_context":{"text":"JUSTICIA","link":"https:\/\/lasprimeras.com.do\/index.php\/category\/justicia\/"},"img":{"alt_text":"Santiago Hazim","src":"https:\/\/i0.wp.com\/lasprimeras.com.do\/wp-content\/uploads\/2025\/12\/santiago-hazim-1.jpg?resize=350%2C200&ssl=1","width":350,"height":200,"srcset":"https:\/\/i0.wp.com\/lasprimeras.com.do\/wp-content\/uploads\/2025\/12\/santiago-hazim-1.jpg?resize=350%2C200&ssl=1 1x, https:\/\/i0.wp.com\/lasprimeras.com.do\/wp-content\/uploads\/2025\/12\/santiago-hazim-1.jpg?resize=525%2C300&ssl=1 1.5x, https:\/\/i0.wp.com\/lasprimeras.com.do\/wp-content\/uploads\/2025\/12\/santiago-hazim-1.jpg?resize=700%2C400&ssl=1 2x"},"classes":[]},{"id":117851,"url":"https:\/\/lasprimeras.com.do\/index.php\/2025\/12\/16\/procuradora-mp-no-tiene-acuerdos-con-imputados-de-operacion-cobra\/","url_meta":{"origin":85380,"position":2},"title":"&#8220;Procuradora: MP no tiene acuerdos con imputados de Operaci\u00f3n Cobra&#8221;","author":"Nelson Feliz","date":"16 de diciembre de 2025","format":false,"excerpt":"Yeni Berenice Reynoso asegura que los fiscales buscar\u00e1n en los tribunales las penas que corresponden a los hechos graves cometidos en el SeNaSa por Santiago Hazim y los dem\u00e1s judicializados La procuradora general de la Rep\u00fablica, Yeni Berenice Reynoso, reiter\u00f3 este martes, de manera enf\u00e1tica, que el Ministerio P\u00fablico no\u2026","rel":"","context":"En \u00abJUSTICIA\u00bb","block_context":{"text":"JUSTICIA","link":"https:\/\/lasprimeras.com.do\/index.php\/category\/justicia\/"},"img":{"alt_text":"Yeni Berenice Reynoso","src":"https:\/\/i0.wp.com\/lasprimeras.com.do\/wp-content\/uploads\/2025\/12\/Yeni-Berenice-Reynoso.jpg?resize=350%2C200&ssl=1","width":350,"height":200,"srcset":"https:\/\/i0.wp.com\/lasprimeras.com.do\/wp-content\/uploads\/2025\/12\/Yeni-Berenice-Reynoso.jpg?resize=350%2C200&ssl=1 1x, https:\/\/i0.wp.com\/lasprimeras.com.do\/wp-content\/uploads\/2025\/12\/Yeni-Berenice-Reynoso.jpg?resize=525%2C300&ssl=1 1.5x, https:\/\/i0.wp.com\/lasprimeras.com.do\/wp-content\/uploads\/2025\/12\/Yeni-Berenice-Reynoso.jpg?resize=700%2C400&ssl=1 2x"},"classes":[]},{"id":88198,"url":"https:\/\/lasprimeras.com.do\/index.php\/2024\/08\/23\/juristas-defienden-legitimidad-y-beneficios-de-acuerdos-firmados-por-el-mp-con-imputados\/","url_meta":{"origin":85380,"position":3},"title":"Juristas defienden legitimidad y beneficios de acuerdos firmados por el MP con imputados","author":"Nelson Feliz","date":"23 de agosto de 2024","format":false,"excerpt":"Los reputados abogados Manuela Ram\u00edrez y Carlos Moreno respaldaron la legitimidad y los m\u00faltiples beneficios que generan los acuerdos suscritos por el Ministerio P\u00fablico con imputados en casos judiciales de alto perfil, destacando su importancia para el sistema de justicia penal en la Rep\u00fablica Dominicana.Ram\u00edrez, quien ha participado en la\u2026","rel":"","context":"En \u00abNACIONALES\u00bb","block_context":{"text":"NACIONALES","link":"https:\/\/lasprimeras.com.do\/index.php\/category\/nacionales\/"},"img":{"alt_text":"Manuela Ram\u00edrez y Carlos Moreno","src":"https:\/\/i0.wp.com\/lasprimeras.com.do\/wp-content\/uploads\/2024\/08\/Manuela-Ramirez-y-Carlos-Moreno.jpg?resize=350%2C200&ssl=1","width":350,"height":200,"srcset":"https:\/\/i0.wp.com\/lasprimeras.com.do\/wp-content\/uploads\/2024\/08\/Manuela-Ramirez-y-Carlos-Moreno.jpg?resize=350%2C200&ssl=1 1x, https:\/\/i0.wp.com\/lasprimeras.com.do\/wp-content\/uploads\/2024\/08\/Manuela-Ramirez-y-Carlos-Moreno.jpg?resize=525%2C300&ssl=1 1.5x, https:\/\/i0.wp.com\/lasprimeras.com.do\/wp-content\/uploads\/2024\/08\/Manuela-Ramirez-y-Carlos-Moreno.jpg?resize=700%2C400&ssl=1 2x"},"classes":[]},{"id":108294,"url":"https:\/\/lasprimeras.com.do\/index.php\/2025\/09\/04\/maxy-montilla-testificara-contra-imputados-en-estafa-a-las-ede-como-parte-del-acuerdo-con-el-mp\/","url_meta":{"origin":85380,"position":4},"title":"Maxy Montilla testificar\u00e1 contra imputados en estafa a las EDE, como parte del acuerdo con el MP","author":"Nelson Feliz","date":"4 de septiembre de 2025","format":false,"excerpt":"Su delaci\u00f3n fue \"punto de partida\" para el acuerdo al que arrib\u00f3 con el Ministerio P\u00fablico y en el que no se le perseguir\u00e1 penalmente. El criterio de oportunidad que se le aprob\u00f3 a Maxy Gerardo Montilla Sierra, cu\u00f1ado del expresidente Danilo Medina, compromete al acusado a \"testificar\" contra los\u2026","rel":"","context":"En \u00abJUSTICIA\u00bb","block_context":{"text":"JUSTICIA","link":"https:\/\/lasprimeras.com.do\/index.php\/category\/justicia\/"},"img":{"alt_text":"","src":"https:\/\/i0.wp.com\/lasprimeras.com.do\/wp-content\/uploads\/2025\/09\/Maxy-Gerardo-Montilla.png?resize=350%2C200&ssl=1","width":350,"height":200},"classes":[]},{"id":65229,"url":"https:\/\/lasprimeras.com.do\/index.php\/2023\/10\/26\/pld-denuncia-violaciones-a-los-derechos-del-exministro-peralta\/","url_meta":{"origin":85380,"position":5},"title":"PLD denuncia violaciones a los derechos del exministro Peralta","author":"BIMARY DE JES\u00daS Matos","date":"26 de octubre de 2023","format":false,"excerpt":"Santo Domingo -El Partido de la Liberaci\u00f3n Dominicana (PLD) denunci\u00f3 este mi\u00e9rcoles que hay \u00abgroseras e ilegales violaciones\u00bb de garant\u00edas y derechos fundamentales en perjuicio del exministro administrativo de la Presidencia Jos\u00e9 Ram\u00f3n Peralta en prisi\u00f3n preventiva desde abril pasado por supuesta corrupci\u00f3n administrativa. El PLD se pronunci\u00f3 al respecto\u2026","rel":"","context":"En \u00abSin categor\u00eda\u00bb","block_context":{"text":"Sin categor\u00eda","link":"https:\/\/lasprimeras.com.do\/index.php\/category\/sin-categoria\/"},"img":{"alt_text":"","src":"","width":0,"height":0},"classes":[]}],"jetpack_sharing_enabled":true,"jetpack_featured_media_url":"https:\/\/lasprimeras.com.do\/wp-content\/uploads\/2024\/06\/Mirna-Ortiz.jpg","_links":{"self":[{"href":"https:\/\/lasprimeras.com.do\/index.php\/wp-json\/wp\/v2\/posts\/85380","targetHints":{"allow":["GET"]}}],"collection":[{"href":"https:\/\/lasprimeras.com.do\/index.php\/wp-json\/wp\/v2\/posts"}],"about":[{"href":"https:\/\/lasprimeras.com.do\/index.php\/wp-json\/wp\/v2\/types\/post"}],"author":[{"embeddable":true,"href":"https:\/\/lasprimeras.com.do\/index.php\/wp-json\/wp\/v2\/users\/2"}],"replies":[{"embeddable":true,"href":"https:\/\/lasprimeras.com.do\/index.php\/wp-json\/wp\/v2\/comments?post=85380"}],"version-history":[{"count":1,"href":"https:\/\/lasprimeras.com.do\/index.php\/wp-json\/wp\/v2\/posts\/85380\/revisions"}],"predecessor-version":[{"id":85382,"href":"https:\/\/lasprimeras.com.do\/index.php\/wp-json\/wp\/v2\/posts\/85380\/revisions\/85382"}],"wp:featuredmedia":[{"embeddable":true,"href":"https:\/\/lasprimeras.com.do\/index.php\/wp-json\/wp\/v2\/media\/85381"}],"wp:attachment":[{"href":"https:\/\/lasprimeras.com.do\/index.php\/wp-json\/wp\/v2\/media?parent=85380"}],"wp:term":[{"taxonomy":"category","embeddable":true,"href":"https:\/\/lasprimeras.com.do\/index.php\/wp-json\/wp\/v2\/categories?post=85380"},{"taxonomy":"post_tag","embeddable":true,"href":"https:\/\/lasprimeras.com.do\/index.php\/wp-json\/wp\/v2\/tags?post=85380"}],"curies":[{"name":"wp","href":"https:\/\/api.w.org\/{rel}","templated":true}]}}