{"id":85394,"date":"2024-06-29T00:21:50","date_gmt":"2024-06-29T04:21:50","guid":{"rendered":"https:\/\/lasprimeras.com.do\/?p=85394"},"modified":"2024-06-29T00:21:51","modified_gmt":"2024-06-29T04:21:51","slug":"abinader-viajara-este-domingo-a-panama-para-la-toma-de-posesion-de-jose-raul-mulino","status":"publish","type":"post","link":"https:\/\/lasprimeras.com.do\/index.php\/2024\/06\/29\/abinader-viajara-este-domingo-a-panama-para-la-toma-de-posesion-de-jose-raul-mulino\/","title":{"rendered":"Abinader viajar\u00e1 este domingo a Panam\u00e1 para la toma de posesi\u00f3n de Jos\u00e9 Ra\u00fal Mulino"},"content":{"rendered":"\n<p><strong>Previo a la toma de posesi\u00f3n, <\/strong><strong>el mandatario dominicano sostendr\u00e1 reuni\u00f3n bilateral con su hom\u00f3logo paname\u00f1o.<\/strong><\/p>\n\n\n\n<p>El presidente Luis Abinader viajar\u00e1 este domingo a la ciudad de Panam\u00e1 para asistir al acto de toma de posesi\u00f3n del presidente electo, Jos\u00e9 Ra\u00fal Mulino Quintero.<\/p>\n\n\n\n<p>El jefe de Estado viaja acompa\u00f1ado de una reducida comitiva integrada por la primera dama Raquel Arbaje; el ministro de Relaciones Exteriores, Roberto \u00c1lvarez; el embajador y director de Ceremonial de Estado y Protocolo, Francisco Cantizano; el jefe del Cuerpo de Seguridad Presidencial, mayor general Jimmy Arias; el encargado de la Secretar\u00eda General del Gabinete del presidente, Eilyn Beltr\u00e1n; su asistente Lourdes Herrera, y el director de Prensa del Presidente, Daniel Garc\u00eda Archibald.<\/p>\n\n\n\n<p>En horas de la noche el gobernante asistir\u00e1 a la Cena de Estado ofrecida por el presidente de la Rep\u00fablica de Panam\u00e1, Laurentino Cortizo Cohen, en honor a los Jefes de Estado y\/o de Gobierno y Representantes de Casas Reinantes, en el Palacio de las Garzas, Sal\u00f3n Los Tamarindos.<\/p>\n\n\n\n<p>En horas de la ma\u00f1ana del lunes, Abinader sostendr\u00e1 una reuni\u00f3n bilateral con el presidente electo de Panam\u00e1, Jos\u00e9 Ra\u00fal Mulino Quintero.<\/p>\n\n\n\n<p>Luego los Jefes de Estado y\/o de Gobierno, Representantes de Casas Reinantes y sus c\u00f3nyuges se trasladar\u00e1n al Sal\u00f3n San Lorenzo, Centro de Convenciones.&nbsp;&nbsp;&nbsp;&nbsp;&nbsp;&nbsp;&nbsp;&nbsp;&nbsp;&nbsp;&nbsp;&nbsp;&nbsp;<\/p>\n\n\n\n<p>A las 12:30 de la tarde, el jefe de Estado participar\u00e1 en el inicio de la Sesi\u00f3n Solemne de Toma de Posesi\u00f3n Presidencial.<\/p>\n\n\n\n<p>Concluida su agenda del lunes, el presidente Abinader y su comitiva salen de regreso al pa\u00eds.<\/p>\n","protected":false},"excerpt":{"rendered":"<p>Previo a la toma de posesi\u00f3n, el mandatario dominicano sostendr\u00e1 reuni\u00f3n bilateral con su hom\u00f3logo paname\u00f1o. El presidente Luis Abinader viajar\u00e1 este domingo a la ciudad de Panam\u00e1 para asistir&hellip;<\/p>\n","protected":false},"author":2,"featured_media":85395,"comment_status":"open","ping_status":"open","sticky":false,"template":"","format":"standard","meta":{"content-type":"","jetpack_post_was_ever_published":false,"_jetpack_newsletter_access":"","_jetpack_dont_email_post_to_subs":false,"_jetpack_newsletter_tier_id":0,"_jetpack_memberships_contains_paywalled_content":false,"_jetpack_memberships_contains_paid_content":false,"footnotes":""},"categories":[35,25],"tags":[2498,12809,67,2451,10143,7385,9060],"class_list":["post-85394","post","type-post","status-publish","format-standard","has-post-thumbnail","hentry","category-nacionales","category-portada","tag-este-domingo","tag-jose-raul-mulino","tag-luis-abinader","tag-panama","tag-posesion","tag-toma","tag-viajara"],"jetpack_featured_media_url":"https:\/\/lasprimeras.com.do\/wp-content\/uploads\/2024\/06\/Luis-Abinader-11.jpg","jetpack-related-posts":[{"id":85440,"url":"https:\/\/lasprimeras.com.do\/index.php\/2024\/06\/30\/abinader-sale-hacia-panama-para-la-toma-de-posesion-del-mandatario-electo-jose-raul-mulino\/","url_meta":{"origin":85394,"position":0},"title":"Abinader sale hacia Panam\u00e1 para la toma de posesi\u00f3n del mandatario electo, Jos\u00e9 Ra\u00fal Mulino","author":"Nelson Feliz","date":"30 de junio de 2024","format":false,"excerpt":"El presidente Luis Abinader sali\u00f3 a las 2:35 de la tarde de este domingo a la ciudad de Panam\u00e1, para asistir al acto de toma de posesi\u00f3n del presidente electo, Jos\u00e9 Ra\u00fal Mulino Quintero. El mandatario parti\u00f3 de la terminal de la Base A\u00e9rea de San Isidro, donde fue despedido\u2026","rel":"","context":"En \u00abNACIONALES\u00bb","block_context":{"text":"NACIONALES","link":"https:\/\/lasprimeras.com.do\/index.php\/category\/nacionales\/"},"img":{"alt_text":"Luis Abinader","src":"https:\/\/i0.wp.com\/lasprimeras.com.do\/wp-content\/uploads\/2024\/06\/Luis-Abinader-12.jpg?resize=350%2C200&ssl=1","width":350,"height":200,"srcset":"https:\/\/i0.wp.com\/lasprimeras.com.do\/wp-content\/uploads\/2024\/06\/Luis-Abinader-12.jpg?resize=350%2C200&ssl=1 1x, https:\/\/i0.wp.com\/lasprimeras.com.do\/wp-content\/uploads\/2024\/06\/Luis-Abinader-12.jpg?resize=525%2C300&ssl=1 1.5x, https:\/\/i0.wp.com\/lasprimeras.com.do\/wp-content\/uploads\/2024\/06\/Luis-Abinader-12.jpg?resize=700%2C400&ssl=1 2x"},"classes":[]},{"id":82610,"url":"https:\/\/lasprimeras.com.do\/index.php\/2024\/05\/06\/jose-raul-mulino-gana-las-elecciones-presidenciales-de-panama\/","url_meta":{"origin":85394,"position":1},"title":"Jos\u00e9 Ra\u00fal Mulino gana las elecciones presidenciales de Panam\u00e1","author":"Esteffany Vargas","date":"6 de mayo de 2024","format":false,"excerpt":"POR JUAN ZAMORANO Y MEGAN JANETSKY CIUDAD DE PANAM\u00c1 (AP) \u2014 Jos\u00e9 Ra\u00fal Mulino, el sustituto del ex presidente Ricardo Martinelli en las elecciones presidenciales de Panam\u00e1, estaba listo para convertirse en el nuevo l\u00edder de la naci\u00f3n centroamericana cuando las autoridades convocaron extraoficialmente la carrera el domingo por la\u2026","rel":"","context":"En \u00abPORTADA\u00bb","block_context":{"text":"PORTADA","link":"https:\/\/lasprimeras.com.do\/index.php\/category\/portada\/"},"img":{"alt_text":"Jos\u00e9 Ra\u00fal Mulino","src":"https:\/\/i0.wp.com\/lasprimeras.com.do\/wp-content\/uploads\/2024\/05\/Jose-Raul-Mulino-1.jpg?resize=350%2C200&ssl=1","width":350,"height":200,"srcset":"https:\/\/i0.wp.com\/lasprimeras.com.do\/wp-content\/uploads\/2024\/05\/Jose-Raul-Mulino-1.jpg?resize=350%2C200&ssl=1 1x, https:\/\/i0.wp.com\/lasprimeras.com.do\/wp-content\/uploads\/2024\/05\/Jose-Raul-Mulino-1.jpg?resize=525%2C300&ssl=1 1.5x, https:\/\/i0.wp.com\/lasprimeras.com.do\/wp-content\/uploads\/2024\/05\/Jose-Raul-Mulino-1.jpg?resize=700%2C400&ssl=1 2x"},"classes":[]},{"id":86662,"url":"https:\/\/lasprimeras.com.do\/index.php\/2024\/07\/29\/panama-pone-en-suspenso-relaciones-diplomaticas-con-venezuela-tras-victoria-de-maduro\/","url_meta":{"origin":85394,"position":2},"title":"Panam\u00e1 pone \u2018en suspenso\u2019 relaciones diplom\u00e1ticas con Venezuela tras victoria de Maduro","author":"Nelson Feliz","date":"29 de julio de 2024","format":false,"excerpt":"El presidente exigi\u00f3 en su pedido de realizar una reuni\u00f3n de urgencia con los miembros de las Organizaci\u00f3n de Estados Americanos (OEA). CIUDAD DE PANAM\u00c1 \/ El presidente de Panam\u00e1, Jos\u00e9 Ra\u00fal Mulino, anunci\u00f3 este lunes el retiro de sus diplom\u00e1ticos en Venezuela y puso \u00aben suspenso\u00bb las relaciones con\u2026","rel":"","context":"En \u00abSin categor\u00eda\u00bb","block_context":{"text":"Sin categor\u00eda","link":"https:\/\/lasprimeras.com.do\/index.php\/category\/sin-categoria\/"},"img":{"alt_text":"Jos\u00e9 Ra\u00fal Mulino","src":"https:\/\/i0.wp.com\/lasprimeras.com.do\/wp-content\/uploads\/2024\/07\/Jose-Raul-Mulino.jpg?resize=350%2C200&ssl=1","width":350,"height":200,"srcset":"https:\/\/i0.wp.com\/lasprimeras.com.do\/wp-content\/uploads\/2024\/07\/Jose-Raul-Mulino.jpg?resize=350%2C200&ssl=1 1x, https:\/\/i0.wp.com\/lasprimeras.com.do\/wp-content\/uploads\/2024\/07\/Jose-Raul-Mulino.jpg?resize=525%2C300&ssl=1 1.5x, https:\/\/i0.wp.com\/lasprimeras.com.do\/wp-content\/uploads\/2024\/07\/Jose-Raul-Mulino.jpg?resize=700%2C400&ssl=1 2x"},"classes":[]},{"id":94342,"url":"https:\/\/lasprimeras.com.do\/index.php\/2025\/02\/27\/abinader-viajara-este-viernes-a-uruguay-para-asistir-a-la-toma-de-posesion-de-yamandu-orsi\/","url_meta":{"origin":85394,"position":3},"title":"Abinader viajar\u00e1 este viernes a Uruguay para asistir a la toma de posesi\u00f3n de Yamand\u00fa Orsi","author":"Nelson Feliz","date":"27 de febrero de 2025","format":false,"excerpt":"El presidente Luis Abinader viajar\u00e1 ma\u00f1ana viernes a Montevideo, Rep\u00fablica Oriental del Uruguay, para asistir a la toma de posesi\u00f3n del nuevo gobernante de esa naci\u00f3n, Yamand\u00fa Orsi. El jefe de estado dominicano tiene previsto salir en la primeras horas de la ma\u00f1ana y arribara a Montevideo alrededor de las\u2026","rel":"","context":"En \u00abNACIONALES\u00bb","block_context":{"text":"NACIONALES","link":"https:\/\/lasprimeras.com.do\/index.php\/category\/nacionales\/"},"img":{"alt_text":"Luis Abinader","src":"https:\/\/i0.wp.com\/lasprimeras.com.do\/wp-content\/uploads\/2023\/07\/Luis-Abinader-viaja.jpg?resize=350%2C200&ssl=1","width":350,"height":200,"srcset":"https:\/\/i0.wp.com\/lasprimeras.com.do\/wp-content\/uploads\/2023\/07\/Luis-Abinader-viaja.jpg?resize=350%2C200&ssl=1 1x, https:\/\/i0.wp.com\/lasprimeras.com.do\/wp-content\/uploads\/2023\/07\/Luis-Abinader-viaja.jpg?resize=525%2C300&ssl=1 1.5x, https:\/\/i0.wp.com\/lasprimeras.com.do\/wp-content\/uploads\/2023\/07\/Luis-Abinader-viaja.jpg?resize=700%2C400&ssl=1 2x"},"classes":[]},{"id":92273,"url":"https:\/\/lasprimeras.com.do\/index.php\/2025\/01\/01\/abinader-viaja-este-jueves-a-toma-posesion-gobernadora-de-puerto-rico\/","url_meta":{"origin":85394,"position":4},"title":"Abinader viaja este jueves a toma posesi\u00f3n gobernadora de Puerto Rico","author":"Nelson Feliz","date":"1 de enero de 2025","format":false,"excerpt":"Regresar\u00e1 al pa\u00eds en horas de la tarde. El presidente Luis Abinader viaja este jueves a San Juan, Puerto Rico, para asistir a la toma de posesi\u00f3n de la nueva gobernadora, Jenniffer A. Gonz\u00e1lez Col\u00f3n. El mandatario dominicano tiene previsto salir a primera hora de la ma\u00f1ana para llegar antes\u2026","rel":"","context":"En \u00abNACIONALES\u00bb","block_context":{"text":"NACIONALES","link":"https:\/\/lasprimeras.com.do\/index.php\/category\/nacionales\/"},"img":{"alt_text":"Luis Abinader","src":"https:\/\/i0.wp.com\/lasprimeras.com.do\/wp-content\/uploads\/2025\/01\/Luis-Abinader.jpg?resize=350%2C200&ssl=1","width":350,"height":200,"srcset":"https:\/\/i0.wp.com\/lasprimeras.com.do\/wp-content\/uploads\/2025\/01\/Luis-Abinader.jpg?resize=350%2C200&ssl=1 1x, https:\/\/i0.wp.com\/lasprimeras.com.do\/wp-content\/uploads\/2025\/01\/Luis-Abinader.jpg?resize=525%2C300&ssl=1 1.5x, https:\/\/i0.wp.com\/lasprimeras.com.do\/wp-content\/uploads\/2025\/01\/Luis-Abinader.jpg?resize=700%2C400&ssl=1 2x"},"classes":[]},{"id":82537,"url":"https:\/\/lasprimeras.com.do\/index.php\/2024\/05\/05\/rechazan-impugnacion-de-candidatura-del-favorito-presidencial-de-panama\/","url_meta":{"origin":85394,"position":5},"title":"Rechazan impugnaci\u00f3n de candidatura del favorito presidencial de Panam\u00e1","author":"Esteffany Vargas","date":"5 de mayo de 2024","format":false,"excerpt":"POR JUAN ZAMORANO CIUDAD DE PANAM\u00c1 (AP) \u2014 La Corte Suprema de Panam\u00e1 rechaz\u00f3 el viernes una impugnaci\u00f3n constitucional a la candidatura del principal candidato presidencial Jos\u00e9 Ra\u00fal Mulino , eliminando un elemento de incertidumbre dos d\u00edas antes de la votaci\u00f3n del 5 de mayo. El tribunal se pronunci\u00f3 sobre\u2026","rel":"","context":"En \u00abSin categor\u00eda\u00bb","block_context":{"text":"Sin categor\u00eda","link":"https:\/\/lasprimeras.com.do\/index.php\/category\/sin-categoria\/"},"img":{"alt_text":"Jos\u00e9 Ra\u00fal Mulino","src":"https:\/\/i0.wp.com\/lasprimeras.com.do\/wp-content\/uploads\/2024\/05\/Jose-Raul-Mulino.jpg?resize=350%2C200&ssl=1","width":350,"height":200,"srcset":"https:\/\/i0.wp.com\/lasprimeras.com.do\/wp-content\/uploads\/2024\/05\/Jose-Raul-Mulino.jpg?resize=350%2C200&ssl=1 1x, https:\/\/i0.wp.com\/lasprimeras.com.do\/wp-content\/uploads\/2024\/05\/Jose-Raul-Mulino.jpg?resize=525%2C300&ssl=1 1.5x, https:\/\/i0.wp.com\/lasprimeras.com.do\/wp-content\/uploads\/2024\/05\/Jose-Raul-Mulino.jpg?resize=700%2C400&ssl=1 2x"},"classes":[]}],"jetpack_sharing_enabled":true,"_links":{"self":[{"href":"https:\/\/lasprimeras.com.do\/index.php\/wp-json\/wp\/v2\/posts\/85394","targetHints":{"allow":["GET"]}}],"collection":[{"href":"https:\/\/lasprimeras.com.do\/index.php\/wp-json\/wp\/v2\/posts"}],"about":[{"href":"https:\/\/lasprimeras.com.do\/index.php\/wp-json\/wp\/v2\/types\/post"}],"author":[{"embeddable":true,"href":"https:\/\/lasprimeras.com.do\/index.php\/wp-json\/wp\/v2\/users\/2"}],"replies":[{"embeddable":true,"href":"https:\/\/lasprimeras.com.do\/index.php\/wp-json\/wp\/v2\/comments?post=85394"}],"version-history":[{"count":1,"href":"https:\/\/lasprimeras.com.do\/index.php\/wp-json\/wp\/v2\/posts\/85394\/revisions"}],"predecessor-version":[{"id":85396,"href":"https:\/\/lasprimeras.com.do\/index.php\/wp-json\/wp\/v2\/posts\/85394\/revisions\/85396"}],"wp:featuredmedia":[{"embeddable":true,"href":"https:\/\/lasprimeras.com.do\/index.php\/wp-json\/wp\/v2\/media\/85395"}],"wp:attachment":[{"href":"https:\/\/lasprimeras.com.do\/index.php\/wp-json\/wp\/v2\/media?parent=85394"}],"wp:term":[{"taxonomy":"category","embeddable":true,"href":"https:\/\/lasprimeras.com.do\/index.php\/wp-json\/wp\/v2\/categories?post=85394"},{"taxonomy":"post_tag","embeddable":true,"href":"https:\/\/lasprimeras.com.do\/index.php\/wp-json\/wp\/v2\/tags?post=85394"}],"curies":[{"name":"wp","href":"https:\/\/api.w.org\/{rel}","templated":true}]}}