{"id":85397,"date":"2024-06-29T12:31:58","date_gmt":"2024-06-29T16:31:58","guid":{"rendered":"https:\/\/lasprimeras.com.do\/?p=85397"},"modified":"2024-06-29T12:31:59","modified_gmt":"2024-06-29T16:31:59","slug":"misa-en-accion-de-gracias-por-el-dia-nacional-e-internacional-de-las-mipymes","status":"publish","type":"post","link":"https:\/\/lasprimeras.com.do\/index.php\/2024\/06\/29\/misa-en-accion-de-gracias-por-el-dia-nacional-e-internacional-de-las-mipymes\/","title":{"rendered":"Misa en acci\u00f3n de gracias por el D\u00eda Nacional e Internacional de las Mipymes"},"content":{"rendered":"\n<p><strong>MICM reitera apoyo al sector.<\/strong><\/p>\n\n\n\n<p>El Ministerio de Industria, Comercio y Mipymes (MICM) celebr\u00f3 una misa en agradecimiento por el D\u00eda Nacional e Internacional de las Mipymes, las cuales tienen un papel importante en el comercio representando el 98 % del tejido empresarial.<\/p>\n\n\n\n<p>El MICM y su Viceministerio de Fomento a las Mipymes llevaron a cabo una ceremonia en la Catedral Primada de Am\u00e9rica.<\/p>\n\n\n\n<p>Jorge Morales Paulino, Viceministro de Fomento a las Mipymes, expres\u00f3 su gratitud a todos los colaboradores del ministerio y a los representantes de las mipymes por unirse al &#8220;D\u00eda Internacional de las Mipymes&#8221;, tambi\u00e9n conocido como D\u00eda Nacional, establecido mediante decreto 202 del Poder Ejecutivo.<\/p>\n\n\n\n<p>Destac\u00f3 el compromiso del presidente de la Rep\u00fablica, Luis Abinader, con este sector, fundamental para el progreso sostenible del pa\u00eds.<\/p>\n\n\n\n<p>En nombre del MICM, dirigido por V\u00edctor Bison\u00f3 Haza, a trav\u00e9s del Viceministerio de Fomento a las Mipymes, se reafirm\u00f3 el compromiso con emprendedores, peque\u00f1os y medianos empresarios, piezas clave para el desarrollo econ\u00f3mico del pa\u00eds y la consecuci\u00f3n de metas sostenibles.<\/p>\n\n\n\n<p>Morales Paulino consider\u00f3 crucial legalizar, capacitar y promover la formalidad de los peque\u00f1os y medianos empresarios, que constituyen m\u00e1s del 98% del entramado empresarial.<\/p>\n\n\n\n<p>De estos, el 94% son micro y peque\u00f1as empresas, y m\u00e1s del 84% operan en la informalidad, lo que requiere la uni\u00f3n de todos los sectores.<\/p>\n\n\n\n<p>Durante la ceremonia religiosa, dirigida por el p\u00e1rroco Nelson Clark V\u00e1squez, los colaboradores del Viceministerio de Fomento a las Mipymes expresaron su gratitud por el buen a\u00f1o laboral en beneficio del desarrollo de las mipymes.<\/p>\n\n\n\n<p>Tambi\u00e9n asistieron, Iv\u00e1n Batista, director Mipymes; Iv\u00e1n Rond\u00f3n, secretario Supervisor del PRM; Luis Miura de Codopyme; Ram\u00f3n Guill\u00e9n de FODEARTE; Juli\u00e1n Jim\u00e9nez, secretario de AMOPROSADO; Elmer Gonz\u00e1lez, director Atenci\u00f3n al Cliente, entre otros directores y colaboradores del MICM.<\/p>\n\n\n\n<p>El Viceministerio de Fomento a la Micro, Peque\u00f1a y Mediana Empresa del Ministerio de Industria y Comercio es el responsable de articular las pol\u00edticas de desarrollo de las micro, peque\u00f1as y medianas empresas en Rep\u00fablica Dominicana.<\/p>\n\n\n\n<p>El Viceministerio tiene como objetivo promover el fortalecimiento de las iniciativas empresariales Mipymes, a trav\u00e9s de programas de capacitaci\u00f3n y asistencia t\u00e9cnica, y la simplificaci\u00f3n de los procedimientos legales y tributarios buscando mejorar el clima de negocios de la Rep\u00fablica Dominicana<\/p>\n","protected":false},"excerpt":{"rendered":"<p>MICM reitera apoyo al sector. El Ministerio de Industria, Comercio y Mipymes (MICM) celebr\u00f3 una misa en agradecimiento por el D\u00eda Nacional e Internacional de las Mipymes, las cuales tienen&hellip;<\/p>\n","protected":false},"author":2,"featured_media":85398,"comment_status":"open","ping_status":"open","sticky":false,"template":"","format":"standard","meta":{"content-type":"","jetpack_post_was_ever_published":false,"_jetpack_newsletter_access":"","_jetpack_dont_email_post_to_subs":false,"_jetpack_newsletter_tier_id":0,"_jetpack_memberships_contains_paywalled_content":false,"_jetpack_memberships_contains_paid_content":false,"footnotes":""},"categories":[39,25],"tags":[6151,1638,799,1446,172],"class_list":["post-85397","post","type-post","status-publish","format-standard","has-post-thumbnail","hentry","category-economia","category-portada","tag-dia","tag-internacional","tag-mipymes","tag-misa","tag-nacional"],"jetpack_featured_media_url":"https:\/\/lasprimeras.com.do\/wp-content\/uploads\/2024\/06\/MIC-1.jpg","jetpack-related-posts":[{"id":105884,"url":"https:\/\/lasprimeras.com.do\/index.php\/2025\/08\/08\/gobierno-sostiene-dialogo-con-mipymes-para-impulsar-el-tejido-productivo-nacional\/","url_meta":{"origin":85397,"position":0},"title":"Gobierno sostiene di\u00e1logo con mipymes para impulsar el tejido productivo nacional","author":"Nelson Feliz","date":"8 de agosto de 2025","format":false,"excerpt":"Mag\u00edn D\u00edaz e Ito Bison\u00f3 reafirmaron su compromiso de articular pol\u00edticas p\u00fablicas que promuevan el crecimiento y sostenibilidad de las Mipymes Los ministros de Hacienda y Econom\u00eda (MHE), Mag\u00edn D\u00edaz, y de Industria, Comercio y Mipymes (MICM), V\u00edctor -Ito- Bison\u00f3, sostuvieron un encuentro con representantes del sector Mipymes a nivel\u2026","rel":"","context":"En \u00abECONOM\u00cdA\u00bb","block_context":{"text":"ECONOM\u00cdA","link":"https:\/\/lasprimeras.com.do\/index.php\/category\/economia\/"},"img":{"alt_text":"","src":"https:\/\/i0.wp.com\/lasprimeras.com.do\/wp-content\/uploads\/2025\/08\/Los-ministros-Diaz-y-Bisono-se-comprometieron-a-mantener-un-canal-de-comunicacion-directo-y-permanente-con-actores-de-sector-Mypimes.jpg?resize=350%2C200&ssl=1","width":350,"height":200,"srcset":"https:\/\/i0.wp.com\/lasprimeras.com.do\/wp-content\/uploads\/2025\/08\/Los-ministros-Diaz-y-Bisono-se-comprometieron-a-mantener-un-canal-de-comunicacion-directo-y-permanente-con-actores-de-sector-Mypimes.jpg?resize=350%2C200&ssl=1 1x, https:\/\/i0.wp.com\/lasprimeras.com.do\/wp-content\/uploads\/2025\/08\/Los-ministros-Diaz-y-Bisono-se-comprometieron-a-mantener-un-canal-de-comunicacion-directo-y-permanente-con-actores-de-sector-Mypimes.jpg?resize=525%2C300&ssl=1 1.5x, https:\/\/i0.wp.com\/lasprimeras.com.do\/wp-content\/uploads\/2025\/08\/Los-ministros-Diaz-y-Bisono-se-comprometieron-a-mantener-un-canal-de-comunicacion-directo-y-permanente-con-actores-de-sector-Mypimes.jpg?resize=700%2C400&ssl=1 2x"},"classes":[]},{"id":125848,"url":"https:\/\/lasprimeras.com.do\/index.php\/2026\/03\/26\/anje-y-micm-impulsaran-competitividad-de-mipymes-jovenes\/","url_meta":{"origin":85397,"position":1},"title":"ANJE y MICM impulsar\u00e1n competitividad de MIPYMES j\u00f3venes","author":"Nelson Feliz","date":"26 de marzo de 2026","format":false,"excerpt":"La Asociaci\u00f3n Nacional de J\u00f3venes Empresarios (ANJE) contin\u00faa consolidando su rol como articulador del ecosistema empresarial joven, tras establecer una mesa de trabajo de alto nivel junto al Ministerio de Industria, Comercio y Mipymes (MICM), enfocada a fortalecer la competitividad y sostenibilidad de las MIPYMES lideradas por j\u00f3venes en la\u2026","rel":"","context":"En \u00abECONOM\u00cdA\u00bb","block_context":{"text":"ECONOM\u00cdA","link":"https:\/\/lasprimeras.com.do\/index.php\/category\/economia\/"},"img":{"alt_text":"He generado una imagen conceptual que muestra las fachadas de ANJE y el MICM en un estilo arquitect\u00f3nico moderno, destacando sus identidades institucionales en el contexto de Santo Domingo.","src":"https:\/\/i0.wp.com\/lasprimeras.com.do\/wp-content\/uploads\/2026\/03\/alianza-1.jpg?resize=350%2C200&ssl=1","width":350,"height":200,"srcset":"https:\/\/i0.wp.com\/lasprimeras.com.do\/wp-content\/uploads\/2026\/03\/alianza-1.jpg?resize=350%2C200&ssl=1 1x, https:\/\/i0.wp.com\/lasprimeras.com.do\/wp-content\/uploads\/2026\/03\/alianza-1.jpg?resize=525%2C300&ssl=1 1.5x, https:\/\/i0.wp.com\/lasprimeras.com.do\/wp-content\/uploads\/2026\/03\/alianza-1.jpg?resize=700%2C400&ssl=1 2x"},"classes":[]},{"id":124293,"url":"https:\/\/lasprimeras.com.do\/index.php\/2026\/03\/10\/raquel-pena-encabeza-graduacion-de-116-empresarias-del-programa-mujeres-avanza\/","url_meta":{"origin":85397,"position":2},"title":"Raquel Pe\u00f1a encabeza graduaci\u00f3n de 116 empresarias del programa MujerEs Avanza","author":"Nelson Feliz","date":"10 de marzo de 2026","format":false,"excerpt":"La iniciativa de la C\u00e1mara Santo Domingo, el MICM y PUCMM busca fortalecer las capacidades empresariales de emprendedoras dominicanas. En un acto encabezado por la vicepresidenta de la Rep\u00fablica, Raquel Pe\u00f1a, 116 empresarias recibieron su certificaci\u00f3n tras completar el programa de formaci\u00f3n MujerEs Avanza, una iniciativa de la C\u00e1mara de\u2026","rel":"","context":"En \u00abNACIONALES\u00bb","block_context":{"text":"NACIONALES","link":"https:\/\/lasprimeras.com.do\/index.php\/category\/nacionales\/"},"img":{"alt_text":"","src":"https:\/\/i0.wp.com\/lasprimeras.com.do\/wp-content\/uploads\/2026\/03\/Raquel-Pena-1-1.jpg?resize=350%2C200&ssl=1","width":350,"height":200,"srcset":"https:\/\/i0.wp.com\/lasprimeras.com.do\/wp-content\/uploads\/2026\/03\/Raquel-Pena-1-1.jpg?resize=350%2C200&ssl=1 1x, https:\/\/i0.wp.com\/lasprimeras.com.do\/wp-content\/uploads\/2026\/03\/Raquel-Pena-1-1.jpg?resize=525%2C300&ssl=1 1.5x, https:\/\/i0.wp.com\/lasprimeras.com.do\/wp-content\/uploads\/2026\/03\/Raquel-Pena-1-1.jpg?resize=700%2C400&ssl=1 2x"},"classes":[]},{"id":49474,"url":"https:\/\/lasprimeras.com.do\/index.php\/2023\/05\/11\/anuncian-la-realizacion-de-expo-mujer-mipyme\/","url_meta":{"origin":85397,"position":3},"title":"Anuncian la realizaci\u00f3n de &#8220;Expo Mujer Mipyme&#8221;","author":"prenxa100","date":"11 de mayo de 2023","format":false,"excerpt":"Un evento innovador dirigido a empresarias y emprendedoras en el pa\u00eds. Santo Domingo, D.N. La Federaci\u00f3n de Mujeres Empresarias Dominico Internacional, la Asociaci\u00f3n Nacional de Mujeres Empresarias, Ejecutivas y Profesionales y la Asociaci\u00f3n Dominicana de Mujeres Empresarias anunciaron la realizaci\u00f3n los d\u00edas 26 y 27 de mayo de \u201cEXPO MUJER\u2026","rel":"","context":"En \u00abECONOM\u00cdA\u00bb","block_context":{"text":"ECONOM\u00cdA","link":"https:\/\/lasprimeras.com.do\/index.php\/category\/economia\/"},"img":{"alt_text":"","src":"","width":0,"height":0},"classes":[]},{"id":100097,"url":"https:\/\/lasprimeras.com.do\/index.php\/2025\/06\/01\/el-94-de-los-colmados-y-cafeterias-del-pais-funcionan-en-la-informalidad\/","url_meta":{"origin":85397,"position":4},"title":"El 94 % de los colmados y cafeter\u00edas del pa\u00eds funcionan en la informalidad","author":"Nelson Feliz","date":"1 de junio de 2025","format":false,"excerpt":"Embajador de la India destaca oportunidades de inversi\u00f3n en ese pa\u00eds asi\u00e1tico. En la Rep\u00fablica Dominicana existen unos 84 mil colmados y cafeter\u00edas, de los cuales al menos el 94 % funcionan bajo la informalidad, seg\u00fan inform\u00f3 el viceministro de Fomento a las Mipymes del Ministerio de Industria, Comercio y\u2026","rel":"","context":"En \u00abECONOM\u00cdA\u00bb","block_context":{"text":"ECONOM\u00cdA","link":"https:\/\/lasprimeras.com.do\/index.php\/category\/economia\/"},"img":{"alt_text":"","src":"https:\/\/i0.wp.com\/lasprimeras.com.do\/wp-content\/uploads\/2025\/06\/mypimes-1.jpg?resize=350%2C200&ssl=1","width":350,"height":200,"srcset":"https:\/\/i0.wp.com\/lasprimeras.com.do\/wp-content\/uploads\/2025\/06\/mypimes-1.jpg?resize=350%2C200&ssl=1 1x, https:\/\/i0.wp.com\/lasprimeras.com.do\/wp-content\/uploads\/2025\/06\/mypimes-1.jpg?resize=525%2C300&ssl=1 1.5x, https:\/\/i0.wp.com\/lasprimeras.com.do\/wp-content\/uploads\/2025\/06\/mypimes-1.jpg?resize=700%2C400&ssl=1 2x"},"classes":[]},{"id":77279,"url":"https:\/\/lasprimeras.com.do\/index.php\/2024\/02\/19\/embajada-de-ee-uu-felicita-al-micm-por-sus-esfuerzos-para-implementar-y-fortalecer-ley-sobre-comercio-ilicito\/","url_meta":{"origin":85397,"position":5},"title":"Embajada de EE.UU. felicita al MICM por sus esfuerzos para implementar y fortalecer Ley sobre Comercio Il\u00edcito","author":"Nelson Feliz","date":"19 de febrero de 2024","format":false,"excerpt":"La embajada de los Estados Unidos resalt\u00f3 el arduo trabajo que se realiza desde el Ministerio de Industria, Comercio y Mipymes (MICM); a trav\u00e9s del Cuerpo Especializado de Control de Combustibles y Mercanc\u00edas (CECCOM); y la mesa de il\u00edcitos, para combatir el comercio de mercanc\u00edas il\u00edcitas y proteger los derechos\u2026","rel":"","context":"En \u00abNACIONALES\u00bb","block_context":{"text":"NACIONALES","link":"https:\/\/lasprimeras.com.do\/index.php\/category\/nacionales\/"},"img":{"alt_text":"Ted Bryan","src":"https:\/\/i0.wp.com\/lasprimeras.com.do\/wp-content\/uploads\/2024\/02\/Ted-Bryan.jpg?resize=350%2C200&ssl=1","width":350,"height":200,"srcset":"https:\/\/i0.wp.com\/lasprimeras.com.do\/wp-content\/uploads\/2024\/02\/Ted-Bryan.jpg?resize=350%2C200&ssl=1 1x, https:\/\/i0.wp.com\/lasprimeras.com.do\/wp-content\/uploads\/2024\/02\/Ted-Bryan.jpg?resize=525%2C300&ssl=1 1.5x"},"classes":[]}],"jetpack_sharing_enabled":true,"_links":{"self":[{"href":"https:\/\/lasprimeras.com.do\/index.php\/wp-json\/wp\/v2\/posts\/85397","targetHints":{"allow":["GET"]}}],"collection":[{"href":"https:\/\/lasprimeras.com.do\/index.php\/wp-json\/wp\/v2\/posts"}],"about":[{"href":"https:\/\/lasprimeras.com.do\/index.php\/wp-json\/wp\/v2\/types\/post"}],"author":[{"embeddable":true,"href":"https:\/\/lasprimeras.com.do\/index.php\/wp-json\/wp\/v2\/users\/2"}],"replies":[{"embeddable":true,"href":"https:\/\/lasprimeras.com.do\/index.php\/wp-json\/wp\/v2\/comments?post=85397"}],"version-history":[{"count":1,"href":"https:\/\/lasprimeras.com.do\/index.php\/wp-json\/wp\/v2\/posts\/85397\/revisions"}],"predecessor-version":[{"id":85399,"href":"https:\/\/lasprimeras.com.do\/index.php\/wp-json\/wp\/v2\/posts\/85397\/revisions\/85399"}],"wp:featuredmedia":[{"embeddable":true,"href":"https:\/\/lasprimeras.com.do\/index.php\/wp-json\/wp\/v2\/media\/85398"}],"wp:attachment":[{"href":"https:\/\/lasprimeras.com.do\/index.php\/wp-json\/wp\/v2\/media?parent=85397"}],"wp:term":[{"taxonomy":"category","embeddable":true,"href":"https:\/\/lasprimeras.com.do\/index.php\/wp-json\/wp\/v2\/categories?post=85397"},{"taxonomy":"post_tag","embeddable":true,"href":"https:\/\/lasprimeras.com.do\/index.php\/wp-json\/wp\/v2\/tags?post=85397"}],"curies":[{"name":"wp","href":"https:\/\/api.w.org\/{rel}","templated":true}]}}