{"id":85400,"date":"2024-06-29T12:41:02","date_gmt":"2024-06-29T16:41:02","guid":{"rendered":"https:\/\/lasprimeras.com.do\/?p=85400"},"modified":"2024-06-29T12:41:04","modified_gmt":"2024-06-29T16:41:04","slug":"senado-reconoce-a-xiomara-fortuna-y-al-centro-educativo-san-jose","status":"publish","type":"post","link":"https:\/\/lasprimeras.com.do\/index.php\/2024\/06\/29\/senado-reconoce-a-xiomara-fortuna-y-al-centro-educativo-san-jose\/","title":{"rendered":"Senado reconoce a Xiomara Fortuna y al Centro Educativo San Jos\u00e9"},"content":{"rendered":"\n<p>El Senado de la Rep\u00fablica reconoci\u00f3 a la cantante y compositora Xiomara Fortuna, por su destacada trayectoria y aportes a favor del desarrollo de la m\u00fasica y el arte en la Rep\u00fablica Dominicana.<\/p>\n\n\n\n<p>En un acto encabezado por el presidente del Senado, Ricardo de los Santos, adem\u00e1s se reconoci\u00f3 el Centro Educativo San Jos\u00e9, por sus 82 a\u00f1os de labor educativas en favor de la ni\u00f1ez y la juventud Montecristi.<\/p>\n\n\n\n<p>Las resoluciones aprobadas a unanimidad por el pleno senatorial de la autor\u00eda del senador Ram\u00f3n Pimentel, fueron entregadas durante un acto que se realiz\u00f3 en el Sal\u00f3n de actos de la Gobernaci\u00f3n Provincial de Montecristi al que asisti\u00f3 una amplia comisi\u00f3n de senadores.<\/p>\n\n\n\n<p>El presidente del Senado, Ricardo de los Santos consider\u00f3 que Xiomara Fortuna es un \u201cicono de la Rep\u00fablica Dominicana, y reconoci\u00f3 la amplia trayectoria musical de la artista.<\/p>\n\n\n\n<p>\u201cLos grandes deben ser reconocidos, por eso nos trasladamos aqu\u00ed a Montecristi a entregar estos reconocimientos a personalidades, para destacar sus sacrificios, esfuerzos e inmenso trabajo\u201d, dijo.<\/p>\n\n\n\n<p>Agreg\u00f3 que \u201cXiomara Fortuna pas\u00f3 por momentos dif\u00edciles de su vida, con una enfermedad muy fuerte como todos sabemos, una etapa ya superada\u201d.<\/p>\n\n\n\n<p>Al dirigirse al p\u00fablico, el presidente de la C\u00e1mara Alta anunci\u00f3 que prontamente el Senado se trasladar\u00e1 a la provincia de Montecristi a realizar una sesi\u00f3n extraordinaria y destac\u00f3 la gran labor legislativa y la trayectoria del senador Ram\u00f3n Pimentel.<\/p>\n\n\n\n<p>Subray\u00f3 la labor que realiza el Pleno del Senado al momento de analizar y estudiar las leyes en sus comisiones, precisando que el trabajo fuerte de un legislador se realiza al momento de analizar los proyectos y propuestas legislativas.<\/p>\n\n\n\n<p>La resoluci\u00f3n que reconoce a la artista Xiomara Fortuna resalta que la cantante lleva m\u00e1s de 40 a\u00f1os en los escenarios, siendo poseedora de un amplio repertorio de producciones musicales de gran valor cultural y de contenido social, como La loma de llano, Baluceos, Kumbajei, Tonada para un querer, La Calle ser\u00e1 la calle, Pa cantarte a ti, Solo poemas, Rosa y Azul, paseando, Ay caramba!, y otros.<\/p>\n\n\n\n<p>Destaca que Xiomara Fortuna ha llevado su m\u00fasica a importantes espacios nacionales e internacionales, present\u00e1ndose en pa\u00edses como Estados Unidos, Nigeria y Espa\u00f1a, entre otros.<\/p>\n\n\n\n<p>Se\u00f1ala que Fortuna combina la creaci\u00f3n musical con el activismo cultural, medioambiental y de g\u00e9nero, lo que la ha hecho merecedora de muchos reconocimientos a su obra y trayectoria como la medalla al m\u00e9rito de las artes premio Gandhi, UNESCO por la Paz, premio Soberano.<\/p>\n\n\n\n<p>Los senadores reconocieron al Centro Educativo San Jos\u00e9, por sus 82 a\u00f1os de labor educativa en favor de la ni\u00f1ez y juventud de la provincia Montecristi.<\/p>\n\n\n\n<p>La pieza legislativa reconoce este centro por su labor ininterrumpida, en la que se ha destacado por la formaci\u00f3n integral, humana, espiritual y religiosa de sus alumnos, sin importar su condici\u00f3n econ\u00f3mica inculc\u00e1ndoles el amor por la vida, la solidaridad por los dem\u00e1s y su servicio a la sociedad.<\/p>\n\n\n\n<p>El propulsor de las iniciativas, Ram\u00f3n Pimentel, destac\u00f3 que Xiomara Fortuna, destac\u00f3 que he \u201che querido reconocerla porque cumple 65 a\u00f1os de edad que tambi\u00e9n es un a\u00f1o hist\u00f3rico para la Rep\u00fablica Dominicana\u201d, expres\u00f3.<\/p>\n\n\n\n<p>Refiri\u00f3 que Xiomara a los 7 u 8 a\u00f1os ya daba se\u00f1ales de cantautora, mientras que a sus 19 a\u00f1os va a la Universidad Aut\u00f3noma de Santo Domingo, despu\u00e9s despega al participar en un festival en el Teatro Nacional y en distintos pa\u00edses como Cuba, Espa\u00f1a y Venezuela, donde une la m\u00fasica afro antillana, y es por esto que se considera la Reina de la Fusi\u00f3n.<\/p>\n\n\n\n<p>Al recibir el reconocimiento, Xiomara Fortuna agradeci\u00f3 a su familia por el apoyo, en especial a su madre, a su pueblo, amigos y al senador. \u201cEstoy satisfecha, soy humilde, sencilla, me consider\u00f3 una artista exitosa, a pesar de no recibir apoyo\u201d, manifest\u00f3.<\/p>\n\n\n\n<p>Fortuna tras recibir &nbsp;la distinci\u00f3n cant\u00f3 a capela la canci\u00f3n \u201cLa Tierra me Llama\u201d que mereci\u00f3 el aplauso de todos los presentes en la actividad, y recibi\u00f3 una medalla de reconocimiento del doctor Rafael Pe\u00f1a Ramos.<\/p>\n\n\n\n<p>En representaci\u00f3n del Centro Educativo San Jos\u00e9, Sor Reyna Ulloa, agradeci\u00f3 la entrega de este reconocimiento, destacando la gesti\u00f3n educativa, al director Ronald D\u00edaz y a los profesionales que laboran en esta instituci\u00f3n, quienes se empe\u00f1an cada d\u00eda m\u00e1s por ofrecer una educaci\u00f3n de calidad, rostro humano y valores cristianos.<\/p>\n\n\n\n<p>Reafirm\u00f3 su compromiso de continuar \u201ccon una educaci\u00f3n que transforme vidas, que forme ciudadanos responsables y comprometidos con el bien com\u00fan y sobre todo, agentes de cambio, en una sociedad en donde haya igualdad de oportunidades para todos, donde el cuidado de la vida, de los recursos naturales, del patrimonio, el manejo de los recursos del Estado, se fortalezca donde todos tengan una vida digna, unidos por una causa noble y justa\u201d, indic\u00f3.<\/p>\n\n\n\n<p>A la actividad asistieron los senadores David Sosa, Carlos G\u00f3mez, Antonio Marte, Milc\u00edades Franjul y Edi Nolasco.<\/p>\n\n\n\n<p>Tambi\u00e9n la Gobernadora Nelsy Milagros Cruz Mart\u00ednez; el Diputado Rosendy Polanco, la diputada electa Johanny Mart\u00ednez; el comandante de la 4ta. Brigada de ERD, Paino Chocaban Perdomo, familiar y amiga de los reconocidos, entre otros.<\/p>\n","protected":false},"excerpt":{"rendered":"<p>El Senado de la Rep\u00fablica reconoci\u00f3 a la cantante y compositora Xiomara Fortuna, por su destacada trayectoria y aportes a favor del desarrollo de la m\u00fasica y el arte en&hellip;<\/p>\n","protected":false},"author":2,"featured_media":85401,"comment_status":"open","ping_status":"open","sticky":false,"template":"","format":"standard","meta":{"content-type":"","jetpack_post_was_ever_published":false,"_jetpack_newsletter_access":"","_jetpack_dont_email_post_to_subs":false,"_jetpack_newsletter_tier_id":0,"_jetpack_memberships_contains_paywalled_content":false,"_jetpack_memberships_contains_paid_content":false,"footnotes":""},"categories":[35,25],"tags":[1320,13871,2976,413,13870],"class_list":["post-85400","post","type-post","status-publish","format-standard","has-post-thumbnail","hentry","category-nacionales","category-portada","tag-aniversario","tag-centro-educativo-san-jose","tag-musica","tag-senado","tag-xiomara-fortuna"],"jetpack_featured_media_url":"https:\/\/lasprimeras.com.do\/wp-content\/uploads\/2024\/06\/SENADO-1.jpg","jetpack-related-posts":[{"id":69346,"url":"https:\/\/lasprimeras.com.do\/index.php\/2023\/12\/01\/senado-reconoce-trayectoria-de-osvaldo-virgil-oregano-primer-dominicano-jugo-en-la-mlb\/","url_meta":{"origin":85400,"position":0},"title":"Senado reconoce trayectoria de Osvaldo Virgil (Or\u00e9gano), primer dominicano jug\u00f3 en la MLB\u00a0","author":"Nelson Feliz","date":"1 de diciembre de 2023","format":false,"excerpt":"El acto a Osvaldo Jos\u00e9 \u201cOzzie\u201d Virgil Pichardo se realiz\u00f3 en la gobernaci\u00f3n de Montecristi, en medio de aplausos al primer dominicano en jugar en las Grandes Ligas. \u00a0El Senado de la Rep\u00fablica reconoci\u00f3 la trayectoria del exjugador de b\u00e9isbol profesional, Osvaldo Jos\u00e9 \"Ozzie\" Virgil Pichardo, por ser el primer\u2026","rel":"","context":"En \u00abPORTADA\u00bb","block_context":{"text":"PORTADA","link":"https:\/\/lasprimeras.com.do\/index.php\/category\/portada\/"},"img":{"alt_text":"Osvaldo Virgil","src":"https:\/\/i0.wp.com\/lasprimeras.com.do\/wp-content\/uploads\/2023\/12\/Osvaldo-Virgil.jpg?resize=350%2C200&ssl=1","width":350,"height":200,"srcset":"https:\/\/i0.wp.com\/lasprimeras.com.do\/wp-content\/uploads\/2023\/12\/Osvaldo-Virgil.jpg?resize=350%2C200&ssl=1 1x, https:\/\/i0.wp.com\/lasprimeras.com.do\/wp-content\/uploads\/2023\/12\/Osvaldo-Virgil.jpg?resize=525%2C300&ssl=1 1.5x, https:\/\/i0.wp.com\/lasprimeras.com.do\/wp-content\/uploads\/2023\/12\/Osvaldo-Virgil.jpg?resize=700%2C400&ssl=1 2x"},"classes":[]},{"id":107295,"url":"https:\/\/lasprimeras.com.do\/index.php\/2025\/08\/25\/presidente-del-senado-encabeza-acto-de-apertura-del-ano-escolar-2025-2026-en-sanchez-ramirez\/","url_meta":{"origin":85400,"position":1},"title":"Presidente del Senado encabeza acto de apertura del a\u00f1o escolar 2025-2026 en S\u00e1nchez Ram\u00edrez","author":"Nelson Feliz","date":"25 de agosto de 2025","format":false,"excerpt":"El presidente del Senado, Ricardo de los Santos, encabez\u00f3 este lunes el acto oficial de apertura del a\u00f1o escolar 2025-2026 en la Regional 16 de la provincia S\u00e1nchez Ram\u00edrez, en representaci\u00f3n del presidente de la Rep\u00fablica, Luis Abinader, y del ministro de Educaci\u00f3n, Luis Miguel De Camps, como muestra del\u2026","rel":"","context":"En \u00abNACIONALES\u00bb","block_context":{"text":"NACIONALES","link":"https:\/\/lasprimeras.com.do\/index.php\/category\/nacionales\/"},"img":{"alt_text":"Ricardo de los Santos","src":"https:\/\/i0.wp.com\/lasprimeras.com.do\/wp-content\/uploads\/2025\/08\/Ricardo-de-los-Santos-1-2.jpg?resize=350%2C200&ssl=1","width":350,"height":200,"srcset":"https:\/\/i0.wp.com\/lasprimeras.com.do\/wp-content\/uploads\/2025\/08\/Ricardo-de-los-Santos-1-2.jpg?resize=350%2C200&ssl=1 1x, https:\/\/i0.wp.com\/lasprimeras.com.do\/wp-content\/uploads\/2025\/08\/Ricardo-de-los-Santos-1-2.jpg?resize=525%2C300&ssl=1 1.5x, https:\/\/i0.wp.com\/lasprimeras.com.do\/wp-content\/uploads\/2025\/08\/Ricardo-de-los-Santos-1-2.jpg?resize=700%2C400&ssl=1 2x"},"classes":[]},{"id":108189,"url":"https:\/\/lasprimeras.com.do\/index.php\/2025\/09\/03\/senado-reconoce-al-doctor-richard-oliver-bido-y-a-la-maestra-de-musica-farida-dina\/","url_meta":{"origin":85400,"position":2},"title":"Senado reconoce al doctor Richard Oliver Bid\u00f3 y a la maestra de m\u00fasica Farida Din\u00e1","author":"Nelson Feliz","date":"3 de septiembre de 2025","format":false,"excerpt":"Este mi\u00e9rcoles, el senado entreg\u00f3 certificados de reconocimiento al m\u00e9dico-psiquiatra Richard Oliver Bid\u00f3 Medina y a la maestra de Farida Din\u00e1 por sus aportes a la ciencia de la salud y al desarrollo de la educaci\u00f3n musical, respectivamente. Por Elvis Castro Hern\u00e1ndez El Senado de la Rep\u00fablica reconoci\u00f3 este mi\u00e9rcoles\u2026","rel":"","context":"En \u00abNACIONALES\u00bb","block_context":{"text":"NACIONALES","link":"https:\/\/lasprimeras.com.do\/index.php\/category\/nacionales\/"},"img":{"alt_text":"","src":"https:\/\/i0.wp.com\/lasprimeras.com.do\/wp-content\/uploads\/2025\/09\/reco.jpg?resize=350%2C200&ssl=1","width":350,"height":200,"srcset":"https:\/\/i0.wp.com\/lasprimeras.com.do\/wp-content\/uploads\/2025\/09\/reco.jpg?resize=350%2C200&ssl=1 1x, https:\/\/i0.wp.com\/lasprimeras.com.do\/wp-content\/uploads\/2025\/09\/reco.jpg?resize=525%2C300&ssl=1 1.5x, https:\/\/i0.wp.com\/lasprimeras.com.do\/wp-content\/uploads\/2025\/09\/reco.jpg?resize=700%2C400&ssl=1 2x"},"classes":[]},{"id":93216,"url":"https:\/\/lasprimeras.com.do\/index.php\/2025\/01\/26\/presidente-del-senado-exhorta-a-honrar-el-legado-del-patricio-juan-pablo-duarte\/","url_meta":{"origin":85400,"position":3},"title":"Presidente del Senado exhorta a honrar el legado del patricio Juan Pablo Duarte","author":"Nelson Feliz","date":"26 de enero de 2025","format":false,"excerpt":"El presidente del Senado, Ricardo de los Santos, exhort\u00f3 este domingo fecha en que se conmemora el 212 aniversario del natalicio del patricio Juan Pablo Duarte, a honrar su legado como el s\u00edmbolo de libertad y justicia para todos los dominicanos. Record\u00f3 que la visi\u00f3n y sacrificio de Juan Pablo\u2026","rel":"","context":"En \u00abNACIONALES\u00bb","block_context":{"text":"NACIONALES","link":"https:\/\/lasprimeras.com.do\/index.php\/category\/nacionales\/"},"img":{"alt_text":"","src":"https:\/\/i0.wp.com\/lasprimeras.com.do\/wp-content\/uploads\/2025\/01\/Ricardo-de-los-Santos-02.jpg?resize=350%2C200&ssl=1","width":350,"height":200,"srcset":"https:\/\/i0.wp.com\/lasprimeras.com.do\/wp-content\/uploads\/2025\/01\/Ricardo-de-los-Santos-02.jpg?resize=350%2C200&ssl=1 1x, https:\/\/i0.wp.com\/lasprimeras.com.do\/wp-content\/uploads\/2025\/01\/Ricardo-de-los-Santos-02.jpg?resize=525%2C300&ssl=1 1.5x, https:\/\/i0.wp.com\/lasprimeras.com.do\/wp-content\/uploads\/2025\/01\/Ricardo-de-los-Santos-02.jpg?resize=700%2C400&ssl=1 2x"},"classes":[]},{"id":123813,"url":"https:\/\/lasprimeras.com.do\/index.php\/2026\/03\/05\/senado-reconoce-a-32-mujeres-lideres-en-tercera-edicion-del-evento-anual-mujeres-que-transforman\/","url_meta":{"origin":85400,"position":4},"title":"Senado reconoce a 32 mujeres l\u00edderes en tercera edici\u00f3n del evento anual \u201cMujeres que Transforman\u201d","author":"Nelson Feliz","date":"5 de marzo de 2026","format":false,"excerpt":"Con motivo de conmemorarse este domingo ocho de marzo el D\u00eda Internacional de la Mujer, el Senado de la Rep\u00fablica reconoci\u00f3 a 32 mujeres de las 31 provincias del pa\u00eds y el Distrito Nacional, por su liderazgo y aportes al desarrollo del pa\u00eds en los renglones de educaci\u00f3n, salud, cultura,\u2026","rel":"","context":"En \u00abNACIONALES\u00bb","block_context":{"text":"NACIONALES","link":"https:\/\/lasprimeras.com.do\/index.php\/category\/nacionales\/"},"img":{"alt_text":"","src":"https:\/\/i0.wp.com\/lasprimeras.com.do\/wp-content\/uploads\/2026\/03\/ricardo-de-los-santos-1-1.jpg?resize=350%2C200&ssl=1","width":350,"height":200,"srcset":"https:\/\/i0.wp.com\/lasprimeras.com.do\/wp-content\/uploads\/2026\/03\/ricardo-de-los-santos-1-1.jpg?resize=350%2C200&ssl=1 1x, https:\/\/i0.wp.com\/lasprimeras.com.do\/wp-content\/uploads\/2026\/03\/ricardo-de-los-santos-1-1.jpg?resize=525%2C300&ssl=1 1.5x, https:\/\/i0.wp.com\/lasprimeras.com.do\/wp-content\/uploads\/2026\/03\/ricardo-de-los-santos-1-1.jpg?resize=700%2C400&ssl=1 2x, https:\/\/i0.wp.com\/lasprimeras.com.do\/wp-content\/uploads\/2026\/03\/ricardo-de-los-santos-1-1.jpg?resize=1050%2C600&ssl=1 3x"},"classes":[]},{"id":124156,"url":"https:\/\/lasprimeras.com.do\/index.php\/2026\/03\/08\/senado-reconoce-a-32-mujeres-lideres-en-tercera-edicion-del-evento-anual-mujeres-que-transforman-2\/","url_meta":{"origin":85400,"position":5},"title":"Senado reconoce a 32 mujeres l\u00edderes en tercera edici\u00f3n del evento anual \u201cMujeres que Transforman\u201d","author":"Nelson Feliz","date":"8 de marzo de 2026","format":false,"excerpt":"Con motivo de conmemorarse este domingo ocho de marzo el D\u00eda Internacional de la Mujer, el Senado de la Rep\u00fablica reconoci\u00f3 a 32 mujeres de las 31 provincias del pa\u00eds y el Distrito Nacional, por su liderazgo y aportes al desarrollo del pa\u00eds en los renglones de educaci\u00f3n, salud, cultura,\u2026","rel":"","context":"En \u00abNACIONALES\u00bb","block_context":{"text":"NACIONALES","link":"https:\/\/lasprimeras.com.do\/index.php\/category\/nacionales\/"},"img":{"alt_text":"","src":"https:\/\/i0.wp.com\/lasprimeras.com.do\/wp-content\/uploads\/2026\/03\/IMG-20260305-WA0577-scaled.jpg?resize=350%2C200&ssl=1","width":350,"height":200,"srcset":"https:\/\/i0.wp.com\/lasprimeras.com.do\/wp-content\/uploads\/2026\/03\/IMG-20260305-WA0577-scaled.jpg?resize=350%2C200&ssl=1 1x, https:\/\/i0.wp.com\/lasprimeras.com.do\/wp-content\/uploads\/2026\/03\/IMG-20260305-WA0577-scaled.jpg?resize=525%2C300&ssl=1 1.5x, https:\/\/i0.wp.com\/lasprimeras.com.do\/wp-content\/uploads\/2026\/03\/IMG-20260305-WA0577-scaled.jpg?resize=700%2C400&ssl=1 2x, https:\/\/i0.wp.com\/lasprimeras.com.do\/wp-content\/uploads\/2026\/03\/IMG-20260305-WA0577-scaled.jpg?resize=1050%2C600&ssl=1 3x, https:\/\/i0.wp.com\/lasprimeras.com.do\/wp-content\/uploads\/2026\/03\/IMG-20260305-WA0577-scaled.jpg?resize=1400%2C800&ssl=1 4x"},"classes":[]}],"jetpack_sharing_enabled":true,"_links":{"self":[{"href":"https:\/\/lasprimeras.com.do\/index.php\/wp-json\/wp\/v2\/posts\/85400","targetHints":{"allow":["GET"]}}],"collection":[{"href":"https:\/\/lasprimeras.com.do\/index.php\/wp-json\/wp\/v2\/posts"}],"about":[{"href":"https:\/\/lasprimeras.com.do\/index.php\/wp-json\/wp\/v2\/types\/post"}],"author":[{"embeddable":true,"href":"https:\/\/lasprimeras.com.do\/index.php\/wp-json\/wp\/v2\/users\/2"}],"replies":[{"embeddable":true,"href":"https:\/\/lasprimeras.com.do\/index.php\/wp-json\/wp\/v2\/comments?post=85400"}],"version-history":[{"count":1,"href":"https:\/\/lasprimeras.com.do\/index.php\/wp-json\/wp\/v2\/posts\/85400\/revisions"}],"predecessor-version":[{"id":85402,"href":"https:\/\/lasprimeras.com.do\/index.php\/wp-json\/wp\/v2\/posts\/85400\/revisions\/85402"}],"wp:featuredmedia":[{"embeddable":true,"href":"https:\/\/lasprimeras.com.do\/index.php\/wp-json\/wp\/v2\/media\/85401"}],"wp:attachment":[{"href":"https:\/\/lasprimeras.com.do\/index.php\/wp-json\/wp\/v2\/media?parent=85400"}],"wp:term":[{"taxonomy":"category","embeddable":true,"href":"https:\/\/lasprimeras.com.do\/index.php\/wp-json\/wp\/v2\/categories?post=85400"},{"taxonomy":"post_tag","embeddable":true,"href":"https:\/\/lasprimeras.com.do\/index.php\/wp-json\/wp\/v2\/tags?post=85400"}],"curies":[{"name":"wp","href":"https:\/\/api.w.org\/{rel}","templated":true}]}}