{"id":85476,"date":"2024-06-30T22:50:52","date_gmt":"2024-07-01T02:50:52","guid":{"rendered":"https:\/\/lasprimeras.com.do\/?p=85476"},"modified":"2024-06-30T22:50:53","modified_gmt":"2024-07-01T02:50:53","slug":"cntu-exhorta-a-las-autoridades-endurecer-medidas-contra-los-infractores-de-la-ley-de-transito","status":"publish","type":"post","link":"https:\/\/lasprimeras.com.do\/index.php\/2024\/06\/30\/cntu-exhorta-a-las-autoridades-endurecer-medidas-contra-los-infractores-de-la-ley-de-transito\/","title":{"rendered":"CNTU exhorta a las autoridades endurecer medidas contra los infractores de la Ley de Tr\u00e1nsito"},"content":{"rendered":"\n<p>El presidente de la Central Nacional de Transporte Unificado (CNTU), William P\u00e9rez Figuereo, exhort\u00f3 a las autoridades a adoptar medidas y endurecer las sanciones contra los infractores de la Ley de Tr\u00e1nsito y Movilidad Vial.<\/p>\n\n\n\n<p>Las medidas son las siguientes: El control de velocidad, colocar las fotos de los infractores de la Ley en pantalla gigante y que esta medida sean replicadas a nivel nacional.<\/p>\n\n\n\n<p>El empresario del transporte, Williams P\u00e9rez, explic\u00f3 que los principales accidentes de tr\u00e1nsito son cometidos por la alta velocidad, asociada al consumo del alcohol y al uso del celular.<\/p>\n\n\n\n<p>\u201cTenemos que tener tolerancia cero, contra los infractores de la Ley y el consumo del alcohol, mientras conducen \u201cexpres\u00f3 el empresario del transporte.<\/p>\n\n\n\n<p>El presidente de la CNTU, afirm\u00f3 que debemos cansarnos, vamos a replicar&nbsp; esta medida y es una responsabilidad de los hombres y las mujeres que nos duele nuestro pa\u00eds, llevar la voz a nivel nacional y as\u00ed evitar que contin\u00faen los fallecidos por accidentes de tr\u00e1nsito.<\/p>\n\n\n\n<p>Transporte Escolar<\/p>\n\n\n\n<p>Williams P\u00e9rez Figuereo, felicit\u00f3 al presidente Luis Abinader por llevar el transporte escolar a la 31 provincias del pa\u00eds y sus municipios, pero consider\u00f3 que esta organizaci\u00f3n choferil como propulsora&nbsp; del proyecto debe ser tomada en cuenta.<\/p>\n\n\n\n<p>P\u00e9rez Figuereo, asegur\u00f3, que cuentan como hombres y mujeres capacitadas al volante, debido que tambi\u00e9n tiene una escuela de manejo, d\u00f3nde diario asisten hombres y mujeres a aprender a conducir con responsabilidad y conocer las leyes de tr\u00e1nsito.<\/p>\n","protected":false},"excerpt":{"rendered":"<p>El presidente de la Central Nacional de Transporte Unificado (CNTU), William P\u00e9rez Figuereo, exhort\u00f3 a las autoridades a adoptar medidas y endurecer las sanciones contra los infractores de la Ley&hellip;<\/p>\n","protected":false},"author":2,"featured_media":85477,"comment_status":"open","ping_status":"open","sticky":false,"template":"","format":"standard","meta":{"content-type":"","jetpack_post_was_ever_published":false,"_jetpack_newsletter_access":"","_jetpack_dont_email_post_to_subs":false,"_jetpack_newsletter_tier_id":0,"_jetpack_memberships_contains_paywalled_content":false,"_jetpack_memberships_contains_paid_content":false,"footnotes":""},"categories":[35],"tags":[949,1445,12606,13898,4348,1186],"class_list":["post-85476","post","type-post","status-publish","format-standard","has-post-thumbnail","hentry","category-nacionales","tag-autoridades","tag-cntu","tag-endurecer","tag-infractores","tag-ley-de-transito","tag-medidas"],"jetpack_featured_media_url":"https:\/\/lasprimeras.com.do\/wp-content\/uploads\/2024\/06\/William-Perez-Figuereo-1.jpg","jetpack-related-posts":[{"id":85852,"url":"https:\/\/lasprimeras.com.do\/index.php\/2024\/07\/10\/cntu-propone-plan-conjunto-para-reducir-muertes-por-accidentes-de-transito\/","url_meta":{"origin":85476,"position":0},"title":"CNTU propone plan conjunto para reducir muertes por accidentes de tr\u00e1nsito","author":"Nelson Feliz","date":"10 de julio de 2024","format":false,"excerpt":"El presidente de la Central Nacional de Transportistas Unificados (CNTU), William P\u00e9rez Figuereo, propuso al gobierno la ejecuci\u00f3n de un plan conjunto interinstitucional, para reducir los accidentes de tr\u00e1nsito y las altas estad\u00edsticas de muertes est\u00e1 en la Rep\u00fablica Dominicana. P\u00e9rez Figuereo, plante\u00f3 al Ejecutivo, articular acciones unificadas preventivas, entre\u2026","rel":"","context":"En \u00abNACIONALES\u00bb","block_context":{"text":"NACIONALES","link":"https:\/\/lasprimeras.com.do\/index.php\/category\/nacionales\/"},"img":{"alt_text":"William P\u00e9rez Figuereo","src":"https:\/\/i0.wp.com\/lasprimeras.com.do\/wp-content\/uploads\/2024\/07\/William-Perez-Figuereo.jpg?resize=350%2C200&ssl=1","width":350,"height":200,"srcset":"https:\/\/i0.wp.com\/lasprimeras.com.do\/wp-content\/uploads\/2024\/07\/William-Perez-Figuereo.jpg?resize=350%2C200&ssl=1 1x, https:\/\/i0.wp.com\/lasprimeras.com.do\/wp-content\/uploads\/2024\/07\/William-Perez-Figuereo.jpg?resize=525%2C300&ssl=1 1.5x, https:\/\/i0.wp.com\/lasprimeras.com.do\/wp-content\/uploads\/2024\/07\/William-Perez-Figuereo.jpg?resize=700%2C400&ssl=1 2x"},"classes":[]},{"id":70725,"url":"https:\/\/lasprimeras.com.do\/index.php\/2023\/12\/13\/presidente-cntu-denuncia-aspirantes-politicos-interfieren-senales-de-transito-con-vallas-y-afiches\/","url_meta":{"origin":85476,"position":1},"title":"Presidente CNTU denuncia aspirantes pol\u00edticos interfieren se\u00f1ales de tr\u00e1nsito con vallas y afiches","author":"Nelson Feliz","date":"13 de diciembre de 2023","format":false,"excerpt":"La Central Nacional de Transporte Unificado (CNTU), calific\u00f3 hoy de preocupante que la Junta Central Electoral (JCE) autorice a todos los partidos pol\u00edticos dominicanos a desplazar sus diferentes propagandas en todo el territorio nacional, sin embargo los candidatos pol\u00edticos no est\u00e1n respetando los espacios p\u00fablicos, interfiriendo de algunas manera las\u2026","rel":"","context":"En \u00abNACIONALES\u00bb","block_context":{"text":"NACIONALES","link":"https:\/\/lasprimeras.com.do\/index.php\/category\/nacionales\/"},"img":{"alt_text":"William Perez Figuereo","src":"https:\/\/i0.wp.com\/lasprimeras.com.do\/wp-content\/uploads\/2023\/06\/William-Perez-Figuereo.jpg?resize=350%2C200&ssl=1","width":350,"height":200,"srcset":"https:\/\/i0.wp.com\/lasprimeras.com.do\/wp-content\/uploads\/2023\/06\/William-Perez-Figuereo.jpg?resize=350%2C200&ssl=1 1x, https:\/\/i0.wp.com\/lasprimeras.com.do\/wp-content\/uploads\/2023\/06\/William-Perez-Figuereo.jpg?resize=525%2C300&ssl=1 1.5x, https:\/\/i0.wp.com\/lasprimeras.com.do\/wp-content\/uploads\/2023\/06\/William-Perez-Figuereo.jpg?resize=700%2C400&ssl=1 2x, https:\/\/i0.wp.com\/lasprimeras.com.do\/wp-content\/uploads\/2023\/06\/William-Perez-Figuereo.jpg?resize=1050%2C600&ssl=1 3x, https:\/\/i0.wp.com\/lasprimeras.com.do\/wp-content\/uploads\/2023\/06\/William-Perez-Figuereo.jpg?resize=1400%2C800&ssl=1 4x"},"classes":[]},{"id":118559,"url":"https:\/\/lasprimeras.com.do\/index.php\/2025\/12\/31\/william-perez-figuereo-hace-un-llamado-a-la-prudencia-para-evitar-tragedias-viales-en-el-cierre-de-ano\/","url_meta":{"origin":85476,"position":2},"title":"William P\u00e9rez Figuereo hace un llamado a la prudencia para evitar tragedias viales en el cierre de a\u00f1o","author":"Nelson Feliz","date":"31 de diciembre de 2025","format":false,"excerpt":"Ante la proximidad del cierre de a\u00f1o y las festividades del 31 de diciembre y 1 de enero, el presidente de la Central Nacional de Transportistas Unificados (CNTU), William P\u00e9rez Figuereo, hizo un en\u00e9rgico llamado a la ciudadan\u00eda dominicana para que asuma una conducta responsable al volante. El dirigente choferil\u2026","rel":"","context":"En \u00abNACIONALES\u00bb","block_context":{"text":"NACIONALES","link":"https:\/\/lasprimeras.com.do\/index.php\/category\/nacionales\/"},"img":{"alt_text":"William P\u00e9rez Figuereo y Mar\u00eda D\u00edaz","src":"https:\/\/i0.wp.com\/lasprimeras.com.do\/wp-content\/uploads\/2023\/12\/William-Perez-Figuereo-y-Maria-Diaz.jpg?resize=350%2C200&ssl=1","width":350,"height":200,"srcset":"https:\/\/i0.wp.com\/lasprimeras.com.do\/wp-content\/uploads\/2023\/12\/William-Perez-Figuereo-y-Maria-Diaz.jpg?resize=350%2C200&ssl=1 1x, https:\/\/i0.wp.com\/lasprimeras.com.do\/wp-content\/uploads\/2023\/12\/William-Perez-Figuereo-y-Maria-Diaz.jpg?resize=525%2C300&ssl=1 1.5x, https:\/\/i0.wp.com\/lasprimeras.com.do\/wp-content\/uploads\/2023\/12\/William-Perez-Figuereo-y-Maria-Diaz.jpg?resize=700%2C400&ssl=1 2x"},"classes":[]},{"id":109034,"url":"https:\/\/lasprimeras.com.do\/index.php\/2025\/09\/12\/cntu-llama-a-la-conciencia-ciudadana-y-valora-avances-en-el-transporte-colectivo\/","url_meta":{"origin":85476,"position":3},"title":"CNTU llama a la conciencia ciudadana y valora avances en el transporte colectivo","author":"Nelson Feliz","date":"12 de septiembre de 2025","format":false,"excerpt":"El presidente de la Central Nacional del Transporte Unificado (CNTU), William P\u00e9rez Figuereo, expres\u00f3 su preocupaci\u00f3n por la alta incidencia de accidentes de tr\u00e1nsito en la Rep\u00fablica Dominicana, los cuales calific\u00f3 como \u201cuna verdadera tragedia nacional\u201d que afecta a cientos de familias cada a\u00f1o. P\u00e9rez Figuereo record\u00f3 que el pasado\u2026","rel":"","context":"En \u00abNACIONALES\u00bb","block_context":{"text":"NACIONALES","link":"https:\/\/lasprimeras.com.do\/index.php\/category\/nacionales\/"},"img":{"alt_text":"accidentes","src":"https:\/\/i0.wp.com\/lasprimeras.com.do\/wp-content\/uploads\/2023\/10\/accidentes.jpeg?resize=350%2C200&ssl=1","width":350,"height":200,"srcset":"https:\/\/i0.wp.com\/lasprimeras.com.do\/wp-content\/uploads\/2023\/10\/accidentes.jpeg?resize=350%2C200&ssl=1 1x, https:\/\/i0.wp.com\/lasprimeras.com.do\/wp-content\/uploads\/2023\/10\/accidentes.jpeg?resize=525%2C300&ssl=1 1.5x, https:\/\/i0.wp.com\/lasprimeras.com.do\/wp-content\/uploads\/2023\/10\/accidentes.jpeg?resize=700%2C400&ssl=1 2x"},"classes":[]},{"id":104711,"url":"https:\/\/lasprimeras.com.do\/index.php\/2025\/07\/26\/cntu-solicita-acompanamiento-en-plan-cero-chatarra-y-retornos-operativos-en-giro-izquierda\/","url_meta":{"origin":85476,"position":4},"title":"CNTU solicita acompa\u00f1amiento en &#8220;Plan Cero Chatarra&#8221; y retornos operativos en giro izquierda","author":"Nelson Feliz","date":"26 de julio de 2025","format":false,"excerpt":"Con el prop\u00f3sito de seguir sacando de las calles y espacios p\u00fablicos miles de unidades vehiculares destartaladas, el presidente de la Central Nacional de Transportistas Unificados (CNTU), William P\u00e9rez Figuereo, solicit\u00f3 el acompa\u00f1amiento t\u00e9cnico del Estado y del Gobierno, a fin de continuar la implementaci\u00f3n del \"Plan Cero Chatarra 2025\",\u2026","rel":"","context":"En \u00abNACIONALES\u00bb","block_context":{"text":"NACIONALES","link":"https:\/\/lasprimeras.com.do\/index.php\/category\/nacionales\/"},"img":{"alt_text":"","src":"https:\/\/i0.wp.com\/lasprimeras.com.do\/wp-content\/uploads\/2025\/07\/william-perez-figuereo.jpg?resize=350%2C200&ssl=1","width":350,"height":200,"srcset":"https:\/\/i0.wp.com\/lasprimeras.com.do\/wp-content\/uploads\/2025\/07\/william-perez-figuereo.jpg?resize=350%2C200&ssl=1 1x, https:\/\/i0.wp.com\/lasprimeras.com.do\/wp-content\/uploads\/2025\/07\/william-perez-figuereo.jpg?resize=525%2C300&ssl=1 1.5x, https:\/\/i0.wp.com\/lasprimeras.com.do\/wp-content\/uploads\/2025\/07\/william-perez-figuereo.jpg?resize=700%2C400&ssl=1 2x"},"classes":[]},{"id":105264,"url":"https:\/\/lasprimeras.com.do\/index.php\/2025\/07\/31\/cntu-propone-al-gobierno-un-plan-para-modernizar-el-transporte-publico-mediante-la-sustitucion-del-parque-vehicular\/","url_meta":{"origin":85476,"position":5},"title":"CNTU propone al Gobierno un plan para modernizar el transporte p\u00fablico mediante la sustituci\u00f3n del parque vehicular","author":"Nelson Feliz","date":"31 de julio de 2025","format":false,"excerpt":"El presidente de la Central Nacional de Transportistas Unificados (CNTU), William P\u00e9rez Figuereo, hizo un llamado al Gobierno del presidente Luis Abinader para impulsar una transformaci\u00f3n en el sistema de transporte p\u00fablico del pa\u00eds, proponiendo la sustituci\u00f3n del parque vehicular por un transporte masivo m\u00e1s eficiente y seguro. P\u00e9rez Figuereo\u2026","rel":"","context":"En \u00abNACIONALES\u00bb","block_context":{"text":"NACIONALES","link":"https:\/\/lasprimeras.com.do\/index.php\/category\/nacionales\/"},"img":{"alt_text":"William P\u00e9rez Figuereo","src":"https:\/\/i0.wp.com\/lasprimeras.com.do\/wp-content\/uploads\/2024\/10\/William-Perez-Figuereo-1.jpg?resize=350%2C200&ssl=1","width":350,"height":200,"srcset":"https:\/\/i0.wp.com\/lasprimeras.com.do\/wp-content\/uploads\/2024\/10\/William-Perez-Figuereo-1.jpg?resize=350%2C200&ssl=1 1x, https:\/\/i0.wp.com\/lasprimeras.com.do\/wp-content\/uploads\/2024\/10\/William-Perez-Figuereo-1.jpg?resize=525%2C300&ssl=1 1.5x, https:\/\/i0.wp.com\/lasprimeras.com.do\/wp-content\/uploads\/2024\/10\/William-Perez-Figuereo-1.jpg?resize=700%2C400&ssl=1 2x"},"classes":[]}],"jetpack_sharing_enabled":true,"_links":{"self":[{"href":"https:\/\/lasprimeras.com.do\/index.php\/wp-json\/wp\/v2\/posts\/85476","targetHints":{"allow":["GET"]}}],"collection":[{"href":"https:\/\/lasprimeras.com.do\/index.php\/wp-json\/wp\/v2\/posts"}],"about":[{"href":"https:\/\/lasprimeras.com.do\/index.php\/wp-json\/wp\/v2\/types\/post"}],"author":[{"embeddable":true,"href":"https:\/\/lasprimeras.com.do\/index.php\/wp-json\/wp\/v2\/users\/2"}],"replies":[{"embeddable":true,"href":"https:\/\/lasprimeras.com.do\/index.php\/wp-json\/wp\/v2\/comments?post=85476"}],"version-history":[{"count":1,"href":"https:\/\/lasprimeras.com.do\/index.php\/wp-json\/wp\/v2\/posts\/85476\/revisions"}],"predecessor-version":[{"id":85478,"href":"https:\/\/lasprimeras.com.do\/index.php\/wp-json\/wp\/v2\/posts\/85476\/revisions\/85478"}],"wp:featuredmedia":[{"embeddable":true,"href":"https:\/\/lasprimeras.com.do\/index.php\/wp-json\/wp\/v2\/media\/85477"}],"wp:attachment":[{"href":"https:\/\/lasprimeras.com.do\/index.php\/wp-json\/wp\/v2\/media?parent=85476"}],"wp:term":[{"taxonomy":"category","embeddable":true,"href":"https:\/\/lasprimeras.com.do\/index.php\/wp-json\/wp\/v2\/categories?post=85476"},{"taxonomy":"post_tag","embeddable":true,"href":"https:\/\/lasprimeras.com.do\/index.php\/wp-json\/wp\/v2\/tags?post=85476"}],"curies":[{"name":"wp","href":"https:\/\/api.w.org\/{rel}","templated":true}]}}