{"id":85482,"date":"2024-06-30T23:12:09","date_gmt":"2024-07-01T03:12:09","guid":{"rendered":"https:\/\/lasprimeras.com.do\/?p=85482"},"modified":"2024-06-30T23:12:09","modified_gmt":"2024-07-01T03:12:09","slug":"santos-badia-destaca-logro-en-favor-del-cuerpo-docente-de-infotep","status":"publish","type":"post","link":"https:\/\/lasprimeras.com.do\/index.php\/2024\/06\/30\/santos-badia-destaca-logro-en-favor-del-cuerpo-docente-de-infotep\/","title":{"rendered":"Santos Bad\u00eda destaca logro en favor del cuerpo docente de INFOTEP"},"content":{"rendered":"\n<p>El director general del Instituto Nacional de Formaci\u00f3n T\u00e9cnico Profesional (INFOTEP), Rafael Santos Bad\u00eda, destac\u00f3 los logros de la instituci\u00f3n en la formaci\u00f3n, actualizaci\u00f3n y bienestar de los y las docentes, en un mensaje dirigido al cuerpo de facilitadores de la instituci\u00f3n.<\/p>\n\n\n\n<p>\u201cEstas acciones han sido una prioridad de nuestra gesti\u00f3n, conjuntamente con la ampliaci\u00f3n de la infraestructura, la revisi\u00f3n de la curr\u00edcula y la instauraci\u00f3n de una cultura de innovaci\u00f3n que permea a toda la instituci\u00f3n\u201d, afirm\u00f3.<\/p>\n\n\n\n<p>Santos Bad\u00eda ponder\u00f3 la labor del magisterio, al celebrarse este 30 de junio el D\u00eda del Maestro y la Maestra.<\/p>\n\n\n\n<p>\u201cQuiero felicitar a todas y todos los docentes del INFOTEP, que entre los propios y los que ofrecen formaci\u00f3n a trav\u00e9s de los Centros Operativos del Sistema (COS) son alrededor de cinco mil\u201d, expuso.<\/p>\n\n\n\n<p>Dijo que la labor del y la docente de instruir, conducir y amar a sus estudiantes o participantes, se ve reforzada por una corriente que renace hoy en la educaci\u00f3n, la formaci\u00f3n y la capacitaci\u00f3n, creando oportunidades para el desarrollo y el bienestar.<\/p>\n\n\n\n<p>Inform\u00f3 que desde el a\u00f1o 2020 a la fecha se han ejecutado mil 607 cursos o acciones formativas a facilitadores, de las cuales 845 corresponden a docentes de nuevo ingreso y 763 a facilitadores activos en el sistema.<\/p>\n\n\n\n<p>\u201cEn t\u00e9rmino de la actualizaci\u00f3n, hemos establecido que los y las docentes deben cumplir con el requerimiento de participar cada a\u00f1o en alg\u00fan tipo de capacitaci\u00f3n, ya sea metodol\u00f3gica, t\u00e9cnica o transversal, incluidos seminarios, talleres o conferencias, impartidos por el INFOTEP u otra instituci\u00f3n p\u00fablica o privada\u201d, manifest\u00f3.<\/p>\n\n\n\n<p>En lo concerniente al bienestar de los y las docentes, Santos Bad\u00eda encontr\u00f3 que s\u00f3lo 600 facilitadores ten\u00edan contratos, y en plena pandemia logr\u00f3 contratar mil 800, con la formulaci\u00f3n del plan de alineamiento institucional de septiembre de 2020.<\/p>\n\n\n\n<p>Dijo que la instituci\u00f3n cuenta con 3 mil 337 docentes y una expansi\u00f3n que en la actualidad suman 51 centros e instalaciones, lo cual le ha permitido elevar la oferta formativa y ampliar la cobertura, llevando los centros de capacitaci\u00f3n, cerca de donde vive la gente.<\/p>\n\n\n\n<p>Requisitos de entrada<\/p>\n\n\n\n<p>Sobre los requisitos de entrada de docentes al INFOTEP, primero debe haber hecho los cursos de formaci\u00f3n metodol\u00f3gica y contar con una preparaci\u00f3n profesional de base.<\/p>\n\n\n\n<p>\u201cEsta formaci\u00f3n metodol\u00f3gica es la v\u00eda de transferir el modelo did\u00e1ctico, se transfieren los principios del enfoque de formaci\u00f3n por competencias, enfatizando en los cuatros pilares de la educaci\u00f3n: aprender a conocer, aprender a hacer, aprender a vivir juntos y aprender a ser\u201d.<\/p>\n\n\n\n<p>Tambi\u00e9n informa que cada a\u00f1o se dise\u00f1a y ejecuta un plan de formaci\u00f3n, actualizaci\u00f3n y perfeccionamiento del cuerpo docente, con miras a elevar el nivel de competencias, de acuerdo con las necesidades y demanda de los programas y el entorno.<\/p>\n\n\n\n<p>Este plan se elabora a partir de los diagn\u00f3sticos de necesidades, resultados de los acompa\u00f1amientos y tendencias del mercado.<\/p>\n","protected":false},"excerpt":{"rendered":"<p>El director general del Instituto Nacional de Formaci\u00f3n T\u00e9cnico Profesional (INFOTEP), Rafael Santos Bad\u00eda, destac\u00f3 los logros de la instituci\u00f3n en la formaci\u00f3n, actualizaci\u00f3n y bienestar de los y las&hellip;<\/p>\n","protected":false},"author":2,"featured_media":85483,"comment_status":"open","ping_status":"open","sticky":false,"template":"","format":"standard","meta":{"content-type":"","jetpack_post_was_ever_published":false,"_jetpack_newsletter_access":"","_jetpack_dont_email_post_to_subs":false,"_jetpack_newsletter_tier_id":0,"_jetpack_memberships_contains_paywalled_content":false,"_jetpack_memberships_contains_paid_content":false,"footnotes":""},"categories":[35],"tags":[13900,1880,13899,12647],"class_list":["post-85482","post","type-post","status-publish","format-standard","has-post-thumbnail","hentry","category-nacionales","tag-cuerpo-docente","tag-infotep","tag-logro","tag-rafael-santos-badia"],"jetpack_featured_media_url":"https:\/\/lasprimeras.com.do\/wp-content\/uploads\/2024\/06\/Rafael-Santos-Badia-2.jpg","jetpack-related-posts":[{"id":102058,"url":"https:\/\/lasprimeras.com.do\/index.php\/2025\/06\/30\/infotep-fortalece-la-calidad-formativa-en-su-cuerpo-docente\/","url_meta":{"origin":85482,"position":0},"title":"INFOTEP fortalece la calidad formativa en su cuerpo docente","author":"Nelson Feliz","date":"30 de junio de 2025","format":false,"excerpt":"\u2022-En el marco del D\u00eda Nacional del Maestro, el director del INFOTEP rindi\u00f3 homenaje a los docentes de la instituci\u00f3n, afirmando que son trasformadores sociales. El Instituto Nacional de Formaci\u00f3n T\u00e9cnico Profesional (INFOTEP) reafirma su compromiso con la calidad de la ense\u00f1anza t\u00e9cnico-profesional, colocando en el centro de su estrategia\u2026","rel":"","context":"En \u00abNACIONALES\u00bb","block_context":{"text":"NACIONALES","link":"https:\/\/lasprimeras.com.do\/index.php\/category\/nacionales\/"},"img":{"alt_text":"","src":"https:\/\/i0.wp.com\/lasprimeras.com.do\/wp-content\/uploads\/2025\/06\/Rafael-Santos.jpg?resize=350%2C200&ssl=1","width":350,"height":200,"srcset":"https:\/\/i0.wp.com\/lasprimeras.com.do\/wp-content\/uploads\/2025\/06\/Rafael-Santos.jpg?resize=350%2C200&ssl=1 1x, https:\/\/i0.wp.com\/lasprimeras.com.do\/wp-content\/uploads\/2025\/06\/Rafael-Santos.jpg?resize=525%2C300&ssl=1 1.5x, https:\/\/i0.wp.com\/lasprimeras.com.do\/wp-content\/uploads\/2025\/06\/Rafael-Santos.jpg?resize=700%2C400&ssl=1 2x"},"classes":[]},{"id":54793,"url":"https:\/\/lasprimeras.com.do\/index.php\/2023\/07\/14\/el-infotep-revoluciona-su-modelo-docente-acorde-a-retos-del-futuro\/","url_meta":{"origin":85482,"position":1},"title":"El INFOTEP revoluciona su modelo docente acorde a retos del futuro","author":"Nelson Feliz","date":"14 de julio de 2023","format":false,"excerpt":"La instituci\u00f3n llev\u00f3 a cabo la conferencia \u201cModelo de Formaci\u00f3n: incertidumbre del presente y retos del futuro\u201d, a cargo del experto internacional Gregorio Luri Por Mart\u00edn Restituyo El Instituto Nacional de Formaci\u00f3n T\u00e9cnico Profesional (INFOTEP) se encuentra sumergido en un proceso de evaluaci\u00f3n y revoluci\u00f3n de su modelo docente para\u2026","rel":"","context":"En \u00abNACIONALES\u00bb","block_context":{"text":"NACIONALES","link":"https:\/\/lasprimeras.com.do\/index.php\/category\/nacionales\/"},"img":{"alt_text":"El director general del INFOTEP, Rafael Santos Bad\u00eda","src":"https:\/\/i0.wp.com\/lasprimeras.com.do\/wp-content\/uploads\/2023\/07\/Rafael-Santos-Badia-2.jpg?resize=350%2C200&ssl=1","width":350,"height":200,"srcset":"https:\/\/i0.wp.com\/lasprimeras.com.do\/wp-content\/uploads\/2023\/07\/Rafael-Santos-Badia-2.jpg?resize=350%2C200&ssl=1 1x, https:\/\/i0.wp.com\/lasprimeras.com.do\/wp-content\/uploads\/2023\/07\/Rafael-Santos-Badia-2.jpg?resize=525%2C300&ssl=1 1.5x, https:\/\/i0.wp.com\/lasprimeras.com.do\/wp-content\/uploads\/2023\/07\/Rafael-Santos-Badia-2.jpg?resize=700%2C400&ssl=1 2x"},"classes":[]},{"id":102310,"url":"https:\/\/lasprimeras.com.do\/index.php\/2025\/07\/03\/infotep-entrega-certificados-a-230-dirigentes-de-la-adp-tras-culminar-diplomado\/","url_meta":{"origin":85482,"position":2},"title":"INFOTEP entrega certificados a 230 dirigentes de la ADP tras culminar Diplomado","author":"Nelson Feliz","date":"3 de julio de 2025","format":false,"excerpt":"El Instituto Nacional de Formaci\u00f3n T\u00e9cnico Profesional (INFOTEP) entreg\u00f3 los certificados del \u201cDiplomado Gestores de Procesos Formativos\u201d a 230 maestros y maestras, dirigentes sindicales, de la Asociaci\u00f3n Dominicana de Profesores (ADP). Ahora estos dirigentes sindicales tendr\u00e1n la responsabilidad de multiplicar en cascada la rica experiencia de este diplomado a toda\u2026","rel":"","context":"En \u00abNACIONALES\u00bb","block_context":{"text":"NACIONALES","link":"https:\/\/lasprimeras.com.do\/index.php\/category\/nacionales\/"},"img":{"alt_text":"","src":"https:\/\/i0.wp.com\/lasprimeras.com.do\/wp-content\/uploads\/2025\/07\/INFOTEP-1.jpg?resize=350%2C200&ssl=1","width":350,"height":200,"srcset":"https:\/\/i0.wp.com\/lasprimeras.com.do\/wp-content\/uploads\/2025\/07\/INFOTEP-1.jpg?resize=350%2C200&ssl=1 1x, https:\/\/i0.wp.com\/lasprimeras.com.do\/wp-content\/uploads\/2025\/07\/INFOTEP-1.jpg?resize=525%2C300&ssl=1 1.5x, https:\/\/i0.wp.com\/lasprimeras.com.do\/wp-content\/uploads\/2025\/07\/INFOTEP-1.jpg?resize=700%2C400&ssl=1 2x"},"classes":[]},{"id":102039,"url":"https:\/\/lasprimeras.com.do\/index.php\/2025\/06\/30\/director-de-infotep-afirma-capacitacion-impulsa-empleos-innovacion-y-desarrollo-desde-cada-rincon-del-pais\/","url_meta":{"origin":85482,"position":3},"title":"Director de INFOTEP afirma capacitaci\u00f3n impulsa empleos, innovaci\u00f3n y desarrollo desde cada rinc\u00f3n del pa\u00eds","author":"Nelson Feliz","date":"30 de junio de 2025","format":false,"excerpt":"\u00b7Rafael Santos Bad\u00eda, destac\u00f3 que bajo el gobierno de Luis Abinader se han formado m\u00e1s de 2.7 millones de personas, y afirm\u00f3 que \u201cel pa\u00eds entero quiere INFOTEP\u201d por su impacto en el empleo y el desarrollo local. El director general del Instituto Nacional de Formaci\u00f3n T\u00e9cnico Profesional (INFOTEP), Rafael\u2026","rel":"","context":"En \u00abNACIONALES\u00bb","block_context":{"text":"NACIONALES","link":"https:\/\/lasprimeras.com.do\/index.php\/category\/nacionales\/"},"img":{"alt_text":"Rafael Santos Bad\u00eda","src":"https:\/\/i0.wp.com\/lasprimeras.com.do\/wp-content\/uploads\/2025\/06\/infotep-3.jpg?resize=350%2C200&ssl=1","width":350,"height":200,"srcset":"https:\/\/i0.wp.com\/lasprimeras.com.do\/wp-content\/uploads\/2025\/06\/infotep-3.jpg?resize=350%2C200&ssl=1 1x, https:\/\/i0.wp.com\/lasprimeras.com.do\/wp-content\/uploads\/2025\/06\/infotep-3.jpg?resize=525%2C300&ssl=1 1.5x, https:\/\/i0.wp.com\/lasprimeras.com.do\/wp-content\/uploads\/2025\/06\/infotep-3.jpg?resize=700%2C400&ssl=1 2x"},"classes":[]},{"id":116899,"url":"https:\/\/lasprimeras.com.do\/index.php\/2025\/12\/04\/infotep-gradua-1416-nuevos-tecnicos-docentes-y-especialistas-en-la-region-sur\/","url_meta":{"origin":85482,"position":4},"title":"Infotep grad\u00faa 1,416 nuevos t\u00e9cnicos, docentes y especialistas en la regi\u00f3n Sur","author":"Nelson Feliz","date":"4 de diciembre de 2025","format":false,"excerpt":"Rafael Santos Bad\u00eda declar\u00f3 que entre 2020 y 2025, en San Juan y El\u00edas Pi\u00f1a, se han capacitado m\u00e1s de 125,345 personas. El Instituto Nacional de Formaci\u00f3n T\u00e9cnico Profesional (Infotep) gradu\u00f3 1,416 nuevos t\u00e9cnicos, docentes y especialistas en 17 ocupaciones de alta demanda, en la ceremonia ordinaria correspondiente a la\u2026","rel":"","context":"En \u00abNACIONALES\u00bb","block_context":{"text":"NACIONALES","link":"https:\/\/lasprimeras.com.do\/index.php\/category\/nacionales\/"},"img":{"alt_text":"","src":"https:\/\/i0.wp.com\/lasprimeras.com.do\/wp-content\/uploads\/2025\/12\/Infotep.jpg?resize=350%2C200&ssl=1","width":350,"height":200,"srcset":"https:\/\/i0.wp.com\/lasprimeras.com.do\/wp-content\/uploads\/2025\/12\/Infotep.jpg?resize=350%2C200&ssl=1 1x, https:\/\/i0.wp.com\/lasprimeras.com.do\/wp-content\/uploads\/2025\/12\/Infotep.jpg?resize=525%2C300&ssl=1 1.5x, https:\/\/i0.wp.com\/lasprimeras.com.do\/wp-content\/uploads\/2025\/12\/Infotep.jpg?resize=700%2C400&ssl=1 2x"},"classes":[]},{"id":88099,"url":"https:\/\/lasprimeras.com.do\/index.php\/2024\/08\/22\/asp-infotep-y-coopnama-reconocen-a-rafael-santos-badia\/","url_meta":{"origin":85482,"position":5},"title":"ASP-INFOTEP y COOPNAMA reconocen a Rafael Santos Bad\u00eda","author":"Nelson Feliz","date":"22 de agosto de 2024","format":false,"excerpt":"Por Martin Restituyo El director general del Instituto Nacional de Formaci\u00f3n T\u00e9cnico Profesional (INFOTEP), Rafael Santos Bad\u00eda, recibi\u00f3 dos placas de reconocimiento por parte de la Asociaci\u00f3n de Servidores P\u00fablicos del INFOTEP (ASP-INFOTEP), y la Cooperativa Nacional de Servicios M\u00faltiples de los Maestros (COOPNAMA), por su demostrado compromiso con el\u2026","rel":"","context":"En \u00abNACIONALES\u00bb","block_context":{"text":"NACIONALES","link":"https:\/\/lasprimeras.com.do\/index.php\/category\/nacionales\/"},"img":{"alt_text":"","src":"https:\/\/i0.wp.com\/lasprimeras.com.do\/wp-content\/uploads\/2024\/08\/badia-1.jpg?resize=350%2C200&ssl=1","width":350,"height":200,"srcset":"https:\/\/i0.wp.com\/lasprimeras.com.do\/wp-content\/uploads\/2024\/08\/badia-1.jpg?resize=350%2C200&ssl=1 1x, https:\/\/i0.wp.com\/lasprimeras.com.do\/wp-content\/uploads\/2024\/08\/badia-1.jpg?resize=525%2C300&ssl=1 1.5x"},"classes":[]}],"jetpack_sharing_enabled":true,"_links":{"self":[{"href":"https:\/\/lasprimeras.com.do\/index.php\/wp-json\/wp\/v2\/posts\/85482","targetHints":{"allow":["GET"]}}],"collection":[{"href":"https:\/\/lasprimeras.com.do\/index.php\/wp-json\/wp\/v2\/posts"}],"about":[{"href":"https:\/\/lasprimeras.com.do\/index.php\/wp-json\/wp\/v2\/types\/post"}],"author":[{"embeddable":true,"href":"https:\/\/lasprimeras.com.do\/index.php\/wp-json\/wp\/v2\/users\/2"}],"replies":[{"embeddable":true,"href":"https:\/\/lasprimeras.com.do\/index.php\/wp-json\/wp\/v2\/comments?post=85482"}],"version-history":[{"count":1,"href":"https:\/\/lasprimeras.com.do\/index.php\/wp-json\/wp\/v2\/posts\/85482\/revisions"}],"predecessor-version":[{"id":85484,"href":"https:\/\/lasprimeras.com.do\/index.php\/wp-json\/wp\/v2\/posts\/85482\/revisions\/85484"}],"wp:featuredmedia":[{"embeddable":true,"href":"https:\/\/lasprimeras.com.do\/index.php\/wp-json\/wp\/v2\/media\/85483"}],"wp:attachment":[{"href":"https:\/\/lasprimeras.com.do\/index.php\/wp-json\/wp\/v2\/media?parent=85482"}],"wp:term":[{"taxonomy":"category","embeddable":true,"href":"https:\/\/lasprimeras.com.do\/index.php\/wp-json\/wp\/v2\/categories?post=85482"},{"taxonomy":"post_tag","embeddable":true,"href":"https:\/\/lasprimeras.com.do\/index.php\/wp-json\/wp\/v2\/tags?post=85482"}],"curies":[{"name":"wp","href":"https:\/\/api.w.org\/{rel}","templated":true}]}}