{"id":85518,"date":"2024-07-01T23:01:51","date_gmt":"2024-07-02T03:01:51","guid":{"rendered":"https:\/\/lasprimeras.com.do\/?p=85518"},"modified":"2024-07-01T23:01:53","modified_gmt":"2024-07-02T03:01:53","slug":"caasd-despliega-equipos-de-operaciones-ante-efectos-de-huracan-beryl","status":"publish","type":"post","link":"https:\/\/lasprimeras.com.do\/index.php\/2024\/07\/01\/caasd-despliega-equipos-de-operaciones-ante-efectos-de-huracan-beryl\/","title":{"rendered":"CAASD despliega equipos de Operaciones ante efectos de hurac\u00e1n Beryl"},"content":{"rendered":"\n<p>El comit\u00e9 de emergencia de la Corporaci\u00f3n del Acueducto y Alcantarillado de Santo Domingo (CAASD) puso en marcha sus equipos de Hidrolog\u00eda, Calidad de las Aguas y unidades operativas para tomar acciones preventivas y enfrentar de manera eficiente cualquier eventualidad que se produzca con el suministro de agua potable ante el inminente paso por el Caribe del hurac\u00e1n Beryl.<\/p>\n\n\n\n<p>El director general de la entidad, Fellito Suberv\u00ed, indic\u00f3 que se est\u00e1 trabajando para garantizar el agua potable a la poblaci\u00f3n del Gran Santo Domingo, ante cualquier eventualidad que provoque el fen\u00f3meno atmosf\u00e9rico, tambi\u00e9n tomando todas las precauciones de lugar y siguiendo las recomendaciones emitidas por los organismos oficiales que dan seguimiento al peligroso fen\u00f3meno atmosf\u00e9rico.<\/p>\n\n\n\n<p>Para este martes se prev\u00e9 que el evento pase a unos 300 kil\u00f3metros al sur de la isla y los efectos asociados a las lluvias estar\u00edan dejando un acumulado entre 50 y 70 mililitros.<\/p>\n\n\n\n<p>De acuerdo con la ONAMET, hay una alerta que va desde la isla Saona hasta la Beata y zonas costeras desde La Altagracia hasta Pedernales, igualmente, para el Gran Santo Domingo se pronostican intensos aguaceros a partir de ma\u00f1ana martes.<\/p>\n\n\n\n<p>El director de la CAASD manifest\u00f3 que la Direcci\u00f3n de Operaciones, conjuntamente con otros departamentos, coordina acciones que aseguren la continuidad del servicio de agua potable para el Gran Santo Domingo antes, durante y despu\u00e9s del paso del hurac\u00e1n.<\/p>\n\n\n\n<p>\u201cEl departamento de Hidrolog\u00eda, Calidad de las Aguas, Medio Ambiente, Seguridad Militar, Unidad Ejecutora y Log\u00edstica, trabajan en conjunto con Operaciones para dar respuesta r\u00e1pida a las eventualidades que se presenten, producto de los efectos de este importante fen\u00f3meno que estar\u00e1 incidiendo de manera directa a partir de ma\u00f1ana en gran parte del territorio nacional\u201d, precis\u00f3.<\/p>\n\n\n\n<p>Dijo que los brigadistas de la CAASD trabajan en la limpieza y desobstrucci\u00f3n de las ca\u00f1adas intervenidas, as\u00ed como del retiro de escombros y desechos, como es el caso de la 800ta, en Los R\u00edos; Guajim\u00eda, Los Girasoles, Arroyo Manzano, Villa Emilia, Mara\u00f1\u00f3n y Peralejos, entre otras, para evitar desbordamientos e inundaciones.<\/p>\n\n\n\n<p>Asimismo, el director de la CAASD dio instrucciones para limpiar los registros de los parques Cristo Park y Sabana Park.<\/p>\n\n\n\n<p>Suberv\u00ed llam\u00f3 a la poblaci\u00f3n a tomar todas las medidas preventivas ante posibles inundaciones y a estar pendientes de los boletines que se emiten desde el Gobierno central y los organismos de socorro.<\/p>\n\n\n\n<p>Beryl es un poderoso hurac\u00e1n, categor\u00eda 4 cuyos vientos m\u00e1ximos sostenidos son de 220 kil\u00f3metros por hora.<\/p>\n","protected":false},"excerpt":{"rendered":"<p>El comit\u00e9 de emergencia de la Corporaci\u00f3n del Acueducto y Alcantarillado de Santo Domingo (CAASD) puso en marcha sus equipos de Hidrolog\u00eda, Calidad de las Aguas y unidades operativas para&hellip;<\/p>\n","protected":false},"author":2,"featured_media":85519,"comment_status":"open","ping_status":"open","sticky":false,"template":"","format":"standard","meta":{"content-type":"","jetpack_post_was_ever_published":false,"_jetpack_newsletter_access":"","_jetpack_dont_email_post_to_subs":false,"_jetpack_newsletter_tier_id":0,"_jetpack_memberships_contains_paywalled_content":false,"_jetpack_memberships_contains_paid_content":false,"footnotes":""},"categories":[35,25],"tags":[697,9296,13883,612],"class_list":["post-85518","post","type-post","status-publish","format-standard","has-post-thumbnail","hentry","category-nacionales","category-portada","tag-caasd","tag-efectos","tag-huracan-beryl","tag-operaciones"],"jetpack_featured_media_url":"https:\/\/lasprimeras.com.do\/wp-content\/uploads\/2024\/07\/Fellito-Subervi-1.jpg","jetpack-related-posts":[{"id":85603,"url":"https:\/\/lasprimeras.com.do\/index.php\/2024\/07\/03\/caasd-informa-que-sus-acueductos-operan-normales-tras-el-paso-de-beryl\/","url_meta":{"origin":85518,"position":0},"title":"CAASD informa que sus acueductos operan normales tras el paso de Beryl","author":"Nelson Feliz","date":"3 de julio de 2024","format":false,"excerpt":"La producci\u00f3n de agua potable se encuentra en 446 millones de galones. Todos los acueductos operan con normalidad, luego del paso del hurac\u00e1n Beryl por aguas del Caribe, mientras la producci\u00f3n de agua potable se mantiene en 446 millones de galones diarios, inform\u00f3 la Corporaci\u00f3n del Acueducto y Alcantarillado de\u2026","rel":"","context":"En \u00abNACIONALES\u00bb","block_context":{"text":"NACIONALES","link":"https:\/\/lasprimeras.com.do\/index.php\/category\/nacionales\/"},"img":{"alt_text":"","src":"https:\/\/i0.wp.com\/lasprimeras.com.do\/wp-content\/uploads\/2024\/07\/Foto2.jpeg?resize=350%2C200&ssl=1","width":350,"height":200,"srcset":"https:\/\/i0.wp.com\/lasprimeras.com.do\/wp-content\/uploads\/2024\/07\/Foto2.jpeg?resize=350%2C200&ssl=1 1x, https:\/\/i0.wp.com\/lasprimeras.com.do\/wp-content\/uploads\/2024\/07\/Foto2.jpeg?resize=525%2C300&ssl=1 1.5x, https:\/\/i0.wp.com\/lasprimeras.com.do\/wp-content\/uploads\/2024\/07\/Foto2.jpeg?resize=700%2C400&ssl=1 2x"},"classes":[]},{"id":85565,"url":"https:\/\/lasprimeras.com.do\/index.php\/2024\/07\/02\/el-huracan-beryl-no-causa-danos-a-republica-dominicana\/","url_meta":{"origin":85518,"position":1},"title":"El hurac\u00e1n Beryl no causa da\u00f1os \u00a0a Rep\u00fablica Dominicana","author":"Nelson Feliz","date":"2 de julio de 2024","format":false,"excerpt":"Las condiciones atmosf\u00e9ricas mejorar\u00e1n ma\u00f1ana en Rep\u00fablica Dominicana, luego de que este martes las lluvias causadas por el hurac\u00e1n Beryl en el sur y suroeste obligaran al desplazamiento de 37 personas en varios puntos del pa\u00eds. Las autoridades meteorol\u00f3gicas y de socorro afirmaron que se produjeron evacuaciones preventivas y obligatorias\u2026","rel":"","context":"En \u00abNACIONALES\u00bb","block_context":{"text":"NACIONALES","link":"https:\/\/lasprimeras.com.do\/index.php\/category\/nacionales\/"},"img":{"alt_text":"","src":"https:\/\/i0.wp.com\/lasprimeras.com.do\/wp-content\/uploads\/2024\/07\/huracan-Beryl.jpg?resize=350%2C200&ssl=1","width":350,"height":200,"srcset":"https:\/\/i0.wp.com\/lasprimeras.com.do\/wp-content\/uploads\/2024\/07\/huracan-Beryl.jpg?resize=350%2C200&ssl=1 1x, https:\/\/i0.wp.com\/lasprimeras.com.do\/wp-content\/uploads\/2024\/07\/huracan-Beryl.jpg?resize=525%2C300&ssl=1 1.5x, https:\/\/i0.wp.com\/lasprimeras.com.do\/wp-content\/uploads\/2024\/07\/huracan-Beryl.jpg?resize=700%2C400&ssl=1 2x"},"classes":[]},{"id":85443,"url":"https:\/\/lasprimeras.com.do\/index.php\/2024\/06\/30\/abinader-lo-principal-es-salvar-vidas-y-coordinar-con-gobiernos-locales-ante-huracan-beryl\/","url_meta":{"origin":85518,"position":2},"title":"Abinader: lo principal es salvar vidas y coordinar con gobiernos locales ante hurac\u00e1n Beryl","author":"Nelson Feliz","date":"30 de junio de 2024","format":false,"excerpt":"El presidente Luis Abinader afirm\u00f3 este domingo que las medidas urgentes son salvar vidas y trabajar en coordinaci\u00f3n con los gobiernos locales ante la amenaza del hurac\u00e1n Beryl, categor\u00eda 4, que estar\u00eda pasando al Sur de la Rep\u00fablica Dominicana este martes. \u201cLo principal ahora mismo y las medidas urgentes son\u2026","rel":"","context":"En \u00abNACIONALES\u00bb","block_context":{"text":"NACIONALES","link":"https:\/\/lasprimeras.com.do\/index.php\/category\/nacionales\/"},"img":{"alt_text":"Luis Abinader","src":"https:\/\/i0.wp.com\/lasprimeras.com.do\/wp-content\/uploads\/2024\/06\/Luis-Abinader-13.jpg?resize=350%2C200&ssl=1","width":350,"height":200,"srcset":"https:\/\/i0.wp.com\/lasprimeras.com.do\/wp-content\/uploads\/2024\/06\/Luis-Abinader-13.jpg?resize=350%2C200&ssl=1 1x, https:\/\/i0.wp.com\/lasprimeras.com.do\/wp-content\/uploads\/2024\/06\/Luis-Abinader-13.jpg?resize=525%2C300&ssl=1 1.5x"},"classes":[]},{"id":85538,"url":"https:\/\/lasprimeras.com.do\/index.php\/2024\/07\/01\/pedernales-y-barahona-en-alerta-roja-seran-las-provincias-mas-afectadas-por-lluvias-de-beryl\/","url_meta":{"origin":85518,"position":3},"title":"Pedernales y Barahona en alerta roja: Ser\u00e1n las provincias m\u00e1s afectadas por lluvias de Beryl","author":"Nelson Feliz","date":"1 de julio de 2024","format":false,"excerpt":"Se esperan lluvias significativas en gran parte del territorio nacional, ya que se esperan entre 50 y 150 mil\u00edmetros y en lugares aislados, se podr\u00edan alcanzar hasta los 200. El Centro de Operaciones de Emergencia (COE) coloc\u00f3 bajo alerta roja a las provincias de Barahona y Pedernales, ya que ser\u00e1n\u2026","rel":"","context":"En \u00abNACIONALES\u00bb","block_context":{"text":"NACIONALES","link":"https:\/\/lasprimeras.com.do\/index.php\/category\/nacionales\/"},"img":{"alt_text":"","src":"https:\/\/i0.wp.com\/lasprimeras.com.do\/wp-content\/uploads\/2024\/07\/trayec.jpeg?resize=350%2C200&ssl=1","width":350,"height":200,"srcset":"https:\/\/i0.wp.com\/lasprimeras.com.do\/wp-content\/uploads\/2024\/07\/trayec.jpeg?resize=350%2C200&ssl=1 1x, https:\/\/i0.wp.com\/lasprimeras.com.do\/wp-content\/uploads\/2024\/07\/trayec.jpeg?resize=525%2C300&ssl=1 1.5x, https:\/\/i0.wp.com\/lasprimeras.com.do\/wp-content\/uploads\/2024\/07\/trayec.jpeg?resize=700%2C400&ssl=1 2x"},"classes":[]},{"id":85541,"url":"https:\/\/lasprimeras.com.do\/index.php\/2024\/07\/01\/autoridades-mantendran-jornada-laboral-pese-acercamiento-de-huracan-beryl\/","url_meta":{"origin":85518,"position":4},"title":"Autoridades mantendr\u00e1n jornada laboral pese acercamiento de hurac\u00e1n Beryl","author":"Nelson Feliz","date":"1 de julio de 2024","format":false,"excerpt":"De acuerdo con el Centro Nacional de Huracanes de Estados Unidos (NHC, por su sigla en ingl\u00e9s), el hurac\u00e1n Beryl se convirti\u00f3 en categor\u00eda 5. Hasta el momento las labores se mantendr\u00e1n este martes en la Rep\u00fablica Dominicana, de acuerdo a lo dicho por las autoridades este lunes. De acuerdo\u2026","rel":"","context":"En \u00abNACIONALES\u00bb","block_context":{"text":"NACIONALES","link":"https:\/\/lasprimeras.com.do\/index.php\/category\/nacionales\/"},"img":{"alt_text":"","src":"https:\/\/i0.wp.com\/lasprimeras.com.do\/wp-content\/uploads\/2024\/07\/Joel-Santos-1.jpeg?resize=350%2C200&ssl=1","width":350,"height":200,"srcset":"https:\/\/i0.wp.com\/lasprimeras.com.do\/wp-content\/uploads\/2024\/07\/Joel-Santos-1.jpeg?resize=350%2C200&ssl=1 1x, https:\/\/i0.wp.com\/lasprimeras.com.do\/wp-content\/uploads\/2024\/07\/Joel-Santos-1.jpeg?resize=525%2C300&ssl=1 1.5x, https:\/\/i0.wp.com\/lasprimeras.com.do\/wp-content\/uploads\/2024\/07\/Joel-Santos-1.jpeg?resize=700%2C400&ssl=1 2x"},"classes":[]},{"id":85535,"url":"https:\/\/lasprimeras.com.do\/index.php\/2024\/07\/01\/beryl-se-transforma-en-huracan-de-categoria-5\/","url_meta":{"origin":85518,"position":5},"title":"Beryl se transforma en hurac\u00e1n de categor\u00eda 5","author":"Nelson Feliz","date":"1 de julio de 2024","format":false,"excerpt":"El NHC describi\u00f3 a Beryl como un \u201churac\u00e1n de categor\u00eda 5 potencialmente catastr\u00f3fico para la zona este del Caribe. SAULO MOTA TELEM\u00cdN El Centro Nacional de Huracanes de Estados Unidos (NHC, por su sigla en ingl\u00e9s) inform\u00f3 este lunes que el hurac\u00e1n Beryl se convirti\u00f3 en categor\u00eda 5. Asimismo, la\u2026","rel":"","context":"En \u00abNACIONALES\u00bb","block_context":{"text":"NACIONALES","link":"https:\/\/lasprimeras.com.do\/index.php\/category\/nacionales\/"},"img":{"alt_text":"","src":"https:\/\/i0.wp.com\/lasprimeras.com.do\/wp-content\/uploads\/2024\/07\/beryl.jpeg?resize=350%2C200&ssl=1","width":350,"height":200,"srcset":"https:\/\/i0.wp.com\/lasprimeras.com.do\/wp-content\/uploads\/2024\/07\/beryl.jpeg?resize=350%2C200&ssl=1 1x, https:\/\/i0.wp.com\/lasprimeras.com.do\/wp-content\/uploads\/2024\/07\/beryl.jpeg?resize=525%2C300&ssl=1 1.5x, https:\/\/i0.wp.com\/lasprimeras.com.do\/wp-content\/uploads\/2024\/07\/beryl.jpeg?resize=700%2C400&ssl=1 2x"},"classes":[]}],"jetpack_sharing_enabled":true,"_links":{"self":[{"href":"https:\/\/lasprimeras.com.do\/index.php\/wp-json\/wp\/v2\/posts\/85518","targetHints":{"allow":["GET"]}}],"collection":[{"href":"https:\/\/lasprimeras.com.do\/index.php\/wp-json\/wp\/v2\/posts"}],"about":[{"href":"https:\/\/lasprimeras.com.do\/index.php\/wp-json\/wp\/v2\/types\/post"}],"author":[{"embeddable":true,"href":"https:\/\/lasprimeras.com.do\/index.php\/wp-json\/wp\/v2\/users\/2"}],"replies":[{"embeddable":true,"href":"https:\/\/lasprimeras.com.do\/index.php\/wp-json\/wp\/v2\/comments?post=85518"}],"version-history":[{"count":1,"href":"https:\/\/lasprimeras.com.do\/index.php\/wp-json\/wp\/v2\/posts\/85518\/revisions"}],"predecessor-version":[{"id":85520,"href":"https:\/\/lasprimeras.com.do\/index.php\/wp-json\/wp\/v2\/posts\/85518\/revisions\/85520"}],"wp:featuredmedia":[{"embeddable":true,"href":"https:\/\/lasprimeras.com.do\/index.php\/wp-json\/wp\/v2\/media\/85519"}],"wp:attachment":[{"href":"https:\/\/lasprimeras.com.do\/index.php\/wp-json\/wp\/v2\/media?parent=85518"}],"wp:term":[{"taxonomy":"category","embeddable":true,"href":"https:\/\/lasprimeras.com.do\/index.php\/wp-json\/wp\/v2\/categories?post=85518"},{"taxonomy":"post_tag","embeddable":true,"href":"https:\/\/lasprimeras.com.do\/index.php\/wp-json\/wp\/v2\/tags?post=85518"}],"curies":[{"name":"wp","href":"https:\/\/api.w.org\/{rel}","templated":true}]}}