{"id":85523,"date":"2024-07-01T23:18:24","date_gmt":"2024-07-02T03:18:24","guid":{"rendered":"https:\/\/lasprimeras.com.do\/?p=85523"},"modified":"2024-07-01T23:18:25","modified_gmt":"2024-07-02T03:18:25","slug":"kelvin-cruz-instruye-a-alcaldes-a-sumarse-a-organismos-de-socorro-ante-el-paso-de-beryl","status":"publish","type":"post","link":"https:\/\/lasprimeras.com.do\/index.php\/2024\/07\/01\/kelvin-cruz-instruye-a-alcaldes-a-sumarse-a-organismos-de-socorro-ante-el-paso-de-beryl\/","title":{"rendered":"Kelvin Cruz instruye a alcaldes a sumarse a organismos de socorro ante el paso de Beryl"},"content":{"rendered":"\n<p>El presidente de la Federaci\u00f3n Dominicana de Municipios (Fedomu), Kelvin Cruz, instruy\u00f3 a los gobiernos locales de las provincias bajo a alerta a colaborar con los organismos de socorro ante el paso del&nbsp; hurac\u00e1n Beryl por el territorio nacional.<\/p>\n\n\n\n<p>El tambi\u00e9n alcalde del municipio de La Vega, recomend\u00f3 a sus colegas activar los comit\u00e9s municipales de Prevenci\u00f3n, Mitigaci\u00f3n y Respuestas, y poner a disposici\u00f3n los equipos disponibles y toda la estructura de servicios de los gobiernos locales en favor de los organismos de socorro.<\/p>\n\n\n\n<p>Kelvin Cruz record\u00f3 que es un deber imprescindible de los alcaldes contribuir a la preservaci\u00f3n de vidas y propiedades mediante acciones y orientaciones a sus mun\u00edcipes sobre todo ante fen\u00f3menos como el hurac\u00e1n Beryl que las autoridades meteorol\u00f3gicas describen como extremadamente peligroso.<\/p>\n\n\n\n<p>En ese sentido, les instruy\u00f3 disponer que todo el personal operativo de limpieza, jornaleros y de respuesta r\u00e1pida de las alcald\u00edas se sumen a los planes de trabajo del Comit\u00e9 de Emergencia (COE).<\/p>\n\n\n\n<p>&#8220;Como ocurre cada vez que se acerca un fen\u00f3meno de esta naturaleza, debemos todos de articular acciones con instituciones de emergencia para ayudar a nuestros habitantes que viven en zonas de peligro para proteger la vida humana&#8221;, afirm\u00f3 Cruz.<\/p>\n\n\n\n<p>En ese sentido, el presidente de Fedomu llam\u00f3 a los 158 alcaldes del pa\u00eds a estar disponibles para entrar en acci\u00f3n en el momento que sea necesario para acudir en auxilio de nuestros ciudadanos que viven en zonas vulnerables o de alto riesgo.<\/p>\n","protected":false},"excerpt":{"rendered":"<p>El presidente de la Federaci\u00f3n Dominicana de Municipios (Fedomu), Kelvin Cruz, instruy\u00f3 a los gobiernos locales de las provincias bajo a alerta a colaborar con los organismos de socorro ante&hellip;<\/p>\n","protected":false},"author":2,"featured_media":85524,"comment_status":"open","ping_status":"open","sticky":false,"template":"","format":"standard","meta":{"content-type":"","jetpack_post_was_ever_published":false,"_jetpack_newsletter_access":"","_jetpack_dont_email_post_to_subs":false,"_jetpack_newsletter_tier_id":0,"_jetpack_memberships_contains_paywalled_content":false,"_jetpack_memberships_contains_paid_content":false,"footnotes":""},"categories":[35],"tags":[3856,13876,1874,4206,13909,6559],"class_list":["post-85523","post","type-post","status-publish","format-standard","has-post-thumbnail","hentry","category-nacionales","tag-alcaldes","tag-beryl","tag-kelvin-cruz","tag-organismos","tag-se","tag-socorro"],"jetpack_featured_media_url":"https:\/\/lasprimeras.com.do\/wp-content\/uploads\/2024\/07\/Kelvin-Cruz.jpg","jetpack-related-posts":[{"id":85443,"url":"https:\/\/lasprimeras.com.do\/index.php\/2024\/06\/30\/abinader-lo-principal-es-salvar-vidas-y-coordinar-con-gobiernos-locales-ante-huracan-beryl\/","url_meta":{"origin":85523,"position":0},"title":"Abinader: lo principal es salvar vidas y coordinar con gobiernos locales ante hurac\u00e1n Beryl","author":"Nelson Feliz","date":"30 de junio de 2024","format":false,"excerpt":"El presidente Luis Abinader afirm\u00f3 este domingo que las medidas urgentes son salvar vidas y trabajar en coordinaci\u00f3n con los gobiernos locales ante la amenaza del hurac\u00e1n Beryl, categor\u00eda 4, que estar\u00eda pasando al Sur de la Rep\u00fablica Dominicana este martes. \u201cLo principal ahora mismo y las medidas urgentes son\u2026","rel":"","context":"En \u00abNACIONALES\u00bb","block_context":{"text":"NACIONALES","link":"https:\/\/lasprimeras.com.do\/index.php\/category\/nacionales\/"},"img":{"alt_text":"Luis Abinader","src":"https:\/\/i0.wp.com\/lasprimeras.com.do\/wp-content\/uploads\/2024\/06\/Luis-Abinader-13.jpg?resize=350%2C200&ssl=1","width":350,"height":200,"srcset":"https:\/\/i0.wp.com\/lasprimeras.com.do\/wp-content\/uploads\/2024\/06\/Luis-Abinader-13.jpg?resize=350%2C200&ssl=1 1x, https:\/\/i0.wp.com\/lasprimeras.com.do\/wp-content\/uploads\/2024\/06\/Luis-Abinader-13.jpg?resize=525%2C300&ssl=1 1.5x"},"classes":[]},{"id":85526,"url":"https:\/\/lasprimeras.com.do\/index.php\/2024\/07\/01\/idoppril-activa-plan-de-contingencia-ante-paso-de-huracan-beryl\/","url_meta":{"origin":85523,"position":1},"title":"IDOPPRIL activa Plan de Contingencia ante paso de hurac\u00e1n Beryl","author":"Nelson Feliz","date":"1 de julio de 2024","format":false,"excerpt":"L\u00f3pez Sol\u00eds dice personal de seguridad y de servicios tendr\u00e1 asistencia inmediata en caso de accidente laboral. El Instituto Dominicano de Prevenci\u00f3n y Protecci\u00f3n de Riesgos Laborales (IDOPPRIL), activ\u00f3 el protocolo preventivo en la instituci\u00f3n para ofrecer atenciones inmediatas a los afiliados que resulten lesionados durante sus jornadas laborales antes,\u2026","rel":"","context":"En \u00abSin categor\u00eda\u00bb","block_context":{"text":"Sin categor\u00eda","link":"https:\/\/lasprimeras.com.do\/index.php\/category\/sin-categoria\/"},"img":{"alt_text":"Fausto L\u00f3pez Sol\u00eds","src":"https:\/\/i0.wp.com\/lasprimeras.com.do\/wp-content\/uploads\/2024\/07\/Fausto-Lopez-Solis.jpg?resize=350%2C200&ssl=1","width":350,"height":200,"srcset":"https:\/\/i0.wp.com\/lasprimeras.com.do\/wp-content\/uploads\/2024\/07\/Fausto-Lopez-Solis.jpg?resize=350%2C200&ssl=1 1x, https:\/\/i0.wp.com\/lasprimeras.com.do\/wp-content\/uploads\/2024\/07\/Fausto-Lopez-Solis.jpg?resize=525%2C300&ssl=1 1.5x, https:\/\/i0.wp.com\/lasprimeras.com.do\/wp-content\/uploads\/2024\/07\/Fausto-Lopez-Solis.jpg?resize=700%2C400&ssl=1 2x"},"classes":[]},{"id":85518,"url":"https:\/\/lasprimeras.com.do\/index.php\/2024\/07\/01\/caasd-despliega-equipos-de-operaciones-ante-efectos-de-huracan-beryl\/","url_meta":{"origin":85523,"position":2},"title":"CAASD despliega equipos de Operaciones ante efectos de hurac\u00e1n Beryl","author":"Nelson Feliz","date":"1 de julio de 2024","format":false,"excerpt":"El comit\u00e9 de emergencia de la Corporaci\u00f3n del Acueducto y Alcantarillado de Santo Domingo (CAASD) puso en marcha sus equipos de Hidrolog\u00eda, Calidad de las Aguas y unidades operativas para tomar acciones preventivas y enfrentar de manera eficiente cualquier eventualidad que se produzca con el suministro de agua potable ante\u2026","rel":"","context":"En \u00abNACIONALES\u00bb","block_context":{"text":"NACIONALES","link":"https:\/\/lasprimeras.com.do\/index.php\/category\/nacionales\/"},"img":{"alt_text":"Fellito Suberv\u00ed","src":"https:\/\/i0.wp.com\/lasprimeras.com.do\/wp-content\/uploads\/2024\/07\/Fellito-Subervi-1.jpg?resize=350%2C200&ssl=1","width":350,"height":200,"srcset":"https:\/\/i0.wp.com\/lasprimeras.com.do\/wp-content\/uploads\/2024\/07\/Fellito-Subervi-1.jpg?resize=350%2C200&ssl=1 1x, https:\/\/i0.wp.com\/lasprimeras.com.do\/wp-content\/uploads\/2024\/07\/Fellito-Subervi-1.jpg?resize=525%2C300&ssl=1 1.5x, https:\/\/i0.wp.com\/lasprimeras.com.do\/wp-content\/uploads\/2024\/07\/Fellito-Subervi-1.jpg?resize=700%2C400&ssl=1 2x"},"classes":[]},{"id":85541,"url":"https:\/\/lasprimeras.com.do\/index.php\/2024\/07\/01\/autoridades-mantendran-jornada-laboral-pese-acercamiento-de-huracan-beryl\/","url_meta":{"origin":85523,"position":3},"title":"Autoridades mantendr\u00e1n jornada laboral pese acercamiento de hurac\u00e1n Beryl","author":"Nelson Feliz","date":"1 de julio de 2024","format":false,"excerpt":"De acuerdo con el Centro Nacional de Huracanes de Estados Unidos (NHC, por su sigla en ingl\u00e9s), el hurac\u00e1n Beryl se convirti\u00f3 en categor\u00eda 5. Hasta el momento las labores se mantendr\u00e1n este martes en la Rep\u00fablica Dominicana, de acuerdo a lo dicho por las autoridades este lunes. De acuerdo\u2026","rel":"","context":"En \u00abNACIONALES\u00bb","block_context":{"text":"NACIONALES","link":"https:\/\/lasprimeras.com.do\/index.php\/category\/nacionales\/"},"img":{"alt_text":"","src":"https:\/\/i0.wp.com\/lasprimeras.com.do\/wp-content\/uploads\/2024\/07\/Joel-Santos-1.jpeg?resize=350%2C200&ssl=1","width":350,"height":200,"srcset":"https:\/\/i0.wp.com\/lasprimeras.com.do\/wp-content\/uploads\/2024\/07\/Joel-Santos-1.jpeg?resize=350%2C200&ssl=1 1x, https:\/\/i0.wp.com\/lasprimeras.com.do\/wp-content\/uploads\/2024\/07\/Joel-Santos-1.jpeg?resize=525%2C300&ssl=1 1.5x, https:\/\/i0.wp.com\/lasprimeras.com.do\/wp-content\/uploads\/2024\/07\/Joel-Santos-1.jpeg?resize=700%2C400&ssl=1 2x"},"classes":[]},{"id":85565,"url":"https:\/\/lasprimeras.com.do\/index.php\/2024\/07\/02\/el-huracan-beryl-no-causa-danos-a-republica-dominicana\/","url_meta":{"origin":85523,"position":4},"title":"El hurac\u00e1n Beryl no causa da\u00f1os \u00a0a Rep\u00fablica Dominicana","author":"Nelson Feliz","date":"2 de julio de 2024","format":false,"excerpt":"Las condiciones atmosf\u00e9ricas mejorar\u00e1n ma\u00f1ana en Rep\u00fablica Dominicana, luego de que este martes las lluvias causadas por el hurac\u00e1n Beryl en el sur y suroeste obligaran al desplazamiento de 37 personas en varios puntos del pa\u00eds. Las autoridades meteorol\u00f3gicas y de socorro afirmaron que se produjeron evacuaciones preventivas y obligatorias\u2026","rel":"","context":"En \u00abNACIONALES\u00bb","block_context":{"text":"NACIONALES","link":"https:\/\/lasprimeras.com.do\/index.php\/category\/nacionales\/"},"img":{"alt_text":"","src":"https:\/\/i0.wp.com\/lasprimeras.com.do\/wp-content\/uploads\/2024\/07\/huracan-Beryl.jpg?resize=350%2C200&ssl=1","width":350,"height":200,"srcset":"https:\/\/i0.wp.com\/lasprimeras.com.do\/wp-content\/uploads\/2024\/07\/huracan-Beryl.jpg?resize=350%2C200&ssl=1 1x, https:\/\/i0.wp.com\/lasprimeras.com.do\/wp-content\/uploads\/2024\/07\/huracan-Beryl.jpg?resize=525%2C300&ssl=1 1.5x, https:\/\/i0.wp.com\/lasprimeras.com.do\/wp-content\/uploads\/2024\/07\/huracan-Beryl.jpg?resize=700%2C400&ssl=1 2x"},"classes":[]},{"id":85712,"url":"https:\/\/lasprimeras.com.do\/index.php\/2024\/07\/07\/asde-y-turismo-reconstruiran-el-malecon-sd-este-tras-efectos-de-huracan-beryl\/","url_meta":{"origin":85523,"position":5},"title":"ASDE y Turismo reconstruir\u00e1n el Malec\u00f3n SD-Este tras efectos de hurac\u00e1n Beryl","author":"Nelson Feliz","date":"7 de julio de 2024","format":false,"excerpt":"Por Martin Restituyo El alcalde de Santo Domingo Este, D\u00edo Astacio junto al ministro de Turismo, David Collado, supervisaron los da\u00f1os causados por las fuertes lluvias del hurac\u00e1n Beryl en la Avenida Espa\u00f1a. Durante el recorrido conversaron sobre la reparaci\u00f3n del Malec\u00f3n de Santo Domingo Este, una labor que se\u2026","rel":"","context":"En \u00abSin categor\u00eda\u00bb","block_context":{"text":"Sin categor\u00eda","link":"https:\/\/lasprimeras.com.do\/index.php\/category\/sin-categoria\/"},"img":{"alt_text":"ASDE","src":"https:\/\/i0.wp.com\/lasprimeras.com.do\/wp-content\/uploads\/2024\/07\/ASDE-1.jpg?resize=350%2C200&ssl=1","width":350,"height":200,"srcset":"https:\/\/i0.wp.com\/lasprimeras.com.do\/wp-content\/uploads\/2024\/07\/ASDE-1.jpg?resize=350%2C200&ssl=1 1x, https:\/\/i0.wp.com\/lasprimeras.com.do\/wp-content\/uploads\/2024\/07\/ASDE-1.jpg?resize=525%2C300&ssl=1 1.5x"},"classes":[]}],"jetpack_sharing_enabled":true,"_links":{"self":[{"href":"https:\/\/lasprimeras.com.do\/index.php\/wp-json\/wp\/v2\/posts\/85523","targetHints":{"allow":["GET"]}}],"collection":[{"href":"https:\/\/lasprimeras.com.do\/index.php\/wp-json\/wp\/v2\/posts"}],"about":[{"href":"https:\/\/lasprimeras.com.do\/index.php\/wp-json\/wp\/v2\/types\/post"}],"author":[{"embeddable":true,"href":"https:\/\/lasprimeras.com.do\/index.php\/wp-json\/wp\/v2\/users\/2"}],"replies":[{"embeddable":true,"href":"https:\/\/lasprimeras.com.do\/index.php\/wp-json\/wp\/v2\/comments?post=85523"}],"version-history":[{"count":1,"href":"https:\/\/lasprimeras.com.do\/index.php\/wp-json\/wp\/v2\/posts\/85523\/revisions"}],"predecessor-version":[{"id":85525,"href":"https:\/\/lasprimeras.com.do\/index.php\/wp-json\/wp\/v2\/posts\/85523\/revisions\/85525"}],"wp:featuredmedia":[{"embeddable":true,"href":"https:\/\/lasprimeras.com.do\/index.php\/wp-json\/wp\/v2\/media\/85524"}],"wp:attachment":[{"href":"https:\/\/lasprimeras.com.do\/index.php\/wp-json\/wp\/v2\/media?parent=85523"}],"wp:term":[{"taxonomy":"category","embeddable":true,"href":"https:\/\/lasprimeras.com.do\/index.php\/wp-json\/wp\/v2\/categories?post=85523"},{"taxonomy":"post_tag","embeddable":true,"href":"https:\/\/lasprimeras.com.do\/index.php\/wp-json\/wp\/v2\/tags?post=85523"}],"curies":[{"name":"wp","href":"https:\/\/api.w.org\/{rel}","templated":true}]}}