{"id":85526,"date":"2024-07-01T23:24:38","date_gmt":"2024-07-02T03:24:38","guid":{"rendered":"https:\/\/lasprimeras.com.do\/?p=85526"},"modified":"2024-07-01T23:24:39","modified_gmt":"2024-07-02T03:24:39","slug":"idoppril-activa-plan-de-contingencia-ante-paso-de-huracan-beryl","status":"publish","type":"post","link":"https:\/\/lasprimeras.com.do\/index.php\/2024\/07\/01\/idoppril-activa-plan-de-contingencia-ante-paso-de-huracan-beryl\/","title":{"rendered":"IDOPPRIL activa Plan de Contingencia ante paso de hurac\u00e1n Beryl"},"content":{"rendered":"\n<p><strong>L\u00f3pez Sol\u00eds dice personal de seguridad y de servicios tendr\u00e1 asistencia inmediata en caso de accidente laboral.<\/strong><\/p>\n\n\n\n<p>El Instituto Dominicano de Prevenci\u00f3n y Protecci\u00f3n de Riesgos Laborales (IDOPPRIL), activ\u00f3 el protocolo preventivo en la instituci\u00f3n para ofrecer atenciones inmediatas a los afiliados que resulten lesionados durante sus jornadas laborales antes, durante y despu\u00e9s del paso por el Caribe del hurac\u00e1n Beryl.<\/p>\n\n\n\n<p>&nbsp;El director ejecutivo del IDOPPRIL, &nbsp;doctor Fausto L\u00f3pez Sol\u00eds, inform\u00f3 que todas las regionales de la instituci\u00f3n, en especial la Sur, estar\u00e1n activas con el personal m\u00e9dico en sesi\u00f3n permanente, para asistir en los centros de salud de los distintos municipios del pa\u00eds, a los trabajadores de instituciones que deben realizar sus labores de socorro, seguridad, despacho de alimentos y combustibles, as\u00ed como de otros oficios.<\/p>\n\n\n\n<p>El funcionario instruy\u00f3 a los directores regionales Sur, Este y Norte del IDOPPRIL para designar un personal en cada hospital y m\u00f3dulos de servicios del Seguro de Riesgos Laborales (SRL) a fin de recibir los reportes de accidentes laborales y de trayecto, con el prop\u00f3sito de darles respuestas y atenciones inmediatas a sus afiliados.<\/p>\n\n\n\n<p>\u201cYa tenemos cada una de nuestras oficinas debidamente protegidas; pero, la verdadera protecci\u00f3n debemos darla a los trabajadores dominicanos que, a pesar de estas abundantes lluvias, deben cumplir con el compromiso del trabajo. Para nosotros lo m\u00e1s importante es la salud y la vida de nuestros afiliados y de sus familiares\u201d, apunt\u00f3 L\u00f3pez Sol\u00eds.<\/p>\n\n\n\n<p>Inform\u00f3 que, gracias a la Ley 397-19 que crea el IDOPPRIL, los trabajadores y empleadores tienen la facilidad de recibir las atenciones necesarias que brinda la instituci\u00f3n.<\/p>\n","protected":false},"excerpt":{"rendered":"<p>L\u00f3pez Sol\u00eds dice personal de seguridad y de servicios tendr\u00e1 asistencia inmediata en caso de accidente laboral. El Instituto Dominicano de Prevenci\u00f3n y Protecci\u00f3n de Riesgos Laborales (IDOPPRIL), activ\u00f3 el&hellip;<\/p>\n","protected":false},"author":2,"featured_media":85527,"comment_status":"open","ping_status":"open","sticky":false,"template":"","format":"standard","meta":{"content-type":"","jetpack_post_was_ever_published":false,"_jetpack_newsletter_access":"","_jetpack_dont_email_post_to_subs":false,"_jetpack_newsletter_tier_id":0,"_jetpack_memberships_contains_paywalled_content":false,"_jetpack_memberships_contains_paid_content":false,"footnotes":""},"categories":[1],"tags":[13883,8009,6530],"class_list":["post-85526","post","type-post","status-publish","format-standard","has-post-thumbnail","hentry","category-sin-categoria","tag-huracan-beryl","tag-idoppril","tag-plan-de-contingencia"],"jetpack_featured_media_url":"https:\/\/lasprimeras.com.do\/wp-content\/uploads\/2024\/07\/Fausto-Lopez-Solis.jpg","jetpack-related-posts":[{"id":49042,"url":"https:\/\/lasprimeras.com.do\/index.php\/2023\/05\/07\/idoppril-confirma-cobertura-total-a-afiliados-del-seguro-de-riesgos-laborales\/","url_meta":{"origin":85526,"position":0},"title":"IDOPPRIL confirma cobertura total a afiliados del Seguro de Riesgos Laborales","author":"prenxa100","date":"7 de mayo de 2023","format":false,"excerpt":"L\u00f3pez Sol\u00eds ampl\u00eda canales de comunicaci\u00f3n para que los afiliados se comuniquen con el IDOPPRIL en caso de que un centro de salud le realice un cobro indebido o cobre diferencia por un servicio de salud autorizado Santo Domingo.- El Instituto Dominicano de Prevenci\u00f3n y Protecci\u00f3n de Riesgos laborales (IDOPPRIL),\u2026","rel":"","context":"En \u00abSin categor\u00eda\u00bb","block_context":{"text":"Sin categor\u00eda","link":"https:\/\/lasprimeras.com.do\/index.php\/category\/sin-categoria\/"},"img":{"alt_text":"","src":"","width":0,"height":0},"classes":[]},{"id":67678,"url":"https:\/\/lasprimeras.com.do\/index.php\/2023\/11\/17\/tomas-hernandez-felicita-al-director-de-idoppril-tras-recibir-medalla-de-plata\/","url_meta":{"origin":85526,"position":1},"title":"Tom\u00e1s Hern\u00e1ndez felicita al director de IDOPPRIL tras recibir \u00a1Medalla de Plata!","author":"Nelson Feliz","date":"17 de noviembre de 2023","format":false,"excerpt":"Por Mart\u00edn Restituyo El director del Instituto Dominicano de Prevenci\u00f3n y Protecci\u00f3n de Riesgos Laborales (IDOPPRIL), Dr. Fausto L\u00f3pez Sol\u00eds,recibi\u00f3 la \u00a1Medalla de Plata! en el Premio Nacional de la Calidad, entregado por el Presidente Luis Abinader y el Ministerio de Administraci\u00f3n P\u00fablica (MAP). De inmediato su amigo y ex\u2026","rel":"","context":"En \u00abNACIONALES\u00bb","block_context":{"text":"NACIONALES","link":"https:\/\/lasprimeras.com.do\/index.php\/category\/nacionales\/"},"img":{"alt_text":"Tom\u00e1s Hern\u00e1ndez Alberto y Fausto L\u00f3pez Sol\u00eds","src":"https:\/\/i0.wp.com\/lasprimeras.com.do\/wp-content\/uploads\/2023\/11\/Tomas-Hernandez-Alberto-y-Fausto-Lopez-Solis.jpg?resize=350%2C200&ssl=1","width":350,"height":200,"srcset":"https:\/\/i0.wp.com\/lasprimeras.com.do\/wp-content\/uploads\/2023\/11\/Tomas-Hernandez-Alberto-y-Fausto-Lopez-Solis.jpg?resize=350%2C200&ssl=1 1x, https:\/\/i0.wp.com\/lasprimeras.com.do\/wp-content\/uploads\/2023\/11\/Tomas-Hernandez-Alberto-y-Fausto-Lopez-Solis.jpg?resize=525%2C300&ssl=1 1.5x, https:\/\/i0.wp.com\/lasprimeras.com.do\/wp-content\/uploads\/2023\/11\/Tomas-Hernandez-Alberto-y-Fausto-Lopez-Solis.jpg?resize=700%2C400&ssl=1 2x"},"classes":[]},{"id":62688,"url":"https:\/\/lasprimeras.com.do\/index.php\/2023\/10\/06\/reconocen-al-idoppril-como-institucion-embajadora-de-confianza\/","url_meta":{"origin":85526,"position":2},"title":"Reconocen al IDOPPRIL como instituci\u00f3n Embajadora de Confianza","author":"Nelson Feliz","date":"6 de octubre de 2023","format":false,"excerpt":"La prestigiosa empresa Aenor Rep\u00fablica Dominicana entreg\u00f3 un reconocimiento al doctor Fausto L\u00f3pez Sol\u00eds, director ejecutivo del IDOPPRIL por los avances experimentados por ese instituto en los \u00faltimos 10 a\u00f1os, en especial desde su creaci\u00f3n en 2019 a la fecha. Por Mart\u00edn Restituyo El Instituto Dominicano de Prevenci\u00f3n y Protecci\u00f3n\u2026","rel":"","context":"En \u00abNACIONALES\u00bb","block_context":{"text":"NACIONALES","link":"https:\/\/lasprimeras.com.do\/index.php\/category\/nacionales\/"},"img":{"alt_text":"Fausto Lopez Solis","src":"https:\/\/i0.wp.com\/lasprimeras.com.do\/wp-content\/uploads\/2023\/10\/Fausto-Lopez-Solis.jpg?resize=350%2C200&ssl=1","width":350,"height":200,"srcset":"https:\/\/i0.wp.com\/lasprimeras.com.do\/wp-content\/uploads\/2023\/10\/Fausto-Lopez-Solis.jpg?resize=350%2C200&ssl=1 1x, https:\/\/i0.wp.com\/lasprimeras.com.do\/wp-content\/uploads\/2023\/10\/Fausto-Lopez-Solis.jpg?resize=525%2C300&ssl=1 1.5x, https:\/\/i0.wp.com\/lasprimeras.com.do\/wp-content\/uploads\/2023\/10\/Fausto-Lopez-Solis.jpg?resize=700%2C400&ssl=1 2x"},"classes":[]},{"id":85491,"url":"https:\/\/lasprimeras.com.do\/index.php\/2024\/06\/30\/911-activa-plan-de-contingencia-ante-posible-paso-del-huracan-beryl\/","url_meta":{"origin":85526,"position":3},"title":"911 activa Plan de Contingencia ante posible pas\u00f3 del hurac\u00e1n Beryl","author":"Nelson Feliz","date":"30 de junio de 2024","format":false,"excerpt":"Incluye implementaci\u00f3n de protocolos preventivos y la gesti\u00f3n de recursos\u00a0 para fortalecer las \u00e1reas clave de la entidad. El Sistema Nacional de Atenci\u00f3n a Emergencias y Seguridad 911 ha activado medidas de contingencia para enfrentar los posibles efectos del hurac\u00e1n Beryl y garantizar una respuesta \u00e1gil y eficaz a la\u2026","rel":"","context":"En \u00abNACIONALES\u00bb","block_context":{"text":"NACIONALES","link":"https:\/\/lasprimeras.com.do\/index.php\/category\/nacionales\/"},"img":{"alt_text":"","src":"https:\/\/i0.wp.com\/lasprimeras.com.do\/wp-content\/uploads\/2024\/06\/beryl.jpg?resize=350%2C200&ssl=1","width":350,"height":200,"srcset":"https:\/\/i0.wp.com\/lasprimeras.com.do\/wp-content\/uploads\/2024\/06\/beryl.jpg?resize=350%2C200&ssl=1 1x, https:\/\/i0.wp.com\/lasprimeras.com.do\/wp-content\/uploads\/2024\/06\/beryl.jpg?resize=525%2C300&ssl=1 1.5x, https:\/\/i0.wp.com\/lasprimeras.com.do\/wp-content\/uploads\/2024\/06\/beryl.jpg?resize=700%2C400&ssl=1 2x"},"classes":[]},{"id":71991,"url":"https:\/\/lasprimeras.com.do\/index.php\/2023\/12\/25\/idoppril-cubre-el-100-de-sus-compromisos-con-afiliados-y-prestadoras-de-servicios\/","url_meta":{"origin":85526,"position":4},"title":"IDOPPRIL cubre el 100 % de sus compromisos con afiliados y prestadoras de servicios","author":"Nelson Feliz","date":"25 de diciembre de 2023","format":false,"excerpt":"L\u00f3pez Sol\u00eds informa que durante este a\u00f1o se realizaron pagos por unos 3,000 millones de pesos. Por Martin Restituyo Con un total de RD$2,909,610,921.14 desembolsado en 2023, el Instituto Dominicano de Prevenci\u00f3n y Protecci\u00f3n de Riesgos Laborales (IDOPPRIL) impact\u00f3 de manera positiva a unos 237,303 afiliados, Prestadoras de Servicios de\u2026","rel":"","context":"En \u00abECONOM\u00cdA\u00bb","block_context":{"text":"ECONOM\u00cdA","link":"https:\/\/lasprimeras.com.do\/index.php\/category\/economia\/"},"img":{"alt_text":"Fausto L\u00f3pez Sol\u00eds","src":"https:\/\/i0.wp.com\/lasprimeras.com.do\/wp-content\/uploads\/2023\/12\/Fausto-Lopez-Solis.jpg?resize=350%2C200&ssl=1","width":350,"height":200,"srcset":"https:\/\/i0.wp.com\/lasprimeras.com.do\/wp-content\/uploads\/2023\/12\/Fausto-Lopez-Solis.jpg?resize=350%2C200&ssl=1 1x, https:\/\/i0.wp.com\/lasprimeras.com.do\/wp-content\/uploads\/2023\/12\/Fausto-Lopez-Solis.jpg?resize=525%2C300&ssl=1 1.5x, https:\/\/i0.wp.com\/lasprimeras.com.do\/wp-content\/uploads\/2023\/12\/Fausto-Lopez-Solis.jpg?resize=700%2C400&ssl=1 2x"},"classes":[]},{"id":86410,"url":"https:\/\/lasprimeras.com.do\/index.php\/2024\/07\/24\/idoppril-obtiene-91-en-satisfaccion-de-servicios-presenciales-al-usuario\/","url_meta":{"origin":85526,"position":5},"title":"IDOPPRIL obtiene 91 % en satisfacci\u00f3n de servicios presenciales al usuario","author":"Nelson Feliz","date":"24 de julio de 2024","format":false,"excerpt":"El Instituto Dominicano de Prevenci\u00f3n y Protecci\u00f3n de Riesgos Laborales (IDOPPRIL) logr\u00f3 una calificaci\u00f3n de 91 % en la encuesta de satisfacci\u00f3n de servicios presenciales al usuario que se le aplic\u00f3 recientemente. El director ejecutivo de la instituci\u00f3n, doctor Fausto L\u00f3pez Sol\u00eds, valor\u00f3 dicha calificaci\u00f3n como un reconocimiento a los\u2026","rel":"","context":"En \u00abSin categor\u00eda\u00bb","block_context":{"text":"Sin categor\u00eda","link":"https:\/\/lasprimeras.com.do\/index.php\/category\/sin-categoria\/"},"img":{"alt_text":"IDOPPRIL","src":"https:\/\/i0.wp.com\/lasprimeras.com.do\/wp-content\/uploads\/2024\/07\/WhatsApp-Image-2024-07-24-at-11.31.42-AM.jpeg?resize=350%2C200&ssl=1","width":350,"height":200,"srcset":"https:\/\/i0.wp.com\/lasprimeras.com.do\/wp-content\/uploads\/2024\/07\/WhatsApp-Image-2024-07-24-at-11.31.42-AM.jpeg?resize=350%2C200&ssl=1 1x, https:\/\/i0.wp.com\/lasprimeras.com.do\/wp-content\/uploads\/2024\/07\/WhatsApp-Image-2024-07-24-at-11.31.42-AM.jpeg?resize=525%2C300&ssl=1 1.5x, https:\/\/i0.wp.com\/lasprimeras.com.do\/wp-content\/uploads\/2024\/07\/WhatsApp-Image-2024-07-24-at-11.31.42-AM.jpeg?resize=700%2C400&ssl=1 2x, https:\/\/i0.wp.com\/lasprimeras.com.do\/wp-content\/uploads\/2024\/07\/WhatsApp-Image-2024-07-24-at-11.31.42-AM.jpeg?resize=1050%2C600&ssl=1 3x"},"classes":[]}],"jetpack_sharing_enabled":true,"_links":{"self":[{"href":"https:\/\/lasprimeras.com.do\/index.php\/wp-json\/wp\/v2\/posts\/85526","targetHints":{"allow":["GET"]}}],"collection":[{"href":"https:\/\/lasprimeras.com.do\/index.php\/wp-json\/wp\/v2\/posts"}],"about":[{"href":"https:\/\/lasprimeras.com.do\/index.php\/wp-json\/wp\/v2\/types\/post"}],"author":[{"embeddable":true,"href":"https:\/\/lasprimeras.com.do\/index.php\/wp-json\/wp\/v2\/users\/2"}],"replies":[{"embeddable":true,"href":"https:\/\/lasprimeras.com.do\/index.php\/wp-json\/wp\/v2\/comments?post=85526"}],"version-history":[{"count":1,"href":"https:\/\/lasprimeras.com.do\/index.php\/wp-json\/wp\/v2\/posts\/85526\/revisions"}],"predecessor-version":[{"id":85528,"href":"https:\/\/lasprimeras.com.do\/index.php\/wp-json\/wp\/v2\/posts\/85526\/revisions\/85528"}],"wp:featuredmedia":[{"embeddable":true,"href":"https:\/\/lasprimeras.com.do\/index.php\/wp-json\/wp\/v2\/media\/85527"}],"wp:attachment":[{"href":"https:\/\/lasprimeras.com.do\/index.php\/wp-json\/wp\/v2\/media?parent=85526"}],"wp:term":[{"taxonomy":"category","embeddable":true,"href":"https:\/\/lasprimeras.com.do\/index.php\/wp-json\/wp\/v2\/categories?post=85526"},{"taxonomy":"post_tag","embeddable":true,"href":"https:\/\/lasprimeras.com.do\/index.php\/wp-json\/wp\/v2\/tags?post=85526"}],"curies":[{"name":"wp","href":"https:\/\/api.w.org\/{rel}","templated":true}]}}