{"id":85532,"date":"2024-07-01T23:39:49","date_gmt":"2024-07-02T03:39:49","guid":{"rendered":"https:\/\/lasprimeras.com.do\/?p=85532"},"modified":"2024-07-01T23:39:51","modified_gmt":"2024-07-02T03:39:51","slug":"gobierno-anuncia-licitara-construccion-y-remozamiento-de-106-nuevos-destacamentos-policiales","status":"publish","type":"post","link":"https:\/\/lasprimeras.com.do\/index.php\/2024\/07\/01\/gobierno-anuncia-licitara-construccion-y-remozamiento-de-106-nuevos-destacamentos-policiales\/","title":{"rendered":"Gobierno anuncia licitara construcci\u00f3n y remozamiento de 106 nuevos destacamentos policiales"},"content":{"rendered":"\n<p><strong>-Los senadores electos de Ocoa, Pedernales, San Juan de la Maguana, Azua, Hermanas Mirabal, Valverde, La Altagracia y El Seibo, ofrecieron su apoyo al Plan de Seguridad Ciudadana.<\/strong><\/p>\n\n\n\n<p>El ministro de la Presidencia, Joel Santos Echavarr\u00eda, anunci\u00f3 la licitaci\u00f3n de 106 destacamentos policiales, de los cuales una parte ser\u00e1n construidos y otros remozados.<\/p>\n\n\n\n<p>El funcionario indic\u00f3 que, para la decisi\u00f3n para los destacamentos, se levant\u00f3 un reporte realizado por el comisionado ejecutivo para la Reforma Policial, Luis Ernesto Garc\u00eda Hern\u00e1ndez.<\/p>\n\n\n\n<p>Santos Echavarr\u00eda indic\u00f3 que, en el contexto de esta reforma, ya han sido entregados 55 destacamentos ubicados en distintas regiones del pa\u00eds y que otros 26 est\u00e1n en proceso de construcci\u00f3n.<\/p>\n\n\n\n<p>Explic\u00f3 que estos esfuerzos buscan dignificar la instituci\u00f3n del orden en materia de infraestructura f\u00edsica y mejorar la eficiencia del servicio brindado a la ciudadan\u00eda.<\/p>\n\n\n\n<p>Asimismo, el acostumbrado encuentro que se realiza cada lunes en el Club de Oficiales de la Polic\u00eda Nacional, tambi\u00e9n permiti\u00f3 anunciar que 1,031 nuevos conscriptos est\u00e1n listos para iniciar su proceso de pasant\u00eda la pr\u00f3xima semana.<\/p>\n\n\n\n<p>Estos aspirantes a rasos policiales ser\u00e1n distribuidos en distintas direcciones regionales de la instituci\u00f3n, incluyendo Distrito Nacional, Punta Cana, provincia La Altagracia, Puerto Plata, Santiago y la Direcci\u00f3n General de Seguridad de Tr\u00e1nsito y Transporte Terrestre (Digesett).<\/p>\n\n\n\n<p>Adem\u00e1s, el ministro resalt\u00f3 que 870 aspirantes a polic\u00edas ya han ingresado a distintas academias de entrenamiento para capacitarse f\u00edsica y te\u00f3ricamente, con el objetivo de formar parte del organismo de seguridad y contribuir al fortalecimiento del sistema de seguridad en el pa\u00eds.<\/p>\n\n\n\n<p><strong>Tasa de homicidios<\/strong><\/p>\n\n\n\n<p>Al referirse a la tasa de homicidios por cada 10,000 habitantes, Santos Echavarr\u00eda inform\u00f3 que actualmente se ubica en 9.85, situ\u00e1ndose dentro del rango objetivo propuesto por el Gobierno de mantener las cifras por debajo de 10.<\/p>\n\n\n\n<p>El mes de junio termin\u00f3 con una tasa de homicidios en 8.59, gracias a la efectividad de las labores preventivas de la Fuerza de Tarea Conjunta.<\/p>\n\n\n\n<p>En ese sentido, inform\u00f3 que 11 provincias y dos municipios registran cifras por debajo de los 10 puntos, incluyendo Monse\u00f1or Nouel, Espaillat, S\u00e1nchez Ram\u00edrez, Puerto Plata, Duarte, San Juan, Monte Plata, San Jos\u00e9 de Ocoa, Santiago de los Caballeros, Santiago Rodr\u00edguez, Azua, Hermanas Mirabal y Dajab\u00f3n, adem\u00e1s de los municipios de Santo Domingo Este y Santo Domingo Norte.<\/p>\n\n\n\n<p>Incautaci\u00f3n de drogas<\/p>\n\n\n\n<p>El ministro Santos Echavarr\u00eda tambi\u00e9n destac\u00f3 que, durante esta gesti\u00f3n gubernamental, se han incautado m\u00e1s de 26 millones de gramos de distintos tipos de drogas, demostrando el compromiso del gobierno con el bienestar de la ciudadan\u00eda.<\/p>\n\n\n\n<p>Estos esfuerzos reflejan el compromiso de las autoridades dominicanas con la seguridad y el bienestar de todos los ciudadanos, reafirmando la dedicaci\u00f3n a mejorar las condiciones y el funcionamiento de la Polic\u00eda Nacional.<\/p>\n\n\n\n<p>Como parte de la inclusi\u00f3n de distintos sectores en el proceso de reforma y transformaci\u00f3n de la Polic\u00eda Nacional, esta vez participaron del encuentro los senadores electos Aneudy Ortiz, por la provincia de San Jos\u00e9 de Ocoa; de Pedernales, Augusto Vel\u00e1zquez; y de La Romana, Eduard Alexis Espiritusanto Castillo.<\/p>\n\n\n\n<p>Adem\u00e1s, el senador de San Juan, F\u00e9lix Ram\u00f3n Bautista Rosario; de Azua, L\u00eda Inocencia D\u00edaz Santana; de Hermanas Mirabal, Mar\u00eda Mercedes Ortiz Dison\u00e9; de la provincia Valverde, Odalis Rodr\u00edguez; de La Altagracia Rafael Duluc Cholit\u00edn; y de El Seibo, Santiago Jos\u00e9 Zorrilla.<\/p>\n","protected":false},"excerpt":{"rendered":"<p>-Los senadores electos de Ocoa, Pedernales, San Juan de la Maguana, Azua, Hermanas Mirabal, Valverde, La Altagracia y El Seibo, ofrecieron su apoyo al Plan de Seguridad Ciudadana. El ministro&hellip;<\/p>\n","protected":false},"author":2,"featured_media":85533,"comment_status":"open","ping_status":"open","sticky":false,"template":"","format":"standard","meta":{"content-type":"","jetpack_post_was_ever_published":false,"_jetpack_newsletter_access":"","_jetpack_dont_email_post_to_subs":false,"_jetpack_newsletter_tier_id":0,"_jetpack_memberships_contains_paywalled_content":false,"_jetpack_memberships_contains_paid_content":false,"footnotes":""},"categories":[35,25],"tags":[970,3386,171,9209,1158,4020],"class_list":["post-85532","post","type-post","status-publish","format-standard","has-post-thumbnail","hentry","category-nacionales","category-portada","tag-construccion","tag-destacamentos","tag-gobierno","tag-licitacion","tag-policiales","tag-remozamiento"],"jetpack_featured_media_url":"https:\/\/lasprimeras.com.do\/wp-content\/uploads\/2024\/07\/Joel-Santos.jpg","jetpack-related-posts":[{"id":124432,"url":"https:\/\/lasprimeras.com.do\/index.php\/2026\/03\/12\/armada-de-rd-inaugura-destacamento-en-la-cienaga-y-fortalece-su-presencia-operativa-en-el-rio-ozama\/","url_meta":{"origin":85532,"position":0},"title":"Armada de RD inaugura destacamento en La Ci\u00e9naga y fortalece su presencia operativa en el r\u00edo Ozama","author":"Nelson Feliz","date":"12 de marzo de 2026","format":false,"excerpt":"La Armada de Rep\u00fablica Dominicana dej\u00f3 inaugurado el Destacamento de La Ci\u00e9naga, una moderna infraestructura destinada a fortalecer las capacidades operativas de vigilancia y seguridad en esta importante zona del Distrito Nacional, ubicada en el margen occidental del r\u00edo Ozama. La ceremonia fue encabezada por el ministro de Defensa, teniente\u2026","rel":"","context":"En \u00abMILITARES\u00bb","block_context":{"text":"MILITARES","link":"https:\/\/lasprimeras.com.do\/index.php\/category\/militares\/"},"img":{"alt_text":"","src":"https:\/\/i0.wp.com\/lasprimeras.com.do\/wp-content\/uploads\/2026\/03\/IMG-20260312-WA0340.jpg?resize=350%2C200&ssl=1","width":350,"height":200,"srcset":"https:\/\/i0.wp.com\/lasprimeras.com.do\/wp-content\/uploads\/2026\/03\/IMG-20260312-WA0340.jpg?resize=350%2C200&ssl=1 1x, https:\/\/i0.wp.com\/lasprimeras.com.do\/wp-content\/uploads\/2026\/03\/IMG-20260312-WA0340.jpg?resize=525%2C300&ssl=1 1.5x, https:\/\/i0.wp.com\/lasprimeras.com.do\/wp-content\/uploads\/2026\/03\/IMG-20260312-WA0340.jpg?resize=700%2C400&ssl=1 2x, https:\/\/i0.wp.com\/lasprimeras.com.do\/wp-content\/uploads\/2026\/03\/IMG-20260312-WA0340.jpg?resize=1050%2C600&ssl=1 3x"},"classes":[]},{"id":88304,"url":"https:\/\/lasprimeras.com.do\/index.php\/2024\/08\/25\/presidente-indotel-revela-solo-25-de-destacamentos-policiales-tiene-acceso-a-internet\/","url_meta":{"origin":85532,"position":1},"title":"Presidente INDOTEL revela solo 25% de destacamentos policiales tiene acceso a Internet","author":"Nelson Feliz","date":"25 de agosto de 2024","format":false,"excerpt":"El presidente del Instituto Dominicano de las Telecomunicaciones (INDOTEL), Guido G\u00f3mez Mazara, revel\u00f3 que solo un 25 por ciento de los destacamentos policiales del pa\u00eds tiene acceso a la Internet, por lo que, entre sus prioridades, trabajar\u00e1 para garantizar que todas las dotaciones tengan acceso a la red. G\u00f3mez Mazara\u2026","rel":"","context":"En \u00abPORTADA\u00bb","block_context":{"text":"PORTADA","link":"https:\/\/lasprimeras.com.do\/index.php\/category\/portada\/"},"img":{"alt_text":"","src":"https:\/\/i0.wp.com\/lasprimeras.com.do\/wp-content\/uploads\/2024\/08\/GUIDO-GOMEZ-MAZARA-1.jpg?resize=350%2C200&ssl=1","width":350,"height":200,"srcset":"https:\/\/i0.wp.com\/lasprimeras.com.do\/wp-content\/uploads\/2024\/08\/GUIDO-GOMEZ-MAZARA-1.jpg?resize=350%2C200&ssl=1 1x, https:\/\/i0.wp.com\/lasprimeras.com.do\/wp-content\/uploads\/2024\/08\/GUIDO-GOMEZ-MAZARA-1.jpg?resize=525%2C300&ssl=1 1.5x, https:\/\/i0.wp.com\/lasprimeras.com.do\/wp-content\/uploads\/2024\/08\/GUIDO-GOMEZ-MAZARA-1.jpg?resize=700%2C400&ssl=1 2x"},"classes":[]},{"id":93663,"url":"https:\/\/lasprimeras.com.do\/index.php\/2025\/02\/16\/raquel-pena-entrega-ocho-obras-en-santiago-rodriguez-y-dajabon\/","url_meta":{"origin":85532,"position":2},"title":"Raquel Pe\u00f1a entrega ocho obras en Santiago Rodr\u00edguez y Dajab\u00f3n","author":"Nelson Feliz","date":"16 de febrero de 2025","format":false,"excerpt":"\u201cCada inauguraci\u00f3n es una victoria para el pa\u00eds, y un paso hacia el desarrollo integral\u201d. La vicepresidenta de la Rep\u00fablica, Raquel Pe\u00f1a, entreg\u00f3 este domingo ocho obras que impactar\u00e1n la calidad de vida de la poblaci\u00f3n de las provincias Santiago Rodr\u00edguez y Dajab\u00f3n. Se trata de las carretera Martin Garc\u00eda-\u2026","rel":"","context":"En \u00abECONOM\u00cdA\u00bb","block_context":{"text":"ECONOM\u00cdA","link":"https:\/\/lasprimeras.com.do\/index.php\/category\/economia\/"},"img":{"alt_text":"Raquel Pe\u00f1a","src":"https:\/\/i0.wp.com\/lasprimeras.com.do\/wp-content\/uploads\/2025\/02\/Raquel-Pena-4.jpg?resize=350%2C200&ssl=1","width":350,"height":200,"srcset":"https:\/\/i0.wp.com\/lasprimeras.com.do\/wp-content\/uploads\/2025\/02\/Raquel-Pena-4.jpg?resize=350%2C200&ssl=1 1x, https:\/\/i0.wp.com\/lasprimeras.com.do\/wp-content\/uploads\/2025\/02\/Raquel-Pena-4.jpg?resize=525%2C300&ssl=1 1.5x, https:\/\/i0.wp.com\/lasprimeras.com.do\/wp-content\/uploads\/2025\/02\/Raquel-Pena-4.jpg?resize=700%2C400&ssl=1 2x"},"classes":[]},{"id":66947,"url":"https:\/\/lasprimeras.com.do\/index.php\/2023\/11\/11\/perfil-academico-e-historia-policial-del-general-francisco-osoria-nuevo-director-de-la-digesett\/","url_meta":{"origin":85532,"position":3},"title":"Perfil acad\u00e9mico e historia policial del general Francisco Osoria nuevo director de la DIGESETT","author":"Nelson Feliz","date":"11 de noviembre de 2023","format":false,"excerpt":"Por Martin Restituyo FRANCISCO OSORIA DE LA CRUZ es un oficial profesional, que ingreso el 1 de marzo 1987 en la escuela de entrenamiento del campamento operaciones especiales polic\u00eda Nacional. realizo los estudios en la Universidad Tecnol\u00f3gica de Santiago (UTESA), Lic. En Derecho (1993), 809-752-6662, C\u00e9dula 001-1184362-9 E-mail:franosoria@gmail.com DIRECCI\u00d3N Av.\u2026","rel":"","context":"En \u00abNACIONALES\u00bb","block_context":{"text":"NACIONALES","link":"https:\/\/lasprimeras.com.do\/index.php\/category\/nacionales\/"},"img":{"alt_text":"","src":"https:\/\/i0.wp.com\/lasprimeras.com.do\/wp-content\/uploads\/2023\/11\/osoria.jpg?resize=350%2C200&ssl=1","width":350,"height":200,"srcset":"https:\/\/i0.wp.com\/lasprimeras.com.do\/wp-content\/uploads\/2023\/11\/osoria.jpg?resize=350%2C200&ssl=1 1x, https:\/\/i0.wp.com\/lasprimeras.com.do\/wp-content\/uploads\/2023\/11\/osoria.jpg?resize=525%2C300&ssl=1 1.5x, https:\/\/i0.wp.com\/lasprimeras.com.do\/wp-content\/uploads\/2023\/11\/osoria.jpg?resize=700%2C400&ssl=1 2x"},"classes":[]},{"id":124703,"url":"https:\/\/lasprimeras.com.do\/index.php\/2026\/03\/15\/prision-preventiva-para-policias-que-robaron-en-destacamento-de-san-cristobal\/","url_meta":{"origin":85532,"position":4},"title":"Prisi\u00f3n preventiva para polic\u00edas que robaron en destacamento de San Crist\u00f3bal","author":"Nelson Feliz","date":"15 de marzo de 2026","format":false,"excerpt":"El dinero hab\u00eda entrado al destacamento policial por un caso de robo en proceso de investigaci\u00f3n La Oficina de Atenci\u00f3n Permanente de San Crist\u00f3bal le impuso este domingo tres meses de prisi\u00f3n preventiva a tres oficiales policiales imputados de sustraer m\u00e1s de 1.2 millones de pesos que entraron al destacamento\u2026","rel":"","context":"En \u00abNACIONALES\u00bb","block_context":{"text":"NACIONALES","link":"https:\/\/lasprimeras.com.do\/index.php\/category\/nacionales\/"},"img":{"alt_text":"","src":"","width":0,"height":0},"classes":[]},{"id":92014,"url":"https:\/\/lasprimeras.com.do\/index.php\/2024\/12\/11\/raquel-pena-inaugura-destacamento-en-sde-y-escuela-en-spm\/","url_meta":{"origin":85532,"position":5},"title":"Raquel Pe\u00f1a inaugura destacamento en SDE y escuela en SPM","author":"Nelson Feliz","date":"11 de diciembre de 2024","format":false,"excerpt":"La vicepresidenta tambi\u00e9n comparti\u00f3 almuerzos navide\u00f1os con cientos de comunitarios de la regi\u00f3n Este. Con el objetivo de continuar sumando pelda\u00f1os a la escalada por la transformaci\u00f3n de la Polic\u00eda Nacional y el sistema educativo dominicano, la vicepresidenta de la Rep\u00fablica, Raquel Pe\u00f1a, inaugur\u00f3 un nuevo destacamento y una escuela\u2026","rel":"","context":"En \u00abNACIONALES\u00bb","block_context":{"text":"NACIONALES","link":"https:\/\/lasprimeras.com.do\/index.php\/category\/nacionales\/"},"img":{"alt_text":"Raquel Pe\u00f1a","src":"https:\/\/i0.wp.com\/lasprimeras.com.do\/wp-content\/uploads\/2024\/12\/Raquel-Pena.jpg?resize=350%2C200&ssl=1","width":350,"height":200,"srcset":"https:\/\/i0.wp.com\/lasprimeras.com.do\/wp-content\/uploads\/2024\/12\/Raquel-Pena.jpg?resize=350%2C200&ssl=1 1x, https:\/\/i0.wp.com\/lasprimeras.com.do\/wp-content\/uploads\/2024\/12\/Raquel-Pena.jpg?resize=525%2C300&ssl=1 1.5x"},"classes":[]}],"jetpack_sharing_enabled":true,"_links":{"self":[{"href":"https:\/\/lasprimeras.com.do\/index.php\/wp-json\/wp\/v2\/posts\/85532","targetHints":{"allow":["GET"]}}],"collection":[{"href":"https:\/\/lasprimeras.com.do\/index.php\/wp-json\/wp\/v2\/posts"}],"about":[{"href":"https:\/\/lasprimeras.com.do\/index.php\/wp-json\/wp\/v2\/types\/post"}],"author":[{"embeddable":true,"href":"https:\/\/lasprimeras.com.do\/index.php\/wp-json\/wp\/v2\/users\/2"}],"replies":[{"embeddable":true,"href":"https:\/\/lasprimeras.com.do\/index.php\/wp-json\/wp\/v2\/comments?post=85532"}],"version-history":[{"count":1,"href":"https:\/\/lasprimeras.com.do\/index.php\/wp-json\/wp\/v2\/posts\/85532\/revisions"}],"predecessor-version":[{"id":85534,"href":"https:\/\/lasprimeras.com.do\/index.php\/wp-json\/wp\/v2\/posts\/85532\/revisions\/85534"}],"wp:featuredmedia":[{"embeddable":true,"href":"https:\/\/lasprimeras.com.do\/index.php\/wp-json\/wp\/v2\/media\/85533"}],"wp:attachment":[{"href":"https:\/\/lasprimeras.com.do\/index.php\/wp-json\/wp\/v2\/media?parent=85532"}],"wp:term":[{"taxonomy":"category","embeddable":true,"href":"https:\/\/lasprimeras.com.do\/index.php\/wp-json\/wp\/v2\/categories?post=85532"},{"taxonomy":"post_tag","embeddable":true,"href":"https:\/\/lasprimeras.com.do\/index.php\/wp-json\/wp\/v2\/tags?post=85532"}],"curies":[{"name":"wp","href":"https:\/\/api.w.org\/{rel}","templated":true}]}}