{"id":85535,"date":"2024-07-01T23:44:23","date_gmt":"2024-07-02T03:44:23","guid":{"rendered":"https:\/\/lasprimeras.com.do\/?p=85535"},"modified":"2024-07-01T23:44:23","modified_gmt":"2024-07-02T03:44:23","slug":"beryl-se-transforma-en-huracan-de-categoria-5","status":"publish","type":"post","link":"https:\/\/lasprimeras.com.do\/index.php\/2024\/07\/01\/beryl-se-transforma-en-huracan-de-categoria-5\/","title":{"rendered":"Beryl se transforma en hurac\u00e1n de categor\u00eda 5"},"content":{"rendered":"\n<p>El NHC describi\u00f3 a Beryl como un \u201churac\u00e1n de categor\u00eda 5 potencialmente catastr\u00f3fico para la zona este del Caribe.<\/p>\n\n\n\n<p>SAULO MOTA TELEM\u00cdN<\/p>\n\n\n\n<p>El Centro Nacional de Huracanes de Estados Unidos (NHC, por su sigla en ingl\u00e9s) inform\u00f3 este lunes que el hurac\u00e1n Beryl se convirti\u00f3 en categor\u00eda 5.<\/p>\n\n\n\n<p>Asimismo, la referida entidad meteorol\u00f3gica describi\u00f3 a Beryl como un \u201churac\u00e1n de categor\u00eda 5 potencialmente catastr\u00f3fico para la zona este del Caribe\u201d.<\/p>\n\n\n\n<p>De manera similar asegur\u00f3 que este fen\u00f3meno atmosf\u00e9rico est\u00e1 ubicado a 825 kil\u00f3metros de la Isla Beata de Rep\u00fablica Dominicana, traslad\u00e1ndose a 35 kil\u00f3metros por hora con vientos m\u00e1ximos sostenidos de 260 kil\u00f3metros.<\/p>\n\n\n\n<p>Adem\u00e1s, el NHC emiti\u00f3 un aviso para la costa sur de Rep\u00fablica Dominicana, desde Punta Palenque hacia el oeste hasta la frontera con Hait\u00ed.<\/p>\n","protected":false},"excerpt":{"rendered":"<p>El NHC describi\u00f3 a Beryl como un \u201churac\u00e1n de categor\u00eda 5 potencialmente catastr\u00f3fico para la zona este del Caribe. SAULO MOTA TELEM\u00cdN El Centro Nacional de Huracanes de Estados Unidos&hellip;<\/p>\n","protected":false},"author":2,"featured_media":85536,"comment_status":"open","ping_status":"open","sticky":false,"template":"","format":"standard","meta":{"content-type":"","jetpack_post_was_ever_published":false,"_jetpack_newsletter_access":"","_jetpack_dont_email_post_to_subs":false,"_jetpack_newsletter_tier_id":0,"_jetpack_memberships_contains_paywalled_content":false,"_jetpack_memberships_contains_paid_content":false,"footnotes":""},"categories":[35,25],"tags":[13876],"class_list":["post-85535","post","type-post","status-publish","format-standard","has-post-thumbnail","hentry","category-nacionales","category-portada","tag-beryl"],"jetpack_featured_media_url":"https:\/\/lasprimeras.com.do\/wp-content\/uploads\/2024\/07\/beryl.jpeg","jetpack-related-posts":[{"id":85541,"url":"https:\/\/lasprimeras.com.do\/index.php\/2024\/07\/01\/autoridades-mantendran-jornada-laboral-pese-acercamiento-de-huracan-beryl\/","url_meta":{"origin":85535,"position":0},"title":"Autoridades mantendr\u00e1n jornada laboral pese acercamiento de hurac\u00e1n Beryl","author":"Nelson Feliz","date":"1 de julio de 2024","format":false,"excerpt":"De acuerdo con el Centro Nacional de Huracanes de Estados Unidos (NHC, por su sigla en ingl\u00e9s), el hurac\u00e1n Beryl se convirti\u00f3 en categor\u00eda 5. Hasta el momento las labores se mantendr\u00e1n este martes en la Rep\u00fablica Dominicana, de acuerdo a lo dicho por las autoridades este lunes. De acuerdo\u2026","rel":"","context":"En \u00abNACIONALES\u00bb","block_context":{"text":"NACIONALES","link":"https:\/\/lasprimeras.com.do\/index.php\/category\/nacionales\/"},"img":{"alt_text":"","src":"https:\/\/i0.wp.com\/lasprimeras.com.do\/wp-content\/uploads\/2024\/07\/Joel-Santos-1.jpeg?resize=350%2C200&ssl=1","width":350,"height":200,"srcset":"https:\/\/i0.wp.com\/lasprimeras.com.do\/wp-content\/uploads\/2024\/07\/Joel-Santos-1.jpeg?resize=350%2C200&ssl=1 1x, https:\/\/i0.wp.com\/lasprimeras.com.do\/wp-content\/uploads\/2024\/07\/Joel-Santos-1.jpeg?resize=525%2C300&ssl=1 1.5x, https:\/\/i0.wp.com\/lasprimeras.com.do\/wp-content\/uploads\/2024\/07\/Joel-Santos-1.jpeg?resize=700%2C400&ssl=1 2x"},"classes":[]},{"id":85469,"url":"https:\/\/lasprimeras.com.do\/index.php\/2024\/06\/30\/un-peligroso-e-inusual-huracan-se-intensifica-rapidamente-a-su-paso-por-el-caribe\/","url_meta":{"origin":85535,"position":1},"title":"Un peligroso e inusual hurac\u00e1n se intensifica r\u00e1pidamente a su paso por el Caribe","author":"Nelson Feliz","date":"30 de junio de 2024","format":false,"excerpt":"Este tipo de fen\u00f3menos son inusuales para esta \u00e9poca del a\u00f1o, puesto que el primer hurac\u00e1n de la temporada generalmente se forma a partir de agosto. La tormenta tropical Beryl se convirti\u00f3 este s\u00e1bado en un \"peligroso\" hurac\u00e1n a su paso por el sureste del mar Caribe, inform\u00f3 el Centro\u2026","rel":"","context":"En \u00abSin categor\u00eda\u00bb","block_context":{"text":"Sin categor\u00eda","link":"https:\/\/lasprimeras.com.do\/index.php\/category\/sin-categoria\/"},"img":{"alt_text":"","src":"https:\/\/i0.wp.com\/lasprimeras.com.do\/wp-content\/uploads\/2024\/06\/beryl.jpg?resize=350%2C200&ssl=1","width":350,"height":200,"srcset":"https:\/\/i0.wp.com\/lasprimeras.com.do\/wp-content\/uploads\/2024\/06\/beryl.jpg?resize=350%2C200&ssl=1 1x, https:\/\/i0.wp.com\/lasprimeras.com.do\/wp-content\/uploads\/2024\/06\/beryl.jpg?resize=525%2C300&ssl=1 1.5x, https:\/\/i0.wp.com\/lasprimeras.com.do\/wp-content\/uploads\/2024\/06\/beryl.jpg?resize=700%2C400&ssl=1 2x"},"classes":[]},{"id":85576,"url":"https:\/\/lasprimeras.com.do\/index.php\/2024\/07\/03\/huracan-beryl-pasa-por-jamaica-tras-dejar-al-menos-7-muertos-en-el-sureste-del-caribe\/","url_meta":{"origin":85535,"position":2},"title":"Hurac\u00e1n Beryl pasa por Jamaica tras dejar al menos 7 muertos en el sureste del Caribe","author":"Nelson Feliz","date":"3 de julio de 2024","format":false,"excerpt":"BY JOHN MYERS JR. AND RENLOY TRAIL KINGSTON, Jamaica (AP) \u2014 El hurac\u00e1n Beryl estaba pasando el mi\u00e9rcoles por Jamaica, trayendo fuertes vientos y lluvias luego de que la poderosa tormenta de categor\u00eda 4 dej\u00f3 al menos siete muertos e importantes da\u00f1os en el sureste del Caribe. El Centro Nacional\u2026","rel":"","context":"En \u00abSin categor\u00eda\u00bb","block_context":{"text":"Sin categor\u00eda","link":"https:\/\/lasprimeras.com.do\/index.php\/category\/sin-categoria\/"},"img":{"alt_text":"","src":"https:\/\/i0.wp.com\/lasprimeras.com.do\/wp-content\/uploads\/2024\/07\/pescadores.jpg?resize=350%2C200&ssl=1","width":350,"height":200,"srcset":"https:\/\/i0.wp.com\/lasprimeras.com.do\/wp-content\/uploads\/2024\/07\/pescadores.jpg?resize=350%2C200&ssl=1 1x, https:\/\/i0.wp.com\/lasprimeras.com.do\/wp-content\/uploads\/2024\/07\/pescadores.jpg?resize=525%2C300&ssl=1 1.5x, https:\/\/i0.wp.com\/lasprimeras.com.do\/wp-content\/uploads\/2024\/07\/pescadores.jpg?resize=700%2C400&ssl=1 2x"},"classes":[]},{"id":85505,"url":"https:\/\/lasprimeras.com.do\/index.php\/2024\/07\/01\/el-huracan-beryl-arrasa-el-sureste-del-caribe-como-tormenta-record-de-categoria-4\/","url_meta":{"origin":85535,"position":3},"title":"El hurac\u00e1n Beryl arrasa el sureste del Caribe como tormenta r\u00e9cord de categor\u00eda 4","author":"Nelson Feliz","date":"1 de julio de 2024","format":false,"excerpt":"POR D\u00c1NICA COTO Y KOFI JONES BRIDGETOWN, Barbados (AP) \u2014 El hurac\u00e1n Beryl arranc\u00f3 puertas, ventanas y techos de casas en todo el sureste del Caribe el lunes despu\u00e9s de tocar tierra en la isla de Carriacou como la primera tormenta de categor\u00eda 4 que se form\u00f3 en el Atl\u00e1ntico,\u2026","rel":"","context":"En \u00abSin categor\u00eda\u00bb","block_context":{"text":"Sin categor\u00eda","link":"https:\/\/lasprimeras.com.do\/index.php\/category\/sin-categoria\/"},"img":{"alt_text":"","src":"https:\/\/i0.wp.com\/lasprimeras.com.do\/wp-content\/uploads\/2024\/07\/Huracan-2.jpg?resize=350%2C200&ssl=1","width":350,"height":200,"srcset":"https:\/\/i0.wp.com\/lasprimeras.com.do\/wp-content\/uploads\/2024\/07\/Huracan-2.jpg?resize=350%2C200&ssl=1 1x, https:\/\/i0.wp.com\/lasprimeras.com.do\/wp-content\/uploads\/2024\/07\/Huracan-2.jpg?resize=525%2C300&ssl=1 1.5x, https:\/\/i0.wp.com\/lasprimeras.com.do\/wp-content\/uploads\/2024\/07\/Huracan-2.jpg?resize=700%2C400&ssl=1 2x"},"classes":[]},{"id":85565,"url":"https:\/\/lasprimeras.com.do\/index.php\/2024\/07\/02\/el-huracan-beryl-no-causa-danos-a-republica-dominicana\/","url_meta":{"origin":85535,"position":4},"title":"El hurac\u00e1n Beryl no causa da\u00f1os \u00a0a Rep\u00fablica Dominicana","author":"Nelson Feliz","date":"2 de julio de 2024","format":false,"excerpt":"Las condiciones atmosf\u00e9ricas mejorar\u00e1n ma\u00f1ana en Rep\u00fablica Dominicana, luego de que este martes las lluvias causadas por el hurac\u00e1n Beryl en el sur y suroeste obligaran al desplazamiento de 37 personas en varios puntos del pa\u00eds. Las autoridades meteorol\u00f3gicas y de socorro afirmaron que se produjeron evacuaciones preventivas y obligatorias\u2026","rel":"","context":"En \u00abNACIONALES\u00bb","block_context":{"text":"NACIONALES","link":"https:\/\/lasprimeras.com.do\/index.php\/category\/nacionales\/"},"img":{"alt_text":"","src":"https:\/\/i0.wp.com\/lasprimeras.com.do\/wp-content\/uploads\/2024\/07\/huracan-Beryl.jpg?resize=350%2C200&ssl=1","width":350,"height":200,"srcset":"https:\/\/i0.wp.com\/lasprimeras.com.do\/wp-content\/uploads\/2024\/07\/huracan-Beryl.jpg?resize=350%2C200&ssl=1 1x, https:\/\/i0.wp.com\/lasprimeras.com.do\/wp-content\/uploads\/2024\/07\/huracan-Beryl.jpg?resize=525%2C300&ssl=1 1.5x, https:\/\/i0.wp.com\/lasprimeras.com.do\/wp-content\/uploads\/2024\/07\/huracan-Beryl.jpg?resize=700%2C400&ssl=1 2x"},"classes":[]},{"id":90982,"url":"https:\/\/lasprimeras.com.do\/index.php\/2024\/11\/05\/la-tormenta-rafael-se-convierte-en-un-huracan-en-su-ruta-a-las-islas-caiman-y-cuba\/","url_meta":{"origin":85535,"position":5},"title":"La tormenta Rafael se convierte en un hurac\u00e1n en su ruta a las Islas Caim\u00e1n y Cuba","author":"Nelson Feliz","date":"5 de noviembre de 2024","format":false,"excerpt":"Miami (EE.UU.), (EFE).- La tormenta tropical Rafael se ha intensificado este martes hasta convertirse en una hurac\u00e1n de categor\u00eda 1 en la escala Saffir-Simpson, mientras se aproxima a las Islas Caim\u00e1n y Cuba, inform\u00f3 el Centro Nacional de Huracanes (NHC, en ingl\u00e9s) de EE.UU. Rafael presenta vientos m\u00e1ximos sostenidos de\u2026","rel":"","context":"En \u00abINTERNACIONALES\u00bb","block_context":{"text":"INTERNACIONALES","link":"https:\/\/lasprimeras.com.do\/index.php\/category\/sin-categoria\/internacionales\/"},"img":{"alt_text":"","src":"https:\/\/i0.wp.com\/lasprimeras.com.do\/wp-content\/uploads\/2024\/11\/Tormenta-Rafael.jpg?resize=350%2C200&ssl=1","width":350,"height":200,"srcset":"https:\/\/i0.wp.com\/lasprimeras.com.do\/wp-content\/uploads\/2024\/11\/Tormenta-Rafael.jpg?resize=350%2C200&ssl=1 1x, https:\/\/i0.wp.com\/lasprimeras.com.do\/wp-content\/uploads\/2024\/11\/Tormenta-Rafael.jpg?resize=525%2C300&ssl=1 1.5x"},"classes":[]}],"jetpack_sharing_enabled":true,"_links":{"self":[{"href":"https:\/\/lasprimeras.com.do\/index.php\/wp-json\/wp\/v2\/posts\/85535","targetHints":{"allow":["GET"]}}],"collection":[{"href":"https:\/\/lasprimeras.com.do\/index.php\/wp-json\/wp\/v2\/posts"}],"about":[{"href":"https:\/\/lasprimeras.com.do\/index.php\/wp-json\/wp\/v2\/types\/post"}],"author":[{"embeddable":true,"href":"https:\/\/lasprimeras.com.do\/index.php\/wp-json\/wp\/v2\/users\/2"}],"replies":[{"embeddable":true,"href":"https:\/\/lasprimeras.com.do\/index.php\/wp-json\/wp\/v2\/comments?post=85535"}],"version-history":[{"count":1,"href":"https:\/\/lasprimeras.com.do\/index.php\/wp-json\/wp\/v2\/posts\/85535\/revisions"}],"predecessor-version":[{"id":85537,"href":"https:\/\/lasprimeras.com.do\/index.php\/wp-json\/wp\/v2\/posts\/85535\/revisions\/85537"}],"wp:featuredmedia":[{"embeddable":true,"href":"https:\/\/lasprimeras.com.do\/index.php\/wp-json\/wp\/v2\/media\/85536"}],"wp:attachment":[{"href":"https:\/\/lasprimeras.com.do\/index.php\/wp-json\/wp\/v2\/media?parent=85535"}],"wp:term":[{"taxonomy":"category","embeddable":true,"href":"https:\/\/lasprimeras.com.do\/index.php\/wp-json\/wp\/v2\/categories?post=85535"},{"taxonomy":"post_tag","embeddable":true,"href":"https:\/\/lasprimeras.com.do\/index.php\/wp-json\/wp\/v2\/tags?post=85535"}],"curies":[{"name":"wp","href":"https:\/\/api.w.org\/{rel}","templated":true}]}}