{"id":85538,"date":"2024-07-01T23:49:08","date_gmt":"2024-07-02T03:49:08","guid":{"rendered":"https:\/\/lasprimeras.com.do\/?p=85538"},"modified":"2024-07-01T23:49:08","modified_gmt":"2024-07-02T03:49:08","slug":"pedernales-y-barahona-en-alerta-roja-seran-las-provincias-mas-afectadas-por-lluvias-de-beryl","status":"publish","type":"post","link":"https:\/\/lasprimeras.com.do\/index.php\/2024\/07\/01\/pedernales-y-barahona-en-alerta-roja-seran-las-provincias-mas-afectadas-por-lluvias-de-beryl\/","title":{"rendered":"Pedernales y Barahona en alerta roja: Ser\u00e1n las provincias m\u00e1s afectadas por lluvias de Beryl"},"content":{"rendered":"\n<p><strong>Se esperan lluvias significativas en gran parte del territorio nacional, ya que se esperan entre 50 y 150 mil\u00edmetros y en lugares aislados, se podr\u00edan alcanzar hasta los 200.<\/strong><\/p>\n\n\n\n<p>El Centro de Operaciones de Emergencia (COE) coloc\u00f3 bajo alerta roja a las provincias de Barahona y Pedernales, ya que ser\u00e1n las provincias m\u00e1s afectadas por las lluvias del hurac\u00e1n Beryl, cuyos vientos de 260 kil\u00f3metros por hora lo colocan como uno de categor\u00eda cinco.<\/p>\n\n\n\n<p>De acuerdo con el \u00faltimo informe del Centro Nacional de Huracanes de los Estados Unidos, Beryl pasar\u00e1 a unos 825 kil\u00f3metros de la Isla Beata, que ser\u00e1 lo m\u00e1s cercano que se colocar\u00e1 de territorio dominicano, seg\u00fan los modelos de predicciones.<\/p>\n\n\n\n<p>&#8220;Las provincias de Pedernales y Barahona van a sentir los efectos, casi directos, de tormenta tropical porque los vientos con fuerza de tormenta se extienden hasta unos 205 kil\u00f3metros del centro del hurac\u00e1n Beryl.<\/p>\n\n\n\n<p>Los efectos de tormenta, tanto c\u00f3mo el fuerte oleaje, las fuertes lluvias y las r\u00e1fagas de viento estar\u00e1n m\u00e1s presentes en esa \u00e1rea del territorio nacional&#8221;, explic\u00f3 la directora de la Oficina Nacional de Meteorolog\u00eda, Gloria Ceballos.<\/p>\n\n\n\n<p>La misma indic\u00f3 que se esperan lluvias significativas en gran parte del territorio nacional, ya que se esperan entre 50 y 150 mil\u00edmetros y en lugares aislados, se podr\u00edan alcanzar hasta los 200.<\/p>\n\n\n\n<p>De su lado, el ministro de la Presidencia Joel Santos, revel\u00f3 que la atenci\u00f3n del Gobierno se concentrar\u00e1 en todas las \u00e1reas del pa\u00eds ante el paso del hurac\u00e1n Beryl, particularmente en la regi\u00f3n del Enriquillo.<\/p>\n\n\n\n<p>\u201cEstamos concentrando nuestra atenci\u00f3n principalmente a la zona de la regi\u00f3n Enriquillo, particularmente las provincias Pedernales y Barahona, donde se concentrar\u00e1 la mayor parte de la atenci\u00f3n, sin embargo, estaremos en todas las \u00e1reas del pa\u00eds. Se revisaron los niveles de las presas, que est\u00e1n en el nivel adecuado para recibir la cantidad de lluvias que se esperan.<\/p>\n\n\n\n<p>Todas las entidades como Obras P\u00fablicas y Mived est\u00e1n preparando los equipos por si el evento produce da\u00f1os, igualmente las instituciones que tienen que ver con el agua, como Caasd e Inapa.<\/p>\n\n\n\n<p>Todo esto se est\u00e1 haciendo coordinado con las alcald\u00edas&#8221;, explic\u00f3 Santos, quien se\u00f1al\u00f3 que ya se revisaron los niveles de las presas, principalmente las del Sur, y todas est\u00e1n en el nivel adecuado para recibir la cantidad de lluvias que se esperan para ma\u00f1ana martes, entre 50 y 150 mil\u00edmetros.<\/p>\n\n\n\n<p>El ministro indic\u00f3 que las instituciones sociales del Gobierno tienen activo su comit\u00e9 de emergencia para asistir a las personas que resulten afectadas de las torrenciales lluvias que se esperan producto de este fen\u00f3meno atmosf\u00e9rico y asegur\u00f3 que instituciones como el Ministerio de Obras P\u00fablicas y el Ministerio de la Vivienda y Edificaciones se encuentran preparando sus equipos por si el evento produce da\u00f1os de infraestructura en el pa\u00eds, adem\u00e1s recalc\u00f3 que todas las medidas que se tomen a partir de la noche del lunes, se realizan en coordinaci\u00f3n con las diferentes alcald\u00edas del pa\u00eds.<\/p>\n\n\n\n<p>En alerta amarilla se encuentran el Distrito Nacional, Santo Domingo, San Crist\u00f3bal, Azua, Peravia, La Vega, Monse\u00f1or Nouel, San Jos\u00e9 de Ocoa e Independencia.<\/p>\n\n\n\n<p>Mientras que en alerta verde est\u00e1n La Altagracia, Monte Plata, Espaillat, Santiago, La Romana, San Pedro de Macor\u00eds, Hato Mayor, S\u00e1nchez Ram\u00edrez, Puerto Plata y Hermanas Mirabal. En total son 21 las provincias bajo alerta.<\/p>\n","protected":false},"excerpt":{"rendered":"<p>Se esperan lluvias significativas en gran parte del territorio nacional, ya que se esperan entre 50 y 150 mil\u00edmetros y en lugares aislados, se podr\u00edan alcanzar hasta los 200. El&hellip;<\/p>\n","protected":false},"author":2,"featured_media":85539,"comment_status":"open","ping_status":"open","sticky":false,"template":"","format":"standard","meta":{"content-type":"","jetpack_post_was_ever_published":false,"_jetpack_newsletter_access":"","_jetpack_dont_email_post_to_subs":false,"_jetpack_newsletter_tier_id":0,"_jetpack_memberships_contains_paywalled_content":false,"_jetpack_memberships_contains_paid_content":false,"footnotes":""},"categories":[35,25],"tags":[2944,6543,265,13876,2130,30,1825],"class_list":["post-85538","post","type-post","status-publish","format-standard","has-post-thumbnail","hentry","category-nacionales","category-portada","tag-afectadas","tag-alerta-roja","tag-barahona","tag-beryl","tag-lluvias","tag-pedernales","tag-provincias"],"jetpack_featured_media_url":"https:\/\/lasprimeras.com.do\/wp-content\/uploads\/2024\/07\/trayec.jpeg","jetpack-related-posts":[{"id":85565,"url":"https:\/\/lasprimeras.com.do\/index.php\/2024\/07\/02\/el-huracan-beryl-no-causa-danos-a-republica-dominicana\/","url_meta":{"origin":85538,"position":0},"title":"El hurac\u00e1n Beryl no causa da\u00f1os \u00a0a Rep\u00fablica Dominicana","author":"Nelson Feliz","date":"2 de julio de 2024","format":false,"excerpt":"Las condiciones atmosf\u00e9ricas mejorar\u00e1n ma\u00f1ana en Rep\u00fablica Dominicana, luego de que este martes las lluvias causadas por el hurac\u00e1n Beryl en el sur y suroeste obligaran al desplazamiento de 37 personas en varios puntos del pa\u00eds. Las autoridades meteorol\u00f3gicas y de socorro afirmaron que se produjeron evacuaciones preventivas y obligatorias\u2026","rel":"","context":"En \u00abNACIONALES\u00bb","block_context":{"text":"NACIONALES","link":"https:\/\/lasprimeras.com.do\/index.php\/category\/nacionales\/"},"img":{"alt_text":"","src":"https:\/\/i0.wp.com\/lasprimeras.com.do\/wp-content\/uploads\/2024\/07\/huracan-Beryl.jpg?resize=350%2C200&ssl=1","width":350,"height":200,"srcset":"https:\/\/i0.wp.com\/lasprimeras.com.do\/wp-content\/uploads\/2024\/07\/huracan-Beryl.jpg?resize=350%2C200&ssl=1 1x, https:\/\/i0.wp.com\/lasprimeras.com.do\/wp-content\/uploads\/2024\/07\/huracan-Beryl.jpg?resize=525%2C300&ssl=1 1.5x, https:\/\/i0.wp.com\/lasprimeras.com.do\/wp-content\/uploads\/2024\/07\/huracan-Beryl.jpg?resize=700%2C400&ssl=1 2x"},"classes":[]},{"id":85434,"url":"https:\/\/lasprimeras.com.do\/index.php\/2024\/06\/30\/coe-emite-alerta-verde-para-09-provincias-y-el-distrito-nacional-por-huracan-beryl\/","url_meta":{"origin":85538,"position":1},"title":"COE emite alerta verde para 09 provincias y el Distrito Nacional por hurac\u00e1n Beryl","author":"Nelson Feliz","date":"30 de junio de 2024","format":false,"excerpt":"El Centro de Operaciones de Emergencias (COE) ha colocado a nueve provincias y al Distrito Nacional en alerta verde ante la proximidad del hurac\u00e1n Beryl. Seg\u00fan el \u00faltimo informe meteorol\u00f3gico, el centro del hurac\u00e1n se encuentra cerca de la latitud 10.7 norte y longitud 53.1 oeste, aproximadamente a 750 kil\u00f3metros\u2026","rel":"","context":"En \u00abNACIONALES\u00bb","block_context":{"text":"NACIONALES","link":"https:\/\/lasprimeras.com.do\/index.php\/category\/nacionales\/"},"img":{"alt_text":"","src":"https:\/\/i0.wp.com\/lasprimeras.com.do\/wp-content\/uploads\/2024\/06\/Alerta-verde.jpg?resize=350%2C200&ssl=1","width":350,"height":200,"srcset":"https:\/\/i0.wp.com\/lasprimeras.com.do\/wp-content\/uploads\/2024\/06\/Alerta-verde.jpg?resize=350%2C200&ssl=1 1x, https:\/\/i0.wp.com\/lasprimeras.com.do\/wp-content\/uploads\/2024\/06\/Alerta-verde.jpg?resize=525%2C300&ssl=1 1.5x"},"classes":[]},{"id":85443,"url":"https:\/\/lasprimeras.com.do\/index.php\/2024\/06\/30\/abinader-lo-principal-es-salvar-vidas-y-coordinar-con-gobiernos-locales-ante-huracan-beryl\/","url_meta":{"origin":85538,"position":2},"title":"Abinader: lo principal es salvar vidas y coordinar con gobiernos locales ante hurac\u00e1n Beryl","author":"Nelson Feliz","date":"30 de junio de 2024","format":false,"excerpt":"El presidente Luis Abinader afirm\u00f3 este domingo que las medidas urgentes son salvar vidas y trabajar en coordinaci\u00f3n con los gobiernos locales ante la amenaza del hurac\u00e1n Beryl, categor\u00eda 4, que estar\u00eda pasando al Sur de la Rep\u00fablica Dominicana este martes. \u201cLo principal ahora mismo y las medidas urgentes son\u2026","rel":"","context":"En \u00abNACIONALES\u00bb","block_context":{"text":"NACIONALES","link":"https:\/\/lasprimeras.com.do\/index.php\/category\/nacionales\/"},"img":{"alt_text":"Luis Abinader","src":"https:\/\/i0.wp.com\/lasprimeras.com.do\/wp-content\/uploads\/2024\/06\/Luis-Abinader-13.jpg?resize=350%2C200&ssl=1","width":350,"height":200,"srcset":"https:\/\/i0.wp.com\/lasprimeras.com.do\/wp-content\/uploads\/2024\/06\/Luis-Abinader-13.jpg?resize=350%2C200&ssl=1 1x, https:\/\/i0.wp.com\/lasprimeras.com.do\/wp-content\/uploads\/2024\/06\/Luis-Abinader-13.jpg?resize=525%2C300&ssl=1 1.5x"},"classes":[]},{"id":112737,"url":"https:\/\/lasprimeras.com.do\/index.php\/2025\/10\/26\/abinader-levanta-medidas-por-huracan-melissa-excepto-en-barahona-pedernales-bahoruco-e-independencia\/","url_meta":{"origin":85538,"position":3},"title":"Abinader levanta medidas por hurac\u00e1n Melissa, excepto en Barahona, Pedernales, Bahoruco e Independencia","author":"Nelson Feliz","date":"26 de octubre de 2025","format":false,"excerpt":"Las autoridades informaron que las actividades laborales y educativas seguir\u00e1n suspendidas en las provincias que se mantienen en alerta roja. El presidente Luis Abinader dispuso el levantamiento de las medidas preventivas implementadas durante el paso del hurac\u00e1n Melissa, excepto en las provincias que mantienen la alerta roja, tras cumplirse los\u2026","rel":"","context":"En \u00abSin categor\u00eda\u00bb","block_context":{"text":"Sin categor\u00eda","link":"https:\/\/lasprimeras.com.do\/index.php\/category\/sin-categoria\/"},"img":{"alt_text":"","src":"https:\/\/i0.wp.com\/lasprimeras.com.do\/wp-content\/uploads\/2025\/10\/Luis-Abinader-9.jpg?resize=350%2C200&ssl=1","width":350,"height":200,"srcset":"https:\/\/i0.wp.com\/lasprimeras.com.do\/wp-content\/uploads\/2025\/10\/Luis-Abinader-9.jpg?resize=350%2C200&ssl=1 1x, https:\/\/i0.wp.com\/lasprimeras.com.do\/wp-content\/uploads\/2025\/10\/Luis-Abinader-9.jpg?resize=525%2C300&ssl=1 1.5x, https:\/\/i0.wp.com\/lasprimeras.com.do\/wp-content\/uploads\/2025\/10\/Luis-Abinader-9.jpg?resize=700%2C400&ssl=1 2x"},"classes":[]},{"id":112702,"url":"https:\/\/lasprimeras.com.do\/index.php\/2025\/10\/26\/pedernales-bajo-el-huracan-melissa-cuatro-dias-de-lluvias-intensas-y-alerta-roja\/","url_meta":{"origin":85538,"position":4},"title":"Pedernales bajo el hurac\u00e1n Melissa: Cuatro d\u00edas de lluvias intensas y alerta roja","author":"Nelson Feliz","date":"26 de octubre de 2025","format":false,"excerpt":"Las incesantes lluvias, asociadas al hurac\u00e1n Melissa, han mantenido a la provincia fronteriza de Pedernales sumida en un prolongado y gris temporal. Desde la madrugada del pasado jueves, las copiosas precipitaciones han sido una constante, llevando a los residentes a comentar, entre la preocupaci\u00f3n y el humor, que \"ya hace\u2026","rel":"","context":"En \u00abCLIMA\u00bb","block_context":{"text":"CLIMA","link":"https:\/\/lasprimeras.com.do\/index.php\/category\/clima\/"},"img":{"alt_text":"","src":"https:\/\/i0.wp.com\/lasprimeras.com.do\/wp-content\/uploads\/2025\/10\/pedernales.jpg?resize=350%2C200&ssl=1","width":350,"height":200,"srcset":"https:\/\/i0.wp.com\/lasprimeras.com.do\/wp-content\/uploads\/2025\/10\/pedernales.jpg?resize=350%2C200&ssl=1 1x, https:\/\/i0.wp.com\/lasprimeras.com.do\/wp-content\/uploads\/2025\/10\/pedernales.jpg?resize=525%2C300&ssl=1 1.5x, https:\/\/i0.wp.com\/lasprimeras.com.do\/wp-content\/uploads\/2025\/10\/pedernales.jpg?resize=700%2C400&ssl=1 2x"},"classes":[]},{"id":112610,"url":"https:\/\/lasprimeras.com.do\/index.php\/2025\/10\/23\/abinader-dispone-para-este-viernes-suspension-de-la-docencia-en-todo-el-pais-y-de-las-labores-en-las-provincias-en-alerta-roja\/","url_meta":{"origin":85538,"position":5},"title":"Abinader dispone para este viernes suspensi\u00f3n de la docencia en todo el pa\u00eds y de las labores en las provincias en alerta roja","author":"Nelson Feliz","date":"23 de octubre de 2025","format":false,"excerpt":"Se extiende la alerta roja a las provincias La Romana, San Pedro de Macor\u00eds y Monte Plata, conjuntamente con Barahona, San Crist\u00f3bal, Santo Domingo, Distrito Nacional, San Jos\u00e9 de Ocoa, San Juan, Azua, Peravia y Pedernales. El presidente Luis Abinader orden\u00f3, ante el paso de la tormenta Melissa, la suspensi\u00f3n\u2026","rel":"","context":"En \u00abNACIONALES\u00bb","block_context":{"text":"NACIONALES","link":"https:\/\/lasprimeras.com.do\/index.php\/category\/nacionales\/"},"img":{"alt_text":"","src":"https:\/\/i0.wp.com\/lasprimeras.com.do\/wp-content\/uploads\/2025\/10\/Luis-Abinader-8.jpg?resize=350%2C200&ssl=1","width":350,"height":200,"srcset":"https:\/\/i0.wp.com\/lasprimeras.com.do\/wp-content\/uploads\/2025\/10\/Luis-Abinader-8.jpg?resize=350%2C200&ssl=1 1x, https:\/\/i0.wp.com\/lasprimeras.com.do\/wp-content\/uploads\/2025\/10\/Luis-Abinader-8.jpg?resize=525%2C300&ssl=1 1.5x, https:\/\/i0.wp.com\/lasprimeras.com.do\/wp-content\/uploads\/2025\/10\/Luis-Abinader-8.jpg?resize=700%2C400&ssl=1 2x"},"classes":[]}],"jetpack_sharing_enabled":true,"_links":{"self":[{"href":"https:\/\/lasprimeras.com.do\/index.php\/wp-json\/wp\/v2\/posts\/85538","targetHints":{"allow":["GET"]}}],"collection":[{"href":"https:\/\/lasprimeras.com.do\/index.php\/wp-json\/wp\/v2\/posts"}],"about":[{"href":"https:\/\/lasprimeras.com.do\/index.php\/wp-json\/wp\/v2\/types\/post"}],"author":[{"embeddable":true,"href":"https:\/\/lasprimeras.com.do\/index.php\/wp-json\/wp\/v2\/users\/2"}],"replies":[{"embeddable":true,"href":"https:\/\/lasprimeras.com.do\/index.php\/wp-json\/wp\/v2\/comments?post=85538"}],"version-history":[{"count":1,"href":"https:\/\/lasprimeras.com.do\/index.php\/wp-json\/wp\/v2\/posts\/85538\/revisions"}],"predecessor-version":[{"id":85540,"href":"https:\/\/lasprimeras.com.do\/index.php\/wp-json\/wp\/v2\/posts\/85538\/revisions\/85540"}],"wp:featuredmedia":[{"embeddable":true,"href":"https:\/\/lasprimeras.com.do\/index.php\/wp-json\/wp\/v2\/media\/85539"}],"wp:attachment":[{"href":"https:\/\/lasprimeras.com.do\/index.php\/wp-json\/wp\/v2\/media?parent=85538"}],"wp:term":[{"taxonomy":"category","embeddable":true,"href":"https:\/\/lasprimeras.com.do\/index.php\/wp-json\/wp\/v2\/categories?post=85538"},{"taxonomy":"post_tag","embeddable":true,"href":"https:\/\/lasprimeras.com.do\/index.php\/wp-json\/wp\/v2\/tags?post=85538"}],"curies":[{"name":"wp","href":"https:\/\/api.w.org\/{rel}","templated":true}]}}