{"id":85561,"date":"2024-07-02T21:43:15","date_gmt":"2024-07-03T01:43:15","guid":{"rendered":"https:\/\/lasprimeras.com.do\/?p=85561"},"modified":"2024-07-02T21:43:16","modified_gmt":"2024-07-03T01:43:16","slug":"jce-entregara-certificados-a-ganadores-comicios-del-pasado-19-de-mayo","status":"publish","type":"post","link":"https:\/\/lasprimeras.com.do\/index.php\/2024\/07\/02\/jce-entregara-certificados-a-ganadores-comicios-del-pasado-19-de-mayo\/","title":{"rendered":"JCE entregar\u00e1 certificados a ganadores comicios del pasado 19 de mayo"},"content":{"rendered":"\n<p>El Pleno de la Junta Central Electoral (JCE) entregar\u00e1 el pr\u00f3ximo jueves 11 de julio los certificados de elecci\u00f3n a los candidatos y candidatas electos para los cargos de presidente y vicepresidente, as\u00ed como a los electos para los cargos congresuales, en los comicios celebrados el pasado 19 de mayo.<\/p>\n\n\n\n<p>El acto formal se realizar\u00e1 en el hotel El Embajador de la forma siguiente: a las 10:30 de la ma\u00f1ana a los cargos del nivel presidencial, vicepresidencial y senatorial; y a las 4:00 de la tarde, en el mismo lugar, a los electos en los niveles de diputaciones por provincias, circunscripciones territoriales; nacionales por acumulaci\u00f3n de votos, de la comunidad dominicana en el exterior (ultramar) y del Parlamento Centroamericano (Parlacen).<\/p>\n\n\n\n<p>Se entregar\u00e1 un certificado para el cargo de presidente, un certificado para el cargo de vicepresidente y 262 para los cargos de diputaciones y senadur\u00edas, as\u00ed como a los suplentes en los cargos que corresponda.<\/p>\n\n\n\n<p>La actividad se realiza de conformidad con lo establecido en los art\u00edculos 300, 301 y 302 de la Ley Electoral, que manda a la JCE a realizar la entrega de certificados a los candidatos y candidatas elegidos y a proclamarlos, salvo los cargos del presidente y vicepresidente, cuya proclamaci\u00f3n queda a cargo de la Asamblea Nacional.<\/p>\n\n\n\n<p>Con la entrega de certificados la JCE cierra el proceso electoral 2024 y con ello el calendario electoral correspondiente a las elecciones generales ordinarias celebradas el 18 de febrero, para el nivel municipal; y el 19 de mayo, para el nivel presidencial y congresual.<\/p>\n","protected":false},"excerpt":{"rendered":"<p>El Pleno de la Junta Central Electoral (JCE) entregar\u00e1 el pr\u00f3ximo jueves 11 de julio los certificados de elecci\u00f3n a los candidatos y candidatas electos para los cargos de presidente&hellip;<\/p>\n","protected":false},"author":2,"featured_media":80104,"comment_status":"open","ping_status":"open","sticky":false,"template":"","format":"standard","meta":{"content-type":"","jetpack_post_was_ever_published":false,"_jetpack_newsletter_access":"","_jetpack_dont_email_post_to_subs":false,"_jetpack_newsletter_tier_id":0,"_jetpack_memberships_contains_paywalled_content":false,"_jetpack_memberships_contains_paid_content":false,"footnotes":""},"categories":[35,25],"tags":[5070,2084,2515,183,3244],"class_list":["post-85561","post","type-post","status-publish","format-standard","has-post-thumbnail","hentry","category-nacionales","category-portada","tag-certificados","tag-comicios","tag-ganadores","tag-jce","tag-mayo"],"jetpack_featured_media_url":"https:\/\/lasprimeras.com.do\/wp-content\/uploads\/2024\/04\/JCE.jpg","jetpack-related-posts":[{"id":85884,"url":"https:\/\/lasprimeras.com.do\/index.php\/2024\/07\/11\/jce-entrega-certificados-de-eleccion-a-ganadores-de-comicios-del-pasado-19-de-mayo\/","url_meta":{"origin":85561,"position":0},"title":"JCE entrega certificados de elecci\u00f3n a ganadores de comicios del pasado 19 de mayo","author":"Nelson Feliz","date":"11 de julio de 2024","format":false,"excerpt":"El Pleno de la Junta Central Electoral (JCE) entreg\u00f3 los certificados de elecci\u00f3n a los candidatos y candidatas electos para los cargos de presidente y vicepresidente, as\u00ed como a los elegidos para cargos congresuales en los comicios celebrados el pasado 19 de mayo del presente a\u00f1o. En la primera jornada\u2026","rel":"","context":"En \u00abNACIONALES\u00bb","block_context":{"text":"NACIONALES","link":"https:\/\/lasprimeras.com.do\/index.php\/category\/nacionales\/"},"img":{"alt_text":"","src":"https:\/\/i0.wp.com\/lasprimeras.com.do\/wp-content\/uploads\/2024\/07\/JCE-1.jpg?resize=350%2C200&ssl=1","width":350,"height":200,"srcset":"https:\/\/i0.wp.com\/lasprimeras.com.do\/wp-content\/uploads\/2024\/07\/JCE-1.jpg?resize=350%2C200&ssl=1 1x, https:\/\/i0.wp.com\/lasprimeras.com.do\/wp-content\/uploads\/2024\/07\/JCE-1.jpg?resize=525%2C300&ssl=1 1.5x, https:\/\/i0.wp.com\/lasprimeras.com.do\/wp-content\/uploads\/2024\/07\/JCE-1.jpg?resize=700%2C400&ssl=1 2x"},"classes":[]},{"id":81285,"url":"https:\/\/lasprimeras.com.do\/index.php\/2024\/04\/18\/juntas-electorales-concluyen-entrega-de-certificados-y-proclamacion-de-nuevas-autoridades-municipales\/","url_meta":{"origin":85561,"position":1},"title":"Juntas electorales concluyen entrega de certificados y proclamaci\u00f3n de nuevas autoridades municipales","author":"Nelson Feliz","date":"18 de abril de 2024","format":false,"excerpt":"Toma de posesi\u00f3n ser\u00e1 el mi\u00e9rcoles 24 de abril pr\u00f3ximo La Junta Central Electoral (JCE) inform\u00f3 que concluy\u00f3 este mi\u00e9rcoles a nivel nacional la entrega de certificados a los candidatos y candidatas que resultaron ganadores en las pasadas elecciones, quienes de inmediato fueron proclamados como nuevas autoridades municipales. Los actos\u2026","rel":"","context":"En \u00abNACIONALES\u00bb","block_context":{"text":"NACIONALES","link":"https:\/\/lasprimeras.com.do\/index.php\/category\/nacionales\/"},"img":{"alt_text":"","src":"https:\/\/i0.wp.com\/lasprimeras.com.do\/wp-content\/uploads\/2024\/04\/JCE-5.jpg?resize=350%2C200&ssl=1","width":350,"height":200,"srcset":"https:\/\/i0.wp.com\/lasprimeras.com.do\/wp-content\/uploads\/2024\/04\/JCE-5.jpg?resize=350%2C200&ssl=1 1x, https:\/\/i0.wp.com\/lasprimeras.com.do\/wp-content\/uploads\/2024\/04\/JCE-5.jpg?resize=525%2C300&ssl=1 1.5x"},"classes":[]},{"id":85891,"url":"https:\/\/lasprimeras.com.do\/index.php\/2024\/07\/11\/senador-zorrilla-recibe-certificado-de-jce-como-candidato-electo-3er-periodo-consecutivo\/","url_meta":{"origin":85561,"position":2},"title":"Senador Zorrilla recibe certificado de JCE como candidato electo 3er periodo consecutivo","author":"Nelson Feliz","date":"11 de julio de 2024","format":false,"excerpt":"Tras hist\u00f3rica votaci\u00f3n de un 68.89% senador Santiago Zorrilla recibe certificaci\u00f3n de elecci\u00f3n por tercera ocasi\u00f3n consecutiva. El reelecto senador de la provincia El Seibo, Santiago Zorrilla, recibi\u00f3 hoy el certificado de elecci\u00f3n\u00a0 que lo acredita como senador electo para el per\u00edodo 2024-2028, de parte de la Junta Central Electoral\u2026","rel":"","context":"En \u00abSin categor\u00eda\u00bb","block_context":{"text":"Sin categor\u00eda","link":"https:\/\/lasprimeras.com.do\/index.php\/category\/sin-categoria\/"},"img":{"alt_text":"","src":"https:\/\/i0.wp.com\/lasprimeras.com.do\/wp-content\/uploads\/2024\/07\/Santiago-Zorrilla-1.jpg?resize=350%2C200&ssl=1","width":350,"height":200,"srcset":"https:\/\/i0.wp.com\/lasprimeras.com.do\/wp-content\/uploads\/2024\/07\/Santiago-Zorrilla-1.jpg?resize=350%2C200&ssl=1 1x, https:\/\/i0.wp.com\/lasprimeras.com.do\/wp-content\/uploads\/2024\/07\/Santiago-Zorrilla-1.jpg?resize=525%2C300&ssl=1 1.5x, https:\/\/i0.wp.com\/lasprimeras.com.do\/wp-content\/uploads\/2024\/07\/Santiago-Zorrilla-1.jpg?resize=700%2C400&ssl=1 2x"},"classes":[]},{"id":80102,"url":"https:\/\/lasprimeras.com.do\/index.php\/2024\/04\/03\/jce-entregara-certificado-a-primeros-votantes-en-elecciones-presidenciales-y-congresuales-de-2024\/","url_meta":{"origin":85561,"position":3},"title":"JCE entregar\u00e1 certificado a primeros votantes en elecciones presidenciales y congresuales de 2024","author":"Nelson Feliz","date":"3 de abril de 2024","format":false,"excerpt":"La Junta Central Electoral (JCE), a trav\u00e9s de su Direcci\u00f3n Nacional de Elecciones, pondr\u00e1 en marcha la iniciativa \u201cMi Primer Voto 2024\u201d, que consiste en la entrega de un certificado de participaci\u00f3n emitido a favor de votantes que ejerzan el sufragio por primera vez en las pr\u00f3ximas elecciones ordinarias generales\u2026","rel":"","context":"En \u00abNACIONALES\u00bb","block_context":{"text":"NACIONALES","link":"https:\/\/lasprimeras.com.do\/index.php\/category\/nacionales\/"},"img":{"alt_text":"JCE","src":"https:\/\/i0.wp.com\/lasprimeras.com.do\/wp-content\/uploads\/2024\/04\/JCE.jpg?resize=350%2C200&ssl=1","width":350,"height":200,"srcset":"https:\/\/i0.wp.com\/lasprimeras.com.do\/wp-content\/uploads\/2024\/04\/JCE.jpg?resize=350%2C200&ssl=1 1x, https:\/\/i0.wp.com\/lasprimeras.com.do\/wp-content\/uploads\/2024\/04\/JCE.jpg?resize=525%2C300&ssl=1 1.5x, https:\/\/i0.wp.com\/lasprimeras.com.do\/wp-content\/uploads\/2024\/04\/JCE.jpg?resize=700%2C400&ssl=1 2x"},"classes":[]},{"id":111219,"url":"https:\/\/lasprimeras.com.do\/index.php\/2025\/10\/06\/jce-iespec-concluye-primer-taller-en-materia-de-registro-civil-para-periodistas-y-comunicadores-en-sd-y-santiago\/","url_meta":{"origin":85561,"position":4},"title":"JCE-IESPEC concluye primer taller en materia de registro civil para periodistas y comunicadores en SD y Santiago","author":"Nelson Feliz","date":"6 de octubre de 2025","format":false,"excerpt":"La Junta Central Electoral (JCE), a trav\u00e9s de su Instituto Especializado Superior en Formaci\u00f3n Pol\u00edtica Electoral y del Estado Civil (IESPEC) y bajo la coordinaci\u00f3n de la Direcci\u00f3n de Comunicaciones, finaliz\u00f3 este s\u00e1bado con la entrega de certificados del \u201cCurso especializado sobre la Ley 4-23, Org\u00e1nica del Registro Civil y\u2026","rel":"","context":"En \u00abNACIONALES\u00bb","block_context":{"text":"NACIONALES","link":"https:\/\/lasprimeras.com.do\/index.php\/category\/nacionales\/"},"img":{"alt_text":"","src":"https:\/\/i0.wp.com\/lasprimeras.com.do\/wp-content\/uploads\/2025\/10\/DOS.jpg?resize=350%2C200&ssl=1","width":350,"height":200,"srcset":"https:\/\/i0.wp.com\/lasprimeras.com.do\/wp-content\/uploads\/2025\/10\/DOS.jpg?resize=350%2C200&ssl=1 1x, https:\/\/i0.wp.com\/lasprimeras.com.do\/wp-content\/uploads\/2025\/10\/DOS.jpg?resize=525%2C300&ssl=1 1.5x, https:\/\/i0.wp.com\/lasprimeras.com.do\/wp-content\/uploads\/2025\/10\/DOS.jpg?resize=700%2C400&ssl=1 2x"},"classes":[]},{"id":50548,"url":"https:\/\/lasprimeras.com.do\/index.php\/2023\/05\/22\/jce-realiza-encuentro-con-instructores-del-plan-educativo-electoral-para-los-comicios-de-2024\/","url_meta":{"origin":85561,"position":5},"title":"JCE realiza encuentro con instructores del Plan Educativo Electoral para los comicios de 2024","author":"prenxa100","date":"22 de mayo de 2023","format":false,"excerpt":"Durante la actividad se entregaron 426 kits educativos electoral y los certificados de participaci\u00f3n a los profesionales que realizaron las jornadas de formaci\u00f3n Santo Domingo. - La Junta Central Electoral (JCE) realiz\u00f3 el \u201cEncuentro Nacional de Instructores e Instructoras del Plan Educativo Electoral\u201d, quienes tendr\u00e1n a su cargo la capacitaci\u00f3n\u2026","rel":"","context":"En \u00abNACIONALES\u00bb","block_context":{"text":"NACIONALES","link":"https:\/\/lasprimeras.com.do\/index.php\/category\/nacionales\/"},"img":{"alt_text":"","src":"","width":0,"height":0},"classes":[]}],"jetpack_sharing_enabled":true,"_links":{"self":[{"href":"https:\/\/lasprimeras.com.do\/index.php\/wp-json\/wp\/v2\/posts\/85561","targetHints":{"allow":["GET"]}}],"collection":[{"href":"https:\/\/lasprimeras.com.do\/index.php\/wp-json\/wp\/v2\/posts"}],"about":[{"href":"https:\/\/lasprimeras.com.do\/index.php\/wp-json\/wp\/v2\/types\/post"}],"author":[{"embeddable":true,"href":"https:\/\/lasprimeras.com.do\/index.php\/wp-json\/wp\/v2\/users\/2"}],"replies":[{"embeddable":true,"href":"https:\/\/lasprimeras.com.do\/index.php\/wp-json\/wp\/v2\/comments?post=85561"}],"version-history":[{"count":1,"href":"https:\/\/lasprimeras.com.do\/index.php\/wp-json\/wp\/v2\/posts\/85561\/revisions"}],"predecessor-version":[{"id":85562,"href":"https:\/\/lasprimeras.com.do\/index.php\/wp-json\/wp\/v2\/posts\/85561\/revisions\/85562"}],"wp:featuredmedia":[{"embeddable":true,"href":"https:\/\/lasprimeras.com.do\/index.php\/wp-json\/wp\/v2\/media\/80104"}],"wp:attachment":[{"href":"https:\/\/lasprimeras.com.do\/index.php\/wp-json\/wp\/v2\/media?parent=85561"}],"wp:term":[{"taxonomy":"category","embeddable":true,"href":"https:\/\/lasprimeras.com.do\/index.php\/wp-json\/wp\/v2\/categories?post=85561"},{"taxonomy":"post_tag","embeddable":true,"href":"https:\/\/lasprimeras.com.do\/index.php\/wp-json\/wp\/v2\/tags?post=85561"}],"curies":[{"name":"wp","href":"https:\/\/api.w.org\/{rel}","templated":true}]}}