{"id":85565,"date":"2024-07-02T21:59:43","date_gmt":"2024-07-03T01:59:43","guid":{"rendered":"https:\/\/lasprimeras.com.do\/?p=85565"},"modified":"2024-07-02T21:59:45","modified_gmt":"2024-07-03T01:59:45","slug":"el-huracan-beryl-no-causa-danos-a-republica-dominicana","status":"publish","type":"post","link":"https:\/\/lasprimeras.com.do\/index.php\/2024\/07\/02\/el-huracan-beryl-no-causa-danos-a-republica-dominicana\/","title":{"rendered":"El hurac\u00e1n Beryl no causa da\u00f1os \u00a0a Rep\u00fablica Dominicana"},"content":{"rendered":"\n<p>Las condiciones atmosf\u00e9ricas mejorar\u00e1n ma\u00f1ana en Rep\u00fablica Dominicana, luego de que este martes las lluvias causadas por el hurac\u00e1n Beryl en el sur y suroeste obligaran al desplazamiento de 37 personas en varios puntos del pa\u00eds.<\/p>\n\n\n\n<p>Las autoridades meteorol\u00f3gicas y de socorro afirmaron que se produjeron evacuaciones preventivas y obligatorias en las provincias de Barahona y Pedernales (suroeste) y se dispuso el cierre del malec\u00f3n de Santo Domingo y la avenida Espa\u00f1a en el municipio de Santo Domingo Este, debido a los fuertes oleajes que arrojaron objetos contundentes a esas v\u00edas.<\/p>\n\n\n\n<p>En varias zonas cercanas a la costa caribe\u00f1a dominicana se produjo la ca\u00edda de \u00e1rboles, en tanto que en la provincia de San Jos\u00e9 de Ocoa (centro) una persona fue evacuada luego de que un \u00e1rbol cayera sobre su vivienda.<\/p>\n\n\n\n<p>El oleaje en el malec\u00f3n de Santo Domingo, algo m\u00e1s fuerte de lo habitual, un cielo gris blanquecino y una t\u00edmida lluvia intermitente son los efectos indirectos que se dejaron sentir este martes por el avance del hurac\u00e1n Beryl en esa parte de la capital dominicana.<\/p>\n\n\n\n<p>A lo largo del paseo mar\u00edtimo, EFE pudo ver a muchos dominicanos con su celular en ristre para grabar las olas, exponi\u00e9ndose a las piedras y otros objetos. Las autoridades decidieron cerrar la v\u00eda en direcci\u00f3n oeste-este.<\/p>\n\n\n\n<p>\u00abEn Barahona hemos desplazado a 26 personas, otras nueve en Pedernales, as\u00ed como una en San Jos\u00e9 de Ocoa, otra en el Distrito Nacional y otra m\u00e1s en La Romana (este)\u00bb, dijo el subdirector de la Defensa Civil, Delf\u00edn Rodr\u00edguez.<\/p>\n\n\n\n<p>Se espera que las precipitaciones sean m\u00ednimas ma\u00f1ana en zonas del pa\u00eds, aunque se pronostican lluvias m\u00e1s intensas para las provincias de Barahona y Pedernales.<\/p>\n\n\n\n<p>\u00abEl sistema se encuentra desplaz\u00e1ndose a unos 170 kil\u00f3metros al sur del punto m\u00e1s cercano de nuestro territorio y seguir\u00e1 alej\u00e1ndose en la madrugada de ma\u00f1ana para acercarse al suroeste de Hait\u00ed\u00bb, afirm\u00f3 al directivo de la Oficina Nacional de Meteorolog\u00eda, Wander Rivera.<\/p>\n\n\n\n<p>Beryl se desplaza por aguas del mar Caribe como hurac\u00e1n categor\u00eda 4, tras alcanzar la m\u00e1xima de categor\u00eda 5, informaron las autoridades dominicanas, que mostraron una satisfacci\u00f3n cautelosa de que el fen\u00f3meno no afectara el pa\u00eds en la magnitud que se esperaba.<\/p>\n\n\n\n<p>No obstante, el Centro de Operaciones de Emergencias (COE) coloc\u00f3 y mantiene en alerta a 24 de las 32 provincias del pa\u00eds.<\/p>\n\n\n\n<p>Este a\u00f1o, el Atl\u00e1ntico tendr\u00e1 una temporada de huracanes muy por encima del promedio, con la posibilidad de hasta 13 eventos, de los cuales hasta siete pueden ser de categor\u00eda mayor, seg\u00fan la Oficina Nacional de Administraci\u00f3n Oce\u00e1nica y Atmosf\u00e9rica (NOAA, en ingl\u00e9s) de Estados Unidos.EFE<\/p>\n","protected":false},"excerpt":{"rendered":"<p>Las condiciones atmosf\u00e9ricas mejorar\u00e1n ma\u00f1ana en Rep\u00fablica Dominicana, luego de que este martes las lluvias causadas por el hurac\u00e1n Beryl en el sur y suroeste obligaran al desplazamiento de 37&hellip;<\/p>\n","protected":false},"author":2,"featured_media":85566,"comment_status":"open","ping_status":"open","sticky":false,"template":"","format":"standard","meta":{"content-type":"","jetpack_post_was_ever_published":false,"_jetpack_newsletter_access":"","_jetpack_dont_email_post_to_subs":false,"_jetpack_newsletter_tier_id":0,"_jetpack_memberships_contains_paywalled_content":false,"_jetpack_memberships_contains_paid_content":false,"footnotes":""},"categories":[35,25],"tags":[13883,13923,1226],"class_list":["post-85565","post","type-post","status-publish","format-standard","has-post-thumbnail","hentry","category-nacionales","category-portada","tag-huracan-beryl","tag-no-causa-danos","tag-republica-dominicana"],"jetpack_featured_media_url":"https:\/\/lasprimeras.com.do\/wp-content\/uploads\/2024\/07\/huracan-Beryl.jpg","jetpack-related-posts":[{"id":85644,"url":"https:\/\/lasprimeras.com.do\/index.php\/2024\/07\/04\/agricultura-auxilia-zonas-agricolas-afectadas-por-huracan-beryl\/","url_meta":{"origin":85565,"position":0},"title":"Agricultura auxilia zonas agr\u00edcolas afectadas por hurac\u00e1n Beryl","author":"Nelson Feliz","date":"4 de julio de 2024","format":false,"excerpt":"Barahona.- El Ministerio de Agricultura acudi\u00f3 en auxilio inmediato de productores del sur afectados por los efectos indirectos del hurac\u00e1n Beryl. Seg\u00fan el informe preliminar levantado por t\u00e9cnicos de la Regional Sur, Beryl caus\u00f3 da\u00f1os moderados a 846 productores con unas 13 mil 815 tareas de producci\u00f3n de pl\u00e1tanos, caf\u00e9,\u2026","rel":"","context":"En \u00abECONOM\u00cdA\u00bb","block_context":{"text":"ECONOM\u00cdA","link":"https:\/\/lasprimeras.com.do\/index.php\/category\/economia\/"},"img":{"alt_text":"","src":"https:\/\/i0.wp.com\/lasprimeras.com.do\/wp-content\/uploads\/2024\/07\/AGRIC.jpg?resize=350%2C200&ssl=1","width":350,"height":200,"srcset":"https:\/\/i0.wp.com\/lasprimeras.com.do\/wp-content\/uploads\/2024\/07\/AGRIC.jpg?resize=350%2C200&ssl=1 1x, https:\/\/i0.wp.com\/lasprimeras.com.do\/wp-content\/uploads\/2024\/07\/AGRIC.jpg?resize=525%2C300&ssl=1 1.5x, https:\/\/i0.wp.com\/lasprimeras.com.do\/wp-content\/uploads\/2024\/07\/AGRIC.jpg?resize=700%2C400&ssl=1 2x"},"classes":[]},{"id":85505,"url":"https:\/\/lasprimeras.com.do\/index.php\/2024\/07\/01\/el-huracan-beryl-arrasa-el-sureste-del-caribe-como-tormenta-record-de-categoria-4\/","url_meta":{"origin":85565,"position":1},"title":"El hurac\u00e1n Beryl arrasa el sureste del Caribe como tormenta r\u00e9cord de categor\u00eda 4","author":"Nelson Feliz","date":"1 de julio de 2024","format":false,"excerpt":"POR D\u00c1NICA COTO Y KOFI JONES BRIDGETOWN, Barbados (AP) \u2014 El hurac\u00e1n Beryl arranc\u00f3 puertas, ventanas y techos de casas en todo el sureste del Caribe el lunes despu\u00e9s de tocar tierra en la isla de Carriacou como la primera tormenta de categor\u00eda 4 que se form\u00f3 en el Atl\u00e1ntico,\u2026","rel":"","context":"En \u00abSin categor\u00eda\u00bb","block_context":{"text":"Sin categor\u00eda","link":"https:\/\/lasprimeras.com.do\/index.php\/category\/sin-categoria\/"},"img":{"alt_text":"","src":"https:\/\/i0.wp.com\/lasprimeras.com.do\/wp-content\/uploads\/2024\/07\/Huracan-2.jpg?resize=350%2C200&ssl=1","width":350,"height":200,"srcset":"https:\/\/i0.wp.com\/lasprimeras.com.do\/wp-content\/uploads\/2024\/07\/Huracan-2.jpg?resize=350%2C200&ssl=1 1x, https:\/\/i0.wp.com\/lasprimeras.com.do\/wp-content\/uploads\/2024\/07\/Huracan-2.jpg?resize=525%2C300&ssl=1 1.5x, https:\/\/i0.wp.com\/lasprimeras.com.do\/wp-content\/uploads\/2024\/07\/Huracan-2.jpg?resize=700%2C400&ssl=1 2x"},"classes":[]},{"id":85535,"url":"https:\/\/lasprimeras.com.do\/index.php\/2024\/07\/01\/beryl-se-transforma-en-huracan-de-categoria-5\/","url_meta":{"origin":85565,"position":2},"title":"Beryl se transforma en hurac\u00e1n de categor\u00eda 5","author":"Nelson Feliz","date":"1 de julio de 2024","format":false,"excerpt":"El NHC describi\u00f3 a Beryl como un \u201churac\u00e1n de categor\u00eda 5 potencialmente catastr\u00f3fico para la zona este del Caribe. SAULO MOTA TELEM\u00cdN El Centro Nacional de Huracanes de Estados Unidos (NHC, por su sigla en ingl\u00e9s) inform\u00f3 este lunes que el hurac\u00e1n Beryl se convirti\u00f3 en categor\u00eda 5. Asimismo, la\u2026","rel":"","context":"En \u00abNACIONALES\u00bb","block_context":{"text":"NACIONALES","link":"https:\/\/lasprimeras.com.do\/index.php\/category\/nacionales\/"},"img":{"alt_text":"","src":"https:\/\/i0.wp.com\/lasprimeras.com.do\/wp-content\/uploads\/2024\/07\/beryl.jpeg?resize=350%2C200&ssl=1","width":350,"height":200,"srcset":"https:\/\/i0.wp.com\/lasprimeras.com.do\/wp-content\/uploads\/2024\/07\/beryl.jpeg?resize=350%2C200&ssl=1 1x, https:\/\/i0.wp.com\/lasprimeras.com.do\/wp-content\/uploads\/2024\/07\/beryl.jpeg?resize=525%2C300&ssl=1 1.5x, https:\/\/i0.wp.com\/lasprimeras.com.do\/wp-content\/uploads\/2024\/07\/beryl.jpeg?resize=700%2C400&ssl=1 2x"},"classes":[]},{"id":85712,"url":"https:\/\/lasprimeras.com.do\/index.php\/2024\/07\/07\/asde-y-turismo-reconstruiran-el-malecon-sd-este-tras-efectos-de-huracan-beryl\/","url_meta":{"origin":85565,"position":3},"title":"ASDE y Turismo reconstruir\u00e1n el Malec\u00f3n SD-Este tras efectos de hurac\u00e1n Beryl","author":"Nelson Feliz","date":"7 de julio de 2024","format":false,"excerpt":"Por Martin Restituyo El alcalde de Santo Domingo Este, D\u00edo Astacio junto al ministro de Turismo, David Collado, supervisaron los da\u00f1os causados por las fuertes lluvias del hurac\u00e1n Beryl en la Avenida Espa\u00f1a. Durante el recorrido conversaron sobre la reparaci\u00f3n del Malec\u00f3n de Santo Domingo Este, una labor que se\u2026","rel":"","context":"En \u00abSin categor\u00eda\u00bb","block_context":{"text":"Sin categor\u00eda","link":"https:\/\/lasprimeras.com.do\/index.php\/category\/sin-categoria\/"},"img":{"alt_text":"ASDE","src":"https:\/\/i0.wp.com\/lasprimeras.com.do\/wp-content\/uploads\/2024\/07\/ASDE-1.jpg?resize=350%2C200&ssl=1","width":350,"height":200,"srcset":"https:\/\/i0.wp.com\/lasprimeras.com.do\/wp-content\/uploads\/2024\/07\/ASDE-1.jpg?resize=350%2C200&ssl=1 1x, https:\/\/i0.wp.com\/lasprimeras.com.do\/wp-content\/uploads\/2024\/07\/ASDE-1.jpg?resize=525%2C300&ssl=1 1.5x"},"classes":[]},{"id":85541,"url":"https:\/\/lasprimeras.com.do\/index.php\/2024\/07\/01\/autoridades-mantendran-jornada-laboral-pese-acercamiento-de-huracan-beryl\/","url_meta":{"origin":85565,"position":4},"title":"Autoridades mantendr\u00e1n jornada laboral pese acercamiento de hurac\u00e1n Beryl","author":"Nelson Feliz","date":"1 de julio de 2024","format":false,"excerpt":"De acuerdo con el Centro Nacional de Huracanes de Estados Unidos (NHC, por su sigla en ingl\u00e9s), el hurac\u00e1n Beryl se convirti\u00f3 en categor\u00eda 5. Hasta el momento las labores se mantendr\u00e1n este martes en la Rep\u00fablica Dominicana, de acuerdo a lo dicho por las autoridades este lunes. De acuerdo\u2026","rel":"","context":"En \u00abNACIONALES\u00bb","block_context":{"text":"NACIONALES","link":"https:\/\/lasprimeras.com.do\/index.php\/category\/nacionales\/"},"img":{"alt_text":"","src":"https:\/\/i0.wp.com\/lasprimeras.com.do\/wp-content\/uploads\/2024\/07\/Joel-Santos-1.jpeg?resize=350%2C200&ssl=1","width":350,"height":200,"srcset":"https:\/\/i0.wp.com\/lasprimeras.com.do\/wp-content\/uploads\/2024\/07\/Joel-Santos-1.jpeg?resize=350%2C200&ssl=1 1x, https:\/\/i0.wp.com\/lasprimeras.com.do\/wp-content\/uploads\/2024\/07\/Joel-Santos-1.jpeg?resize=525%2C300&ssl=1 1.5x, https:\/\/i0.wp.com\/lasprimeras.com.do\/wp-content\/uploads\/2024\/07\/Joel-Santos-1.jpeg?resize=700%2C400&ssl=1 2x"},"classes":[]},{"id":85673,"url":"https:\/\/lasprimeras.com.do\/index.php\/2024\/07\/07\/la-tormenta-beryl-se-acerca-a-texas-se-espera-su-impacto-como-huracan-el-lunes\/","url_meta":{"origin":85565,"position":5},"title":"La tormenta Beryl se acerca a Texas; se espera su impacto como hurac\u00e1n el lunes","author":"Nelson Feliz","date":"7 de julio de 2024","format":false,"excerpt":"BY MARK VANCLEAVE AND JUAN LOZANO CORPUS CHRISTI, Texas, EE.UU. (AP) \u2014 Las bandas exteriores de Beryl ocasionaron lluvias y vientos m\u00e1s intensos a Texas el domingo, mientras los residentes taparon ventanas, desalojaron algunos pueblos costeros y se prepararon para una tormenta tropical que podr\u00eda convertirse en hurac\u00e1n antes de\u2026","rel":"","context":"En \u00abSin categor\u00eda\u00bb","block_context":{"text":"Sin categor\u00eda","link":"https:\/\/lasprimeras.com.do\/index.php\/category\/sin-categoria\/"},"img":{"alt_text":"Tormenta Beryl","src":"https:\/\/i0.wp.com\/lasprimeras.com.do\/wp-content\/uploads\/2024\/07\/Tormenta-Beryl.jpg?resize=350%2C200&ssl=1","width":350,"height":200,"srcset":"https:\/\/i0.wp.com\/lasprimeras.com.do\/wp-content\/uploads\/2024\/07\/Tormenta-Beryl.jpg?resize=350%2C200&ssl=1 1x, https:\/\/i0.wp.com\/lasprimeras.com.do\/wp-content\/uploads\/2024\/07\/Tormenta-Beryl.jpg?resize=525%2C300&ssl=1 1.5x, https:\/\/i0.wp.com\/lasprimeras.com.do\/wp-content\/uploads\/2024\/07\/Tormenta-Beryl.jpg?resize=700%2C400&ssl=1 2x"},"classes":[]}],"jetpack_sharing_enabled":true,"_links":{"self":[{"href":"https:\/\/lasprimeras.com.do\/index.php\/wp-json\/wp\/v2\/posts\/85565","targetHints":{"allow":["GET"]}}],"collection":[{"href":"https:\/\/lasprimeras.com.do\/index.php\/wp-json\/wp\/v2\/posts"}],"about":[{"href":"https:\/\/lasprimeras.com.do\/index.php\/wp-json\/wp\/v2\/types\/post"}],"author":[{"embeddable":true,"href":"https:\/\/lasprimeras.com.do\/index.php\/wp-json\/wp\/v2\/users\/2"}],"replies":[{"embeddable":true,"href":"https:\/\/lasprimeras.com.do\/index.php\/wp-json\/wp\/v2\/comments?post=85565"}],"version-history":[{"count":1,"href":"https:\/\/lasprimeras.com.do\/index.php\/wp-json\/wp\/v2\/posts\/85565\/revisions"}],"predecessor-version":[{"id":85567,"href":"https:\/\/lasprimeras.com.do\/index.php\/wp-json\/wp\/v2\/posts\/85565\/revisions\/85567"}],"wp:featuredmedia":[{"embeddable":true,"href":"https:\/\/lasprimeras.com.do\/index.php\/wp-json\/wp\/v2\/media\/85566"}],"wp:attachment":[{"href":"https:\/\/lasprimeras.com.do\/index.php\/wp-json\/wp\/v2\/media?parent=85565"}],"wp:term":[{"taxonomy":"category","embeddable":true,"href":"https:\/\/lasprimeras.com.do\/index.php\/wp-json\/wp\/v2\/categories?post=85565"},{"taxonomy":"post_tag","embeddable":true,"href":"https:\/\/lasprimeras.com.do\/index.php\/wp-json\/wp\/v2\/tags?post=85565"}],"curies":[{"name":"wp","href":"https:\/\/api.w.org\/{rel}","templated":true}]}}