{"id":85600,"date":"2024-07-03T23:22:29","date_gmt":"2024-07-04T03:22:29","guid":{"rendered":"https:\/\/lasprimeras.com.do\/?p=85600"},"modified":"2024-07-03T23:22:29","modified_gmt":"2024-07-04T03:22:29","slug":"mayobanex-escoto-x-congreso-del-pld-marcara-nuevas-lineas-politicas","status":"publish","type":"post","link":"https:\/\/lasprimeras.com.do\/index.php\/2024\/07\/03\/mayobanex-escoto-x-congreso-del-pld-marcara-nuevas-lineas-politicas\/","title":{"rendered":"Mayobanex Escoto: X Congreso del PLD marcar\u00e1 nuevas l\u00edneas pol\u00edticas"},"content":{"rendered":"\n<p><strong>La reestructuraci\u00f3n del PLD est\u00e1 marcada a realizarse en el X Congreso Reinaldo Pared Perez, afirma Mayobanex escoto, Secretario de Organizaci\u00f3n<\/strong><\/p>\n\n\n\n<p>El secretario de Organizaci\u00f3n del Partido de la Liberaci\u00f3n Dominicana, Mayobanex Escoto, dijo que en la apertura del X Congreso Ordinario Reinaldo Pared P\u00e9rez, el pr\u00f3ximo domingo comenzar\u00e1 la reestructuraci\u00f3n de esa organizaci\u00f3n pol\u00edtica.<\/p>\n\n\n\n<p>\u201cAh\u00ed vamos a comenzar lo que es la reestructuraci\u00f3n del Partido en todos los sentidos, de todas las estructuras, desde una direcci\u00f3n de un distrito municipal, municipio, circunscripciones y provincias\u201d, explic\u00f3 Escoto entrevistado en el programa Matinal 5.<\/p>\n\n\n\n<p>Manifest\u00f3 que en este X Congreso se definir\u00e1 el partido que quieren los pelede\u00edstas. \u201cVamos a definir como nos veremos dentro de cinco o diez a\u00f1os, y para eso tenemos que revisar la l\u00ednea organizativa y electoral, as\u00ed como los estatutos y el tama\u00f1o que tendremos\u201d.<\/p>\n\n\n\n<p>El tambi\u00e9n miembro del Comit\u00e9 Pol\u00edtico del PLD indic\u00f3 que tan pronto se d\u00e9 apertura al congreso, al otro d\u00eda, lunes 8 de julio, se har\u00e1 una revisi\u00f3n del comportamiento del PLD desde el 2020 hasta la fecha.<\/p>\n\n\n\n<p>Declar\u00f3 que en la apertura se dar\u00e1 a conocer tambi\u00e9n la agenda y el organigrama del programa. \u201cEn las primeras dos semanas vamos a analizar que pas\u00f3 en las elecciones del 2020 y 2024, acompa\u00f1ado de un diagn\u00f3stico. En la tercera semana definiremos, la l\u00ednea organizativa, electoral, los estatutos y los otros temas seleccionados\u201d.<\/p>\n\n\n\n<p>Escoto precis\u00f3 que en este X Congreso Reinaldo Pared P\u00e9rez, lo que se quiere es que en cada instrumento de toma de decisiones, ll\u00e1mese comit\u00e9 intermedio, distrito municipal, municipio, circunscripci\u00f3n o seccionales del exterior, digan lo que tiene que hacer la dirigencia del partido y decir hacia d\u00f3nde deben dirigirse.<\/p>\n\n\n\n<p>Record\u00f3 a los miembros del Comit\u00e9 Central y los delegados y delegadas que la apertura del congreso se llevar\u00e1 a cabo el pr\u00f3ximo domingo 7 de julio, en el Pabell\u00f3n de Voleibol del Centro Ol\u00edmpico Juan Pablo Duarte.<\/p>\n","protected":false},"excerpt":{"rendered":"<p>La reestructuraci\u00f3n del PLD est\u00e1 marcada a realizarse en el X Congreso Reinaldo Pared Perez, afirma Mayobanex escoto, Secretario de Organizaci\u00f3n El secretario de Organizaci\u00f3n del Partido de la Liberaci\u00f3n&hellip;<\/p>\n","protected":false},"author":2,"featured_media":85601,"comment_status":"open","ping_status":"open","sticky":false,"template":"","format":"standard","meta":{"content-type":"","jetpack_post_was_ever_published":false,"_jetpack_newsletter_access":"","_jetpack_dont_email_post_to_subs":false,"_jetpack_newsletter_tier_id":0,"_jetpack_memberships_contains_paywalled_content":false,"_jetpack_memberships_contains_paid_content":false,"footnotes":""},"categories":[25],"tags":[5953,13943,2989,269,1905,13172],"class_list":["post-85600","post","type-post","status-publish","format-standard","has-post-thumbnail","hentry","category-portada","tag-lineas","tag-marcara","tag-mayobanex-escoto","tag-pld","tag-politicas","tag-x-congreso"],"jetpack_featured_media_url":"https:\/\/lasprimeras.com.do\/wp-content\/uploads\/2024\/07\/Mayo-escoto.jpeg","jetpack-related-posts":[{"id":104387,"url":"https:\/\/lasprimeras.com.do\/index.php\/2025\/07\/23\/mayobanex-escoto-resalta-pld-implementa-nueva-linea-organizativa-electoral\/","url_meta":{"origin":85600,"position":0},"title":"Mayobanex Escoto resalta PLD implementa nueva l\u00ednea organizativa-electoral","author":"Nelson Feliz","date":"23 de julio de 2025","format":false,"excerpt":"La Secretar\u00eda de Organizaci\u00f3n del Partido de la Liberaci\u00f3n Dominicana (PLD) celebr\u00f3 este mi\u00e9rcoles la reuni\u00f3n ordinaria correspondiente al mes de julio pasando balance a los informes de sus integrantes sobre la implementaci\u00f3n de la L\u00ednea Organizativa y Electoral, en la que ese \u00f3rgano de trabajo tiene un rol fundamental,\u2026","rel":"","context":"En \u00abPOLITICA\u00bb","block_context":{"text":"POLITICA","link":"https:\/\/lasprimeras.com.do\/index.php\/category\/politica\/"},"img":{"alt_text":"","src":"https:\/\/i0.wp.com\/lasprimeras.com.do\/wp-content\/uploads\/2025\/07\/ESCOTO.jpg?resize=350%2C200&ssl=1","width":350,"height":200,"srcset":"https:\/\/i0.wp.com\/lasprimeras.com.do\/wp-content\/uploads\/2025\/07\/ESCOTO.jpg?resize=350%2C200&ssl=1 1x, https:\/\/i0.wp.com\/lasprimeras.com.do\/wp-content\/uploads\/2025\/07\/ESCOTO.jpg?resize=525%2C300&ssl=1 1.5x, https:\/\/i0.wp.com\/lasprimeras.com.do\/wp-content\/uploads\/2025\/07\/ESCOTO.jpg?resize=700%2C400&ssl=1 2x"},"classes":[]},{"id":83898,"url":"https:\/\/lasprimeras.com.do\/index.php\/2024\/05\/27\/apertura-del-x-congreso-del-pld-sera-el-30-de-junio\/","url_meta":{"origin":85600,"position":1},"title":"Apertura del X Congreso del PLD ser\u00e1 el 30 de junio","author":"Nelson Feliz","date":"27 de mayo de 2024","format":false,"excerpt":"El Comit\u00e9 Pol\u00edtico del PLD adelanta la convocatoria del X Congreso Ordinario para el mes de junio. Convoca al Comit\u00e9 Central para el 9 de junio. El Comit\u00e9 Pol\u00edtico del Partido de la Liberaci\u00f3n Dominicana decidi\u00f3 adelantar la celebraci\u00f3n de su congreso ordinario, el n\u00famero diez de esos eventos, para\u2026","rel":"","context":"En \u00abPORTADA\u00bb","block_context":{"text":"PORTADA","link":"https:\/\/lasprimeras.com.do\/index.php\/category\/portada\/"},"img":{"alt_text":"Apertura del X Congreso del PLD ser\u00e1 el 30 de junio","src":"https:\/\/i0.wp.com\/lasprimeras.com.do\/wp-content\/uploads\/2024\/05\/Apertura-del-X-Congreso-del-PLD-sera-el-30-de-junio.jpeg?resize=350%2C200&ssl=1","width":350,"height":200,"srcset":"https:\/\/i0.wp.com\/lasprimeras.com.do\/wp-content\/uploads\/2024\/05\/Apertura-del-X-Congreso-del-PLD-sera-el-30-de-junio.jpeg?resize=350%2C200&ssl=1 1x, https:\/\/i0.wp.com\/lasprimeras.com.do\/wp-content\/uploads\/2024\/05\/Apertura-del-X-Congreso-del-PLD-sera-el-30-de-junio.jpeg?resize=525%2C300&ssl=1 1.5x, https:\/\/i0.wp.com\/lasprimeras.com.do\/wp-content\/uploads\/2024\/05\/Apertura-del-X-Congreso-del-PLD-sera-el-30-de-junio.jpeg?resize=700%2C400&ssl=1 2x"},"classes":[]},{"id":101138,"url":"https:\/\/lasprimeras.com.do\/index.php\/2025\/06\/16\/johnny-pujols-califica-de-fallido-al-gobierno-del-prm-y-llama-a-fortalecer-la-unidad-del-pld\/","url_meta":{"origin":85600,"position":2},"title":"Johnny Pujols califica de fallido al gobierno del PRM y llama a fortalecer la unidad del PLD","author":"Nelson Feliz","date":"16 de junio de 2025","format":false,"excerpt":"El secretario general del Partido de la Liberaci\u00f3n Dominicana (PLD), Johnny Pujols, calific\u00f3 de \u201cfallido\u201d al actual gobierno del Partido Revolucionario Moderno (PRM), al considerar que ha permitido el deterioro de sectores clave como la educaci\u00f3n, la agropecuaria y el sistema el\u00e9ctrico, entre otros. \u201cEl dominicano cada d\u00eda vive peor\u2026","rel":"","context":"En \u00abPOLITICA\u00bb","block_context":{"text":"POLITICA","link":"https:\/\/lasprimeras.com.do\/index.php\/category\/politica\/"},"img":{"alt_text":"","src":"https:\/\/i0.wp.com\/lasprimeras.com.do\/wp-content\/uploads\/2025\/06\/Johnny-Pujols-2.jpg?resize=350%2C200&ssl=1","width":350,"height":200,"srcset":"https:\/\/i0.wp.com\/lasprimeras.com.do\/wp-content\/uploads\/2025\/06\/Johnny-Pujols-2.jpg?resize=350%2C200&ssl=1 1x, https:\/\/i0.wp.com\/lasprimeras.com.do\/wp-content\/uploads\/2025\/06\/Johnny-Pujols-2.jpg?resize=525%2C300&ssl=1 1.5x, https:\/\/i0.wp.com\/lasprimeras.com.do\/wp-content\/uploads\/2025\/06\/Johnny-Pujols-2.jpg?resize=700%2C400&ssl=1 2x"},"classes":[]},{"id":65778,"url":"https:\/\/lasprimeras.com.do\/index.php\/2023\/10\/31\/pld-juramenta-a-mayobanex-escoto-como-candidato-a-senador-por-montecristi\/","url_meta":{"origin":85600,"position":3},"title":"PLD juramenta a Mayobanex Escoto como candidato a senador por Montecristi","author":"BIMARY DE JES\u00daS Matos","date":"31 de octubre de 2023","format":false,"excerpt":"Santo Domingo.- El exdirector del Instituto Nacional de la Vivienda, Mayobanex Escoto, fue juramentado por el Partido de la Liberaci\u00f3n Dominicana (PLD) como candidato a senador por la provincia Montecristi. Escoto, quien es miembro del Comit\u00e9 Pol\u00edtico y actual Secretario de Organizaci\u00f3n del partido, manifest\u00f3 sentirse profundamente agradecido por la\u2026","rel":"","context":"En \u00abSin categor\u00eda\u00bb","block_context":{"text":"Sin categor\u00eda","link":"https:\/\/lasprimeras.com.do\/index.php\/category\/sin-categoria\/"},"img":{"alt_text":"","src":"https:\/\/i0.wp.com\/lasprimeras.com.do\/wp-content\/uploads\/2023\/10\/WhatsApp-Image-2023-10-30-at-2.58.48-PM.jpeg?resize=350%2C200&ssl=1","width":350,"height":200,"srcset":"https:\/\/i0.wp.com\/lasprimeras.com.do\/wp-content\/uploads\/2023\/10\/WhatsApp-Image-2023-10-30-at-2.58.48-PM.jpeg?resize=350%2C200&ssl=1 1x, https:\/\/i0.wp.com\/lasprimeras.com.do\/wp-content\/uploads\/2023\/10\/WhatsApp-Image-2023-10-30-at-2.58.48-PM.jpeg?resize=525%2C300&ssl=1 1.5x"},"classes":[]},{"id":102349,"url":"https:\/\/lasprimeras.com.do\/index.php\/2025\/07\/03\/denuncian-abandono-de-la-cruz-de-manzanillo-campesinos-mueren-esperando-su-pension\/","url_meta":{"origin":85600,"position":4},"title":"Denuncian abandono de La Cruz de Manzanillo: campesinos mueren esperando su pensi\u00f3n","author":"Nelson Feliz","date":"3 de julio de 2025","format":false,"excerpt":"Mayobanex Escoto \u201cEn el PLD estamos trabajando en una reingenier\u00eda total de nuestra organizaci\u00f3n, enfoc\u00e1ndonos en los recintos electorales para fortalecer cada comit\u00e9 de base e intermedio\u201d. El miembro del Comit\u00e9 Pol\u00edtico y titular de la Secretar\u00eda de Organizaci\u00f3n del Partido de la Liberaci\u00f3n Dominicana (PLD), Mayobanex Escoto, denunci\u00f3 el\u2026","rel":"","context":"En \u00abPOLITICA\u00bb","block_context":{"text":"POLITICA","link":"https:\/\/lasprimeras.com.do\/index.php\/category\/politica\/"},"img":{"alt_text":"","src":"https:\/\/i0.wp.com\/lasprimeras.com.do\/wp-content\/uploads\/2025\/07\/Mayobanex-Escoto.jpg?resize=350%2C200&ssl=1","width":350,"height":200,"srcset":"https:\/\/i0.wp.com\/lasprimeras.com.do\/wp-content\/uploads\/2025\/07\/Mayobanex-Escoto.jpg?resize=350%2C200&ssl=1 1x, https:\/\/i0.wp.com\/lasprimeras.com.do\/wp-content\/uploads\/2025\/07\/Mayobanex-Escoto.jpg?resize=525%2C300&ssl=1 1.5x"},"classes":[]},{"id":84817,"url":"https:\/\/lasprimeras.com.do\/index.php\/2024\/06\/16\/pld-presentara-informes-sobre-reunion-del-x-congreso\/","url_meta":{"origin":85600,"position":5},"title":"PLD presentar\u00e1 informes sobre Reuni\u00f3n del X Congreso","author":"Nelson Feliz","date":"16 de junio de 2024","format":false,"excerpt":"El Partido de la Liberaci\u00f3n Dominicana (PLD) presentar\u00e1 los informes sobre los adelantos de los trabajos de su X Congreso Ordinario. Para informar sobre los adelantos en los preparativos del X Congreso Ordinario del Partido de la Liberaci\u00f3n Dominicana, su Comisi\u00f3n Organizadora realizar\u00e1 este lunes una rueda de prensa en\u2026","rel":"","context":"En \u00abPORTADA\u00bb","block_context":{"text":"PORTADA","link":"https:\/\/lasprimeras.com.do\/index.php\/category\/portada\/"},"img":{"alt_text":"Reuni\u00f3n de Comisi\u00f3n del X Congreso del PLD","src":"https:\/\/i0.wp.com\/lasprimeras.com.do\/wp-content\/uploads\/2024\/06\/Reunion-de-Comision-del-X-Congreso-del-PLD.jpg?resize=350%2C200&ssl=1","width":350,"height":200,"srcset":"https:\/\/i0.wp.com\/lasprimeras.com.do\/wp-content\/uploads\/2024\/06\/Reunion-de-Comision-del-X-Congreso-del-PLD.jpg?resize=350%2C200&ssl=1 1x, https:\/\/i0.wp.com\/lasprimeras.com.do\/wp-content\/uploads\/2024\/06\/Reunion-de-Comision-del-X-Congreso-del-PLD.jpg?resize=525%2C300&ssl=1 1.5x, https:\/\/i0.wp.com\/lasprimeras.com.do\/wp-content\/uploads\/2024\/06\/Reunion-de-Comision-del-X-Congreso-del-PLD.jpg?resize=700%2C400&ssl=1 2x"},"classes":[]}],"jetpack_sharing_enabled":true,"_links":{"self":[{"href":"https:\/\/lasprimeras.com.do\/index.php\/wp-json\/wp\/v2\/posts\/85600","targetHints":{"allow":["GET"]}}],"collection":[{"href":"https:\/\/lasprimeras.com.do\/index.php\/wp-json\/wp\/v2\/posts"}],"about":[{"href":"https:\/\/lasprimeras.com.do\/index.php\/wp-json\/wp\/v2\/types\/post"}],"author":[{"embeddable":true,"href":"https:\/\/lasprimeras.com.do\/index.php\/wp-json\/wp\/v2\/users\/2"}],"replies":[{"embeddable":true,"href":"https:\/\/lasprimeras.com.do\/index.php\/wp-json\/wp\/v2\/comments?post=85600"}],"version-history":[{"count":1,"href":"https:\/\/lasprimeras.com.do\/index.php\/wp-json\/wp\/v2\/posts\/85600\/revisions"}],"predecessor-version":[{"id":85602,"href":"https:\/\/lasprimeras.com.do\/index.php\/wp-json\/wp\/v2\/posts\/85600\/revisions\/85602"}],"wp:featuredmedia":[{"embeddable":true,"href":"https:\/\/lasprimeras.com.do\/index.php\/wp-json\/wp\/v2\/media\/85601"}],"wp:attachment":[{"href":"https:\/\/lasprimeras.com.do\/index.php\/wp-json\/wp\/v2\/media?parent=85600"}],"wp:term":[{"taxonomy":"category","embeddable":true,"href":"https:\/\/lasprimeras.com.do\/index.php\/wp-json\/wp\/v2\/categories?post=85600"},{"taxonomy":"post_tag","embeddable":true,"href":"https:\/\/lasprimeras.com.do\/index.php\/wp-json\/wp\/v2\/tags?post=85600"}],"curies":[{"name":"wp","href":"https:\/\/api.w.org\/{rel}","templated":true}]}}