{"id":85738,"date":"2024-07-07T21:26:48","date_gmt":"2024-07-08T01:26:48","guid":{"rendered":"https:\/\/lasprimeras.com.do\/?p=85738"},"modified":"2024-07-07T21:26:49","modified_gmt":"2024-07-08T01:26:49","slug":"abinader-y-bonilla-dan-primer-palazo-para-centro-correccional-preventivo-en-higuey","status":"publish","type":"post","link":"https:\/\/lasprimeras.com.do\/index.php\/2024\/07\/07\/abinader-y-bonilla-dan-primer-palazo-para-centro-correccional-preventivo-en-higuey\/","title":{"rendered":"Abinader y Bonilla dan primer palazo para Centro Correccional Preventivo en Hig\u00fcey"},"content":{"rendered":"\n<p class=\"wp-block-paragraph\"><strong>La edificaci\u00f3n penitenciaria tendr\u00e1 capacidad para m\u00e1s de 500 privados de libertad, descongestionando el sistema carcelario en La Altagracia<\/strong><\/p>\n\n\n\n<p class=\"wp-block-paragraph\">El Presidente de la Rep\u00fablica, Luis Abinader, y el Ministro de Vivienda y Edificaciones, Carlos Bonilla, dieron el primer palazo para la construcci\u00f3n del Centro Correccional Preventivo de Anamuya en Hig\u00fcey, provincia La Altagracia.<\/p>\n\n\n\n<p class=\"wp-block-paragraph\">Esta edificaci\u00f3n ser\u00e1 construida para dignificar las condiciones de los privados de libertad a los que se les impone prisi\u00f3n preventiva como medida de coerci\u00f3n, adem\u00e1s de descongestionar la poblaci\u00f3n penitenciaria de La Altagracia.<\/p>\n\n\n\n<p class=\"wp-block-paragraph\">Durante el primer palazo, el Presidente Abinader expres\u00f3: \u201cno hay seguridad ciudadana sin establecimientos de privaci\u00f3n de libertad que sean seguros y dignos, trabajando con ilusi\u00f3n todos unidos, todos alcanzaremos el \u00e9xito y sacaremos de la oscuridad a muchas personas que han visto destrozadas sus vidas por decisiones pocos acertadas, y evitaremos que este mal se reproduzca. Hoy se abre un nuevo futuro para Hig\u00fcey y para todo el pa\u00eds\u201d.<\/p>\n\n\n\n<p class=\"wp-block-paragraph\">Esta c\u00e1rcel preventiva, que ser\u00e1 levantada con una inversi\u00f3n superior a los RD$574 millones, tendr\u00e1 capacidad para 560 internos, 488 de ellos hombres y 72 mujeres.<\/p>\n\n\n\n<p class=\"wp-block-paragraph\">Por su parte, el Ministro Bonilla coment\u00f3 que \u201cdesde el MIVED nos sentimos muy orgullosos de iniciar esta obra, la cual forma parte de nuestro compromiso con el mandato de nuestro Presidente Luis Abinader, quien ha impulsado una inversi\u00f3n sin precedentes en materia de construcci\u00f3n para que la Rep\u00fablica Dominicana tenga edificaciones y estructuras de la mejor calidad\u201d.<\/p>\n\n\n\n<p class=\"wp-block-paragraph\">El centro correccional contar\u00e1 con edificio administrativo, \u00e1rea de cacheo, cancha deportiva, comedor, celdas de hombres, torre de vigilancia y celdas mujeres.<\/p>\n\n\n\n<p class=\"wp-block-paragraph\">Adem\u00e1s, tambi\u00e9n tendr\u00e1 entrada custodiada, caseta de visitas, garitas, departamento de basura y departamento de gas.<\/p>\n\n\n\n<p class=\"wp-block-paragraph\">Mientras el procurador adjunto Rodolfo Espi\u00f1eira sostuvo que \u201ccontar con un buen sistema penitenciario es parte fundamental de las acciones que el pa\u00eds est\u00e1 realizando en aras de disminuir la conflictividad social y la criminalidad\u201d.<\/p>\n\n\n\n<p class=\"wp-block-paragraph\">El Centro Correccional Preventivo de Hig\u00fcey se suma a las edificaciones penitenciarias que el Ministerio de la Vivienda y Edificaciones est\u00e1 construyendo en la actualidad para dignificar la estancia de los privados de libertad en los recintos.<\/p>\n","protected":false},"excerpt":{"rendered":"<p>La edificaci\u00f3n penitenciaria tendr\u00e1 capacidad para m\u00e1s de 500 privados de libertad, descongestionando el sistema carcelario en La Altagracia El Presidente de la Rep\u00fablica, Luis Abinader, y el Ministro de&hellip;<\/p>\n","protected":false},"author":2,"featured_media":85739,"comment_status":"open","ping_status":"open","sticky":false,"template":"","format":"standard","meta":{"content-type":"","_jetpack_newsletter_access":"","_jetpack_dont_email_post_to_subs":false,"_jetpack_newsletter_tier_id":0,"_jetpack_memberships_contains_paywalled_content":false,"_jetpack_feature_clip_id":0,"_jetpack_memberships_contains_paid_content":false,"footnotes":"","jetpack_post_was_ever_published":false},"categories":[39],"tags":[13992,743,13994,1080,67,5180,13993],"class_list":["post-85738","post","type-post","status-publish","format-standard","has-post-thumbnail","hentry","category-economia","tag-carlos-bonilla","tag-centro","tag-correccional","tag-higuey","tag-luis-abinader","tag-preventivo","tag-primer-palazo"],"jetpack-related-posts":[{"id":136000,"url":"https:\/\/lasprimeras.com.do\/index.php\/2026\/07\/29\/abinader-visitara-tres-provincias-la-vega-la-altagracia-y-la-romana-este-jueves\/","url_meta":{"origin":85738,"position":0},"title":"Abinader visitar\u00e1 tres provincias La Vega, La Altagracia y La Romana este jueves","author":"Nelson Feliz","date":"29 de julio de 2026","format":false,"excerpt":"El presidente encabezar\u00e1 inauguraciones de obras, actividades conmemorativas y la apertura de Expo Vega Real 2026. Santo Domingo.\u2013 El presidente Luis Abinader desarrollar\u00e1 este jueves una agenda de trabajo en las provincias de La Vega, La Altagracia y La Romana, que incluye la inauguraci\u00f3n de obras, la participaci\u00f3n en actividades\u2026","rel":"","context":"En \u00abPORTADA\u00bb","block_context":{"text":"PORTADA","link":"https:\/\/lasprimeras.com.do\/index.php\/category\/portada\/"},"img":{"alt_text":"Luis Abinader","src":"https:\/\/i0.wp.com\/lasprimeras.com.do\/wp-content\/uploads\/2026\/07\/Luis-Abinader.jpg?resize=350%2C200&ssl=1","width":350,"height":200,"srcset":"https:\/\/i0.wp.com\/lasprimeras.com.do\/wp-content\/uploads\/2026\/07\/Luis-Abinader.jpg?resize=350%2C200&ssl=1 1x, https:\/\/i0.wp.com\/lasprimeras.com.do\/wp-content\/uploads\/2026\/07\/Luis-Abinader.jpg?resize=525%2C300&ssl=1 1.5x, https:\/\/i0.wp.com\/lasprimeras.com.do\/wp-content\/uploads\/2026\/07\/Luis-Abinader.jpg?resize=700%2C400&ssl=1 2x"},"classes":[]},{"id":101478,"url":"https:\/\/lasprimeras.com.do\/index.php\/2025\/06\/20\/gobierno-da-primer-palazo-para-iniciar-segunda-fase-de-la-verja-perimetral-fronteriza-en-dajabon\/","url_meta":{"origin":85738,"position":1},"title":"Gobierno da primer palazo para iniciar segunda fase de la verja perimetral fronteriza en Dajab\u00f3n","author":"Nelson Feliz","date":"20 de junio de 2025","format":false,"excerpt":"Los ministro de la Presidencia y de Defensa, Jos\u00e9 Ignacio Paliza y teniente general Carlos Antonio Fern\u00e1ndez Onofre, encabezaron el acto simb\u00f3lico del primer palazo que marca el inicio de la construcci\u00f3n de la segunda fase de la verja perimetral fronteriza inteligente, como parte del plan estrat\u00e9gico del Gobierno dominicano\u2026","rel":"","context":"En \u00abNACIONALES\u00bb","block_context":{"text":"NACIONALES","link":"https:\/\/lasprimeras.com.do\/index.php\/category\/nacionales\/"},"img":{"alt_text":"","src":"https:\/\/i0.wp.com\/lasprimeras.com.do\/wp-content\/uploads\/2025\/06\/gob.jpg?resize=350%2C200&ssl=1","width":350,"height":200,"srcset":"https:\/\/i0.wp.com\/lasprimeras.com.do\/wp-content\/uploads\/2025\/06\/gob.jpg?resize=350%2C200&ssl=1 1x, https:\/\/i0.wp.com\/lasprimeras.com.do\/wp-content\/uploads\/2025\/06\/gob.jpg?resize=525%2C300&ssl=1 1.5x, https:\/\/i0.wp.com\/lasprimeras.com.do\/wp-content\/uploads\/2025\/06\/gob.jpg?resize=700%2C400&ssl=1 2x"},"classes":[]},{"id":116165,"url":"https:\/\/lasprimeras.com.do\/index.php\/2025\/11\/27\/abinader-da-primer-palazo-del-city-center-by-lady-lee-en-santo-domingo-este\/","url_meta":{"origin":85738,"position":2},"title":"Abinader da primer palazo del City Center by Lady Lee en Santo Domingo Este","author":"Nelson Feliz","date":"27 de noviembre de 2025","format":false,"excerpt":"El megaproyecto incluir\u00e1 un centro comercial con m\u00e1s de 400 locales, un hotel AC Marriott, dos torres de oficinas, cuatro torres residenciales, \u00e1reas de entretenimiento, servicios m\u00e9dicos y financieros, y m\u00e1s de 3,500 estacionamientos Presidente de la corporaci\u00f3n afirm\u00f3 que representa una muestra de confianza en la Rep\u00fablica Dominicana y\u2026","rel":"","context":"En \u00abECONOM\u00cdA\u00bb","block_context":{"text":"ECONOM\u00cdA","link":"https:\/\/lasprimeras.com.do\/index.php\/category\/economia\/"},"img":{"alt_text":"","src":"https:\/\/i0.wp.com\/lasprimeras.com.do\/wp-content\/uploads\/2025\/11\/Luis-Abinader-9-1.jpg?resize=350%2C200&ssl=1","width":350,"height":200,"srcset":"https:\/\/i0.wp.com\/lasprimeras.com.do\/wp-content\/uploads\/2025\/11\/Luis-Abinader-9-1.jpg?resize=350%2C200&ssl=1 1x, https:\/\/i0.wp.com\/lasprimeras.com.do\/wp-content\/uploads\/2025\/11\/Luis-Abinader-9-1.jpg?resize=525%2C300&ssl=1 1.5x, https:\/\/i0.wp.com\/lasprimeras.com.do\/wp-content\/uploads\/2025\/11\/Luis-Abinader-9-1.jpg?resize=700%2C400&ssl=1 2x"},"classes":[]},{"id":109016,"url":"https:\/\/lasprimeras.com.do\/index.php\/2025\/09\/12\/kelvin-cruz-da-primer-palazo-para-construccion-multiuso-en-el-sector-de-honduras\/","url_meta":{"origin":85738,"position":3},"title":"Kelvin Cruz da primer palazo para construcci\u00f3n Multiuso en el sector de Honduras","author":"Nelson Feliz","date":"12 de septiembre de 2025","format":false,"excerpt":"El Gobierno dominicano construir\u00e1 un techado en la cancha del club General Antonio Duverg\u00e9, ubicada en el sector capitalino de Honduras, con una inversi\u00f3n superior a los 27 millones 734 mil pesos. El ministro Kelvin Cruz di\u00f3 el primer palazo que oficializa la construcci\u00f3n del polideportivo que beneficiar\u00e1 a cientos\u2026","rel":"","context":"En \u00abDEPORTES\u00bb","block_context":{"text":"DEPORTES","link":"https:\/\/lasprimeras.com.do\/index.php\/category\/deportes\/"},"img":{"alt_text":"","src":"https:\/\/i0.wp.com\/lasprimeras.com.do\/wp-content\/uploads\/2025\/09\/palazo.jpg?resize=350%2C200&ssl=1","width":350,"height":200,"srcset":"https:\/\/i0.wp.com\/lasprimeras.com.do\/wp-content\/uploads\/2025\/09\/palazo.jpg?resize=350%2C200&ssl=1 1x, https:\/\/i0.wp.com\/lasprimeras.com.do\/wp-content\/uploads\/2025\/09\/palazo.jpg?resize=525%2C300&ssl=1 1.5x, https:\/\/i0.wp.com\/lasprimeras.com.do\/wp-content\/uploads\/2025\/09\/palazo.jpg?resize=700%2C400&ssl=1 2x"},"classes":[]},{"id":133155,"url":"https:\/\/lasprimeras.com.do\/index.php\/2026\/06\/10\/presidente-abinader-entrega-obras-de-salud-y-educacion-en-provincias-del-cibao\/","url_meta":{"origin":85738,"position":4},"title":"Presidente Abinader entrega obras de salud y educaci\u00f3n en provincias del Cibao","author":"Nelson Feliz","date":"10 de junio de 2026","format":false,"excerpt":"El mandatario tambi\u00e9n dejar\u00e1 iniciados los trabajos de construcci\u00f3n de un nuevo centro penitenciario en Monse\u00f1or Nouel Santo Domingo.\u2013 El presidente Luis Abinader agotar\u00e1 este jueves una agenda de inauguraciones en las provincias S\u00e1nchez Ram\u00edrez y Monse\u00f1or Nouel, donde dejar\u00e1 inaugurados dos hospitales y entregar\u00e1 dos techados escolares, adem\u00e1s de\u2026","rel":"","context":"En \u00abNACIONALES\u00bb","block_context":{"text":"NACIONALES","link":"https:\/\/lasprimeras.com.do\/index.php\/category\/nacionales\/"},"img":{"alt_text":"Luis Abinader","src":"https:\/\/i0.wp.com\/lasprimeras.com.do\/wp-content\/uploads\/2026\/06\/Luis-Abinader-10.jpg?resize=350%2C200&ssl=1","width":350,"height":200,"srcset":"https:\/\/i0.wp.com\/lasprimeras.com.do\/wp-content\/uploads\/2026\/06\/Luis-Abinader-10.jpg?resize=350%2C200&ssl=1 1x, https:\/\/i0.wp.com\/lasprimeras.com.do\/wp-content\/uploads\/2026\/06\/Luis-Abinader-10.jpg?resize=525%2C300&ssl=1 1.5x, https:\/\/i0.wp.com\/lasprimeras.com.do\/wp-content\/uploads\/2026\/06\/Luis-Abinader-10.jpg?resize=700%2C400&ssl=1 2x"},"classes":[]},{"id":120219,"url":"https:\/\/lasprimeras.com.do\/index.php\/2026\/01\/21\/abinader-no-asiste-a-la-misa-de-la-virgen-de-la-altagracia-a-la-basilica-de-higuey-afectado-por-virus-gripal\/","url_meta":{"origin":85738,"position":5},"title":"Abinader no asiste a la misa de la Virgen de la Altagracia a la Bas\u00edlica de Hig\u00fcey, afectado por Virus gripal","author":"Nelson Feliz","date":"21 de enero de 2026","format":false,"excerpt":"La salud del presidente Luis Abinader fue el eje central de las declaraciones ofrecidas este mi\u00e9rcoles por la primera dama Raquel Arbaje, durante la misa de acci\u00f3n de gracias por el D\u00eda de Nuestra Se\u00f1ora de la Altagracia, celebrada en la Bas\u00edlica de Hig\u00fcey. Arbaje inform\u00f3 que el mandatario no\u2026","rel":"","context":"En \u00abNACIONALES\u00bb","block_context":{"text":"NACIONALES","link":"https:\/\/lasprimeras.com.do\/index.php\/category\/nacionales\/"},"img":{"alt_text":"Funcionario en La Bas\u00edlica","src":"https:\/\/i0.wp.com\/lasprimeras.com.do\/wp-content\/uploads\/2026\/01\/Funcionario-en-La-Basilica.jpg?resize=350%2C200&ssl=1","width":350,"height":200,"srcset":"https:\/\/i0.wp.com\/lasprimeras.com.do\/wp-content\/uploads\/2026\/01\/Funcionario-en-La-Basilica.jpg?resize=350%2C200&ssl=1 1x, https:\/\/i0.wp.com\/lasprimeras.com.do\/wp-content\/uploads\/2026\/01\/Funcionario-en-La-Basilica.jpg?resize=525%2C300&ssl=1 1.5x, https:\/\/i0.wp.com\/lasprimeras.com.do\/wp-content\/uploads\/2026\/01\/Funcionario-en-La-Basilica.jpg?resize=700%2C400&ssl=1 2x, https:\/\/i0.wp.com\/lasprimeras.com.do\/wp-content\/uploads\/2026\/01\/Funcionario-en-La-Basilica.jpg?resize=1050%2C600&ssl=1 3x"},"classes":[]}],"jetpack_sharing_enabled":true,"jetpack_featured_media_url":"https:\/\/lasprimeras.com.do\/wp-content\/uploads\/2024\/07\/palazo.jpg","_links":{"self":[{"href":"https:\/\/lasprimeras.com.do\/index.php\/wp-json\/wp\/v2\/posts\/85738","targetHints":{"allow":["GET"]}}],"collection":[{"href":"https:\/\/lasprimeras.com.do\/index.php\/wp-json\/wp\/v2\/posts"}],"about":[{"href":"https:\/\/lasprimeras.com.do\/index.php\/wp-json\/wp\/v2\/types\/post"}],"author":[{"embeddable":true,"href":"https:\/\/lasprimeras.com.do\/index.php\/wp-json\/wp\/v2\/users\/2"}],"replies":[{"embeddable":true,"href":"https:\/\/lasprimeras.com.do\/index.php\/wp-json\/wp\/v2\/comments?post=85738"}],"version-history":[{"count":1,"href":"https:\/\/lasprimeras.com.do\/index.php\/wp-json\/wp\/v2\/posts\/85738\/revisions"}],"predecessor-version":[{"id":85740,"href":"https:\/\/lasprimeras.com.do\/index.php\/wp-json\/wp\/v2\/posts\/85738\/revisions\/85740"}],"wp:featuredmedia":[{"embeddable":true,"href":"https:\/\/lasprimeras.com.do\/index.php\/wp-json\/wp\/v2\/media\/85739"}],"wp:attachment":[{"href":"https:\/\/lasprimeras.com.do\/index.php\/wp-json\/wp\/v2\/media?parent=85738"}],"wp:term":[{"taxonomy":"category","embeddable":true,"href":"https:\/\/lasprimeras.com.do\/index.php\/wp-json\/wp\/v2\/categories?post=85738"},{"taxonomy":"post_tag","embeddable":true,"href":"https:\/\/lasprimeras.com.do\/index.php\/wp-json\/wp\/v2\/tags?post=85738"}],"curies":[{"name":"wp","href":"https:\/\/api.w.org\/{rel}","templated":true}]}}