{"id":85750,"date":"2024-07-08T22:23:24","date_gmt":"2024-07-09T02:23:24","guid":{"rendered":"https:\/\/lasprimeras.com.do\/?p=85750"},"modified":"2024-07-08T22:23:25","modified_gmt":"2024-07-09T02:23:25","slug":"biden-dice-a-democratas-del-congreso-que-no-dejara-la-contienda","status":"publish","type":"post","link":"https:\/\/lasprimeras.com.do\/index.php\/2024\/07\/08\/biden-dice-a-democratas-del-congreso-que-no-dejara-la-contienda\/","title":{"rendered":"Biden dice a dem\u00f3cratas del Congreso que no dejar\u00e1 la contienda"},"content":{"rendered":"\n<p>BY LISA MASCARO<\/p>\n\n\n\n<p>WASHINGTON (AP) \u2014 En una carta a los dem\u00f3cratas del Congreso, el presidente Joe Biden se mantuvo firme contra los llamados a que abandone su candidatura y pidi\u00f3 poner fin al drama dentro del partido sobre si deber\u00eda permanecer en la contienda presidencial despu\u00e9s de su triste desempe\u00f1o en el debate.<\/p>\n\n\n\n<p>\u201cEl tema de c\u00f3mo seguir adelante ha sido bastante debatido ya por m\u00e1s de una semana, y es hora de ponerle fin\u201d, escribi\u00f3 Biden en la carta de dos p\u00e1ginas, donde hizo hincapi\u00e9 en que el partido tiene \u201cuna tarea\u201d, que es derrotar al virtual candidato presidencial republicano, Donald Trump, en noviembre.<\/p>\n\n\n\n<p>\u201cTenemos 42 d\u00edas para la Convenci\u00f3n Dem\u00f3crata y 119 d\u00edas para las elecciones generales\u201d, dijo Biden en la carta. \u201cCualquier debilitamiento de la resoluci\u00f3n o falta de claridad sobre la tarea que tenemos por delante solamente ayuda a Trump y nos perjudica a nosotros. Es hora de unirnos, avanzar como un partido unificado y derrotar a Donald Trump\u201d.<\/p>\n\n\n\n<p>La carta fue enviada en nombre de la campa\u00f1a a legisladores dem\u00f3cratas, que reci\u00e9n est\u00e1n regresando a Washington tras el feriado por el D\u00eda de la Independencia.<\/p>\n\n\n\n<p>La ansiedad es alta en momentos en que m\u00e1s legisladores dem\u00f3cratas est\u00e1n pidiendo que Biden se retire de la contienda. Al mismo tiempo, algunos de los m\u00e1s firmes aliados del mandatario est\u00e1n reiterando su apoyo a Biden, insistiendo en que no hay nadie m\u00e1s que pueda derrotar a Trump en noviembre.<\/p>\n\n\n\n<p>Tras la carta, Biden sigui\u00f3 con una entrevista telef\u00f3nica con el programa \u201cMorning Joe\u201d de MSNBC, en la que insisti\u00f3 en que los \u201cdem\u00f3cratas promedio\u201d quieren que permanezca en la contienda y dijo que estaba \u201cfrustrado\u201d por los llamados de los funcionarios del partido para que se aparte.<\/p>\n\n\n\n<p>\u201cSon grandes nombres, pero no me importa lo que piensen esos grandes nombres\u201d, dijo Biden.<\/p>\n\n\n\n<p>Lanz\u00f3 el guante a sus cr\u00edticos, diciendo que si hablan en serio deber\u00edan \u201canunciarse para presidente, desafiarme en la convenci\u00f3n\u201d o apoyarlo contra Trump.<\/p>\n\n\n\n<p>Mientras arde el debate sobre si Biden debe quedarse o irse, no parece haber una respuesta simple.<\/p>\n\n\n\n<p>Es una coyuntura sumamente tenue y vol\u00e1til para el partido del presidente. Muchos dem\u00f3cratas que han trabajado durante a\u00f1os \u2014o incluso d\u00e9cadas\u2014 con Biden y que valoran sus iniciativas y posiciones pol\u00edticas est\u00e1n ahora enfrentando inc\u00f3modos cuestionamientos sobre su futuro pol\u00edtico. Y todo ello en momentos en que Biden se prepara para ser anfitri\u00f3n de una cumbre de la OTAN esta semana en Washington.<\/p>\n\n\n\n<p>El tiempo no est\u00e1 a su favor, casi un mes antes de la Convenci\u00f3n Nacional Dem\u00f3crata y apenas una semana antes de que los republicanos se re\u00fanan en Milwaukee para su propia convenci\u00f3n, en que nominar\u00e1n nuevamente a Trump como su candidato.<\/p>\n\n\n\n<p>Muchos dem\u00f3cratas argumentan que m\u00e1s bien deber\u00edan centrar su atenci\u00f3n en la condena judicial contra Trump por acusaciones de que pag\u00f3 para silenciar noticias desfavorables, y en los cargos federales que pesan sobre \u00e9l por sus intentos de revertir el resultado de las elecciones de 2020.<\/p>\n\n\n\n<p>Es lo que el mismo Biden podr\u00eda llamar un punto de inflexi\u00f3n. Mientras el mandatario, de manera desafiante, insiste en que solo se retirar\u00e1 si \u201cDios Todopoderoso viene y le ordena hacerlo\u201d, los dem\u00f3cratas en la C\u00e1mara de Representantes y el Senado est\u00e1n decidiendo cu\u00e1nto pelear con el presidente para que cambie de parecer, o si, del todo, quieren de verdad que cambie de rumbo.<\/p>\n\n\n\n<p>En un esfuerzo por \u201ctener a todos en la misma p\u00e1gina\u201d, el l\u00edder de los dem\u00f3cratas en la c\u00e1mara baja Hakeem Jeffries est\u00e1 reuni\u00e9ndose con legisladores de manera privada antes de manifestar su propia preferencia, seg\u00fan una fuente al tanto del tema que pidi\u00f3 no ser identificada para poder hablar de ello.<\/p>\n\n\n\n<p>Jeffries planeaba reunirse el lunes con dem\u00f3cratas cuyas campa\u00f1as para la reelecci\u00f3n son las m\u00e1s vulnerables.<\/p>\n\n\n\n<p>El domingo, una llamada privada con unos 15 dem\u00f3cratas que son miembros de comisiones en la c\u00e1mara baja expuso las divisiones dentro del partido.<\/p>\n\n\n\n<p>Por lo menos cuatro legisladores \u2014los representantes Jerrold Nadler de Nueva York; Jim Himes de Connecticut; Adam Smith de Washington y Mark Takano de California\u2014 dijeron en privado que Biden deber\u00eda retirarse.<\/p>\n","protected":false},"excerpt":{"rendered":"<p>BY LISA MASCARO WASHINGTON (AP) \u2014 En una carta a los dem\u00f3cratas del Congreso, el presidente Joe Biden se mantuvo firme contra los llamados a que abandone su candidatura y&hellip;<\/p>\n","protected":false},"author":2,"featured_media":85751,"comment_status":"open","ping_status":"open","sticky":false,"template":"","format":"standard","meta":{"content-type":"","jetpack_post_was_ever_published":false,"_jetpack_newsletter_access":"","_jetpack_dont_email_post_to_subs":false,"_jetpack_newsletter_tier_id":0,"_jetpack_memberships_contains_paywalled_content":false,"_jetpack_memberships_contains_paid_content":false,"footnotes":""},"categories":[1],"tags":[530,8172,1343,14007],"class_list":["post-85750","post","type-post","status-publish","format-standard","has-post-thumbnail","hentry","category-sin-categoria","tag-congreso","tag-democratas","tag-joe-biden","tag-no-dejara-2"],"jetpack_featured_media_url":"https:\/\/lasprimeras.com.do\/wp-content\/uploads\/2024\/07\/Joe-Biden-2.jpg","jetpack-related-posts":[{"id":85589,"url":"https:\/\/lasprimeras.com.do\/index.php\/2024\/07\/03\/legisladores-democratas-divididos-entre-apoyar-la-campana-de-biden-o-activar-la-alarma\/","url_meta":{"origin":85750,"position":0},"title":"Legisladores dem\u00f3cratas divididos entre apoyar la campa\u00f1a de Biden o activar la alarma","author":"Nelson Feliz","date":"3 de julio de 2024","format":false,"excerpt":"BY STEPHEN GROVES WASHINGTON (AP) \u2014 El desastroso desempe\u00f1o del presidente Joe Biden en el debate de la semana pasada ha resonado en todo el Partido Dem\u00f3crata, obligando a los legisladores a hacer frente a una crisis que podr\u00eda poner de cabeza la elecci\u00f3n presidencial y cambiar el curso de\u2026","rel":"","context":"En \u00abSin categor\u00eda\u00bb","block_context":{"text":"Sin categor\u00eda","link":"https:\/\/lasprimeras.com.do\/index.php\/category\/sin-categoria\/"},"img":{"alt_text":"","src":"https:\/\/i0.wp.com\/lasprimeras.com.do\/wp-content\/uploads\/2024\/07\/Joe-Biden-1.jpg?resize=350%2C200&ssl=1","width":350,"height":200,"srcset":"https:\/\/i0.wp.com\/lasprimeras.com.do\/wp-content\/uploads\/2024\/07\/Joe-Biden-1.jpg?resize=350%2C200&ssl=1 1x, https:\/\/i0.wp.com\/lasprimeras.com.do\/wp-content\/uploads\/2024\/07\/Joe-Biden-1.jpg?resize=525%2C300&ssl=1 1.5x, https:\/\/i0.wp.com\/lasprimeras.com.do\/wp-content\/uploads\/2024\/07\/Joe-Biden-1.jpg?resize=700%2C400&ssl=1 2x"},"classes":[]},{"id":86175,"url":"https:\/\/lasprimeras.com.do\/index.php\/2024\/07\/20\/la-capacidad-de-biden-para-recuperar-a-los-democratas-se-pone-a-prueba\/","url_meta":{"origin":85750,"position":1},"title":"La capacidad de Biden para recuperar a los dem\u00f3cratas se pone a prueba","author":"Nelson Feliz","date":"20 de julio de 2024","format":false,"excerpt":"POR LISA MASCARO Y ZEKE MILLER WASHINGTON (AP) \u2014 A pesar de una semana de paradas de campa\u00f1a, entrevistas e insistencia en que es el mejor candidato para enfrentar al republicano Donald Trump , el presidente Joe Biden ha hecho poco para suavizar el impulso para que abandone la carrera\u2026","rel":"","context":"En \u00abSin categor\u00eda\u00bb","block_context":{"text":"Sin categor\u00eda","link":"https:\/\/lasprimeras.com.do\/index.php\/category\/sin-categoria\/"},"img":{"alt_text":"Joe Biden","src":"https:\/\/i0.wp.com\/lasprimeras.com.do\/wp-content\/uploads\/2024\/07\/Joe-Biden-2.jpg?resize=350%2C200&ssl=1","width":350,"height":200,"srcset":"https:\/\/i0.wp.com\/lasprimeras.com.do\/wp-content\/uploads\/2024\/07\/Joe-Biden-2.jpg?resize=350%2C200&ssl=1 1x, https:\/\/i0.wp.com\/lasprimeras.com.do\/wp-content\/uploads\/2024\/07\/Joe-Biden-2.jpg?resize=525%2C300&ssl=1 1.5x, https:\/\/i0.wp.com\/lasprimeras.com.do\/wp-content\/uploads\/2024\/07\/Joe-Biden-2.jpg?resize=700%2C400&ssl=1 2x"},"classes":[]},{"id":85579,"url":"https:\/\/lasprimeras.com.do\/index.php\/2024\/07\/03\/biden-promete-que-seguira-con-su-candidatura-rechazando-presion-para-que-abandone-la-contienda\/","url_meta":{"origin":85750,"position":2},"title":"Biden promete que seguir\u00e1 con su candidatura, rechazando presi\u00f3n para que abandone la contienda","author":"Nelson Feliz","date":"3 de julio de 2024","format":false,"excerpt":"BY SEUNG MIN KIM WASHINGTON (AP) \u2014 El presidente estadounidense Joe Biden prometi\u00f3 el mi\u00e9rcoles que seguir\u00e1 buscando su reelecci\u00f3n, rechazando la creciente presi\u00f3n procedente de su Partido Dem\u00f3crata para retirarse de la contienda tras una desastrosa actuaci\u00f3n en el debate presidencial de la semana pasada que plante\u00f3 dudas sobre\u2026","rel":"","context":"En \u00abSin categor\u00eda\u00bb","block_context":{"text":"Sin categor\u00eda","link":"https:\/\/lasprimeras.com.do\/index.php\/category\/sin-categoria\/"},"img":{"alt_text":"Joe Biden","src":"https:\/\/i0.wp.com\/lasprimeras.com.do\/wp-content\/uploads\/2024\/07\/Joe-Biden.jpg?resize=350%2C200&ssl=1","width":350,"height":200,"srcset":"https:\/\/i0.wp.com\/lasprimeras.com.do\/wp-content\/uploads\/2024\/07\/Joe-Biden.jpg?resize=350%2C200&ssl=1 1x, https:\/\/i0.wp.com\/lasprimeras.com.do\/wp-content\/uploads\/2024\/07\/Joe-Biden.jpg?resize=525%2C300&ssl=1 1.5x, https:\/\/i0.wp.com\/lasprimeras.com.do\/wp-content\/uploads\/2024\/07\/Joe-Biden.jpg?resize=700%2C400&ssl=1 2x"},"classes":[]},{"id":85834,"url":"https:\/\/lasprimeras.com.do\/index.php\/2024\/07\/10\/candidatura-de-biden-enfrenta-nuevos-peligros-tras-declaraciones-de-pelosi-y-clooney\/","url_meta":{"origin":85750,"position":3},"title":"Candidatura de Biden enfrenta nuevos peligros tras declaraciones de Pelosi y Clooney","author":"Nelson Feliz","date":"10 de julio de 2024","format":false,"excerpt":"BY LISA MASCARO WASHINGTON (AP) \u2014 La campa\u00f1a del presidente Joe Biden para ser reelegido se top\u00f3 con nuevos problemas el mi\u00e9rcoles, cuando la presidenta em\u00e9rita de la C\u00e1mara de Representantes, Nancy Pelosi, se limit\u00f3 a decir que \u201cdepende del presidente decidir\u201d si seguir\u00e1 en la contienda. El c\u00e9lebre donante\u2026","rel":"","context":"En \u00abSin categor\u00eda\u00bb","block_context":{"text":"Sin categor\u00eda","link":"https:\/\/lasprimeras.com.do\/index.php\/category\/sin-categoria\/"},"img":{"alt_text":"","src":"https:\/\/i0.wp.com\/lasprimeras.com.do\/wp-content\/uploads\/2024\/07\/Nancy-Pelosi-vs-George-Clooney.jpg?resize=350%2C200&ssl=1","width":350,"height":200,"srcset":"https:\/\/i0.wp.com\/lasprimeras.com.do\/wp-content\/uploads\/2024\/07\/Nancy-Pelosi-vs-George-Clooney.jpg?resize=350%2C200&ssl=1 1x, https:\/\/i0.wp.com\/lasprimeras.com.do\/wp-content\/uploads\/2024\/07\/Nancy-Pelosi-vs-George-Clooney.jpg?resize=525%2C300&ssl=1 1.5x, https:\/\/i0.wp.com\/lasprimeras.com.do\/wp-content\/uploads\/2024\/07\/Nancy-Pelosi-vs-George-Clooney.jpg?resize=700%2C400&ssl=1 2x"},"classes":[]},{"id":86127,"url":"https:\/\/lasprimeras.com.do\/index.php\/2024\/07\/18\/democratas-hacen-nuevo-esfuerzo-para-que-biden-reconsidere-su-candidatura-a-la-reeleccion\/","url_meta":{"origin":85750,"position":4},"title":"Dem\u00f3cratas hacen nuevo esfuerzo para que Biden reconsidere su candidatura a la reelecci\u00f3n","author":"Nelson Feliz","date":"18 de julio de 2024","format":false,"excerpt":"BY LISA MASCARO, ZEKE MILLER AND WILL WEISSERT WASHINGTON (AP) \u2014 El expresidente Barack Obama ha expresado en privado a otros dem\u00f3cratas sus inquietudes por la candidatura del presidente Joe Biden, y la presidenta em\u00e9rita de la C\u00e1mara de Representantes Nancy Pelosi le ha advertido en privado a Biden que\u2026","rel":"","context":"En \u00abSin categor\u00eda\u00bb","block_context":{"text":"Sin categor\u00eda","link":"https:\/\/lasprimeras.com.do\/index.php\/category\/sin-categoria\/"},"img":{"alt_text":"","src":"https:\/\/i0.wp.com\/lasprimeras.com.do\/wp-content\/uploads\/2024\/07\/Joe-Biden-5.jpg?resize=350%2C200&ssl=1","width":350,"height":200,"srcset":"https:\/\/i0.wp.com\/lasprimeras.com.do\/wp-content\/uploads\/2024\/07\/Joe-Biden-5.jpg?resize=350%2C200&ssl=1 1x, https:\/\/i0.wp.com\/lasprimeras.com.do\/wp-content\/uploads\/2024\/07\/Joe-Biden-5.jpg?resize=525%2C300&ssl=1 1.5x, https:\/\/i0.wp.com\/lasprimeras.com.do\/wp-content\/uploads\/2024\/07\/Joe-Biden-5.jpg?resize=700%2C400&ssl=1 2x"},"classes":[]},{"id":87006,"url":"https:\/\/lasprimeras.com.do\/index.php\/2024\/08\/05\/kamala-harris-esta-a-punto-de-conseguir-la-nominacion-presidencial-democrata\/","url_meta":{"origin":85750,"position":5},"title":"Kamala Harris est\u00e1 a punto de conseguir la nominaci\u00f3n presidencial dem\u00f3crata","author":"Nelson Feliz","date":"5 de agosto de 2024","format":false,"excerpt":"By SEUNG MIN KIM WASHINGTON (AP) \u2014 La vicepresidenta Kamala Harris, hija de migrantes que ascendi\u00f3 en el escalaf\u00f3n pol\u00edtico y policial de California hasta convertirse en la primera mujer en ocupar la vicepresidencia en la historia de Estados Unidos, est\u00e1 a punto de conseguir el lunes la nominaci\u00f3n presidencial\u2026","rel":"","context":"En \u00abPORTADA\u00bb","block_context":{"text":"PORTADA","link":"https:\/\/lasprimeras.com.do\/index.php\/category\/portada\/"},"img":{"alt_text":"Kamala Harris","src":"https:\/\/i0.wp.com\/lasprimeras.com.do\/wp-content\/uploads\/2024\/08\/Kamala-Harris.jpg?resize=350%2C200&ssl=1","width":350,"height":200,"srcset":"https:\/\/i0.wp.com\/lasprimeras.com.do\/wp-content\/uploads\/2024\/08\/Kamala-Harris.jpg?resize=350%2C200&ssl=1 1x, https:\/\/i0.wp.com\/lasprimeras.com.do\/wp-content\/uploads\/2024\/08\/Kamala-Harris.jpg?resize=525%2C300&ssl=1 1.5x, https:\/\/i0.wp.com\/lasprimeras.com.do\/wp-content\/uploads\/2024\/08\/Kamala-Harris.jpg?resize=700%2C400&ssl=1 2x"},"classes":[]}],"jetpack_sharing_enabled":true,"_links":{"self":[{"href":"https:\/\/lasprimeras.com.do\/index.php\/wp-json\/wp\/v2\/posts\/85750","targetHints":{"allow":["GET"]}}],"collection":[{"href":"https:\/\/lasprimeras.com.do\/index.php\/wp-json\/wp\/v2\/posts"}],"about":[{"href":"https:\/\/lasprimeras.com.do\/index.php\/wp-json\/wp\/v2\/types\/post"}],"author":[{"embeddable":true,"href":"https:\/\/lasprimeras.com.do\/index.php\/wp-json\/wp\/v2\/users\/2"}],"replies":[{"embeddable":true,"href":"https:\/\/lasprimeras.com.do\/index.php\/wp-json\/wp\/v2\/comments?post=85750"}],"version-history":[{"count":1,"href":"https:\/\/lasprimeras.com.do\/index.php\/wp-json\/wp\/v2\/posts\/85750\/revisions"}],"predecessor-version":[{"id":85752,"href":"https:\/\/lasprimeras.com.do\/index.php\/wp-json\/wp\/v2\/posts\/85750\/revisions\/85752"}],"wp:featuredmedia":[{"embeddable":true,"href":"https:\/\/lasprimeras.com.do\/index.php\/wp-json\/wp\/v2\/media\/85751"}],"wp:attachment":[{"href":"https:\/\/lasprimeras.com.do\/index.php\/wp-json\/wp\/v2\/media?parent=85750"}],"wp:term":[{"taxonomy":"category","embeddable":true,"href":"https:\/\/lasprimeras.com.do\/index.php\/wp-json\/wp\/v2\/categories?post=85750"},{"taxonomy":"post_tag","embeddable":true,"href":"https:\/\/lasprimeras.com.do\/index.php\/wp-json\/wp\/v2\/tags?post=85750"}],"curies":[{"name":"wp","href":"https:\/\/api.w.org\/{rel}","templated":true}]}}