{"id":85753,"date":"2024-07-08T22:30:01","date_gmt":"2024-07-09T02:30:01","guid":{"rendered":"https:\/\/lasprimeras.com.do\/?p=85753"},"modified":"2024-07-08T22:30:02","modified_gmt":"2024-07-09T02:30:02","slug":"trump-cerca-de-decidir-quien-sera-su-candidato-vicepresidencial","status":"publish","type":"post","link":"https:\/\/lasprimeras.com.do\/index.php\/2024\/07\/08\/trump-cerca-de-decidir-quien-sera-su-candidato-vicepresidencial\/","title":{"rendered":"Trump cerca de decidir qui\u00e9n ser\u00e1 su candidato vicepresidencial"},"content":{"rendered":"\n<p>BY JILL COLVIN<\/p>\n\n\n\n<p>NUEVA YORK (AP) \u2014 Sea quien sea el futuro candidato vicepresidencial republicano, su avi\u00f3n ya est\u00e1 en un hangar cuya ubicaci\u00f3n no ha sido revelada, y en la cubierta hay un lugar en blanco donde ser\u00e1 colocado un letrero con su nombre.<\/p>\n\n\n\n<p>Ya los eventos de recaudaci\u00f3n han sido programados.<\/p>\n\n\n\n<p>Lo \u00fanico que falta: que el expresidente Donald Trump revele a qui\u00e9n escogi\u00f3.<\/p>\n\n\n\n<p>Asesores y aliados de larga data insisten en que no saben a qui\u00e9n elegir\u00e1 el virtual candidato presidencial republicano. Muchos dicen que el proceso de decisi\u00f3n sigue inconcluso.<\/p>\n\n\n\n<p>La decisi\u00f3n ocurrir\u00e1 en un momento sin precedentes de turbulencia en la campa\u00f1a electoral. El presidente Joe Biden y su Partido Dem\u00f3crata est\u00e1n enfrascados en un debate sobre si Biden debe de retirarse de la contienda tras su pobre desempe\u00f1o en el reciente debate con Trump.<\/p>\n\n\n\n<p>La crisis interna de los dem\u00f3cratas le ha dado a Trump escaso incentivo para cambiar el tema con una decisi\u00f3n que con toda seguridad atraer\u00e1 atenci\u00f3n y cobertura medi\u00e1tica.<\/p>\n\n\n\n<p>Pero esta semana, Trump tendr\u00e1 m\u00faltiples oportunidades de aumentar la especulaci\u00f3n en torno a un proceso que su equipo ha mantenido bajo extrema reserva.<\/p>\n\n\n\n<p>\u201cPodr\u00eda ocurrir en cualquier momento esta semana\u201d, dijo Jason Miller, asesor de Trump, en una aparici\u00f3n en Fox News.<\/p>\n\n\n\n<p>Trump tiene dos actos de campa\u00f1a planeados para esta semana. El primero se llevar\u00e1 a cabo el martes por la tarde en su club de golf en Doral, Florida, cerca de Miami.<\/p>\n\n\n\n<p>El horario estelar y el lugar del evento parecen ideales si se decide por Marco Rubio, senador por Florida, nacido en Miami y uno de los principales mencionados para el puesto.<\/p>\n\n\n\n<p>Rubio estar\u00e1 presente en el evento, dijo un asesor conocedor de los planes del senador que, como otros, habl\u00f3 a condici\u00f3n de anonimato sobre el proceso de selecci\u00f3n.<\/p>\n\n\n\n<p>El s\u00e1bado, Trump viajar\u00e1 a Pensilvania, un estado re\u00f1ido, para un evento vespertino en el Butler Farm Show.<\/p>\n\n\n\n<p>El recinto, ubicado en las afueras de Pittsburgh, no est\u00e1 muy lejos de la frontera con Ohio, hogar de otro aspirante a la candidatura vicepresidencial, el senador JD Vance.<\/p>\n\n\n\n<p>Tambi\u00e9n se ha mencionado al gobernador de Dakota del Norte Doug Burgum, quien se ha vuelto cercano al expresidente desde que abandon\u00f3 su propia contienda por la nominaci\u00f3n antes que iniciaran las votaciones.<\/p>\n\n\n\n<p>Trump no necesita un acto de campa\u00f1a para dar a conocer su decisi\u00f3n. Podr\u00eda simplemente anunciarla en su plataforma Truth Social en cualquier momento entre hoy y la Convenci\u00f3n Nacional Republicana, que empezar\u00e1 en Milwaukee el 15 de julio.<\/p>\n\n\n\n<p>O podr\u00eda esperar hasta que ya haya empezado la convenci\u00f3n para hacer un anuncio sobre el escenario, al estilo de como hac\u00eda en su reality show \u201cThe Apprentice\u201d.<\/p>\n\n\n\n<p>Trump ha dicho repetidamente que anunciar\u00e1 su decisi\u00f3n justo antes o durante la convenci\u00f3n. Pero ha sido recatado en cuanto a su elecci\u00f3n.<\/p>\n\n\n\n<p>El mes pasado, antes del debate, Trump le dijo a NBC News durante un acto de campa\u00f1a en Filadelfia que ya hab\u00eda tomado la decisi\u00f3n.<\/p>\n\n\n\n<p>\u201cEn mi mente, s\u00ed\u201d, declar\u00f3.<\/p>\n\n\n\n<p>Pero menos de una semana despu\u00e9s, le dijo una emisora local de Virginia que todav\u00eda no hab\u00eda tomado una decisi\u00f3n.<\/p>\n","protected":false},"excerpt":{"rendered":"<p>BY JILL COLVIN NUEVA YORK (AP) \u2014 Sea quien sea el futuro candidato vicepresidencial republicano, su avi\u00f3n ya est\u00e1 en un hangar cuya ubicaci\u00f3n no ha sido revelada, y en&hellip;<\/p>\n","protected":false},"author":2,"featured_media":85754,"comment_status":"open","ping_status":"open","sticky":false,"template":"","format":"standard","meta":{"content-type":"","jetpack_post_was_ever_published":false,"_jetpack_newsletter_access":"","_jetpack_dont_email_post_to_subs":false,"_jetpack_newsletter_tier_id":0,"_jetpack_memberships_contains_paywalled_content":false,"_jetpack_memberships_contains_paid_content":false,"footnotes":""},"categories":[1],"tags":[1526,978,12598],"class_list":["post-85753","post","type-post","status-publish","format-standard","has-post-thumbnail","hentry","category-sin-categoria","tag-candidato","tag-donald-trump","tag-vicepresidencial"],"jetpack_featured_media_url":"https:\/\/lasprimeras.com.do\/wp-content\/uploads\/2024\/07\/Donald-Trump.jpg","jetpack-related-posts":[{"id":77510,"url":"https:\/\/lasprimeras.com.do\/index.php\/2024\/02\/21\/biden-supera-a-trump-por-4-puntos-para-las-presidenciales-segun-una-nueva-encuesta\/","url_meta":{"origin":85753,"position":0},"title":"Biden supera a Trump por 4 puntos para las presidenciales, seg\u00fan una nueva encuesta","author":"Nelson Feliz","date":"21 de febrero de 2024","format":false,"excerpt":"El 67% de los votantes piensa que Biden, de 81 a\u00f1os, es demasiado mayor para cumplir otros cuatro a\u00f1os en la Casa Blanca. En cambio, el 57% piensa que Trump no es demasiado mayor, seg\u00fan una encuesta de la Universidad Quinnipiac. Por Ra\u00fal Castillo El presidente Joe Biden supera al\u2026","rel":"","context":"En \u00abSin categor\u00eda\u00bb","block_context":{"text":"Sin categor\u00eda","link":"https:\/\/lasprimeras.com.do\/index.php\/category\/sin-categoria\/"},"img":{"alt_text":"Joe Biden y Donald Trump","src":"https:\/\/i0.wp.com\/lasprimeras.com.do\/wp-content\/uploads\/2024\/02\/Joe-Biden-y-Donald-Trump.jpg?resize=350%2C200&ssl=1","width":350,"height":200,"srcset":"https:\/\/i0.wp.com\/lasprimeras.com.do\/wp-content\/uploads\/2024\/02\/Joe-Biden-y-Donald-Trump.jpg?resize=350%2C200&ssl=1 1x, https:\/\/i0.wp.com\/lasprimeras.com.do\/wp-content\/uploads\/2024\/02\/Joe-Biden-y-Donald-Trump.jpg?resize=525%2C300&ssl=1 1.5x, https:\/\/i0.wp.com\/lasprimeras.com.do\/wp-content\/uploads\/2024\/02\/Joe-Biden-y-Donald-Trump.jpg?resize=700%2C400&ssl=1 2x"},"classes":[]},{"id":78533,"url":"https:\/\/lasprimeras.com.do\/index.php\/2024\/03\/17\/trump-intensifica-retorica-oscura-en-el-discurso-electoral-de-ohio-del-candidato-bernie-moreno\/","url_meta":{"origin":85753,"position":1},"title":"Trump intensifica ret\u00f3rica oscura en el discurso electoral de Ohio del candidato Bernie Moreno","author":"Nelson Feliz","date":"17 de marzo de 2024","format":false,"excerpt":"POR MEG KINNARD Y JILL COLVIN VANDALIA, Ohio (AP) \u2014 El expresidente Donald Trump afirm\u00f3 que \u00e9l \u2013no el presidente Joe Biden\u2013 proteger\u00e1 el Seguro Social y advirti\u00f3 sobre un \u201cba\u00f1o de sangre\u201d si pierde en noviembre mientras hac\u00eda campa\u00f1a por el candidato al Senado Bernie Moreno en Ohio. Trump,\u2026","rel":"","context":"En \u00abSin categor\u00eda\u00bb","block_context":{"text":"Sin categor\u00eda","link":"https:\/\/lasprimeras.com.do\/index.php\/category\/sin-categoria\/"},"img":{"alt_text":"Donald Trump","src":"https:\/\/i0.wp.com\/lasprimeras.com.do\/wp-content\/uploads\/2024\/03\/Donald-Trump.jpg?resize=350%2C200&ssl=1","width":350,"height":200,"srcset":"https:\/\/i0.wp.com\/lasprimeras.com.do\/wp-content\/uploads\/2024\/03\/Donald-Trump.jpg?resize=350%2C200&ssl=1 1x, https:\/\/i0.wp.com\/lasprimeras.com.do\/wp-content\/uploads\/2024\/03\/Donald-Trump.jpg?resize=525%2C300&ssl=1 1.5x, https:\/\/i0.wp.com\/lasprimeras.com.do\/wp-content\/uploads\/2024\/03\/Donald-Trump.jpg?resize=700%2C400&ssl=1 2x"},"classes":[]},{"id":89357,"url":"https:\/\/lasprimeras.com.do\/index.php\/2024\/09\/22\/trump-descarta-postularse-en-2028-si-pierde-la-proxima-eleccion-en-eeuu\/","url_meta":{"origin":85753,"position":2},"title":"Trump descarta postularse en 2028 si pierde la pr\u00f3xima elecci\u00f3n en EEUU","author":"Nelson Feliz","date":"22 de septiembre de 2024","format":false,"excerpt":"Trump dijo que espera tener \"\u00e9xito\" en las urnas el 5 de noviembre. Washington, AFP -El candidato republicano a la presidencia de Estados Unidos, el magnate Donald Trump, dijo que si pierde la elecci\u00f3n del pr\u00f3ximo noviembre no volver\u00e1 a presentarse en 2028, seg\u00fan una entrevista difundida este domingo \"No,\u2026","rel":"","context":"En \u00abSin categor\u00eda\u00bb","block_context":{"text":"Sin categor\u00eda","link":"https:\/\/lasprimeras.com.do\/index.php\/category\/sin-categoria\/"},"img":{"alt_text":"Donald Trump","src":"https:\/\/i0.wp.com\/lasprimeras.com.do\/wp-content\/uploads\/2024\/05\/Donald-Trump-1.jpg?resize=350%2C200&ssl=1","width":350,"height":200,"srcset":"https:\/\/i0.wp.com\/lasprimeras.com.do\/wp-content\/uploads\/2024\/05\/Donald-Trump-1.jpg?resize=350%2C200&ssl=1 1x, https:\/\/i0.wp.com\/lasprimeras.com.do\/wp-content\/uploads\/2024\/05\/Donald-Trump-1.jpg?resize=525%2C300&ssl=1 1.5x, https:\/\/i0.wp.com\/lasprimeras.com.do\/wp-content\/uploads\/2024\/05\/Donald-Trump-1.jpg?resize=700%2C400&ssl=1 2x"},"classes":[]},{"id":54800,"url":"https:\/\/lasprimeras.com.do\/index.php\/2023\/07\/14\/trump-no-se-presento-en-el-foro-evangelico-de-iowa-dejando-espacio-para-los-rivales-de-2024\/","url_meta":{"origin":85753,"position":3},"title":"Trump no se present\u00f3 en el foro evang\u00e9lico de Iowa, dejando espacio para los rivales de 2024","author":"Nelson Feliz","date":"14 de julio de 2023","format":false,"excerpt":"Por James Oliphant Los candidatos republicanos a la presidencia se dirigir\u00e1n el viernes a una reuni\u00f3n de conservadores sociales en el estado de Iowa que nominar\u00e1 temprano, pero el evento ser\u00e1 m\u00e1s notable para el candidato de 2024 que no estar\u00e1 all\u00ed: el favorito, Donald Trump. La ausencia de Trump\u2026","rel":"","context":"En \u00abSin categor\u00eda\u00bb","block_context":{"text":"Sin categor\u00eda","link":"https:\/\/lasprimeras.com.do\/index.php\/category\/sin-categoria\/"},"img":{"alt_text":"El expresidente de EE. UU. y candidato presidencial republicano Donald Trump asiste a un evento de campa\u00f1a en Council Bluffs, Iowa, EE. UU., el 7 de julio de 2023. REUTERS\/Scott Morgan","src":"https:\/\/i0.wp.com\/lasprimeras.com.do\/wp-content\/uploads\/2023\/07\/Donald-Triunfo.jpg?resize=350%2C200&ssl=1","width":350,"height":200,"srcset":"https:\/\/i0.wp.com\/lasprimeras.com.do\/wp-content\/uploads\/2023\/07\/Donald-Triunfo.jpg?resize=350%2C200&ssl=1 1x, https:\/\/i0.wp.com\/lasprimeras.com.do\/wp-content\/uploads\/2023\/07\/Donald-Triunfo.jpg?resize=525%2C300&ssl=1 1.5x"},"classes":[]},{"id":86175,"url":"https:\/\/lasprimeras.com.do\/index.php\/2024\/07\/20\/la-capacidad-de-biden-para-recuperar-a-los-democratas-se-pone-a-prueba\/","url_meta":{"origin":85753,"position":4},"title":"La capacidad de Biden para recuperar a los dem\u00f3cratas se pone a prueba","author":"Nelson Feliz","date":"20 de julio de 2024","format":false,"excerpt":"POR LISA MASCARO Y ZEKE MILLER WASHINGTON (AP) \u2014 A pesar de una semana de paradas de campa\u00f1a, entrevistas e insistencia en que es el mejor candidato para enfrentar al republicano Donald Trump , el presidente Joe Biden ha hecho poco para suavizar el impulso para que abandone la carrera\u2026","rel":"","context":"En \u00abSin categor\u00eda\u00bb","block_context":{"text":"Sin categor\u00eda","link":"https:\/\/lasprimeras.com.do\/index.php\/category\/sin-categoria\/"},"img":{"alt_text":"Joe Biden","src":"https:\/\/i0.wp.com\/lasprimeras.com.do\/wp-content\/uploads\/2024\/07\/Joe-Biden-2.jpg?resize=350%2C200&ssl=1","width":350,"height":200,"srcset":"https:\/\/i0.wp.com\/lasprimeras.com.do\/wp-content\/uploads\/2024\/07\/Joe-Biden-2.jpg?resize=350%2C200&ssl=1 1x, https:\/\/i0.wp.com\/lasprimeras.com.do\/wp-content\/uploads\/2024\/07\/Joe-Biden-2.jpg?resize=525%2C300&ssl=1 1.5x, https:\/\/i0.wp.com\/lasprimeras.com.do\/wp-content\/uploads\/2024\/07\/Joe-Biden-2.jpg?resize=700%2C400&ssl=1 2x"},"classes":[]},{"id":69330,"url":"https:\/\/lasprimeras.com.do\/index.php\/2023\/12\/01\/trump-recaudara-fondos-para-aparecer-en-el-debate-presidencial-de-la-proxima-semana\/","url_meta":{"origin":85753,"position":5},"title":"Trump recaudar\u00e1 fondos para aparecer en el debate presidencial de la pr\u00f3xima semana","author":"Nelson Feliz","date":"1 de diciembre de 2023","format":false,"excerpt":"POR JILL COLVIN NUEVA YORK (AP) \u2014 Mientras sus rivales de las primarias republicanas regresan al escenario del debate la pr\u00f3xima semana, el expresidente Donald Trump encabezar\u00e1 un evento de recaudaci\u00f3n de fondos a puertas cerradas en Florida. La campa\u00f1a de Trump ha estado anunciando la oportunidad de ganar entradas\u2026","rel":"","context":"En \u00abSin categor\u00eda\u00bb","block_context":{"text":"Sin categor\u00eda","link":"https:\/\/lasprimeras.com.do\/index.php\/category\/sin-categoria\/"},"img":{"alt_text":"Donald Trump","src":"https:\/\/i0.wp.com\/lasprimeras.com.do\/wp-content\/uploads\/2023\/12\/Donald-Trump.jpg?resize=350%2C200&ssl=1","width":350,"height":200,"srcset":"https:\/\/i0.wp.com\/lasprimeras.com.do\/wp-content\/uploads\/2023\/12\/Donald-Trump.jpg?resize=350%2C200&ssl=1 1x, https:\/\/i0.wp.com\/lasprimeras.com.do\/wp-content\/uploads\/2023\/12\/Donald-Trump.jpg?resize=525%2C300&ssl=1 1.5x, https:\/\/i0.wp.com\/lasprimeras.com.do\/wp-content\/uploads\/2023\/12\/Donald-Trump.jpg?resize=700%2C400&ssl=1 2x"},"classes":[]}],"jetpack_sharing_enabled":true,"_links":{"self":[{"href":"https:\/\/lasprimeras.com.do\/index.php\/wp-json\/wp\/v2\/posts\/85753","targetHints":{"allow":["GET"]}}],"collection":[{"href":"https:\/\/lasprimeras.com.do\/index.php\/wp-json\/wp\/v2\/posts"}],"about":[{"href":"https:\/\/lasprimeras.com.do\/index.php\/wp-json\/wp\/v2\/types\/post"}],"author":[{"embeddable":true,"href":"https:\/\/lasprimeras.com.do\/index.php\/wp-json\/wp\/v2\/users\/2"}],"replies":[{"embeddable":true,"href":"https:\/\/lasprimeras.com.do\/index.php\/wp-json\/wp\/v2\/comments?post=85753"}],"version-history":[{"count":1,"href":"https:\/\/lasprimeras.com.do\/index.php\/wp-json\/wp\/v2\/posts\/85753\/revisions"}],"predecessor-version":[{"id":85755,"href":"https:\/\/lasprimeras.com.do\/index.php\/wp-json\/wp\/v2\/posts\/85753\/revisions\/85755"}],"wp:featuredmedia":[{"embeddable":true,"href":"https:\/\/lasprimeras.com.do\/index.php\/wp-json\/wp\/v2\/media\/85754"}],"wp:attachment":[{"href":"https:\/\/lasprimeras.com.do\/index.php\/wp-json\/wp\/v2\/media?parent=85753"}],"wp:term":[{"taxonomy":"category","embeddable":true,"href":"https:\/\/lasprimeras.com.do\/index.php\/wp-json\/wp\/v2\/categories?post=85753"},{"taxonomy":"post_tag","embeddable":true,"href":"https:\/\/lasprimeras.com.do\/index.php\/wp-json\/wp\/v2\/tags?post=85753"}],"curies":[{"name":"wp","href":"https:\/\/api.w.org\/{rel}","templated":true}]}}