{"id":85756,"date":"2024-07-08T22:37:55","date_gmt":"2024-07-09T02:37:55","guid":{"rendered":"https:\/\/lasprimeras.com.do\/?p=85756"},"modified":"2024-07-08T22:37:55","modified_gmt":"2024-07-09T02:37:55","slug":"la-casa-blanca-enfrenta-muchos-cuestionamientos-sobre-la-salud-de-biden-aqui-hay-algunas-respuestas","status":"publish","type":"post","link":"https:\/\/lasprimeras.com.do\/index.php\/2024\/07\/08\/la-casa-blanca-enfrenta-muchos-cuestionamientos-sobre-la-salud-de-biden-aqui-hay-algunas-respuestas\/","title":{"rendered":"La Casa Blanca enfrenta muchos cuestionamientos sobre la salud de Biden. Aqu\u00ed hay algunas respuestas"},"content":{"rendered":"\n<p>BY JOSH BOAK AND ZEKE MILLER<\/p>\n\n\n\n<p>WASHINGTON (AP) \u2014 El terrible desempe\u00f1o del presidente Joe Biden en el debate presidencial del 27 de junio ha generado preocupaciones sobre su edad, su salud y su capacidad para encabezar el gobierno de Estados Unidos.<\/p>\n\n\n\n<p>Funcionarios del gobierno han dicho que sus respuestas confusas y en ocasiones indescifrables en el debate con el republicano Donald Trump fueron consecuencia de un resfriado, un desfase horario y una preparaci\u00f3n deficiente en Camp David.<\/p>\n\n\n\n<p>Pero a sus 81 a\u00f1os, Biden se ha percatado de que su salud es un tema crucial para muchos electores antes de los comicios de noviembre.<\/p>\n\n\n\n<p>La secretaria de prensa de la Casa Blanca, Karine Jean-Pierre, intent\u00f3 responder las preguntas sobre la salud del mandatario en la rueda de prensa del lunes.<\/p>\n\n\n\n<p>\u00bfCon qu\u00e9 frecuencia acude el presidente al doctor?<\/p>\n\n\n\n<p>Biden se somete a exhaustivos ex\u00e1menes f\u00edsicos anuales, se\u00f1al\u00f3 Jean-Pierre. Dijo tambi\u00e9n que la mayor parte de los estadounidenses no comprenden la magnitud de la atenci\u00f3n m\u00e9dica que se le proporciona al presidente, ya que muchas personas son afortunadas si es que pueden ver a sus doctores una o dos veces al a\u00f1o.<\/p>\n\n\n\n<p>En contraste, la unidad m\u00e9dica del presidente est\u00e1 \u201ca s\u00f3lo unos escalones de la residencia\u201d en la Casa Blanca.<\/p>\n\n\n\n<p>\u201cUn par de veces por semana\u201d Biden efect\u00faa una \u201crevisi\u00f3n verbal con su m\u00e9dico mientras hace ejercicio\u201d, indic\u00f3 Jean-Pierre, y dijo que el lunes tuvo una revisi\u00f3n.<\/p>\n\n\n\n<p>Despu\u00e9s del debate del 27 de junio ha habido confusi\u00f3n sobre si Biden vio a su doctor con respecto a su resfriado. En un principio la Casa Blanca dijo que no se llev\u00f3 a cabo un examen m\u00e9dico, pero posteriormente indic\u00f3 que hubo una \u201cbreve revisi\u00f3n verbal\u201d y se determin\u00f3 que no era necesario efectuar un examen.<\/p>\n\n\n\n<p>\u00bfEl presidente ha consultado a un neur\u00f3logo?<\/p>\n\n\n\n<p>\u201c\u00c9l ha visto a un neur\u00f3logo en tres ocasiones\u201d, dijo Jean-Pierre. \u201cNo m\u00e1s que eso\u201d.<\/p>\n\n\n\n<p>La vocera de la Casa Blanca repiti\u00f3 la frase \u201ctres veces\u201d en 17 ocasiones durante la rueda de prensa del lunes. Enfatiz\u00f3 que las tres consultas con un neur\u00f3logo estuvieron vinculadas a los ex\u00e1menes f\u00edsicos anuales del mandatario.<\/p>\n\n\n\n<p>Pero Jean-Pierre declin\u00f3 decir el sitio donde Biden hab\u00eda visto al neur\u00f3logo, si las consultas se llevaron a cabo en el Centro M\u00e9dico Militar Nacional Walter Reed o en otro lado. \u201cNo tengo nada que decir con respecto a la ubicaci\u00f3n\u201d, manifest\u00f3.<\/p>\n\n\n\n<p>\u00bfEn los ex\u00e1menes f\u00edsicos de Biden se han hallado indicios del mal de Parkinson u otras enfermedades neurol\u00f3gicas?<\/p>\n\n\n\n<p>No, seg\u00fan la carta m\u00e1s reciente del doctor, emitida en febrero tras el \u00faltimo examen f\u00edsico de Biden. Jean-Pierre mencion\u00f3 ese documento el lunes en respuesta a las preguntas de los reporteros.<\/p>\n\n\n\n<p>La misiva dec\u00eda que \u201cun examen neurol\u00f3gico extremadamente detallado volvi\u00f3 a ser reconfortante\u201d en el sentido de que no hubo hallazgos coincidentes con un derrame cerebral, esclerosis m\u00faltiple, mal de Parkinson ni esclerosis lateral amiotr\u00f3fica.<\/p>\n\n\n\n<p>La carta a\u00f1adi\u00f3 que no se detectaron temblores ni \u201cdebilidades motoras\u201d. Escrita por el m\u00e9dico de Biden, el doctor Kevin O\u2019Connor, la carta agregaba que Biden \u201cdemuestra una excelente destreza motora fina\u201d.<\/p>\n\n\n\n<p>\u00bfPor qu\u00e9 un neur\u00f3logo especializado en el mal de Parkinson visit\u00f3 la Casa Blanca?<\/p>\n\n\n\n<p>Los registros de visitantes muestran que el doctor Kevin Cannard \u2014un neur\u00f3logo que ha efectuado investigaciones sobre el mal de Parkinson\u2014 acudi\u00f3 a la Casa Blanca en ocho ocasiones entre julio de 2023 y marzo pasado.<\/p>\n\n\n\n<p>Jean-Pierre declin\u00f3 confirmar el nombre del doctor o decir por qu\u00e9 hab\u00eda acudido a la Casa Blanca. Les dijo a los reporteros que esto se deb\u00eda a razones de seguridad, e hizo notar que la unidad m\u00e9dica de la Casa Blanca atiende a otras personas adem\u00e1s del presidente. \u201cHay miles de efectivos militares que acuden a esta Casa Blanca\u201d, indic\u00f3 Jean-Pierre. \u201cMuchos de ellos reciben su atenci\u00f3n m\u00e9dica a partir de la unidad m\u00e9dica de la Casa Blanca y por lo tanto necesitamos ser supercuidadosos\u201d.<\/p>\n\n\n\n<p>Jean-Pierre alent\u00f3 al p\u00fablico a \u201cunir los puntos\u201d.<\/p>\n\n\n\n<p>Seg\u00fan una persona al tanto del asunto, Cannard efect\u00faa visitas a la residencia presidencial aproximadamente cada mes con el fin de apoyar a la Unidad M\u00e9dica de la Casa Blanca.<\/p>\n\n\n\n<p>La persona habl\u00f3 a condici\u00f3n de guardar el anonimato para poder declarar sobre asuntos privados. Cannard efectu\u00f3 visitas similares durante el gobierno del presidente Barack Obama, seg\u00fan los registros de visitantes, y durante el gobierno de Trump, seg\u00fan una persona al tanto del asunto.<\/p>\n\n\n\n<p>Cannard s\u00ed realiz\u00f3 una visita en la que vio al m\u00e9dico personal de Biden en enero en la cl\u00ednica de la Residencia de la Casa Blanca, semanas antes de que el presidente se sometiera a su examen f\u00edsico en febrero.<\/p>\n\n\n\n<p>\u00bfPodr\u00eda Biden poner a disposici\u00f3n del p\u00fablico todo su historial m\u00e9dico?<\/p>\n\n\n\n<p>En la rueda de prensa del lunes se le pregunt\u00f3 a Jean-Pierre si Biden podr\u00eda elegir el dar a conocer su expediente m\u00e9dico completo.<\/p>\n\n\n\n<p>Dijo que el presidente hab\u00eda \u201ccompartido un reporte m\u00e9dico integral que es bastante detallado\u201d y va en l\u00ednea con lo que fue proporcionado por los expresidentes Obama y George W. Bush.<\/p>\n\n\n\n<p>En 2018, el senador John McCain les permiti\u00f3 a los reporteros revisar m\u00e1s de 1.100 p\u00e1ginas de expedientes m\u00e9dicos cuando estaba postul\u00e1ndose a la presidencia a los 71 a\u00f1os, lo que lo hubiera convertido en aquella \u00e9poca en el presidente de m\u00e1s edad en ser elegido.<\/p>\n","protected":false},"excerpt":{"rendered":"<p>BY JOSH BOAK AND ZEKE MILLER WASHINGTON (AP) \u2014 El terrible desempe\u00f1o del presidente Joe Biden en el debate presidencial del 27 de junio ha generado preocupaciones sobre su edad,&hellip;<\/p>\n","protected":false},"author":2,"featured_media":85757,"comment_status":"open","ping_status":"open","sticky":false,"template":"","format":"standard","meta":{"content-type":"","jetpack_post_was_ever_published":false,"_jetpack_newsletter_access":"","_jetpack_dont_email_post_to_subs":false,"_jetpack_newsletter_tier_id":0,"_jetpack_memberships_contains_paywalled_content":false,"_jetpack_memberships_contains_paid_content":false,"footnotes":""},"categories":[1],"tags":[9567,1343,9107,5372,813],"class_list":["post-85756","post","type-post","status-publish","format-standard","has-post-thumbnail","hentry","category-sin-categoria","tag-cuestionamientos","tag-joe-biden","tag-la-casa-blanca","tag-respuestas","tag-salud"],"jetpack_featured_media_url":"https:\/\/lasprimeras.com.do\/wp-content\/uploads\/2024\/07\/Karine-Jean-Pierre.jpg","jetpack-related-posts":[{"id":60412,"url":"https:\/\/lasprimeras.com.do\/index.php\/2023\/09\/14\/biden-lleva-casi-un-ano-preparandose-para-luchar-contra-un-impeachment-esta-es-su-estrategia\/","url_meta":{"origin":85756,"position":0},"title":"Biden lleva casi un a\u00f1o prepar\u00e1ndose para luchar contra un impeachment. Esta es su estrategia","author":"Nelson Feliz","date":"14 de septiembre de 2023","format":false,"excerpt":"POR COLLEEN LARGO WASHINGTON (AP) \u2014 En el Capitolio, los republicanos de la C\u00e1mara de Representantes apoyaron el anuncio del presidente de la C\u00e1mara, Kevin McCarthy, de una investigaci\u00f3n de juicio pol\u00edtico contra el presidente Joe Biden. En la Avenida Pennsylvania, el presidente hablaba en la Casa Blanca sobre la\u2026","rel":"","context":"En \u00abSin categor\u00eda\u00bb","block_context":{"text":"Sin categor\u00eda","link":"https:\/\/lasprimeras.com.do\/index.php\/category\/sin-categoria\/"},"img":{"alt_text":"Joe Biden","src":"https:\/\/i0.wp.com\/lasprimeras.com.do\/wp-content\/uploads\/2023\/09\/Joe-Biden-1.jpg?resize=350%2C200&ssl=1","width":350,"height":200,"srcset":"https:\/\/i0.wp.com\/lasprimeras.com.do\/wp-content\/uploads\/2023\/09\/Joe-Biden-1.jpg?resize=350%2C200&ssl=1 1x, https:\/\/i0.wp.com\/lasprimeras.com.do\/wp-content\/uploads\/2023\/09\/Joe-Biden-1.jpg?resize=525%2C300&ssl=1 1.5x"},"classes":[]},{"id":67210,"url":"https:\/\/lasprimeras.com.do\/index.php\/2023\/11\/14\/confirmo-casa-blanca-reunion-biden-lopez-obrador-en-eeuu\/","url_meta":{"origin":85756,"position":1},"title":"Confirm\u00f3 Casa Blanca reuni\u00f3n Biden-L\u00f3pez Obrador en EEUU","author":"BIMARY DE JES\u00daS Matos","date":"14 de noviembre de 2023","format":false,"excerpt":"Washington.- El presidente de Estados Unidos, Joe Biden, se reunir\u00e1 con su par de M\u00e9xico, Andr\u00e9s Manuel L\u00f3pez Obrador, al margen de la reuni\u00f3n anual del Foro de Cooperaci\u00f3n Econ\u00f3mica Asia-Pac\u00edfico, confirm\u00f3 hoy la Casa Blanca. Biden y L\u00f3pez Obrador sostendr\u00e1n su encuentro el viernes en San Francisco, California, donde\u2026","rel":"","context":"En \u00abSin categor\u00eda\u00bb","block_context":{"text":"Sin categor\u00eda","link":"https:\/\/lasprimeras.com.do\/index.php\/category\/sin-categoria\/"},"img":{"alt_text":"","src":"https:\/\/i0.wp.com\/lasprimeras.com.do\/wp-content\/uploads\/2023\/11\/WhatsApp-Image-2023-11-13-at-6.59.24-PM-5.jpeg?resize=350%2C200&ssl=1","width":350,"height":200,"srcset":"https:\/\/i0.wp.com\/lasprimeras.com.do\/wp-content\/uploads\/2023\/11\/WhatsApp-Image-2023-11-13-at-6.59.24-PM-5.jpeg?resize=350%2C200&ssl=1 1x, https:\/\/i0.wp.com\/lasprimeras.com.do\/wp-content\/uploads\/2023\/11\/WhatsApp-Image-2023-11-13-at-6.59.24-PM-5.jpeg?resize=525%2C300&ssl=1 1.5x"},"classes":[]},{"id":85291,"url":"https:\/\/lasprimeras.com.do\/index.php\/2024\/06\/27\/biden-comete-varios-errores-verbales-en-debate-trump-insiste-en-falsedades-sobre-inmigracion\/","url_meta":{"origin":85756,"position":2},"title":"Biden comete varios errores verbales en debate; Trump insiste en falsedades sobre inmigraci\u00f3n","author":"Nelson Feliz","date":"27 de junio de 2024","format":false,"excerpt":"BY ZEKE MILLER, MICHELLE L. PRICE, WILL WEISSERT, BILL BARROW AND DARLENE SUPERVILLE ATLANTA (AP) \u2014 El presidente estadounidense Joe Biden dio respuestas poco claras el jueves en los primeros momentos de su debate con su rival republicano, Donald Trump, quien contrarrest\u00f3 las cr\u00edticas de Biden con energ\u00eda y a\u2026","rel":"","context":"En \u00abPORTADA\u00bb","block_context":{"text":"PORTADA","link":"https:\/\/lasprimeras.com.do\/index.php\/category\/portada\/"},"img":{"alt_text":"","src":"https:\/\/i0.wp.com\/lasprimeras.com.do\/wp-content\/uploads\/2024\/06\/Debate.jpg?resize=350%2C200&ssl=1","width":350,"height":200,"srcset":"https:\/\/i0.wp.com\/lasprimeras.com.do\/wp-content\/uploads\/2024\/06\/Debate.jpg?resize=350%2C200&ssl=1 1x, https:\/\/i0.wp.com\/lasprimeras.com.do\/wp-content\/uploads\/2024\/06\/Debate.jpg?resize=525%2C300&ssl=1 1.5x, https:\/\/i0.wp.com\/lasprimeras.com.do\/wp-content\/uploads\/2024\/06\/Debate.jpg?resize=700%2C400&ssl=1 2x"},"classes":[]},{"id":84912,"url":"https:\/\/lasprimeras.com.do\/index.php\/2024\/06\/17\/tucker-carlson-biden-esta-muriendo-en-tiempo-real-ante-nosotros\/","url_meta":{"origin":85756,"position":3},"title":"Tucker Carlson: &#8220;Biden est\u00e1 muriendo en tiempo real ante nosotros&#8221;","author":"Nelson Feliz","date":"17 de junio de 2024","format":false,"excerpt":"El periodista estadounidense afirm\u00f3 que los dem\u00f3cratas utilizan al presidente como \"una herramienta\" y no les importa como persona. El periodista estadounidense Tucker Carlson en su programa 'Ask Tucker' coment\u00f3 el estado de salud del presidente Joe Biden. Uno de sus espectadores le pregunt\u00f3 \"cu\u00e1nto durar\u00e1 Biden\" y si morir\u00e1\u2026","rel":"","context":"En \u00abSin categor\u00eda\u00bb","block_context":{"text":"Sin categor\u00eda","link":"https:\/\/lasprimeras.com.do\/index.php\/category\/sin-categoria\/"},"img":{"alt_text":"Joe Biden","src":"https:\/\/i0.wp.com\/lasprimeras.com.do\/wp-content\/uploads\/2024\/06\/Joe-Biden-1.jpg?resize=350%2C200&ssl=1","width":350,"height":200,"srcset":"https:\/\/i0.wp.com\/lasprimeras.com.do\/wp-content\/uploads\/2024\/06\/Joe-Biden-1.jpg?resize=350%2C200&ssl=1 1x, https:\/\/i0.wp.com\/lasprimeras.com.do\/wp-content\/uploads\/2024\/06\/Joe-Biden-1.jpg?resize=525%2C300&ssl=1 1.5x, https:\/\/i0.wp.com\/lasprimeras.com.do\/wp-content\/uploads\/2024\/06\/Joe-Biden-1.jpg?resize=700%2C400&ssl=1 2x"},"classes":[]},{"id":85579,"url":"https:\/\/lasprimeras.com.do\/index.php\/2024\/07\/03\/biden-promete-que-seguira-con-su-candidatura-rechazando-presion-para-que-abandone-la-contienda\/","url_meta":{"origin":85756,"position":4},"title":"Biden promete que seguir\u00e1 con su candidatura, rechazando presi\u00f3n para que abandone la contienda","author":"Nelson Feliz","date":"3 de julio de 2024","format":false,"excerpt":"BY SEUNG MIN KIM WASHINGTON (AP) \u2014 El presidente estadounidense Joe Biden prometi\u00f3 el mi\u00e9rcoles que seguir\u00e1 buscando su reelecci\u00f3n, rechazando la creciente presi\u00f3n procedente de su Partido Dem\u00f3crata para retirarse de la contienda tras una desastrosa actuaci\u00f3n en el debate presidencial de la semana pasada que plante\u00f3 dudas sobre\u2026","rel":"","context":"En \u00abSin categor\u00eda\u00bb","block_context":{"text":"Sin categor\u00eda","link":"https:\/\/lasprimeras.com.do\/index.php\/category\/sin-categoria\/"},"img":{"alt_text":"Joe Biden","src":"https:\/\/i0.wp.com\/lasprimeras.com.do\/wp-content\/uploads\/2024\/07\/Joe-Biden.jpg?resize=350%2C200&ssl=1","width":350,"height":200,"srcset":"https:\/\/i0.wp.com\/lasprimeras.com.do\/wp-content\/uploads\/2024\/07\/Joe-Biden.jpg?resize=350%2C200&ssl=1 1x, https:\/\/i0.wp.com\/lasprimeras.com.do\/wp-content\/uploads\/2024\/07\/Joe-Biden.jpg?resize=525%2C300&ssl=1 1.5x, https:\/\/i0.wp.com\/lasprimeras.com.do\/wp-content\/uploads\/2024\/07\/Joe-Biden.jpg?resize=700%2C400&ssl=1 2x"},"classes":[]},{"id":80894,"url":"https:\/\/lasprimeras.com.do\/index.php\/2024\/04\/14\/biden-dice-a-netanyahu-que-eeuu-no-participara-en-una-respuesta-ofensiva-contra-iran\/","url_meta":{"origin":85756,"position":5},"title":"Biden dice a Netanyahu que EEUU no participar\u00e1 en una respuesta ofensiva contra Ir\u00e1n","author":"Nelson Feliz","date":"14 de abril de 2024","format":false,"excerpt":"Washington, (Reuters) - El presidente Joe Biden le dijo al primer ministro israel\u00ed Benjamin Netanyahu que Estados Unidos no participar\u00eda en ninguna contraofensiva israel\u00ed contra Ir\u00e1n, informaron el domingo la CNN y el Wall Street Journal. Ir\u00e1n lanz\u00f3 cientos de aviones no tripulados y misiles contra Israel el s\u00e1bado por\u2026","rel":"","context":"En \u00abSin categor\u00eda\u00bb","block_context":{"text":"Sin categor\u00eda","link":"https:\/\/lasprimeras.com.do\/index.php\/category\/sin-categoria\/"},"img":{"alt_text":"seguridad","src":"https:\/\/i0.wp.com\/lasprimeras.com.do\/wp-content\/uploads\/2024\/04\/seguridad.jpg?resize=350%2C200&ssl=1","width":350,"height":200,"srcset":"https:\/\/i0.wp.com\/lasprimeras.com.do\/wp-content\/uploads\/2024\/04\/seguridad.jpg?resize=350%2C200&ssl=1 1x, https:\/\/i0.wp.com\/lasprimeras.com.do\/wp-content\/uploads\/2024\/04\/seguridad.jpg?resize=525%2C300&ssl=1 1.5x, https:\/\/i0.wp.com\/lasprimeras.com.do\/wp-content\/uploads\/2024\/04\/seguridad.jpg?resize=700%2C400&ssl=1 2x"},"classes":[]}],"jetpack_sharing_enabled":true,"_links":{"self":[{"href":"https:\/\/lasprimeras.com.do\/index.php\/wp-json\/wp\/v2\/posts\/85756","targetHints":{"allow":["GET"]}}],"collection":[{"href":"https:\/\/lasprimeras.com.do\/index.php\/wp-json\/wp\/v2\/posts"}],"about":[{"href":"https:\/\/lasprimeras.com.do\/index.php\/wp-json\/wp\/v2\/types\/post"}],"author":[{"embeddable":true,"href":"https:\/\/lasprimeras.com.do\/index.php\/wp-json\/wp\/v2\/users\/2"}],"replies":[{"embeddable":true,"href":"https:\/\/lasprimeras.com.do\/index.php\/wp-json\/wp\/v2\/comments?post=85756"}],"version-history":[{"count":1,"href":"https:\/\/lasprimeras.com.do\/index.php\/wp-json\/wp\/v2\/posts\/85756\/revisions"}],"predecessor-version":[{"id":85758,"href":"https:\/\/lasprimeras.com.do\/index.php\/wp-json\/wp\/v2\/posts\/85756\/revisions\/85758"}],"wp:featuredmedia":[{"embeddable":true,"href":"https:\/\/lasprimeras.com.do\/index.php\/wp-json\/wp\/v2\/media\/85757"}],"wp:attachment":[{"href":"https:\/\/lasprimeras.com.do\/index.php\/wp-json\/wp\/v2\/media?parent=85756"}],"wp:term":[{"taxonomy":"category","embeddable":true,"href":"https:\/\/lasprimeras.com.do\/index.php\/wp-json\/wp\/v2\/categories?post=85756"},{"taxonomy":"post_tag","embeddable":true,"href":"https:\/\/lasprimeras.com.do\/index.php\/wp-json\/wp\/v2\/tags?post=85756"}],"curies":[{"name":"wp","href":"https:\/\/api.w.org\/{rel}","templated":true}]}}