{"id":85765,"date":"2024-07-08T22:55:34","date_gmt":"2024-07-09T02:55:34","guid":{"rendered":"https:\/\/lasprimeras.com.do\/?p=85765"},"modified":"2024-07-08T22:55:34","modified_gmt":"2024-07-09T02:55:34","slug":"se-reportan-4-muertes-al-parecer-relacionadas-con-la-ola-de-calor-en-eeuu","status":"publish","type":"post","link":"https:\/\/lasprimeras.com.do\/index.php\/2024\/07\/08\/se-reportan-4-muertes-al-parecer-relacionadas-con-la-ola-de-calor-en-eeuu\/","title":{"rendered":"Se reportan 4 muertes al parecer relacionadas con la ola de calor en EEUU"},"content":{"rendered":"\n<p>BY CLAIRE RUSH, TY O\u2019NEIL AND CHRISTOPHER WEBER<\/p>\n\n\n\n<p>VALLE DE LA MUERTE, California, EE.UU. (AP) \u2014 Se sospecha que las altas temperaturas r\u00e9cord en Oregon ocasionaron cuatro decesos en el \u00e1rea de Portland el lunes, mientras gran parte de Estados Unidos se sofoca bajo una ola de calor anticipada.<\/p>\n\n\n\n<p>California, Nevada, Arizona, Oregon, Washington e Idaho estaban el lunes bajo advertencia de calor excesivo, la alerta m\u00e1s elevada del Servicio Meteorol\u00f3gico Nacional (NWS), mientras que partes de la costa este, as\u00ed como Alabama y Mississippi estaban bajo advertencias de calor.<\/p>\n\n\n\n<p>La muerte de un motociclista el s\u00e1bado en el Valle de la Muerte, en California, tambi\u00e9n se atribuy\u00f3 al intenso calor.<\/p>\n\n\n\n<p>En el condado Multnomah, en Oregon, las autoridades forenses investigan cuatro muertes al parecer relacionadas con el calor registradas el viernes, s\u00e1bado y domingo.<\/p>\n\n\n\n<p>Tres de los fallecidos ten\u00edan 64, 75 y 84 a\u00f1os, dijeron funcionarios. El cuarto ten\u00eda 33 a\u00f1os.<\/p>\n\n\n\n<p>Las autoridades dijeron que a los investigadores les tomar\u00e1 meses confirmar las causas de muerte.<\/p>\n\n\n\n<p>Portland, ciudad m\u00e1s poblada de Oregon, bati\u00f3 r\u00e9cord de altas temperatura el viernes, s\u00e1bado y domingo y se enfilaba a hacerlo de nuevo el lunes por cuarto d\u00eda consecutivo, con una m\u00e1xima pronosticada de 38,9 grados Celsius (102 Fahrenheit), se\u00f1al\u00f3 la meteor\u00f3loga Hannah Chandler-Cooley, del servicio meteorol\u00f3gico.<\/p>\n\n\n\n<p>\u201cEstamos ante la posibilidad de romper m\u00e1s r\u00e9cords\u201d, enfatiz\u00f3.<\/p>\n\n\n\n<p>El condado tiene activos desde el viernes tres centros de enfriamiento diurno con el objetivo de brindar alivio a la poblaci\u00f3n m\u00e1s vulnerable a las enfermedades relacionadas con el calor, como quienes que viven al aire libre, los adultos mayores, las personas con discapacidades y aquellos que no cuentan con aire acondicionado en sus hogares.<\/p>\n\n\n\n<p>Despu\u00e9s de causar muertes y batir r\u00e9cords en el oeste del pa\u00eds durante el fin de semana, una prolongada ola de calor volver\u00e1 a afectar Estados Unidos el lunes, y tambi\u00e9n se pronostican temperaturas altas en gran parte de la costa este y el sur.<\/p>\n\n\n\n<p>Las peligrosas temperaturas provocaron la muerte de un motociclista en el Valle de la Muerte.<\/p>\n\n\n\n<p>La ola de calor en Estados Unidos se registra cuando la temperatura global en junio alcanz\u00f3 un r\u00e9cord por 13er mes consecutivo y marc\u00f3 el 12do mes seguido en que el planeta es 1,5 \u00b0C (2,7 \u00b0F) m\u00e1s c\u00e1lido que en la \u00e9poca preindustrial, anunci\u00f3 el servicio clim\u00e1tico europeo Copernicus.<\/p>\n\n\n\n<p>Docenas de poblados en el oeste y el noroeste del Pac\u00edfico igualaron o superaron r\u00e9cords previos de calor durante el fin de semana.<\/p>\n","protected":false},"excerpt":{"rendered":"<p>BY CLAIRE RUSH, TY O\u2019NEIL AND CHRISTOPHER WEBER VALLE DE LA MUERTE, California, EE.UU. (AP) \u2014 Se sospecha que las altas temperaturas r\u00e9cord en Oregon ocasionaron cuatro decesos en el&hellip;<\/p>\n","protected":false},"author":2,"featured_media":85766,"comment_status":"open","ping_status":"open","sticky":false,"template":"","format":"standard","meta":{"content-type":"","jetpack_post_was_ever_published":false,"_jetpack_newsletter_access":"","_jetpack_dont_email_post_to_subs":false,"_jetpack_newsletter_tier_id":0,"_jetpack_memberships_contains_paywalled_content":false,"_jetpack_memberships_contains_paid_content":false,"footnotes":""},"categories":[1],"tags":[979,24,4132],"class_list":["post-85765","post","type-post","status-publish","format-standard","has-post-thumbnail","hentry","category-sin-categoria","tag-eeuu","tag-muertes","tag-ola-de-calor"],"jetpack_featured_media_url":"https:\/\/lasprimeras.com.do\/wp-content\/uploads\/2024\/07\/Ola-de-calor.jpg","jetpack-related-posts":[{"id":55598,"url":"https:\/\/lasprimeras.com.do\/index.php\/2023\/07\/23\/ola-de-calor-deja-18-muertos-en-un-condado-de-arizona-ee-uu\/","url_meta":{"origin":85765,"position":0},"title":"Ola de calor deja 18 muertos en un condado de Arizona, EE.UU.","author":"Nelson Feliz","date":"23 de julio de 2023","format":false,"excerpt":"La alerta por calor excesivo est\u00e1 vigente hasta el 25 de julio en Maricopa, seg\u00fan indica la web del condado, en la que las autoridades piden a la gente que tome precauciones para no sufrir el temido golpe de calor o hipertermia y les dan consejos para lograrlo. La empresa\u2026","rel":"","context":"En \u00abSin categor\u00eda\u00bb","block_context":{"text":"Sin categor\u00eda","link":"https:\/\/lasprimeras.com.do\/index.php\/category\/sin-categoria\/"},"img":{"alt_text":"","src":"https:\/\/i0.wp.com\/lasprimeras.com.do\/wp-content\/uploads\/2023\/06\/calor.png?resize=350%2C200&ssl=1","width":350,"height":200,"srcset":"https:\/\/i0.wp.com\/lasprimeras.com.do\/wp-content\/uploads\/2023\/06\/calor.png?resize=350%2C200&ssl=1 1x, https:\/\/i0.wp.com\/lasprimeras.com.do\/wp-content\/uploads\/2023\/06\/calor.png?resize=525%2C300&ssl=1 1.5x, https:\/\/i0.wp.com\/lasprimeras.com.do\/wp-content\/uploads\/2023\/06\/calor.png?resize=700%2C400&ssl=1 2x"},"classes":[]},{"id":86462,"url":"https:\/\/lasprimeras.com.do\/index.php\/2024\/07\/25\/un-rayo-y-un-coche-en-llamas-arrojado-a-un-barranco-son-los-responsables-de-los-incendios-forestales-que-asolan-el-oeste\/","url_meta":{"origin":85765,"position":1},"title":"Un rayo y un coche en llamas arrojado a un barranco son los responsables de los incendios forestales que asolan el oeste","author":"Nelson Feliz","date":"25 de julio de 2024","format":false,"excerpt":"POR JOHN ANTCZAK Y HOLLY RAMER Un coche en llamas arrojado a un barranco provoc\u00f3 el mayor incendio forestal del a\u00f1o en California, seg\u00fan informaron las autoridades el jueves, al tiempo que anunciaron el arresto de un sospechoso. Mientras tanto, otros incendios arrasaron el noroeste del Pac\u00edfico. Las llamas del\u2026","rel":"","context":"En \u00abSin categor\u00eda\u00bb","block_context":{"text":"Sin categor\u00eda","link":"https:\/\/lasprimeras.com.do\/index.php\/category\/sin-categoria\/"},"img":{"alt_text":"","src":"https:\/\/i0.wp.com\/lasprimeras.com.do\/wp-content\/uploads\/2024\/07\/incendios-forestales-1.png?resize=350%2C200&ssl=1","width":350,"height":200,"srcset":"https:\/\/i0.wp.com\/lasprimeras.com.do\/wp-content\/uploads\/2024\/07\/incendios-forestales-1.png?resize=350%2C200&ssl=1 1x, https:\/\/i0.wp.com\/lasprimeras.com.do\/wp-content\/uploads\/2024\/07\/incendios-forestales-1.png?resize=525%2C300&ssl=1 1.5x, https:\/\/i0.wp.com\/lasprimeras.com.do\/wp-content\/uploads\/2024\/07\/incendios-forestales-1.png?resize=700%2C400&ssl=1 2x"},"classes":[]},{"id":53739,"url":"https:\/\/lasprimeras.com.do\/index.php\/2023\/06\/30\/al-menos-once-muertos-por-una-ola-de-calor-en-el-sur-de-ee-uu\/","url_meta":{"origin":85765,"position":2},"title":"Al menos once muertos por una ola de calor en el sur de EE.UU.","author":"Nelson Feliz","date":"30 de junio de 2023","format":false,"excerpt":"Al menos once personas han muerto a causa de una fuerte ola de calor en el condado de Webb, en Texas, a medida que m\u00e1s de 90 millones de estadounidenses se encuentran bajo alerta meteorol\u00f3gica por las altas temperaturas en todo el pa\u00eds. Las autoridades sanitarias del condado han indicado\u2026","rel":"","context":"En \u00abSin categor\u00eda\u00bb","block_context":{"text":"Sin categor\u00eda","link":"https:\/\/lasprimeras.com.do\/index.php\/category\/sin-categoria\/"},"img":{"alt_text":"","src":"https:\/\/i0.wp.com\/lasprimeras.com.do\/wp-content\/uploads\/2023\/06\/calor.png?resize=350%2C200&ssl=1","width":350,"height":200,"srcset":"https:\/\/i0.wp.com\/lasprimeras.com.do\/wp-content\/uploads\/2023\/06\/calor.png?resize=350%2C200&ssl=1 1x, https:\/\/i0.wp.com\/lasprimeras.com.do\/wp-content\/uploads\/2023\/06\/calor.png?resize=525%2C300&ssl=1 1.5x, https:\/\/i0.wp.com\/lasprimeras.com.do\/wp-content\/uploads\/2023\/06\/calor.png?resize=700%2C400&ssl=1 2x"},"classes":[]},{"id":53795,"url":"https:\/\/lasprimeras.com.do\/index.php\/2023\/07\/01\/la-ola-de-calor-que-azota-espana-afecta-sobre-todo-a-las-personas-con-discapacidad\/","url_meta":{"origin":85765,"position":3},"title":"La ola de calor que azota Espa\u00f1a afecta sobre todo a las personas con discapacidad","author":"Nelson Feliz","date":"1 de julio de 2023","format":false,"excerpt":"Por Reuters El clima extremo en Espa\u00f1a est\u00e1 afectando de forma desproporcionada a sus ciudadanos con discapacidad, dejando a muchos de ellos a su suerte sin ayuda. Mientras la ola de calor que azota Espa\u00f1a entraba el martes en su segundo d\u00eda, los barceloneses afectados de forma desproporcionada por las\u2026","rel":"","context":"En \u00abSin categor\u00eda\u00bb","block_context":{"text":"Sin categor\u00eda","link":"https:\/\/lasprimeras.com.do\/index.php\/category\/sin-categoria\/"},"img":{"alt_text":"El clima extremo en Espa\u00f1a est\u00e1 afectando de forma desproporcionada a sus ciudadanos con discapacidad","src":"https:\/\/i0.wp.com\/lasprimeras.com.do\/wp-content\/uploads\/2023\/07\/clima.jpg?resize=350%2C200&ssl=1","width":350,"height":200,"srcset":"https:\/\/i0.wp.com\/lasprimeras.com.do\/wp-content\/uploads\/2023\/07\/clima.jpg?resize=350%2C200&ssl=1 1x, https:\/\/i0.wp.com\/lasprimeras.com.do\/wp-content\/uploads\/2023\/07\/clima.jpg?resize=525%2C300&ssl=1 1.5x, https:\/\/i0.wp.com\/lasprimeras.com.do\/wp-content\/uploads\/2023\/07\/clima.jpg?resize=700%2C400&ssl=1 2x"},"classes":[]},{"id":74308,"url":"https:\/\/lasprimeras.com.do\/index.php\/2024\/01\/22\/ascienden-a-91-los-muertos-por-el-temporal-artico-que-azota-eeuu\/","url_meta":{"origin":85765,"position":4},"title":"Ascienden a 91 los muertos por el temporal \u00e1rtico que azota EEUU","author":"Nelson Feliz","date":"22 de enero de 2024","format":false,"excerpt":"WASHINGTON,EUROPA PRESS.- Al menos 91 personas han muerto como consecuencia del temporal \u00e1rtico que azota Estados Unidos, seg\u00fan un recuento realizado por la cadena de televisi\u00f3n CBS News en el que ha recopilado todos los fallecimientos confirmados en diferentes estados. El Departamento de Salud de Tennessee ha confirmado 25 muertes\u2026","rel":"","context":"En \u00abSin categor\u00eda\u00bb","block_context":{"text":"Sin categor\u00eda","link":"https:\/\/lasprimeras.com.do\/index.php\/category\/sin-categoria\/"},"img":{"alt_text":"temporal \u00e1rtico","src":"https:\/\/i0.wp.com\/lasprimeras.com.do\/wp-content\/uploads\/2024\/01\/temporal-artico.jpg?resize=350%2C200&ssl=1","width":350,"height":200,"srcset":"https:\/\/i0.wp.com\/lasprimeras.com.do\/wp-content\/uploads\/2024\/01\/temporal-artico.jpg?resize=350%2C200&ssl=1 1x, https:\/\/i0.wp.com\/lasprimeras.com.do\/wp-content\/uploads\/2024\/01\/temporal-artico.jpg?resize=525%2C300&ssl=1 1.5x, https:\/\/i0.wp.com\/lasprimeras.com.do\/wp-content\/uploads\/2024\/01\/temporal-artico.jpg?resize=700%2C400&ssl=1 2x, https:\/\/i0.wp.com\/lasprimeras.com.do\/wp-content\/uploads\/2024\/01\/temporal-artico.jpg?resize=1050%2C600&ssl=1 3x"},"classes":[]},{"id":73655,"url":"https:\/\/lasprimeras.com.do\/index.php\/2024\/01\/15\/eeuu-una-ola-de-frio-barre-y-hace-cancelar-vuelos-y-otros-eventos\/","url_meta":{"origin":85765,"position":5},"title":"EEUU: Una ola de fr\u00edo barre y hace cancelar vuelos y otros eventos","author":"BIMARY DE JES\u00daS Matos","date":"15 de enero de 2024","format":false,"excerpt":"Nueva York (EFE).- Una ola de fr\u00edo que afecta a gran parte de Estados Unidos ha obligado a cancelar cientos de vuelos y algunos eventos deportivos, como el partido Buffalo Bills-Pittsburgh Steelers de la ronda de \u2018wild card\u2019 de la NFL, que se iba a disputar este domingo al mediod\u00eda\u2026","rel":"","context":"En \u00abSin categor\u00eda\u00bb","block_context":{"text":"Sin categor\u00eda","link":"https:\/\/lasprimeras.com.do\/index.php\/category\/sin-categoria\/"},"img":{"alt_text":"","src":"https:\/\/i0.wp.com\/lasprimeras.com.do\/wp-content\/uploads\/2024\/01\/WhatsApp-Image-2024-01-14-at-10.45.20-PM.jpeg?resize=350%2C200&ssl=1","width":350,"height":200,"srcset":"https:\/\/i0.wp.com\/lasprimeras.com.do\/wp-content\/uploads\/2024\/01\/WhatsApp-Image-2024-01-14-at-10.45.20-PM.jpeg?resize=350%2C200&ssl=1 1x, https:\/\/i0.wp.com\/lasprimeras.com.do\/wp-content\/uploads\/2024\/01\/WhatsApp-Image-2024-01-14-at-10.45.20-PM.jpeg?resize=525%2C300&ssl=1 1.5x"},"classes":[]}],"jetpack_sharing_enabled":true,"_links":{"self":[{"href":"https:\/\/lasprimeras.com.do\/index.php\/wp-json\/wp\/v2\/posts\/85765","targetHints":{"allow":["GET"]}}],"collection":[{"href":"https:\/\/lasprimeras.com.do\/index.php\/wp-json\/wp\/v2\/posts"}],"about":[{"href":"https:\/\/lasprimeras.com.do\/index.php\/wp-json\/wp\/v2\/types\/post"}],"author":[{"embeddable":true,"href":"https:\/\/lasprimeras.com.do\/index.php\/wp-json\/wp\/v2\/users\/2"}],"replies":[{"embeddable":true,"href":"https:\/\/lasprimeras.com.do\/index.php\/wp-json\/wp\/v2\/comments?post=85765"}],"version-history":[{"count":1,"href":"https:\/\/lasprimeras.com.do\/index.php\/wp-json\/wp\/v2\/posts\/85765\/revisions"}],"predecessor-version":[{"id":85767,"href":"https:\/\/lasprimeras.com.do\/index.php\/wp-json\/wp\/v2\/posts\/85765\/revisions\/85767"}],"wp:featuredmedia":[{"embeddable":true,"href":"https:\/\/lasprimeras.com.do\/index.php\/wp-json\/wp\/v2\/media\/85766"}],"wp:attachment":[{"href":"https:\/\/lasprimeras.com.do\/index.php\/wp-json\/wp\/v2\/media?parent=85765"}],"wp:term":[{"taxonomy":"category","embeddable":true,"href":"https:\/\/lasprimeras.com.do\/index.php\/wp-json\/wp\/v2\/categories?post=85765"},{"taxonomy":"post_tag","embeddable":true,"href":"https:\/\/lasprimeras.com.do\/index.php\/wp-json\/wp\/v2\/tags?post=85765"}],"curies":[{"name":"wp","href":"https:\/\/api.w.org\/{rel}","templated":true}]}}