{"id":85768,"date":"2024-07-08T23:01:06","date_gmt":"2024-07-09T03:01:06","guid":{"rendered":"https:\/\/lasprimeras.com.do\/?p=85768"},"modified":"2024-07-08T23:01:08","modified_gmt":"2024-07-09T03:01:08","slug":"condena-de-1-420-anos-de-carcel-para-un-pandillero-en-el-salvador-y-de-cientos-de-anos-para-otros","status":"publish","type":"post","link":"https:\/\/lasprimeras.com.do\/index.php\/2024\/07\/08\/condena-de-1-420-anos-de-carcel-para-un-pandillero-en-el-salvador-y-de-cientos-de-anos-para-otros\/","title":{"rendered":"Condena de 1.420 a\u00f1os de c\u00e1rcel para un pandillero en El Salvador y de cientos de a\u00f1os para otros"},"content":{"rendered":"\n<p>SAN SALVADOR (AP) \u2014 Un tribunal de justicia de El Salvador impuso penas de hasta 1.420 a\u00f1os de prisi\u00f3n para una estructura criminal de la pandilla Mara Salvatrucha (MS-13), procesados por delitos cometidos entre 2018 y 2019, inform\u00f3 el lunes la Fiscal\u00eda General de la Rep\u00fablica.<\/p>\n\n\n\n<p>El pandillero \u00c1ngel Geovany Guzm\u00e1n Gonz\u00e1lez recibi\u00f3 una condena de 1.420 a\u00f1os de prisi\u00f3n al ser encontrado culpable de siete homicidios, 37 extorsiones agravadas y 25 casos donde planificaba y conspiraba para asesinar personas, entre ellas, a nueve militares.<\/p>\n\n\n\n<p>Otro integrante de esa estructura, Hugo Alexander Arqueta Bonilla, fue condenado a 764 a\u00f1os de c\u00e1rcel por homicidio agravado, organizaciones terroristas, extorsi\u00f3n agravada y otros delitos.<\/p>\n\n\n\n<p>As\u00ed como Carlos Eduardo D\u00edaz Rodr\u00edguez, recibi\u00f3 una condena de 567 a\u00f1os por homicidio agravado, extorsi\u00f3n agravada, organizaciones terroristas y otros; y la pandillera Ana Ruth Segovia Merino, 148 a\u00f1os de prisi\u00f3n por homicidio agravado, extorsi\u00f3n agravada y organizaciones terroristas.<\/p>\n\n\n\n<p>Seg\u00fan la investigaci\u00f3n de la fiscal\u00eda, los 48 miembros de la Mara Salvatrucha ten\u00edan \u00f3rdenes de asesinar polic\u00edas y militares.<\/p>\n\n\n\n<p>En cuanto a las extorsiones, las v\u00edctimas eran transportistas y comerciantes de los mercados de la ciudad de San Miguel, a 135 kil\u00f3metros al oriente de la capital, a quienes les exig\u00edan dinero para no ser asesinados.<\/p>\n\n\n\n<p>El Ministerio P\u00fablico agreg\u00f3 en un informe que a una de las v\u00edctimas, a quien no identificaron en el proceso, le exigieron 10.000 d\u00f3lares en una sola entrega para pagar a un abogado que defendiera a los pandilleros que hab\u00edan sido detenidos.<\/p>\n\n\n\n<p>Desde el 27 de marzo de 2022 en El Salvador rige un estado de excepci\u00f3n por disposici\u00f3n del presidente Nayib Bukele como parte de su estrategia de mano dura contra las pandillas y que implica la suspensi\u00f3n de derechos fundamentales como el de asociaci\u00f3n, el de tener asistencia de un abogado y el de conocer las razones de una detenci\u00f3n.<\/p>\n\n\n\n<p>Esta situaci\u00f3n le ha conllevado a El Salvador duras cr\u00edticas de organismos de derechos humanos.<\/p>\n\n\n\n<p>M\u00e1s de 85.000 personas han sido capturadas, seg\u00fan cifras del gobierno, aunque la mayor\u00eda permanece en prisi\u00f3n sin una sentencia en contra.<\/p>\n\n\n\n<p>El gobierno ha reconocido que ha tenido que liberar a m\u00e1s de 7.000 detenidos por falta de pruebas en su contra.<\/p>\n\n\n\n<p>En 2012, el gobierno estadounidense incluy\u00f3 a la Mara Salvatrucha en una lista de organizaciones criminales internacionales. Tres a\u00f1os despu\u00e9s la Corte Suprema de Justicia de El Salvador la declar\u00f3 terrorista, as\u00ed como a la pandilla Barrio 18.<\/p>\n\n\n\n<p>Por m\u00e1s de tres d\u00e9cadas las llamadas maras o pandillas, han mantenido presencia en populosos barrios y comunidades del pa\u00eds y est\u00e1n involucradas en el narcotr\u00e1fico y el crimen organizado.<\/p>\n\n\n\n<p>Tambi\u00e9n extorsionan a empresas de transporte y asesinan a quienes se niegan a pagar, seg\u00fan las autoridades.<\/p>\n","protected":false},"excerpt":{"rendered":"<p>SAN SALVADOR (AP) \u2014 Un tribunal de justicia de El Salvador impuso penas de hasta 1.420 a\u00f1os de prisi\u00f3n para una estructura criminal de la pandilla Mara Salvatrucha (MS-13), procesados&hellip;<\/p>\n","protected":false},"author":2,"featured_media":85769,"comment_status":"open","ping_status":"open","sticky":false,"template":"","format":"standard","meta":{"content-type":"","jetpack_post_was_ever_published":false,"_jetpack_newsletter_access":"","_jetpack_dont_email_post_to_subs":false,"_jetpack_newsletter_tier_id":0,"_jetpack_memberships_contains_paywalled_content":false,"_jetpack_memberships_contains_paid_content":false,"footnotes":""},"categories":[1],"tags":[4639,417,598,1393],"class_list":["post-85768","post","type-post","status-publish","format-standard","has-post-thumbnail","hentry","category-sin-categoria","tag-carcel","tag-condena","tag-el-salvador","tag-pandillero"],"jetpack_featured_media_url":"https:\/\/lasprimeras.com.do\/wp-content\/uploads\/2024\/07\/Pandillero.jpg","jetpack-related-posts":[{"id":116021,"url":"https:\/\/lasprimeras.com.do\/index.php\/2025\/11\/26\/imponen-condena-de-casi-400-anos-de-carcel-a-lider-pandillero-en-el-salvador\/","url_meta":{"origin":85768,"position":0},"title":"Imponen condena de casi 400 a\u00f1os de c\u00e1rcel a l\u00edder pandillero en El Salvador","author":"Nelson Feliz","date":"26 de noviembre de 2025","format":false,"excerpt":"SAN SALVADOR (AP) \u2014 Un tribunal de El Salvador declar\u00f3 culpables a 45 pandilleros de Barrios 18 Sure\u00f1os por varios delitos, entre ellos extorsi\u00f3n y homicidio, e impuso una condena de 397 a\u00f1os de prisi\u00f3n contra uno de los cabecillas de esa estructura criminal, en medio de un estado de\u2026","rel":"","context":"En \u00abINTERNACIONALES\u00bb","block_context":{"text":"INTERNACIONALES","link":"https:\/\/lasprimeras.com.do\/index.php\/category\/sin-categoria\/internacionales\/"},"img":{"alt_text":"","src":"https:\/\/i0.wp.com\/lasprimeras.com.do\/wp-content\/uploads\/2025\/04\/mallete.png?resize=350%2C200&ssl=1","width":350,"height":200,"srcset":"https:\/\/i0.wp.com\/lasprimeras.com.do\/wp-content\/uploads\/2025\/04\/mallete.png?resize=350%2C200&ssl=1 1x, https:\/\/i0.wp.com\/lasprimeras.com.do\/wp-content\/uploads\/2025\/04\/mallete.png?resize=525%2C300&ssl=1 1.5x, https:\/\/i0.wp.com\/lasprimeras.com.do\/wp-content\/uploads\/2025\/04\/mallete.png?resize=700%2C400&ssl=1 2x"},"classes":[]},{"id":96569,"url":"https:\/\/lasprimeras.com.do\/index.php\/2025\/04\/03\/condenan-dominicano-a-25-anos-carcel-por-homicidio-en-panama\/","url_meta":{"origin":85768,"position":1},"title":"Condenan dominicano a 25 a\u00f1os c\u00e1rcel por homicidio en Panam\u00e1","author":"Nelson Feliz","date":"3 de abril de 2025","format":false,"excerpt":"CIUDAD DE PANAMA.- El Tribunal de Juicio Oral del Primer Circuito Judicial de Panam\u00e1 dict\u00f3 sentencia condenatoria de 25 a\u00f1os de prisi\u00f3n contra un dominicano de 38 a\u00f1os por homicidio doloso agravado. Adem\u00e1s, como pena accesoria, le impuso la inhabilitaci\u00f3n para el ejercicio de funciones p\u00fablicas por el mismo t\u00e9rmino,\u2026","rel":"","context":"En \u00abINTERNACIONALES\u00bb","block_context":{"text":"INTERNACIONALES","link":"https:\/\/lasprimeras.com.do\/index.php\/category\/sin-categoria\/internacionales\/"},"img":{"alt_text":"Condena","src":"https:\/\/i0.wp.com\/lasprimeras.com.do\/wp-content\/uploads\/2024\/02\/condena.jpg?resize=350%2C200&ssl=1","width":350,"height":200,"srcset":"https:\/\/i0.wp.com\/lasprimeras.com.do\/wp-content\/uploads\/2024\/02\/condena.jpg?resize=350%2C200&ssl=1 1x, https:\/\/i0.wp.com\/lasprimeras.com.do\/wp-content\/uploads\/2024\/02\/condena.jpg?resize=525%2C300&ssl=1 1.5x, https:\/\/i0.wp.com\/lasprimeras.com.do\/wp-content\/uploads\/2024\/02\/condena.jpg?resize=700%2C400&ssl=1 2x"},"classes":[]},{"id":73067,"url":"https:\/\/lasprimeras.com.do\/index.php\/2024\/01\/05\/gobierno-de-bukele-dice-que-faltan-mas-de-20-mil-pandilleros-por-capturar-en-el-salvador\/","url_meta":{"origin":85768,"position":2},"title":"Gobierno de Bukele dice que faltan m\u00e1s de 20 mil pandilleros por capturar en El Salvador","author":"Nelson Feliz","date":"5 de enero de 2024","format":false,"excerpt":"En 2015, El Salvador registr\u00f3 103 homicidios por cada 100.000 habitantes y el dato ha venido descendiendo hasta una tasa de 2,4, seg\u00fan el Gobierno de Bukele. San Salvador, EFE.-.El ministro de Seguridad de El Salvador, Gustavo Villatoro, dijo este jueves que est\u00e1n \"pendientes de capturar\" entre 18.000 y 20.000\u2026","rel":"","context":"En \u00abSin categor\u00eda\u00bb","block_context":{"text":"Sin categor\u00eda","link":"https:\/\/lasprimeras.com.do\/index.php\/category\/sin-categoria\/"},"img":{"alt_text":"Hombres que fueron detenidos durante el estado de excepci\u00f3n son transportados en un cami\u00f3n de mercanc\u00edas, en Soyapango, El Salvador, el 7 de octubre de 2022MOIS\u00c9S CASTILLO \/ AP","src":"https:\/\/i0.wp.com\/lasprimeras.com.do\/wp-content\/uploads\/2024\/01\/presos.jpeg?resize=350%2C200&ssl=1","width":350,"height":200,"srcset":"https:\/\/i0.wp.com\/lasprimeras.com.do\/wp-content\/uploads\/2024\/01\/presos.jpeg?resize=350%2C200&ssl=1 1x, https:\/\/i0.wp.com\/lasprimeras.com.do\/wp-content\/uploads\/2024\/01\/presos.jpeg?resize=525%2C300&ssl=1 1.5x, https:\/\/i0.wp.com\/lasprimeras.com.do\/wp-content\/uploads\/2024\/01\/presos.jpeg?resize=700%2C400&ssl=1 2x"},"classes":[]},{"id":52204,"url":"https:\/\/lasprimeras.com.do\/index.php\/2023\/06\/07\/instructor-deshonesto-hurto-joyas-por-valor-de-uds-300-000-y-fue-condenado-a-7-anos-de-carcel\/","url_meta":{"origin":85768,"position":3},"title":"Instructor deshonesto: Hurt\u00f3 joyas por valor de UDS 300.000 y fue condenado a 7 a\u00f1os de c\u00e1rcel","author":"prenxa100","date":"7 de junio de 2023","format":false,"excerpt":"Un instructor y entrenador personal fue condenado a siete a\u00f1os de prisi\u00f3n por el hurto de unas valiosos joyas cuyo valor oscilar\u00eda los UDS 300.000. El hombre fue descubierto gracias a las c\u00e1maras del circuito cerrado de la vivienda. El juicio oral y p\u00fablico se llev\u00f3 a cabo en la\u2026","rel":"","context":"En \u00abSin categor\u00eda\u00bb","block_context":{"text":"Sin categor\u00eda","link":"https:\/\/lasprimeras.com.do\/index.php\/category\/sin-categoria\/"},"img":{"alt_text":"","src":"","width":0,"height":0},"classes":[]},{"id":101981,"url":"https:\/\/lasprimeras.com.do\/index.php\/2025\/06\/30\/hallan-muerto-en-prision-a-condenado-por-muerte-junior\/","url_meta":{"origin":85768,"position":4},"title":"Hallan muerto en prisi\u00f3n a condenado por muerte Junior","author":"Nelson Feliz","date":"30 de junio de 2025","format":false,"excerpt":"NUEVA YORK.- Jonaiki Mart\u00ednez Estrella, uno de los condenados por el brutal asesinato del joven Lesandro \u00abJunior\u00bb Guzm\u00e1n Feliz, fue encontrado muerto en una prisi\u00f3n de Nueva York. El deceso ocurri\u00f3 en el Centro Correccional Coxsackie, y aunque las autoridades del Departamento de Correcciones y Supervisi\u00f3n Comunitaria del estado han\u2026","rel":"","context":"En \u00abINTERNACIONALES\u00bb","block_context":{"text":"INTERNACIONALES","link":"https:\/\/lasprimeras.com.do\/index.php\/category\/sin-categoria\/internacionales\/"},"img":{"alt_text":"","src":"https:\/\/i0.wp.com\/lasprimeras.com.do\/wp-content\/uploads\/2025\/06\/muerto.jpg?resize=350%2C200&ssl=1","width":350,"height":200},"classes":[]},{"id":51452,"url":"https:\/\/lasprimeras.com.do\/index.php\/2023\/05\/31\/bukele-cumple-cuatro-anos-de-gobierno-entre-apoyo-masivo-y-duras-criticas\/","url_meta":{"origin":85768,"position":5},"title":"Bukele cumple cuatro a\u00f1os de gobierno entre apoyo masivo y duras cr\u00edticas","author":"prenxa100","date":"31 de mayo de 2023","format":false,"excerpt":"San Salvador, RFI.-. El presidente Nayib Bukele cumple este jueves cuatro a\u00f1os en el poder en El Salvador con gran popularidad por su \"guerra\" contra las pandillas, pero con cr\u00edticas sobre la vigencia de los valores democr\u00e1ticos. Las encuestas se\u00f1alan que nueve de cada diez salvadore\u00f1os aprueban la gesti\u00f3n de\u2026","rel":"","context":"En \u00abSin categor\u00eda\u00bb","block_context":{"text":"Sin categor\u00eda","link":"https:\/\/lasprimeras.com.do\/index.php\/category\/sin-categoria\/"},"img":{"alt_text":"","src":"","width":0,"height":0},"classes":[]}],"jetpack_sharing_enabled":true,"_links":{"self":[{"href":"https:\/\/lasprimeras.com.do\/index.php\/wp-json\/wp\/v2\/posts\/85768","targetHints":{"allow":["GET"]}}],"collection":[{"href":"https:\/\/lasprimeras.com.do\/index.php\/wp-json\/wp\/v2\/posts"}],"about":[{"href":"https:\/\/lasprimeras.com.do\/index.php\/wp-json\/wp\/v2\/types\/post"}],"author":[{"embeddable":true,"href":"https:\/\/lasprimeras.com.do\/index.php\/wp-json\/wp\/v2\/users\/2"}],"replies":[{"embeddable":true,"href":"https:\/\/lasprimeras.com.do\/index.php\/wp-json\/wp\/v2\/comments?post=85768"}],"version-history":[{"count":1,"href":"https:\/\/lasprimeras.com.do\/index.php\/wp-json\/wp\/v2\/posts\/85768\/revisions"}],"predecessor-version":[{"id":85770,"href":"https:\/\/lasprimeras.com.do\/index.php\/wp-json\/wp\/v2\/posts\/85768\/revisions\/85770"}],"wp:featuredmedia":[{"embeddable":true,"href":"https:\/\/lasprimeras.com.do\/index.php\/wp-json\/wp\/v2\/media\/85769"}],"wp:attachment":[{"href":"https:\/\/lasprimeras.com.do\/index.php\/wp-json\/wp\/v2\/media?parent=85768"}],"wp:term":[{"taxonomy":"category","embeddable":true,"href":"https:\/\/lasprimeras.com.do\/index.php\/wp-json\/wp\/v2\/categories?post=85768"},{"taxonomy":"post_tag","embeddable":true,"href":"https:\/\/lasprimeras.com.do\/index.php\/wp-json\/wp\/v2\/tags?post=85768"}],"curies":[{"name":"wp","href":"https:\/\/api.w.org\/{rel}","templated":true}]}}