{"id":85771,"date":"2024-07-08T23:11:27","date_gmt":"2024-07-09T03:11:27","guid":{"rendered":"https:\/\/lasprimeras.com.do\/?p=85771"},"modified":"2024-07-08T23:11:28","modified_gmt":"2024-07-09T03:11:28","slug":"mide-realiza-evento-agropecuario-en-elias-pina","status":"publish","type":"post","link":"https:\/\/lasprimeras.com.do\/index.php\/2024\/07\/08\/mide-realiza-evento-agropecuario-en-elias-pina\/","title":{"rendered":"MIDE realiza\u00a0evento agropecuario en \u00a0El\u00edas Pi\u00f1a"},"content":{"rendered":"\n<p>Por Martin Restituyo<\/p>\n\n\n\n<p>El Ministerio de Defensa a trav\u00e9s de la Direcci\u00f3n General de Comunidades Fronterizas y la Gobernaci\u00f3n Provincial de El\u00edas Pi\u00f1a llev\u00f3 a cabo la Feria Agropecuaria en el municipio de Juan Santiago, Provincia El\u00edas Pi\u00f1a.<\/p>\n\n\n\n<p>El Ministro de Defensa Tte. General Carlos Luciano D\u00edaz Morfa, entreg\u00f3 de cientos de raciones alimenticias ofrecieron productos agropecuarios al m\u00e1s bajo costo, entre los cuales se destacan: Pescados, Gallinas criollas, pollos, conejos vivos y matados, huevos, miel, entre otros.<\/p>\n\n\n\n<p>&nbsp;En esta actividad hicieron acto de presencia La Se\u00f1ora Gobernadora Migdalis de los Santos, y el Alcalde Municipal.<\/p>\n","protected":false},"excerpt":{"rendered":"<p>Por Martin Restituyo El Ministerio de Defensa a trav\u00e9s de la Direcci\u00f3n General de Comunidades Fronterizas y la Gobernaci\u00f3n Provincial de El\u00edas Pi\u00f1a llev\u00f3 a cabo la Feria Agropecuaria en&hellip;<\/p>\n","protected":false},"author":2,"featured_media":85772,"comment_status":"open","ping_status":"open","sticky":false,"template":"","format":"standard","meta":{"content-type":"","jetpack_post_was_ever_published":false,"_jetpack_newsletter_access":"","_jetpack_dont_email_post_to_subs":false,"_jetpack_newsletter_tier_id":0,"_jetpack_memberships_contains_paywalled_content":false,"_jetpack_memberships_contains_paid_content":false,"footnotes":""},"categories":[39],"tags":[6012,241,447],"class_list":["post-85771","post","type-post","status-publish","format-standard","has-post-thumbnail","hentry","category-economia","tag-agropecuario","tag-elias-pina","tag-mide"],"jetpack_featured_media_url":"https:\/\/lasprimeras.com.do\/wp-content\/uploads\/2024\/07\/feria.jpg","jetpack-related-posts":[{"id":60889,"url":"https:\/\/lasprimeras.com.do\/index.php\/2023\/09\/19\/ministerio-de-defensa-continua-jornada-civica-en-elias-pina\/","url_meta":{"origin":85771,"position":0},"title":"Ministerio de Defensa continua &#8220;Jornada C\u00edvica&#8221; en El\u00edas Pi\u00f1a","author":"Nelson Feliz","date":"19 de septiembre de 2023","format":false,"excerpt":"El Ministerio de Defensa por instrucciones del ministro teniente General Carlos Luciano Diaz Morfa atrav\u00e9s de la Direcci\u00f3n General de Desarrollo de las Comunidades Fronterizas, realiz\u00f3 su XVI Jornada de Acci\u00f3n C\u00edvica con ventas de productos a bajo costo en la comunidad Juan Santiago, El\u00edas Pi\u00f1a All\u00ed Cientos de personas\u2026","rel":"","context":"En \u00abECONOM\u00cdA\u00bb","block_context":{"text":"ECONOM\u00cdA","link":"https:\/\/lasprimeras.com.do\/index.php\/category\/economia\/"},"img":{"alt_text":"MIDE","src":"https:\/\/i0.wp.com\/lasprimeras.com.do\/wp-content\/uploads\/2023\/09\/MIDE-1.jpg?resize=350%2C200&ssl=1","width":350,"height":200,"srcset":"https:\/\/i0.wp.com\/lasprimeras.com.do\/wp-content\/uploads\/2023\/09\/MIDE-1.jpg?resize=350%2C200&ssl=1 1x, https:\/\/i0.wp.com\/lasprimeras.com.do\/wp-content\/uploads\/2023\/09\/MIDE-1.jpg?resize=525%2C300&ssl=1 1.5x, https:\/\/i0.wp.com\/lasprimeras.com.do\/wp-content\/uploads\/2023\/09\/MIDE-1.jpg?resize=700%2C400&ssl=1 2x"},"classes":[]},{"id":53375,"url":"https:\/\/lasprimeras.com.do\/index.php\/2023\/06\/25\/adriano-sanchez-roa-con-la-comida-cara-ningun-gobierno-gana-elecciones\/","url_meta":{"origin":85771,"position":1},"title":"Adriano S\u00e1nchez Roa: &#8220;Con la comida cara ning\u00fan gobierno gana elecciones&#8221;","author":"Nelson Feliz","date":"25 de junio de 2023","format":false,"excerpt":"En el Gobierno la agenda de desarrollo para la provincia El\u00edas Pi\u00f1a se ha ca\u00eddo, denuncia Adriano S\u00e1nchez Roa, quien reiter\u00f3 el da\u00f1o ocasionado a la producci\u00f3n local por las masivas importaciones. El titular de la Secretar\u00eda de Asuntos Agropecuarios del Partido de la Liberaci\u00f3n Dominicana (PLD), Adriano S\u00e1nchez Roa,\u2026","rel":"","context":"En \u00abECONOM\u00cdA\u00bb","block_context":{"text":"ECONOM\u00cdA","link":"https:\/\/lasprimeras.com.do\/index.php\/category\/economia\/"},"img":{"alt_text":"Adriano S\u00e1nchez Roa","src":"https:\/\/i0.wp.com\/lasprimeras.com.do\/wp-content\/uploads\/2023\/06\/Adriano-Sanchez-Roa.jpg?resize=350%2C200&ssl=1","width":350,"height":200,"srcset":"https:\/\/i0.wp.com\/lasprimeras.com.do\/wp-content\/uploads\/2023\/06\/Adriano-Sanchez-Roa.jpg?resize=350%2C200&ssl=1 1x, https:\/\/i0.wp.com\/lasprimeras.com.do\/wp-content\/uploads\/2023\/06\/Adriano-Sanchez-Roa.jpg?resize=525%2C300&ssl=1 1.5x, https:\/\/i0.wp.com\/lasprimeras.com.do\/wp-content\/uploads\/2023\/06\/Adriano-Sanchez-Roa.jpg?resize=700%2C400&ssl=1 2x, https:\/\/i0.wp.com\/lasprimeras.com.do\/wp-content\/uploads\/2023\/06\/Adriano-Sanchez-Roa.jpg?resize=1050%2C600&ssl=1 3x"},"classes":[]},{"id":121234,"url":"https:\/\/lasprimeras.com.do\/index.php\/2026\/02\/02\/ministerio-de-defensa-informa-sobre-detencion-de-nacional-haitiano-en-zona-fronteriza-de-elias-pina\/","url_meta":{"origin":85771,"position":2},"title":"Ministerio de Defensa informa sobre detenci\u00f3n de nacional haitiano en zona fronteriza de El\u00edas Pi\u00f1a","author":"Nelson Feliz","date":"2 de febrero de 2026","format":false,"excerpt":"El Ministerio de Defensa inform\u00f3 que miembros del Ej\u00e9rcito de Rep\u00fablica Dominicana (ERD)., apresaron el pasado 27 de enero, a un nacional haitiano por su presunta vinculaci\u00f3n a hechos criminales ocurridos en territorio haitiano, durante operaciones de patrullaje y control fronterizo realizadas en las inmediaciones del r\u00edo Macas\u00edas, en la\u2026","rel":"","context":"En \u00abMILITARES\u00bb","block_context":{"text":"MILITARES","link":"https:\/\/lasprimeras.com.do\/index.php\/category\/militares\/"},"img":{"alt_text":"","src":"https:\/\/i0.wp.com\/lasprimeras.com.do\/wp-content\/uploads\/2025\/09\/Ministerio-de-Defensa.jpg?resize=350%2C200&ssl=1","width":350,"height":200,"srcset":"https:\/\/i0.wp.com\/lasprimeras.com.do\/wp-content\/uploads\/2025\/09\/Ministerio-de-Defensa.jpg?resize=350%2C200&ssl=1 1x, https:\/\/i0.wp.com\/lasprimeras.com.do\/wp-content\/uploads\/2025\/09\/Ministerio-de-Defensa.jpg?resize=525%2C300&ssl=1 1.5x, https:\/\/i0.wp.com\/lasprimeras.com.do\/wp-content\/uploads\/2025\/09\/Ministerio-de-Defensa.jpg?resize=700%2C400&ssl=1 2x"},"classes":[]},{"id":122573,"url":"https:\/\/lasprimeras.com.do\/index.php\/2026\/02\/19\/comandante-del-ejercito-recorre-unidades-fronterizas-en-provincias-independencia-y-elias-pina\/","url_meta":{"origin":85771,"position":3},"title":"Comandante del Ej\u00e9rcito recorre unidades fronterizas en provincias Independencia y El\u00edas Pi\u00f1a","author":"Nelson Feliz","date":"19 de febrero de 2026","format":false,"excerpt":"_Al dirigirse a las tropas en las diferentes unidades fronterizas, reconoci\u00f3 la labor realizada por los soldados del Ej\u00e9rcito para preservar la seguridad y control de la frontera._ El Comandante General del Ej\u00e9rcito, Mayor General Jorge Iv\u00e1n Camino P\u00e9rez, realiz\u00f3 un recorrido por diferentes unidades fronterizas de las provincias Independencia\u2026","rel":"","context":"En \u00abMILITARES\u00bb","block_context":{"text":"MILITARES","link":"https:\/\/lasprimeras.com.do\/index.php\/category\/militares\/"},"img":{"alt_text":"","src":"https:\/\/i0.wp.com\/lasprimeras.com.do\/wp-content\/uploads\/2026\/02\/IMG-20260219-WA0193-scaled.jpg?resize=350%2C200&ssl=1","width":350,"height":200,"srcset":"https:\/\/i0.wp.com\/lasprimeras.com.do\/wp-content\/uploads\/2026\/02\/IMG-20260219-WA0193-scaled.jpg?resize=350%2C200&ssl=1 1x, https:\/\/i0.wp.com\/lasprimeras.com.do\/wp-content\/uploads\/2026\/02\/IMG-20260219-WA0193-scaled.jpg?resize=525%2C300&ssl=1 1.5x, https:\/\/i0.wp.com\/lasprimeras.com.do\/wp-content\/uploads\/2026\/02\/IMG-20260219-WA0193-scaled.jpg?resize=700%2C400&ssl=1 2x, https:\/\/i0.wp.com\/lasprimeras.com.do\/wp-content\/uploads\/2026\/02\/IMG-20260219-WA0193-scaled.jpg?resize=1050%2C600&ssl=1 3x, https:\/\/i0.wp.com\/lasprimeras.com.do\/wp-content\/uploads\/2026\/02\/IMG-20260219-WA0193-scaled.jpg?resize=1400%2C800&ssl=1 4x"},"classes":[]},{"id":59288,"url":"https:\/\/lasprimeras.com.do\/index.php\/2023\/09\/01\/se-registra-tapon-de-camiones-para-cruzar-la-frontera-por-elias-pina\/","url_meta":{"origin":85771,"position":4},"title":"Se registra tap\u00f3n de camiones para cruzar la frontera por El\u00edas Pi\u00f1a","author":"Nelson Feliz","date":"1 de septiembre de 2023","format":false,"excerpt":"-El mi\u00e9rcoles, el ministro de Defensa orden\u00f3 el cierre de este paso de manera preventiva. Tras el cierre preventivo del paso fonrterizo por El\u00edas Pi\u00f1a, por parte del Ministerio de Defensa, decenas de camiones se encuentran taponados en una larga fila, en espera que abran el cruce y llevar las\u2026","rel":"","context":"En \u00abMILITARES\u00bb","block_context":{"text":"MILITARES","link":"https:\/\/lasprimeras.com.do\/index.php\/category\/militares\/"},"img":{"alt_text":"Militares dominicanos","src":"https:\/\/i0.wp.com\/lasprimeras.com.do\/wp-content\/uploads\/2023\/09\/Militares-dominicanos.jpg?resize=350%2C200&ssl=1","width":350,"height":200,"srcset":"https:\/\/i0.wp.com\/lasprimeras.com.do\/wp-content\/uploads\/2023\/09\/Militares-dominicanos.jpg?resize=350%2C200&ssl=1 1x, https:\/\/i0.wp.com\/lasprimeras.com.do\/wp-content\/uploads\/2023\/09\/Militares-dominicanos.jpg?resize=525%2C300&ssl=1 1.5x, https:\/\/i0.wp.com\/lasprimeras.com.do\/wp-content\/uploads\/2023\/09\/Militares-dominicanos.jpg?resize=700%2C400&ssl=1 2x"},"classes":[]},{"id":104579,"url":"https:\/\/lasprimeras.com.do\/index.php\/2025\/07\/25\/ocupan-sacos-de-carbon-vegetal-que-eran-transportados-en-animales-en-elias-pina\/","url_meta":{"origin":85771,"position":5},"title":"Ocupan sacos de carb\u00f3n vegetal que eran transportados en animales en El\u00edas Pi\u00f1a","author":"Nelson Feliz","date":"25 de julio de 2025","format":false,"excerpt":"Miembros del Ej\u00e9rcito de Rep\u00fablica Dominicana (ERD), ocuparon 07 sacos de carb\u00f3n vegetal que eran transportados en tres 03 burros y un 01 caballo en El\u00edas Pi\u00f1a, pr\u00f3ximo al Puesto Militar Avanzado Margarita. Dos personas montaban los animales; sin embargo, uno de ellos logr\u00f3 escapar al notar la presencia militar,\u2026","rel":"","context":"En \u00abMILITARES\u00bb","block_context":{"text":"MILITARES","link":"https:\/\/lasprimeras.com.do\/index.php\/category\/militares\/"},"img":{"alt_text":"","src":"https:\/\/i0.wp.com\/lasprimeras.com.do\/wp-content\/uploads\/2025\/07\/taxis.jpg?resize=350%2C200&ssl=1","width":350,"height":200,"srcset":"https:\/\/i0.wp.com\/lasprimeras.com.do\/wp-content\/uploads\/2025\/07\/taxis.jpg?resize=350%2C200&ssl=1 1x, https:\/\/i0.wp.com\/lasprimeras.com.do\/wp-content\/uploads\/2025\/07\/taxis.jpg?resize=525%2C300&ssl=1 1.5x, https:\/\/i0.wp.com\/lasprimeras.com.do\/wp-content\/uploads\/2025\/07\/taxis.jpg?resize=700%2C400&ssl=1 2x"},"classes":[]}],"jetpack_sharing_enabled":true,"_links":{"self":[{"href":"https:\/\/lasprimeras.com.do\/index.php\/wp-json\/wp\/v2\/posts\/85771","targetHints":{"allow":["GET"]}}],"collection":[{"href":"https:\/\/lasprimeras.com.do\/index.php\/wp-json\/wp\/v2\/posts"}],"about":[{"href":"https:\/\/lasprimeras.com.do\/index.php\/wp-json\/wp\/v2\/types\/post"}],"author":[{"embeddable":true,"href":"https:\/\/lasprimeras.com.do\/index.php\/wp-json\/wp\/v2\/users\/2"}],"replies":[{"embeddable":true,"href":"https:\/\/lasprimeras.com.do\/index.php\/wp-json\/wp\/v2\/comments?post=85771"}],"version-history":[{"count":1,"href":"https:\/\/lasprimeras.com.do\/index.php\/wp-json\/wp\/v2\/posts\/85771\/revisions"}],"predecessor-version":[{"id":85773,"href":"https:\/\/lasprimeras.com.do\/index.php\/wp-json\/wp\/v2\/posts\/85771\/revisions\/85773"}],"wp:featuredmedia":[{"embeddable":true,"href":"https:\/\/lasprimeras.com.do\/index.php\/wp-json\/wp\/v2\/media\/85772"}],"wp:attachment":[{"href":"https:\/\/lasprimeras.com.do\/index.php\/wp-json\/wp\/v2\/media?parent=85771"}],"wp:term":[{"taxonomy":"category","embeddable":true,"href":"https:\/\/lasprimeras.com.do\/index.php\/wp-json\/wp\/v2\/categories?post=85771"},{"taxonomy":"post_tag","embeddable":true,"href":"https:\/\/lasprimeras.com.do\/index.php\/wp-json\/wp\/v2\/tags?post=85771"}],"curies":[{"name":"wp","href":"https:\/\/api.w.org\/{rel}","templated":true}]}}