{"id":85789,"date":"2024-07-08T23:55:23","date_gmt":"2024-07-09T03:55:23","guid":{"rendered":"https:\/\/lasprimeras.com.do\/?p=85789"},"modified":"2024-07-08T23:55:24","modified_gmt":"2024-07-09T03:55:24","slug":"diputado-luis-gomez-no-habra-tiempo-para-aprobar-el-codigo-penal","status":"publish","type":"post","link":"https:\/\/lasprimeras.com.do\/index.php\/2024\/07\/08\/diputado-luis-gomez-no-habra-tiempo-para-aprobar-el-codigo-penal\/","title":{"rendered":"Diputado Luis G\u00f3mez no habr\u00e1 tiempo para aprobar el C\u00f3digo Penal"},"content":{"rendered":"\n<p>El diputado por la provincia San Pedro de Macor\u00eds, Luis G\u00f3mez entiende que no habr\u00e1 tiempo para aprobar el C\u00f3digo Penal, porque debe ser discutido ampliamente y la legislatura termina el 26 de este mes.<\/p>\n\n\n\n<p>El legislador del Partido Revolucionario Moderno (PRM) record\u00f3 que el refer\u00e9ndum est\u00e1 establecido en la Constituci\u00f3n del 2010 y se podr\u00e1 utilizar.<\/p>\n\n\n\n<p>Asimismo, dijo hay una ley especial para las tres c\u00e1usales y el tiempo permitir\u00e1 discutir el C\u00f3digo Penal en el Congreso Nacional, en la sociedad civil y con todos los sectores de la poblaci\u00f3n.<\/p>\n\n\n\n<p>\u201cTengo entendido que el proyecto de ley ya lleg\u00f3 a la C\u00e1mara de Diputados y pienso que estar\u00e1 en la orden del d\u00eda de este martes\u201d, sostuvo el legislador por SPM.<\/p>\n\n\n\n<p>Luis G\u00f3mez indic\u00f3 que hay 72 nuevas tipificaciones que no est\u00e1n contempladas en el viejo C\u00f3digo Penal y tanto \u00e9l como los dem\u00e1s diputados har\u00e1n todo lo posible para que salga una pieza que sea en beneficio de la poblaci\u00f3n.<\/p>\n","protected":false},"excerpt":{"rendered":"<p>El diputado por la provincia San Pedro de Macor\u00eds, Luis G\u00f3mez entiende que no habr\u00e1 tiempo para aprobar el C\u00f3digo Penal, porque debe ser discutido ampliamente y la legislatura termina&hellip;<\/p>\n","protected":false},"author":2,"featured_media":84055,"comment_status":"open","ping_status":"open","sticky":false,"template":"","format":"standard","meta":{"content-type":"","jetpack_post_was_ever_published":false,"_jetpack_newsletter_access":"","_jetpack_dont_email_post_to_subs":false,"_jetpack_newsletter_tier_id":0,"_jetpack_memberships_contains_paywalled_content":false,"_jetpack_memberships_contains_paid_content":false,"footnotes":""},"categories":[1],"tags":[14015,13808,78,13083,14016],"class_list":["post-85789","post","type-post","status-publish","format-standard","has-post-thumbnail","hentry","category-sin-categoria","tag-aprobar","tag-codigo-penal","tag-diputado","tag-luis-gomez","tag-no-habra-tiempo"],"jetpack_featured_media_url":"https:\/\/lasprimeras.com.do\/wp-content\/uploads\/2024\/05\/Luis-Gomez-1.jpg","jetpack-related-posts":[{"id":85860,"url":"https:\/\/lasprimeras.com.do\/index.php\/2024\/07\/10\/luis-gomez-abinader-buscara-consenso-nacional-para-aprobar-paquete-de-reformas\/","url_meta":{"origin":85789,"position":0},"title":"Luis G\u00f3mez: \u201cAbinader buscar\u00e1 consenso nacional para aprobar paquete de reformas\u201d","author":"Nelson Feliz","date":"10 de julio de 2024","format":false,"excerpt":"Asegura la aprobaci\u00f3n de un nuevo C\u00f3digo Penal es necesario para la sociedad. El diputado del Partido Revolucionario Moderno (PRM), Luis G\u00f3mez dijo que el jefe del Estado buscar\u00e1 el consenso de las diferentes fuerzas pol\u00edticos y de la sociedad civil, para aprobar paquete de reformas.\u00a0 G\u00f3mez, record\u00f3 que cuando\u2026","rel":"","context":"En \u00abSin categor\u00eda\u00bb","block_context":{"text":"Sin categor\u00eda","link":"https:\/\/lasprimeras.com.do\/index.php\/category\/sin-categoria\/"},"img":{"alt_text":"","src":"https:\/\/i0.wp.com\/lasprimeras.com.do\/wp-content\/uploads\/2024\/07\/Luis-Gomez.jpg?resize=350%2C200&ssl=1","width":350,"height":200,"srcset":"https:\/\/i0.wp.com\/lasprimeras.com.do\/wp-content\/uploads\/2024\/07\/Luis-Gomez.jpg?resize=350%2C200&ssl=1 1x, https:\/\/i0.wp.com\/lasprimeras.com.do\/wp-content\/uploads\/2024\/07\/Luis-Gomez.jpg?resize=525%2C300&ssl=1 1.5x"},"classes":[]},{"id":86436,"url":"https:\/\/lasprimeras.com.do\/index.php\/2024\/07\/24\/udc-propone-dejar-codigo-penal-para-nuevos-congresistas-respalda-posicion-abinader\/","url_meta":{"origin":85789,"position":1},"title":"UDC propone dejar C\u00f3digo Penal para nuevos congresistas; respalda posici\u00f3n Abinader","author":"Nelson Feliz","date":"24 de julio de 2024","format":false,"excerpt":"El presidente de la Uni\u00f3n Dem\u00f3crata Cristiana \u2013UDC_, Luis Acosta Moreta, Luis \u201cEl Gallo\u201d, consider\u00f3 que el conocimiento del C\u00f3digo Procesal Penal se debe congelar en este per\u00edodo legislativo y dejar su aprobaci\u00f3n a las nuevas autoridades congresuales \u2013 Dijo compartir plenamente la inquietud del presidente Luis Abinader de que\u2026","rel":"","context":"En \u00abSin categor\u00eda\u00bb","block_context":{"text":"Sin categor\u00eda","link":"https:\/\/lasprimeras.com.do\/index.php\/category\/sin-categoria\/"},"img":{"alt_text":"Luis Acosta Moreta","src":"https:\/\/i0.wp.com\/lasprimeras.com.do\/wp-content\/uploads\/2024\/07\/Luis-Acosta-Moreta-1.jpg?resize=350%2C200&ssl=1","width":350,"height":200,"srcset":"https:\/\/i0.wp.com\/lasprimeras.com.do\/wp-content\/uploads\/2024\/07\/Luis-Acosta-Moreta-1.jpg?resize=350%2C200&ssl=1 1x, https:\/\/i0.wp.com\/lasprimeras.com.do\/wp-content\/uploads\/2024\/07\/Luis-Acosta-Moreta-1.jpg?resize=525%2C300&ssl=1 1.5x"},"classes":[]},{"id":84054,"url":"https:\/\/lasprimeras.com.do\/index.php\/2024\/05\/30\/diputado-busca-eliminar-discriminacion-en-mercado-laboral-con-personas-pasan-de-40-anos\/","url_meta":{"origin":85789,"position":2},"title":"Diputado busca eliminar discriminaci\u00f3n en mercado laboral con personas pasan de 40 a\u00f1os","author":"Nelson Feliz","date":"30 de mayo de 2024","format":false,"excerpt":"El diputado del Partido Revolucionario Moderno (PRM) por San Pedro de Macor\u00eds, Luis G\u00f3mez, dijo hoy que continuar\u00e1 impulsando los proyectos de ley depositados por \u00e9l en la Secretar\u00eda General de la c\u00e1mara baja. Destac\u00f3 que entre esos proyectos est\u00e1 , la \u201cEliminaci\u00f3n de Discriminaci\u00f3n a Personas con capacidad f\u00edsica\u2026","rel":"","context":"En \u00abNACIONALES\u00bb","block_context":{"text":"NACIONALES","link":"https:\/\/lasprimeras.com.do\/index.php\/category\/nacionales\/"},"img":{"alt_text":"Luis G\u00f3mez","src":"https:\/\/i0.wp.com\/lasprimeras.com.do\/wp-content\/uploads\/2024\/05\/Luis-Gomez-1.jpg?resize=350%2C200&ssl=1","width":350,"height":200,"srcset":"https:\/\/i0.wp.com\/lasprimeras.com.do\/wp-content\/uploads\/2024\/05\/Luis-Gomez-1.jpg?resize=350%2C200&ssl=1 1x, https:\/\/i0.wp.com\/lasprimeras.com.do\/wp-content\/uploads\/2024\/05\/Luis-Gomez-1.jpg?resize=525%2C300&ssl=1 1.5x, https:\/\/i0.wp.com\/lasprimeras.com.do\/wp-content\/uploads\/2024\/05\/Luis-Gomez-1.jpg?resize=700%2C400&ssl=1 2x"},"classes":[]},{"id":104476,"url":"https:\/\/lasprimeras.com.do\/index.php\/2025\/07\/24\/diputados-devuelven-el-codigo-penal-al-senado-por-errores\/","url_meta":{"origin":85789,"position":3},"title":"Diputados devuelven el C\u00f3digo Penal al Senado por errores","author":"Nelson Feliz","date":"24 de julio de 2025","format":false,"excerpt":"A la legislatura de trabajo le quedan dos d\u00edas y los legisladores analizan a paso acelerado. A solo dos d\u00edas para que cierre la actual legislatura de trabajo en el Congreso, el Senado identific\u00f3 errores t\u00e9cnicos en el proyecto de C\u00f3digo Penal que envi\u00f3 por la C\u00e1mara de Diputados, lo\u2026","rel":"","context":"En \u00abNACIONALES\u00bb","block_context":{"text":"NACIONALES","link":"https:\/\/lasprimeras.com.do\/index.php\/category\/nacionales\/"},"img":{"alt_text":"","src":"https:\/\/i0.wp.com\/lasprimeras.com.do\/wp-content\/uploads\/2024\/12\/diputados-1.jpeg?resize=350%2C200&ssl=1","width":350,"height":200,"srcset":"https:\/\/i0.wp.com\/lasprimeras.com.do\/wp-content\/uploads\/2024\/12\/diputados-1.jpeg?resize=350%2C200&ssl=1 1x, https:\/\/i0.wp.com\/lasprimeras.com.do\/wp-content\/uploads\/2024\/12\/diputados-1.jpeg?resize=525%2C300&ssl=1 1.5x, https:\/\/i0.wp.com\/lasprimeras.com.do\/wp-content\/uploads\/2024\/12\/diputados-1.jpeg?resize=700%2C400&ssl=1 2x"},"classes":[]},{"id":105262,"url":"https:\/\/lasprimeras.com.do\/index.php\/2025\/07\/31\/victor-terrero-califica-de-machistas-e-inhumanos-a-diputados-por-excluir-las-tres-causales-del-codigo-penal\/","url_meta":{"origin":85789,"position":4},"title":"V\u00edctor Terrero califica de \u201cmachistas e inhumanos\u201d a diputados por excluir las tres causales del C\u00f3digo Penal","author":"Nelson Feliz","date":"31 de julio de 2025","format":false,"excerpt":"El miembro del Comit\u00e9 Central del Partido de la Liberaci\u00f3n Dominicana (PLD), doctor V\u00edctor Manuel Terrero, calific\u00f3 hoy de cobardes, ignorantes, insensibles, machistas e inhumanos a los diputados y senadores que aprobaron el controversial proyecto de reforma al C\u00f3digo Penal, excluyendo las tres causales para la interrupci\u00f3n del embarazo. Terrero,\u2026","rel":"","context":"En \u00abPOLITICA\u00bb","block_context":{"text":"POLITICA","link":"https:\/\/lasprimeras.com.do\/index.php\/category\/politica\/"},"img":{"alt_text":"Victor Terrero","src":"https:\/\/i0.wp.com\/lasprimeras.com.do\/wp-content\/uploads\/2023\/10\/Victor-Terrero.jpg?resize=350%2C200&ssl=1","width":350,"height":200,"srcset":"https:\/\/i0.wp.com\/lasprimeras.com.do\/wp-content\/uploads\/2023\/10\/Victor-Terrero.jpg?resize=350%2C200&ssl=1 1x, https:\/\/i0.wp.com\/lasprimeras.com.do\/wp-content\/uploads\/2023\/10\/Victor-Terrero.jpg?resize=525%2C300&ssl=1 1.5x, https:\/\/i0.wp.com\/lasprimeras.com.do\/wp-content\/uploads\/2023\/10\/Victor-Terrero.jpg?resize=700%2C400&ssl=1 2x"},"classes":[]},{"id":101040,"url":"https:\/\/lasprimeras.com.do\/index.php\/2025\/06\/15\/yeni-berenice-pide-un-nuevo-codigo-penal-porque-sanciones-actuales-son-irrazonables\/","url_meta":{"origin":85789,"position":5},"title":"Yeni Berenice pide un nuevo C\u00f3digo Penal porque sanciones actuales son &#8220;irrazonables&#8221;","author":"Nelson Feliz","date":"15 de junio de 2025","format":false,"excerpt":"El proyecto del nuevo C\u00f3digo Penal no se ha aprobado por diferencias en temas como el aborto o la discriminaci\u00f3n. La procuradora general de la Rep\u00fablica, Yeni Berenice Reynoso, exhort\u00f3 este domingo al Congreso Nacional a aprobar el proyecto del nuevo C\u00f3digo Penal para cumplir con el compromiso ciudadano de\u2026","rel":"","context":"En \u00abJUSTICIA\u00bb","block_context":{"text":"JUSTICIA","link":"https:\/\/lasprimeras.com.do\/index.php\/category\/justicia\/"},"img":{"alt_text":"Yeni Berenice Reynoso","src":"https:\/\/i0.wp.com\/lasprimeras.com.do\/wp-content\/uploads\/2025\/06\/Yeni-Berenice-Reynoso.jpg?resize=350%2C200&ssl=1","width":350,"height":200,"srcset":"https:\/\/i0.wp.com\/lasprimeras.com.do\/wp-content\/uploads\/2025\/06\/Yeni-Berenice-Reynoso.jpg?resize=350%2C200&ssl=1 1x, https:\/\/i0.wp.com\/lasprimeras.com.do\/wp-content\/uploads\/2025\/06\/Yeni-Berenice-Reynoso.jpg?resize=525%2C300&ssl=1 1.5x, https:\/\/i0.wp.com\/lasprimeras.com.do\/wp-content\/uploads\/2025\/06\/Yeni-Berenice-Reynoso.jpg?resize=700%2C400&ssl=1 2x"},"classes":[]}],"jetpack_sharing_enabled":true,"_links":{"self":[{"href":"https:\/\/lasprimeras.com.do\/index.php\/wp-json\/wp\/v2\/posts\/85789","targetHints":{"allow":["GET"]}}],"collection":[{"href":"https:\/\/lasprimeras.com.do\/index.php\/wp-json\/wp\/v2\/posts"}],"about":[{"href":"https:\/\/lasprimeras.com.do\/index.php\/wp-json\/wp\/v2\/types\/post"}],"author":[{"embeddable":true,"href":"https:\/\/lasprimeras.com.do\/index.php\/wp-json\/wp\/v2\/users\/2"}],"replies":[{"embeddable":true,"href":"https:\/\/lasprimeras.com.do\/index.php\/wp-json\/wp\/v2\/comments?post=85789"}],"version-history":[{"count":1,"href":"https:\/\/lasprimeras.com.do\/index.php\/wp-json\/wp\/v2\/posts\/85789\/revisions"}],"predecessor-version":[{"id":85790,"href":"https:\/\/lasprimeras.com.do\/index.php\/wp-json\/wp\/v2\/posts\/85789\/revisions\/85790"}],"wp:featuredmedia":[{"embeddable":true,"href":"https:\/\/lasprimeras.com.do\/index.php\/wp-json\/wp\/v2\/media\/84055"}],"wp:attachment":[{"href":"https:\/\/lasprimeras.com.do\/index.php\/wp-json\/wp\/v2\/media?parent=85789"}],"wp:term":[{"taxonomy":"category","embeddable":true,"href":"https:\/\/lasprimeras.com.do\/index.php\/wp-json\/wp\/v2\/categories?post=85789"},{"taxonomy":"post_tag","embeddable":true,"href":"https:\/\/lasprimeras.com.do\/index.php\/wp-json\/wp\/v2\/tags?post=85789"}],"curies":[{"name":"wp","href":"https:\/\/api.w.org\/{rel}","templated":true}]}}