{"id":85828,"date":"2024-07-09T23:41:29","date_gmt":"2024-07-10T03:41:29","guid":{"rendered":"https:\/\/lasprimeras.com.do\/?p=85828"},"modified":"2024-07-09T23:41:30","modified_gmt":"2024-07-10T03:41:30","slug":"fuerza-del-pueblo-inicio-eleccion-de-la-comision-organizadora-del-congreso","status":"publish","type":"post","link":"https:\/\/lasprimeras.com.do\/index.php\/2024\/07\/09\/fuerza-del-pueblo-inicio-eleccion-de-la-comision-organizadora-del-congreso\/","title":{"rendered":"Fuerza del Pueblo inici\u00f3 elecci\u00f3n de la Comisi\u00f3n Organizadora del Congreso"},"content":{"rendered":"\n<p class=\"wp-block-paragraph\"><strong>El proceso se est\u00e1 realizando mediante votaci\u00f3n, garantizando representaciones regionales y del exterior<\/strong><\/p>\n\n\n\n<p class=\"wp-block-paragraph\">Con una asamblea encabezada por el presidente del partido Fuerza del Pueblo (FP), Leonel Fern\u00e1ndez, se inici\u00f3 el proceso de elecci\u00f3n de los integrantes de la Comisi\u00f3n Organizadora de su 2do. Congreso, que lleva por nombre Dr. Franklin Almeyda Rancier.<\/p>\n\n\n\n<p class=\"wp-block-paragraph\">El encuentro reuni\u00f3 a los integrantes de la Direcci\u00f3n Central de la FP del Distrito Nacional, la provincia Santo Domingo y Monte Plata. Se trata de la primera de estas reuniones, mediante las cuales la Fuerza del Pueblo busca conformar una comisi\u00f3n que organice el Congreso de la organizaci\u00f3n partidaria, en la que se sientan representados los que forman parte de la entidad opositora de todas las regiones y seccionales del exterior.<\/p>\n\n\n\n<p class=\"wp-block-paragraph\">De acuerdo al secretario general de la Fuerza del Pueblo, Antonio Flori\u00e1n, el 2do. Congreso contar\u00e1 con 25 integrantes, de los cuales 14 ser\u00e1n seleccionados por la Direcci\u00f3n Central, 9 por la Direcci\u00f3n Pol\u00edtica y 2 ex oficio: el secretario de Organizaci\u00f3n y el secretario de Asuntos Electorales.<\/p>\n\n\n\n<p class=\"wp-block-paragraph\">Flori\u00e1n explic\u00f3, adem\u00e1s, que la representaci\u00f3n de la Direcci\u00f3n Central en la Comisi\u00f3n Organizadora del 2do. Congreso estar\u00e1 distribuida de la manera siguiente: 3 del Distrito Nacional, la provincia Santo Domingo y Monte Plata; 3 de la regi\u00f3n Norte; 2 de la regi\u00f3n Este; 2 de la regi\u00f3n Sur; 2 de la circunscripci\u00f3n n\u00famero 1 del exterior; 1 de la n\u00famero 2 del exterior; y 1 de la n\u00famero 3 del exterior.<\/p>\n\n\n\n<p class=\"wp-block-paragraph\">El secretario general de la FP inform\u00f3 tambi\u00e9n que la Direcci\u00f3n Pol\u00edtica de la FP escoger\u00e1 entre sus 25 integrantes, a la persona que coordinar\u00e1 los trabajos de la Comisi\u00f3n. Despu\u00e9s de su elecci\u00f3n todos ser\u00e1n presentados para su ratificaci\u00f3n en una asamblea general de la Direcci\u00f3n Central, que tendr\u00e1 lugar el lunes 15 de este mes en el Pabell\u00f3n de la Fama del Deporte Dominicano.<\/p>\n\n\n\n<p class=\"wp-block-paragraph\">Este lunes 8 de julio fue la primera de las asambleas, correspondiente al Distrito Nacional, la provincia Santo Domingo y Monte Plata, en la cual se llev\u00f3 a cabo un proceso participativo y democr\u00e1tico, donde quienes integran la Direcci\u00f3n Central de la Fuerza del Pueblo pudieron proponer o proponerse para ser uno de los tres representantes de la regi\u00f3n en la Comisi\u00f3n Organizadora del Congreso, para luego ser electos por mayor\u00eda simple, a trav\u00e9s del voto secreto de los presentes.<\/p>\n\n\n\n<p class=\"wp-block-paragraph\">Los dirigentes del partido opositor que resultaron electos fueron Francisco An\u00edbal Gonz\u00e1lez Ruiz, Jes\u00fas Antonio Feliz Feliz y Andr\u00e9s Antonio Mart\u00ednez Nicasio.<\/p>\n\n\n\n<p class=\"wp-block-paragraph\">El calendario de asambleas de este tipo que realizar\u00e1 la Fuerza del Pueblo es el siguiente: martes 9, reuni\u00f3n virtual de la circunscripci\u00f3n n\u00famero 3 del exterior; jueves 11, reuni\u00f3n virtual Direcci\u00f3n Central de la circunscripci\u00f3n n\u00famero 2 del exterior; viernes 12, reuni\u00f3n presencial regi\u00f3n Este, en San Pedro de Macor\u00eds; s\u00e1bado 13, reuni\u00f3n presencial regi\u00f3n Sur, en Azua; y reuni\u00f3n presencial regi\u00f3n Norte, en Santiago; domingo 14, circunscripci\u00f3n n\u00famero 1 del exterior.<\/p>\n","protected":false},"excerpt":{"rendered":"<p>El proceso se est\u00e1 realizando mediante votaci\u00f3n, garantizando representaciones regionales y del exterior Con una asamblea encabezada por el presidente del partido Fuerza del Pueblo (FP), Leonel Fern\u00e1ndez, se inici\u00f3&hellip;<\/p>\n","protected":false},"author":2,"featured_media":85829,"comment_status":"open","ping_status":"open","sticky":false,"template":"","format":"standard","meta":{"content-type":"","_jetpack_newsletter_access":"","_jetpack_dont_email_post_to_subs":false,"_jetpack_newsletter_tier_id":0,"_jetpack_memberships_contains_paywalled_content":false,"_jetpack_feature_clip_id":0,"_jetpack_memberships_contains_paid_content":false,"footnotes":"","jetpack_post_was_ever_published":false},"categories":[25],"tags":[950,530,4499,158,3289],"class_list":["post-85828","post","type-post","status-publish","format-standard","has-post-thumbnail","hentry","category-portada","tag-comision","tag-congreso","tag-eleccion","tag-fuerza-del-pueblo","tag-organizadora"],"jetpack-related-posts":[{"id":85935,"url":"https:\/\/lasprimeras.com.do\/index.php\/2024\/07\/13\/fp-continua-proceso-de-eleccion-de-la-comision-organizadora-de-su-congreso\/","url_meta":{"origin":85828,"position":0},"title":"FP contin\u00faa proceso de elecci\u00f3n de la Comisi\u00f3n Organizadora de su Congreso","author":"Nelson Feliz","date":"13 de julio de 2024","format":false,"excerpt":"Selecciona representantes de la regi\u00f3n Este al Congreso de la entidad. La principal entidad pol\u00edtica de la oposici\u00f3n dominicana, el partido Fuerza del Pueblo (FP), continu\u00f3 en San Pedro de Macor\u00eds el proceso de elecci\u00f3n de los integrantes de la Comisi\u00f3n Organizadora de su segundo Congreso, el cual llevar\u00e1 por\u2026","rel":"","context":"En \u00abPORTADA\u00bb","block_context":{"text":"PORTADA","link":"https:\/\/lasprimeras.com.do\/index.php\/category\/portada\/"},"img":{"alt_text":"Leonel Fern\u00e1ndez","src":"https:\/\/i0.wp.com\/lasprimeras.com.do\/wp-content\/uploads\/2024\/07\/Leonel-Fernandez.jpg?resize=350%2C200&ssl=1","width":350,"height":200,"srcset":"https:\/\/i0.wp.com\/lasprimeras.com.do\/wp-content\/uploads\/2024\/07\/Leonel-Fernandez.jpg?resize=350%2C200&ssl=1 1x, https:\/\/i0.wp.com\/lasprimeras.com.do\/wp-content\/uploads\/2024\/07\/Leonel-Fernandez.jpg?resize=525%2C300&ssl=1 1.5x"},"classes":[]},{"id":86001,"url":"https:\/\/lasprimeras.com.do\/index.php\/2024\/07\/14\/en-el-sur-y-el-cibao-fp-elige-integrantes-de-la-comision-organizadora-de-su-congreso\/","url_meta":{"origin":85828,"position":1},"title":"En el Sur y El Cibao, FP elige integrantes de la Comisi\u00f3n Organizadora de su Congreso","author":"Nelson Feliz","date":"14 de julio de 2024","format":false,"excerpt":"Con la presencia de su presidente y l\u00edder, Leonel Fern\u00e1ndez, el partido Fuerza del Pueblo (FP) concluy\u00f3 el proceso de elecci\u00f3n de los representantes regionales del Sur y El Cibao en el Comit\u00e9 Organizador del II Congreso que desarrollar\u00e1 esta entidad desde su fundaci\u00f3n, como parte del proceso de reestructuraci\u00f3n\u2026","rel":"","context":"En \u00abPORTADA\u00bb","block_context":{"text":"PORTADA","link":"https:\/\/lasprimeras.com.do\/index.php\/category\/portada\/"},"img":{"alt_text":"Leonel Fern\u00e1ndez","src":"https:\/\/i0.wp.com\/lasprimeras.com.do\/wp-content\/uploads\/2024\/07\/Leonel-Fernandez-1.jpg?resize=350%2C200&ssl=1","width":350,"height":200,"srcset":"https:\/\/i0.wp.com\/lasprimeras.com.do\/wp-content\/uploads\/2024\/07\/Leonel-Fernandez-1.jpg?resize=350%2C200&ssl=1 1x, https:\/\/i0.wp.com\/lasprimeras.com.do\/wp-content\/uploads\/2024\/07\/Leonel-Fernandez-1.jpg?resize=525%2C300&ssl=1 1.5x, https:\/\/i0.wp.com\/lasprimeras.com.do\/wp-content\/uploads\/2024\/07\/Leonel-Fernandez-1.jpg?resize=700%2C400&ssl=1 2x"},"classes":[]},{"id":99458,"url":"https:\/\/lasprimeras.com.do\/index.php\/2025\/05\/21\/comision-nacional-electoral-de-la-fp-inicia-desde-new-york-ciclo-de-asambleas\/","url_meta":{"origin":85828,"position":2},"title":"Comisi\u00f3n Nacional Electoral de la FP inicia desde New York ciclo de asambleas","author":"Nelson Feliz","date":"21 de mayo de 2025","format":false,"excerpt":"El proceso forma parte del Congreso Nacional Elector \u201cDr. Manolo Tav\u00e1rez Justo\u201d y busca fortalecer la cohesi\u00f3n partidaria de cara al 2028. New York, EE. UU. \u2013 La Comisi\u00f3n Nacional Electoral del partido Fuerza del Pueblo (FP) puso en marcha desde la ciudad de New York un amplio ciclo de\u2026","rel":"","context":"En \u00abPOLITICA\u00bb","block_context":{"text":"POLITICA","link":"https:\/\/lasprimeras.com.do\/index.php\/category\/politica\/"},"img":{"alt_text":"","src":"https:\/\/i0.wp.com\/lasprimeras.com.do\/wp-content\/uploads\/2025\/05\/FP-1.jpg?resize=350%2C200&ssl=1","width":350,"height":200,"srcset":"https:\/\/i0.wp.com\/lasprimeras.com.do\/wp-content\/uploads\/2025\/05\/FP-1.jpg?resize=350%2C200&ssl=1 1x, https:\/\/i0.wp.com\/lasprimeras.com.do\/wp-content\/uploads\/2025\/05\/FP-1.jpg?resize=525%2C300&ssl=1 1.5x, https:\/\/i0.wp.com\/lasprimeras.com.do\/wp-content\/uploads\/2025\/05\/FP-1.jpg?resize=700%2C400&ssl=1 2x"},"classes":[]},{"id":92887,"url":"https:\/\/lasprimeras.com.do\/index.php\/2025\/01\/19\/fuerza-del-pueblo-entra-en-la-etapa-final-de-su-congreso-nacional-ordinario\/","url_meta":{"origin":85828,"position":3},"title":"Fuerza del Pueblo entra en la etapa final de su Congreso Nacional Ordinario","author":"Nelson Feliz","date":"19 de enero de 2025","format":false,"excerpt":"Henry Mer\u00e1n ofrece detalles de los avances del Congreso de la FP El coordinador de la Comisi\u00f3n Nacional Organizadora del Congreso Nacional Ordinario \u201cDr. Franklin Almeyda Rancier\u201d del partido Fuerza del Pueblo (FP), Dr. Henry Mer\u00e1n, anunci\u00f3 que el proceso ha entrado en su fase final. La informaci\u00f3n fue dada\u2026","rel":"","context":"En \u00abPOLITICA\u00bb","block_context":{"text":"POLITICA","link":"https:\/\/lasprimeras.com.do\/index.php\/category\/politica\/"},"img":{"alt_text":"Henry Mer\u00e1n","src":"https:\/\/i0.wp.com\/lasprimeras.com.do\/wp-content\/uploads\/2025\/01\/Henry-Meran.jpg?resize=350%2C200&ssl=1","width":350,"height":200,"srcset":"https:\/\/i0.wp.com\/lasprimeras.com.do\/wp-content\/uploads\/2025\/01\/Henry-Meran.jpg?resize=350%2C200&ssl=1 1x, https:\/\/i0.wp.com\/lasprimeras.com.do\/wp-content\/uploads\/2025\/01\/Henry-Meran.jpg?resize=525%2C300&ssl=1 1.5x, https:\/\/i0.wp.com\/lasprimeras.com.do\/wp-content\/uploads\/2025\/01\/Henry-Meran.jpg?resize=700%2C400&ssl=1 2x"},"classes":[]},{"id":88578,"url":"https:\/\/lasprimeras.com.do\/index.php\/2024\/08\/31\/leonel-asegura-que-la-fp-no-pausara-labor-de-oposicion\/","url_meta":{"origin":85828,"position":4},"title":"Leonel asegura que la FP no pausar\u00e1 labor de oposici\u00f3n","author":"Nelson Feliz","date":"31 de agosto de 2024","format":false,"excerpt":"Fuerza del Pueblo pasa balance a los avances de su Congreso Nacional. El presidente y l\u00edder del partido Fuerza del Pueblo (FP), Leonel Fern\u00e1ndez, asegur\u00f3 este viernes que esa organizaci\u00f3n no pausar\u00e1 su labor de oposici\u00f3n, ni de crecimiento, por la realizaci\u00f3n de su congreso ordinario. El expresidente de la\u2026","rel":"","context":"En \u00abPORTADA\u00bb","block_context":{"text":"PORTADA","link":"https:\/\/lasprimeras.com.do\/index.php\/category\/portada\/"},"img":{"alt_text":"Leonel Fern\u00e1ndez","src":"https:\/\/i0.wp.com\/lasprimeras.com.do\/wp-content\/uploads\/2024\/08\/Leonel-Fernandez-3.jpg?resize=350%2C200&ssl=1","width":350,"height":200,"srcset":"https:\/\/i0.wp.com\/lasprimeras.com.do\/wp-content\/uploads\/2024\/08\/Leonel-Fernandez-3.jpg?resize=350%2C200&ssl=1 1x, https:\/\/i0.wp.com\/lasprimeras.com.do\/wp-content\/uploads\/2024\/08\/Leonel-Fernandez-3.jpg?resize=525%2C300&ssl=1 1.5x"},"classes":[]},{"id":101068,"url":"https:\/\/lasprimeras.com.do\/index.php\/2025\/06\/15\/fuerza-del-pueblo-capacita-a-supervisores-y-coordinadores-de-su-congreso-nacional-elector\/","url_meta":{"origin":85828,"position":5},"title":"Fuerza del Pueblo capacita a supervisores y coordinadores de su Congreso Nacional Elector","author":"Nelson Feliz","date":"15 de junio de 2025","format":false,"excerpt":"En el marco del Congreso Nacional Elector \u201cDr. Manolo Tav\u00e1rez Justo\u201d, la Comisi\u00f3n Nacional Electoral del partido Fuerza del Pueblo realiz\u00f3 un exitoso taller de socializaci\u00f3n del instructivo de inscripci\u00f3n de candidaturas para las elecciones internas. Asimismo, se abordaron los lineamientos del instructivo de montaje y preparaci\u00f3n para el proceso\u2026","rel":"","context":"En \u00abPOLITICA\u00bb","block_context":{"text":"POLITICA","link":"https:\/\/lasprimeras.com.do\/index.php\/category\/politica\/"},"img":{"alt_text":"","src":"https:\/\/i0.wp.com\/lasprimeras.com.do\/wp-content\/uploads\/2025\/06\/Fuerza-del-Pueblo.jpg?resize=350%2C200&ssl=1","width":350,"height":200,"srcset":"https:\/\/i0.wp.com\/lasprimeras.com.do\/wp-content\/uploads\/2025\/06\/Fuerza-del-Pueblo.jpg?resize=350%2C200&ssl=1 1x, https:\/\/i0.wp.com\/lasprimeras.com.do\/wp-content\/uploads\/2025\/06\/Fuerza-del-Pueblo.jpg?resize=525%2C300&ssl=1 1.5x, https:\/\/i0.wp.com\/lasprimeras.com.do\/wp-content\/uploads\/2025\/06\/Fuerza-del-Pueblo.jpg?resize=700%2C400&ssl=1 2x"},"classes":[]}],"jetpack_sharing_enabled":true,"jetpack_featured_media_url":"https:\/\/lasprimeras.com.do\/wp-content\/uploads\/2024\/07\/Fuerza-del-Pueblo.jpg","_links":{"self":[{"href":"https:\/\/lasprimeras.com.do\/index.php\/wp-json\/wp\/v2\/posts\/85828","targetHints":{"allow":["GET"]}}],"collection":[{"href":"https:\/\/lasprimeras.com.do\/index.php\/wp-json\/wp\/v2\/posts"}],"about":[{"href":"https:\/\/lasprimeras.com.do\/index.php\/wp-json\/wp\/v2\/types\/post"}],"author":[{"embeddable":true,"href":"https:\/\/lasprimeras.com.do\/index.php\/wp-json\/wp\/v2\/users\/2"}],"replies":[{"embeddable":true,"href":"https:\/\/lasprimeras.com.do\/index.php\/wp-json\/wp\/v2\/comments?post=85828"}],"version-history":[{"count":1,"href":"https:\/\/lasprimeras.com.do\/index.php\/wp-json\/wp\/v2\/posts\/85828\/revisions"}],"predecessor-version":[{"id":85830,"href":"https:\/\/lasprimeras.com.do\/index.php\/wp-json\/wp\/v2\/posts\/85828\/revisions\/85830"}],"wp:featuredmedia":[{"embeddable":true,"href":"https:\/\/lasprimeras.com.do\/index.php\/wp-json\/wp\/v2\/media\/85829"}],"wp:attachment":[{"href":"https:\/\/lasprimeras.com.do\/index.php\/wp-json\/wp\/v2\/media?parent=85828"}],"wp:term":[{"taxonomy":"category","embeddable":true,"href":"https:\/\/lasprimeras.com.do\/index.php\/wp-json\/wp\/v2\/categories?post=85828"},{"taxonomy":"post_tag","embeddable":true,"href":"https:\/\/lasprimeras.com.do\/index.php\/wp-json\/wp\/v2\/tags?post=85828"}],"curies":[{"name":"wp","href":"https:\/\/api.w.org\/{rel}","templated":true}]}}