{"id":85831,"date":"2024-07-09T23:46:35","date_gmt":"2024-07-10T03:46:35","guid":{"rendered":"https:\/\/lasprimeras.com.do\/?p=85831"},"modified":"2024-07-09T23:46:37","modified_gmt":"2024-07-10T03:46:37","slug":"luis-el-gallo-pide-eliminar-pruebas-nacionales-y-colocar-en-el-pensum-escolar-la-moral-y-civica","status":"publish","type":"post","link":"https:\/\/lasprimeras.com.do\/index.php\/2024\/07\/09\/luis-el-gallo-pide-eliminar-pruebas-nacionales-y-colocar-en-el-pensum-escolar-la-moral-y-civica\/","title":{"rendered":"Luis \u201cEl Gallo\u201d pide eliminar pruebas nacionales y colocar en el pensum escolar la Moral y C\u00edvica"},"content":{"rendered":"\n<p>El presidente de la Uni\u00f3n Dem\u00f3crata Cristiana, Luis Acosta Moreta, Luis \u201cEl Gallo\u201d, pidi\u00f3&nbsp; que hoy que de inmediato, con miras al nuevo a\u00f1o escolar, se debe colocar en el pensum la \u201cMoral y C\u00edvica\u201d, y eliminar las Pruebas Nacionales.<\/p>\n\n\n\n<p>Destac\u00f3 que la violencia en las aulas se debe al poco contenido de respeto entre los estudiantes y las ca\u00f3ticas relaciones de estudiantes a profesores.<\/p>\n\n\n\n<p>Con la materia de moral y c\u00edvica se har\u00e1 frente a esa violencia que parte de ni\u00f1os y adolescentes sin cultura del trato interpersonal, y que no conocen la palabra respetar al pr\u00f3jimo, para que respeten a ti.<\/p>\n\n\n\n<p>Se\u00f1al\u00f3 que tiene m\u00e1s de quince a\u00f1os tratando con todos los ministros o secretarios de Educaci\u00f3n, para&nbsp; que se incorpore&nbsp; la materia \u201cMoral&nbsp; y&nbsp; Civica\u201d, y se rescate lo m\u00e1s positivo de la ense\u00f1anza&nbsp; del maestro Eugenio Mar\u00eda de Hostos.<\/p>\n\n\n\n<p>Lament\u00f3 que m\u00e1s f\u00e1cil llega a los estudiantes la sub-cultura de la violencia y las drogas, que el mensaje de paz y redenci\u00f3n, que debe primar siempre en las relaciones de los seres humanos que act\u00faan con responsabilidad.<\/p>\n\n\n\n<p>Pidi\u00f3 tambi\u00e9n mayor vigilancia de polic\u00edas escolares armados, pero capacitados para hacer frente a los problemas, porque en la mayor\u00eda de la parte exterior de las escuelas interact\u00faan los pandilleros y los vendedores del microtr\u00e1fico de drogas.<\/p>\n\n\n\n<p>Esos polic\u00edas escolares no deben permitir, bajo ninguna circunstancia, que a la escuela entren personas que no trabajan all\u00ed, que no est\u00e1n autorizadas,&nbsp; y que sobre todo sean&nbsp;&nbsp; reconocidas como parte del microtr\u00e1fico de drogas.<\/p>\n\n\n\n<p>Luis \u201cEl Gallo\u201d tambi\u00e9n pidi\u00f3 la eliminaci\u00f3n de las llamadas Pruebas Nacionales, que consiste en un examen final a los estudiantes. En vez de gastar millones de pesos en unas insuficientes Pruebas Nacionales, lo que se mpone es destinar ese dijeron a ampliar los programas de ense\u00f1anza.<\/p>\n\n\n\n<p>A su juicio, las pruebas nacionales nunca sirvieron para mejorar el sistema educativo, sino para que se quemaran alumnos, que durante todo el a\u00f1o escolar se debatieron en vivir con muchos problemas conductuales.<\/p>\n","protected":false},"excerpt":{"rendered":"<p>El presidente de la Uni\u00f3n Dem\u00f3crata Cristiana, Luis Acosta Moreta, Luis \u201cEl Gallo\u201d, pidi\u00f3&nbsp; que hoy que de inmediato, con miras al nuevo a\u00f1o escolar, se debe colocar en el&hellip;<\/p>\n","protected":false},"author":2,"featured_media":85832,"comment_status":"open","ping_status":"open","sticky":false,"template":"","format":"standard","meta":{"content-type":"","jetpack_post_was_ever_published":false,"_jetpack_newsletter_access":"","_jetpack_dont_email_post_to_subs":false,"_jetpack_newsletter_tier_id":0,"_jetpack_memberships_contains_paywalled_content":false,"_jetpack_memberships_contains_paid_content":false,"footnotes":""},"categories":[1],"tags":[2352,1208,14031,9981,14032],"class_list":["post-85831","post","type-post","status-publish","format-standard","has-post-thumbnail","hentry","category-sin-categoria","tag-escolar","tag-luis-el-gallo","tag-moral-y-civica","tag-pensum","tag-pruebas-nacionales"],"jetpack_featured_media_url":"https:\/\/lasprimeras.com.do\/wp-content\/uploads\/2024\/07\/Luis-Acosta-Moreta.jpg","jetpack-related-posts":[{"id":107104,"url":"https:\/\/lasprimeras.com.do\/index.php\/2025\/08\/22\/luis-el-gallo-reparte-libros-y-mascotas-proclama-el-ano-escolar-de-la-disciplina-y-los-valores-patrios\/","url_meta":{"origin":85831,"position":0},"title":"Luis \u201cEl Gallo\u201d reparte libros y mascotas; proclama el A\u00f1o Escolar de la Disciplina y los Valores Patrios","author":"Nelson Feliz","date":"22 de agosto de 2025","format":false,"excerpt":"El presidente de la Uni\u00f3n Dem\u00f3crata Cristiana (UDC), Luis Acosta Moreta, Luis \u201cEl Gallo\u201d, encabez\u00f3 jornadas de entrega de libros y \u00fatiles escolares a ni\u00f1os y ni\u00f1as de los barrios m\u00e1s pobres del Gran Santo Domingo, incluyendo Villas Agr\u00edcolas, San Carlos, El T\u00fanel de Capotillo, La 42, La Ci\u00e9naga, Cristo\u2026","rel":"","context":"En \u00abPOLITICA\u00bb","block_context":{"text":"POLITICA","link":"https:\/\/lasprimeras.com.do\/index.php\/category\/politica\/"},"img":{"alt_text":"","src":"https:\/\/i0.wp.com\/lasprimeras.com.do\/wp-content\/uploads\/2025\/08\/GALLO-1.jpg?resize=350%2C200&ssl=1","width":350,"height":200,"srcset":"https:\/\/i0.wp.com\/lasprimeras.com.do\/wp-content\/uploads\/2025\/08\/GALLO-1.jpg?resize=350%2C200&ssl=1 1x, https:\/\/i0.wp.com\/lasprimeras.com.do\/wp-content\/uploads\/2025\/08\/GALLO-1.jpg?resize=525%2C300&ssl=1 1.5x, https:\/\/i0.wp.com\/lasprimeras.com.do\/wp-content\/uploads\/2025\/08\/GALLO-1.jpg?resize=700%2C400&ssl=1 2x"},"classes":[]},{"id":119535,"url":"https:\/\/lasprimeras.com.do\/index.php\/2026\/01\/14\/abinader-da-seguimiento-a-la-docencia-de-educacion-moral-civica-y-etica-ciudadana\/","url_meta":{"origin":85831,"position":1},"title":"Abinader da seguimiento a la docencia de Educaci\u00f3n Moral, C\u00edvica y \u00c9tica Ciudadana","author":"Nelson Feliz","date":"14 de enero de 2026","format":false,"excerpt":"_Tambi\u00e9n imparte clase de esta asignatura a estudiantes de 5to grado del Liceo Germ\u00e1n Mart\u00ednez y expresa su satisfacci\u00f3n por regresar al aula tras m\u00e1s de dos d\u00e9cadas sin ejercer la docencia._ El presidente de la Rep\u00fablica, Luis Abinader, fungi\u00f3 este martes como docente al impartir una clase de Moral,\u2026","rel":"","context":"En \u00abNACIONALES\u00bb","block_context":{"text":"NACIONALES","link":"https:\/\/lasprimeras.com.do\/index.php\/category\/nacionales\/"},"img":{"alt_text":"","src":"https:\/\/i0.wp.com\/lasprimeras.com.do\/wp-content\/uploads\/2026\/01\/IMG-20260113-WA0400-scaled.jpg?resize=350%2C200&ssl=1","width":350,"height":200,"srcset":"https:\/\/i0.wp.com\/lasprimeras.com.do\/wp-content\/uploads\/2026\/01\/IMG-20260113-WA0400-scaled.jpg?resize=350%2C200&ssl=1 1x, https:\/\/i0.wp.com\/lasprimeras.com.do\/wp-content\/uploads\/2026\/01\/IMG-20260113-WA0400-scaled.jpg?resize=525%2C300&ssl=1 1.5x, https:\/\/i0.wp.com\/lasprimeras.com.do\/wp-content\/uploads\/2026\/01\/IMG-20260113-WA0400-scaled.jpg?resize=700%2C400&ssl=1 2x, https:\/\/i0.wp.com\/lasprimeras.com.do\/wp-content\/uploads\/2026\/01\/IMG-20260113-WA0400-scaled.jpg?resize=1050%2C600&ssl=1 3x, https:\/\/i0.wp.com\/lasprimeras.com.do\/wp-content\/uploads\/2026\/01\/IMG-20260113-WA0400-scaled.jpg?resize=1400%2C800&ssl=1 4x"},"classes":[]},{"id":101691,"url":"https:\/\/lasprimeras.com.do\/index.php\/2025\/06\/25\/luis-el-gallo-la-udc-tiene-compromiso-con-el-fortalecimiento-de-la-democracia-e-institucionalidad\/","url_meta":{"origin":85831,"position":2},"title":"Luis \u201cEl Gallo\u201d: \u201cLa UDC tiene compromiso con el fortalecimiento de la democracia e institucionalidad\u201d","author":"Nelson Feliz","date":"25 de junio de 2025","format":false,"excerpt":"El presidente de la Uni\u00f3n Dem\u00f3crata Cristiana \u2013UDC-, Luis Acosta Moreta, Luis \u201cEl Gallo\u201d, dijo hoy que tiene un compromiso con el fortalecimiento de la democracia, las libertades p\u00fablicas y la acci\u00f3n social. Destac\u00f3 que los principios b\u00e1sicos de la UDC llevan a su partido a ser un baluarte en\u2026","rel":"","context":"En \u00abPOLITICA\u00bb","block_context":{"text":"POLITICA","link":"https:\/\/lasprimeras.com.do\/index.php\/category\/politica\/"},"img":{"alt_text":"Luis Acosta Moreta","src":"https:\/\/i0.wp.com\/lasprimeras.com.do\/wp-content\/uploads\/2025\/06\/Luis-Acosta-Moreta-1.jpg?resize=350%2C200&ssl=1","width":350,"height":200,"srcset":"https:\/\/i0.wp.com\/lasprimeras.com.do\/wp-content\/uploads\/2025\/06\/Luis-Acosta-Moreta-1.jpg?resize=350%2C200&ssl=1 1x, https:\/\/i0.wp.com\/lasprimeras.com.do\/wp-content\/uploads\/2025\/06\/Luis-Acosta-Moreta-1.jpg?resize=525%2C300&ssl=1 1.5x, https:\/\/i0.wp.com\/lasprimeras.com.do\/wp-content\/uploads\/2025\/06\/Luis-Acosta-Moreta-1.jpg?resize=700%2C400&ssl=1 2x"},"classes":[]},{"id":120984,"url":"https:\/\/lasprimeras.com.do\/index.php\/2026\/01\/30\/raquel-arbaje-imparte-clase-de-moral-y-civica-en-la-escuela-de-cristo-rey\/","url_meta":{"origin":85831,"position":3},"title":"Raquel Arbaje imparte clase de moral y c\u00edvica en la escuela de Cristo Rey","author":"Nelson Feliz","date":"30 de enero de 2026","format":false,"excerpt":"La iniciativa forma parte del fortalecimiento de la educaci\u00f3n en valores impulsado por el Ministerio de Educaci\u00f3n. La primera dama Raquel Arbaje imparti\u00f3 este jueves una clase de Moral, C\u00edvica y \u00c9tica Ciudadana a estudiantes de cuarto de primaria de la Escuela Padre Eulalio Arias, ubicada en el sector Cristo\u2026","rel":"","context":"En \u00abNACIONALES\u00bb","block_context":{"text":"NACIONALES","link":"https:\/\/lasprimeras.com.do\/index.php\/category\/nacionales\/"},"img":{"alt_text":"Raquel Arbaje","src":"https:\/\/i0.wp.com\/lasprimeras.com.do\/wp-content\/uploads\/2026\/01\/Raquel-Arbaje-1.jpg?resize=350%2C200&ssl=1","width":350,"height":200,"srcset":"https:\/\/i0.wp.com\/lasprimeras.com.do\/wp-content\/uploads\/2026\/01\/Raquel-Arbaje-1.jpg?resize=350%2C200&ssl=1 1x, https:\/\/i0.wp.com\/lasprimeras.com.do\/wp-content\/uploads\/2026\/01\/Raquel-Arbaje-1.jpg?resize=525%2C300&ssl=1 1.5x, https:\/\/i0.wp.com\/lasprimeras.com.do\/wp-content\/uploads\/2026\/01\/Raquel-Arbaje-1.jpg?resize=700%2C400&ssl=1 2x"},"classes":[]},{"id":55449,"url":"https:\/\/lasprimeras.com.do\/index.php\/2023\/07\/21\/plantea-estudios-de-cadetes-pn-deben-ser-de-ciencias-policiales-y-no-de-cultura-general\/","url_meta":{"origin":85831,"position":4},"title":"Plantea estudios de cadetes PN deben ser de Ciencias Policiales, y no de cultura general","author":"Nelson Feliz","date":"21 de julio de 2023","format":false,"excerpt":"El presidente de la Uni\u00f3n Dem\u00f3crata Cristiana -UDC-, Luis Acosta Moreta, Luis \u201cEl Gallo\u201d, propuso hoy que el pensum de estudios de los cadetes de la Polic\u00eda sea en su casi totalidad de ciencias policiales, y no una mezcla de materias para preparar el futuro de hacerlos competitivos en el\u2026","rel":"","context":"En \u00abPORTADA\u00bb","block_context":{"text":"PORTADA","link":"https:\/\/lasprimeras.com.do\/index.php\/category\/portada\/"},"img":{"alt_text":"Luis Acosta Moreta","src":"https:\/\/i0.wp.com\/lasprimeras.com.do\/wp-content\/uploads\/2023\/07\/WhatsApp-Image-2023-07-21-at-9.41.39-AM.jpeg?resize=350%2C200&ssl=1","width":350,"height":200,"srcset":"https:\/\/i0.wp.com\/lasprimeras.com.do\/wp-content\/uploads\/2023\/07\/WhatsApp-Image-2023-07-21-at-9.41.39-AM.jpeg?resize=350%2C200&ssl=1 1x, https:\/\/i0.wp.com\/lasprimeras.com.do\/wp-content\/uploads\/2023\/07\/WhatsApp-Image-2023-07-21-at-9.41.39-AM.jpeg?resize=525%2C300&ssl=1 1.5x"},"classes":[]},{"id":58844,"url":"https:\/\/lasprimeras.com.do\/index.php\/2023\/08\/28\/luis-el-gallo-aperturo-el-ano-escolar-y-sube-la-bandera-de-verdad-y-baja-la-que-promueven-los-traidores\/","url_meta":{"origin":85831,"position":5},"title":"Luis &#8220;El Gallo&#8221; apertur\u00f3 el a\u00f1o escolar y sube la Bandera de Verdad y baja la que promueven los traidores.","author":"Nelson Feliz","date":"28 de agosto de 2023","format":false,"excerpt":"El presidente de la Uni\u00f3n Dem\u00f3crata Cristiana \u2013UDC-, Luis Acosta Moreta, Luis \u201cEl Gallo\u201d, pidi\u00f3 hoy, en el inicio del a\u00f1o escolar, que se corrija el tono azul de la Bandera Nacional, que hoy tiene los colores propios de la ense\u00f1a haitiana. Asimismo se\u00f1al\u00f3 que los cuadernos escolares deben tener\u2026","rel":"","context":"En \u00abSin categor\u00eda\u00bb","block_context":{"text":"Sin categor\u00eda","link":"https:\/\/lasprimeras.com.do\/index.php\/category\/sin-categoria\/"},"img":{"alt_text":"Luis Acosta Moreta","src":"https:\/\/i0.wp.com\/lasprimeras.com.do\/wp-content\/uploads\/2023\/08\/El-Gallo.jpg?resize=350%2C200&ssl=1","width":350,"height":200,"srcset":"https:\/\/i0.wp.com\/lasprimeras.com.do\/wp-content\/uploads\/2023\/08\/El-Gallo.jpg?resize=350%2C200&ssl=1 1x, https:\/\/i0.wp.com\/lasprimeras.com.do\/wp-content\/uploads\/2023\/08\/El-Gallo.jpg?resize=525%2C300&ssl=1 1.5x, https:\/\/i0.wp.com\/lasprimeras.com.do\/wp-content\/uploads\/2023\/08\/El-Gallo.jpg?resize=700%2C400&ssl=1 2x"},"classes":[]}],"jetpack_sharing_enabled":true,"_links":{"self":[{"href":"https:\/\/lasprimeras.com.do\/index.php\/wp-json\/wp\/v2\/posts\/85831","targetHints":{"allow":["GET"]}}],"collection":[{"href":"https:\/\/lasprimeras.com.do\/index.php\/wp-json\/wp\/v2\/posts"}],"about":[{"href":"https:\/\/lasprimeras.com.do\/index.php\/wp-json\/wp\/v2\/types\/post"}],"author":[{"embeddable":true,"href":"https:\/\/lasprimeras.com.do\/index.php\/wp-json\/wp\/v2\/users\/2"}],"replies":[{"embeddable":true,"href":"https:\/\/lasprimeras.com.do\/index.php\/wp-json\/wp\/v2\/comments?post=85831"}],"version-history":[{"count":1,"href":"https:\/\/lasprimeras.com.do\/index.php\/wp-json\/wp\/v2\/posts\/85831\/revisions"}],"predecessor-version":[{"id":85833,"href":"https:\/\/lasprimeras.com.do\/index.php\/wp-json\/wp\/v2\/posts\/85831\/revisions\/85833"}],"wp:featuredmedia":[{"embeddable":true,"href":"https:\/\/lasprimeras.com.do\/index.php\/wp-json\/wp\/v2\/media\/85832"}],"wp:attachment":[{"href":"https:\/\/lasprimeras.com.do\/index.php\/wp-json\/wp\/v2\/media?parent=85831"}],"wp:term":[{"taxonomy":"category","embeddable":true,"href":"https:\/\/lasprimeras.com.do\/index.php\/wp-json\/wp\/v2\/categories?post=85831"},{"taxonomy":"post_tag","embeddable":true,"href":"https:\/\/lasprimeras.com.do\/index.php\/wp-json\/wp\/v2\/tags?post=85831"}],"curies":[{"name":"wp","href":"https:\/\/api.w.org\/{rel}","templated":true}]}}